{"id":19950,"date":"2015-04-03T08:00:50","date_gmt":"2015-04-03T14:00:50","guid":{"rendered":"http:\/\/quechilero.com\/blog\/?p=19950"},"modified":"2015-02-24T13:01:30","modified_gmt":"2015-02-24T19:01:30","slug":"la-pequena-dictadora","status":"publish","type":"post","link":"https:\/\/quechilero.com\/blog\/2015\/04\/03\/la-pequena-dictadora\/","title":{"rendered":"La peque\u00f1a dictadora"},"content":{"rendered":"<p>\u00abPadre, \u00bfpodr\u00eda llevarme ma\u00f1ana al Vaticano?\u00bb -pregunt\u00f3. La madre Teresa de Calcuta hab\u00eda sido invitada a la misa del Santo Padre, y el padre Leo Maasburg no lo dud\u00f3 un momento. Poco antes de las cinco de la ma\u00f1ana estaba listo para recoger a la madre Teresa y a otra hermana que la acompa\u00f1aba.<\/p>\n<p>Juntos llegaron a las dependencias vaticanas y, tras un rato de espera que llenaron haciendo oraci\u00f3n -quince misterios del rosario y una novena r\u00e1pida-, se les indic\u00f3 que pasaran.<\/p>\n<p>\u00abEl padre viene con nosotras\u00bb, dijo firmemente la madre Teresa al guardia que hab\u00eda intentado detenerlo, puesto que no ten\u00eda invitaci\u00f3n para asistir a la misa. As\u00ed el primer control, el segundo -\u00abel padre viene con nosotras\u00bb-, el tercero -\u00abel padre viene con nosotras\u00bb-, pero no el cuarto. A la entrada de los apartamentos papales dos polic\u00edas vestidos de paisano detuvieron al padre.<\/p>\n<p>&#8211; Madre, el padre no tiene permiso, por lo que no puede ir con usted.<\/p>\n<p>&#8211; \u00bfY qui\u00e9n puede darle permiso al sacerdote?<\/p>\n<p>&#8211; Bueno, el mismo Papa, o quiz\u00e1 monse\u00f1or Dziwisz.<\/p>\n<p>&#8211; Estupendo, entonces espere aqu\u00ed -dijo la monja mirando a Maasburg-, que le voy a preguntar al Santo Padre.<\/p>\n<p>&#8211; Per amore di Dio, madre Teresa! Es mejor que el padre vaya con usted -y mirando al padre-: Venga, pase.<\/p>\n<p>La peque\u00f1a dictadora -as\u00ed la llamaban cari\u00f1osamente quienes sab\u00edan de su cabezoner\u00eda- se hab\u00eda salido con la suya. As\u00ed que el padre Maasburg no s\u00f3lo entr\u00f3 en la misa privada del Santo Padre, sino que, minutos despu\u00e9s, se preparaba bajo las \u00f3rdenes del cardenal Dziwisz para concelebrar la misa con Juan Pablo II.<\/p>\n<p>\u00abMonse\u00f1or, el padre Maasburg va a concelebrar la santa misa con el Santo Padre\u00bb, hab\u00eda notificado poco antes la madre Teresa.<\/p>\n<p><em><strong>Mons. Ra\u00fal Cuevas<\/strong><\/em><\/p>\n","protected":false},"excerpt":{"rendered":"<p>\u00abPadre, \u00bfpodr\u00eda llevarme ma\u00f1ana al Vaticano?\u00bb -pregunt\u00f3. La madre Teresa de Calcuta hab\u00eda sido invitada a la misa del Santo Padre, y el padre Leo Maasburg no lo dud\u00f3 un momento. Poco antes de las cinco de la ma\u00f1ana estaba listo para recoger a la madre Teresa y a otra hermana que la acompa\u00f1aba. Juntos &#8230; <a title=\"La peque\u00f1a dictadora\" class=\"read-more\" href=\"https:\/\/quechilero.com\/blog\/2015\/04\/03\/la-pequena-dictadora\/\" aria-label=\"Leer m\u00e1s sobre La peque\u00f1a dictadora\">Leer m\u00e1s<\/a><\/p>\n","protected":false},"author":1,"featured_media":0,"comment_status":"open","ping_status":"open","sticky":false,"template":"","format":"standard","meta":{"advanced_seo_description":"","jetpack_seo_html_title":"","jetpack_seo_noindex":false,"jetpack_seo_schema_type":"","episode_type":"","audio_file":"","podmotor_file_id":"","podmotor_episode_id":"","cover_image":"","cover_image_id":"","duration":"","filesize":"","filesize_raw":"","date_recorded":"","explicit":"","block":"","_jetpack_newsletter_access":"","_jetpack_dont_email_post_to_subs":false,"_jetpack_newsletter_tier_id":0,"_jetpack_memberships_contains_paywalled_content":false,"_jetpack_feature_clip_id":0,"_jetpack_memberships_contains_paid_content":false,"footnotes":"","jetpack_publicize_message":"","jetpack_publicize_feature_enabled":true,"jetpack_social_post_already_shared":true,"jetpack_social_options":{"image_generator_settings":{"template":"highway","default_image_id":0,"font":"","enabled":false},"version":2},"jetpack_post_was_ever_published":false},"categories":[2],"tags":[39,86],"series":[],"class_list":["post-19950","post","type-post","status-publish","format-standard","hentry","category-limones","tag-madre","tag-oracion"],"episode_featured_image":false,"episode_player_image":"https:\/\/i0.wp.com\/quechilero.com\/blog\/imagenes\/podcast.png?fit=1831%2C1831&ssl=1","download_link":"","player_link":"","audio_player":false,"episode_data":{"playerMode":"dark","subscribeUrls":{"amazon":{"key":"amazon","url":"","label":"Amazon","class":"amazon","icon":"amazon.png"},"apple_podcasts":{"key":"apple_podcasts","url":"","label":"Apple Podcasts","class":"apple_podcasts","icon":"apple-podcasts.png"},"castbox":{"key":"castbox","url":"","label":"CastBox","class":"castbox","icon":"castbox.png"},"deezer":{"key":"deezer","url":"","label":"Deezer","class":"deezer","icon":"deezer.png"},"google_podcasts":{"key":"google_podcasts","url":"","label":"Google Podcasts","class":"google_podcasts","icon":"google-podcasts.png"},"listen_notes":{"key":"listen_notes","url":"","label":"Listen Notes","class":"listen_notes","icon":"listen-notes.png"},"pandora":{"key":"pandora","url":"","label":"Pandora","class":"pandora","icon":"pandora.png"},"podbean":{"key":"podbean","url":"","label":"Podbean","class":"podbean","icon":"podbean.png"},"podcast_republic":{"key":"podcast_republic","url":"","label":"Podcast Republic","class":"podcast_republic","icon":"podcast-republic.png"},"rss":{"key":"rss","url":"","label":"RSS","class":"rss","icon":"rss.png"},"spotify":{"key":"spotify","url":"","label":"Spotify","class":"spotify","icon":"spotify.png"},"stitcher":{"key":"stitcher","url":"","label":"Stitcher","class":"stitcher","icon":"stitcher.png"},"tunein":{"key":"tunein","url":"","label":"TuneIn","class":"tunein","icon":"tunein.png"},"youtube":{"key":"youtube","url":"","label":"YouTube","class":"youtube","icon":"youtube.png"},"iheartradio":{"key":"iheartradio","url":"","label":"iHeartRadio","class":"iheartradio","icon":"iheartradio.png"},"ivoox":{"key":"ivoox","url":"","label":"iVoox","class":"ivoox","icon":"ivoox.png"}},"rssFeedUrl":"https:\/\/quechilero.com\/blog\/feed\/podcast\/si-la-vida-nos-da-limones","embedCode":"<blockquote class=\"wp-embedded-content\" data-secret=\"zoHj2NlYVw\"><a href=\"https:\/\/quechilero.com\/blog\/2015\/04\/03\/la-pequena-dictadora\/\">La peque\u00f1a dictadora<\/a><\/blockquote><iframe sandbox=\"allow-scripts\" security=\"restricted\" src=\"https:\/\/quechilero.com\/blog\/2015\/04\/03\/la-pequena-dictadora\/embed\/#?secret=zoHj2NlYVw\" width=\"500\" height=\"350\" title=\"\u00abLa peque\u00f1a dictadora\u00bb \u2014 Si la Vida nos da Limones...\" data-secret=\"zoHj2NlYVw\" frameborder=\"0\" marginwidth=\"0\" marginheight=\"0\" scrolling=\"no\" class=\"wp-embedded-content\"><\/iframe><script>\n\/*! This file is auto-generated *\/\n!function(d,l){\"use strict\";l.querySelector&&d.addEventListener&&\"undefined\"!=typeof URL&&(d.wp=d.wp||{},d.wp.receiveEmbedMessage||(d.wp.receiveEmbedMessage=function(e){var t=e.data;if((t||t.secret||t.message||t.value)&&!\/[^a-zA-Z0-9]\/.test(t.secret)){for(var s,r,n,a=l.querySelectorAll('iframe[data-secret=\"'+t.secret+'\"]'),o=l.querySelectorAll('blockquote[data-secret=\"'+t.secret+'\"]'),c=new RegExp(\"^https?:$\",\"i\"),i=0;i<o.length;i++)o[i].style.display=\"none\";for(i=0;i<a.length;i++)s=a[i],e.source===s.contentWindow&&(s.removeAttribute(\"style\"),\"height\"===t.message?(1e3<(r=parseInt(t.value,10))?r=1e3:~~r<200&&(r=200),s.height=r):\"link\"===t.message&&(r=new URL(s.getAttribute(\"src\")),n=new URL(t.value),c.test(n.protocol))&&n.host===r.host&&l.activeElement===s&&(d.top.location.href=t.value))}},d.addEventListener(\"message\",d.wp.receiveEmbedMessage,!1),l.addEventListener(\"DOMContentLoaded\",function(){for(var e,t,s=l.querySelectorAll(\"iframe.wp-embedded-content\"),r=0;r<s.length;r++)(t=(e=s[r]).getAttribute(\"data-secret\"))||(t=Math.random().toString(36).substring(2,12),e.src+=\"#?secret=\"+t,e.setAttribute(\"data-secret\",t)),e.contentWindow.postMessage({message:\"ready\",secret:t},\"*\")},!1)))}(window,document);\n\/\/# sourceURL=https:\/\/quechilero.com\/blog\/wp-includes\/js\/wp-embed.min.js\n<\/script>\n"},"jetpack_publicize_connections":[],"jetpack_shortlink":"https:\/\/wp.me\/pDKli-5bM","jetpack_sharing_enabled":true,"jetpack-related-posts":[{"id":17614,"url":"https:\/\/quechilero.com\/blog\/2014\/01\/01\/tengo-sed\/","url_meta":{"origin":19950,"position":0},"title":"Tengo sed","author":"Pepe Barrascout Ortiz","date":"1 enero 2014","format":false,"excerpt":"Al padre Leo Maasburg le fue encomendada la misi\u00f3n de acompa\u00f1ar a la madre Teresa de Calcuta a Cuba, Nueva York, Mosc\u00fa y, c\u00f3mo no, Calcuta. Fue su confesor, su amigo, su gu\u00eda espiritual y la figura de ese sacerdote que la fundadora de las Misioneras de la Caridad siempre\u2026","rel":"","context":"En \u00abLimones\u00bb","block_context":{"text":"Limones","link":"https:\/\/quechilero.com\/blog\/category\/limones\/"},"img":{"alt_text":"","src":"","width":0,"height":0},"classes":[]},{"id":17321,"url":"https:\/\/quechilero.com\/blog\/2013\/10\/19\/ejercicios-espirituales\/","url_meta":{"origin":19950,"position":1},"title":"Ejercicios espirituales","author":"Pepe Barrascout Ortiz","date":"19 octubre 2013","format":false,"excerpt":"Muchas an\u00e9cdotas vividas y contadas por el padre Leo Maasburg circulan en Espa\u00f1a de la mano de un libro de t\u00edtulo simple -\"La madre Teresa de Calcuta\" (Ed. Palabra)- con el que el sacerdote quiere s\u00f3lo hacer lo que la madre Teresa le ense\u00f1\u00f3. Fue aquel d\u00eda en que le\u2026","rel":"","context":"En \u00abLimones\u00bb","block_context":{"text":"Limones","link":"https:\/\/quechilero.com\/blog\/category\/limones\/"},"img":{"alt_text":"","src":"","width":0,"height":0},"classes":[]},{"id":4499,"url":"https:\/\/quechilero.com\/blog\/2010\/03\/24\/ayuda-de-los-padres-en-la-virtud-de-los-hijos\/","url_meta":{"origin":19950,"position":2},"title":"Ayuda de los padres en la virtud de los hijos","author":"Pepe Barrascout Ortiz","date":"24 marzo 2010","format":false,"excerpt":"El tener padres virtuosos y temerosos de Dios me bastara, si yo no fuera tan ruin, con lo que el Se\u00f1or me favorec\u00eda, para ser buena. Era mi padre aficionado a leer buenos libros y as\u00ed los ten\u00eda de romance para que leyesen sus hijos. Esto, con el cuidado que\u2026","rel":"","context":"En \u00abLimones\u00bb","block_context":{"text":"Limones","link":"https:\/\/quechilero.com\/blog\/category\/limones\/"},"img":{"alt_text":"","src":"","width":0,"height":0},"classes":[]},{"id":7609,"url":"https:\/\/quechilero.com\/blog\/2011\/04\/10\/reflexiones-de-cuaresma-dia-33\/","url_meta":{"origin":19950,"position":3},"title":"Reflexiones de Cuaresma d\u00eda 33","author":"Pepe Barrascout Ortiz","date":"10 abril 2011","format":false,"excerpt":"Oraci\u00f3n inicial Se\u00f1or m\u00edo, Jesucristo, creo firmemente que est\u00e1s aqu\u00ed; en estos pocos minutos de oraci\u00f3n que empiezo ahora quiero pedirte y agradecerte. Pedirte\u00a0la gracia de darme m\u00e1s cuenta de que T\u00fa vives, me escuchas y me amas; tanto, que has querido morir libremente por m\u00ed en la cruz y\u2026","rel":"","context":"En \u00abLimones por mano\u00bb","block_context":{"text":"Limones por mano","link":"https:\/\/quechilero.com\/blog\/category\/limones-por-mano\/"},"img":{"alt_text":"","src":"","width":0,"height":0},"classes":[]},{"id":7581,"url":"https:\/\/quechilero.com\/blog\/2011\/03\/13\/reflexiones-de-cuaresma-dia-5\/","url_meta":{"origin":19950,"position":4},"title":"Reflexiones de Cuaresma d\u00eda 5","author":"Pepe Barrascout Ortiz","date":"13 marzo 2011","format":false,"excerpt":"Oraci\u00f3n inicial Se\u00f1or m\u00edo, Jesucristo, creo firmemente que est\u00e1s aqu\u00ed; en estos pocos minutos de oraci\u00f3n que empiezo ahora quiero pedirte y agradecerte. Pedirte\u00a0la gracia de darme m\u00e1s cuenta de que T\u00fa vives, me escuchas y me amas; tanto, que has querido morir libremente por m\u00ed en la cruz y\u2026","rel":"","context":"En \u00abLimones por mano\u00bb","block_context":{"text":"Limones por mano","link":"https:\/\/quechilero.com\/blog\/category\/limones-por-mano\/"},"img":{"alt_text":"","src":"","width":0,"height":0},"classes":[]},{"id":7589,"url":"https:\/\/quechilero.com\/blog\/2011\/03\/21\/reflexiones-de-cuaresma-dia-13\/","url_meta":{"origin":19950,"position":5},"title":"Reflexiones de Cuaresma d\u00eda 13","author":"Pepe Barrascout Ortiz","date":"21 marzo 2011","format":false,"excerpt":"Oraci\u00f3n inicial Se\u00f1or m\u00edo, Jesucristo, creo firmemente que est\u00e1s aqu\u00ed; en estos pocos minutos de oraci\u00f3n que empiezo ahora quiero pedirte y agradecerte. Pedirte\u00a0la gracia de darme m\u00e1s cuenta de que T\u00fa vives, me escuchas y me amas; tanto, que has querido morir libremente por m\u00ed en la cruz y\u2026","rel":"","context":"En \u00abLimones por mano\u00bb","block_context":{"text":"Limones por mano","link":"https:\/\/quechilero.com\/blog\/category\/limones-por-mano\/"},"img":{"alt_text":"","src":"","width":0,"height":0},"classes":[]}],"jetpack_featured_media_url":"","_links":{"self":[{"href":"https:\/\/quechilero.com\/blog\/wp-json\/wp\/v2\/posts\/19950","targetHints":{"allow":["GET"]}}],"collection":[{"href":"https:\/\/quechilero.com\/blog\/wp-json\/wp\/v2\/posts"}],"about":[{"href":"https:\/\/quechilero.com\/blog\/wp-json\/wp\/v2\/types\/post"}],"author":[{"embeddable":true,"href":"https:\/\/quechilero.com\/blog\/wp-json\/wp\/v2\/users\/1"}],"replies":[{"embeddable":true,"href":"https:\/\/quechilero.com\/blog\/wp-json\/wp\/v2\/comments?post=19950"}],"version-history":[{"count":0,"href":"https:\/\/quechilero.com\/blog\/wp-json\/wp\/v2\/posts\/19950\/revisions"}],"wp:attachment":[{"href":"https:\/\/quechilero.com\/blog\/wp-json\/wp\/v2\/media?parent=19950"}],"wp:term":[{"taxonomy":"category","embeddable":true,"href":"https:\/\/quechilero.com\/blog\/wp-json\/wp\/v2\/categories?post=19950"},{"taxonomy":"post_tag","embeddable":true,"href":"https:\/\/quechilero.com\/blog\/wp-json\/wp\/v2\/tags?post=19950"},{"taxonomy":"series","embeddable":true,"href":"https:\/\/quechilero.com\/blog\/wp-json\/wp\/v2\/series?post=19950"}],"curies":[{"name":"wp","href":"https:\/\/api.w.org\/{rel}","templated":true}]}}