{"id":19929,"date":"2015-03-22T08:00:44","date_gmt":"2015-03-22T14:00:44","guid":{"rendered":"http:\/\/quechilero.com\/blog\/?p=19929"},"modified":"2015-02-24T12:45:22","modified_gmt":"2015-02-24T18:45:22","slug":"maria-esta-cerca-de-cada-uno-de-nosotros","status":"publish","type":"post","link":"https:\/\/quechilero.com\/blog\/2015\/03\/22\/maria-esta-cerca-de-cada-uno-de-nosotros\/","title":{"rendered":"Mar\u00eda est\u00e1 cerca de cada uno de nosotros"},"content":{"rendered":"<p>Esta poes\u00eda de Mar\u00eda -el Magn\u00edficat- es totalmente original; sin embargo, al mismo tiempo, es un \u00abtejido\u00bb hecho completamente con \u00abhilos\u00bb del Antiguo Testamento, hecho de palabra de Dios.<\/p>\n<p>Se puede ver que Mar\u00eda, por decirlo as\u00ed, \u00abse sent\u00eda como en su casa\u00bb en la palabra de Dios, viv\u00eda de la palabra de Dios; estaba impregnada de la palabra de Dios. En efecto, hablaba con palabras de Dios, pensaba con palabras de Dios; sus pensamientos eran los pensamientos de Dios; sus palabras eran las palabras de Dios. Estaba impregnada de la luz divina; por eso era tan espl\u00e9ndida, tan buena; por eso irradiaba amor y bondad.<\/p>\n<p>Al estar inmersa en la palabra de Dios, al tener tanta familiaridad con la palabra de Dios, recib\u00eda tambi\u00e9n la luz interior de la sabidur\u00eda. Quien piensa con Dios, piensa bien; y quien habla con Dios, habla bien, tiene criterios de juicio v\u00e1lidos para todas las cosas del mundo, se hace sabio, prudente y, al mismo tiempo, bueno; tambi\u00e9n se hace fuerte y valiente, con la fuerza de Dios, que resiste al mal y promueve el bien en el mundo.<\/p>\n<p>As\u00ed, Mar\u00eda habla con nosotros, nos habla a nosotros, nos invita a conocer la palabra de Dios, a amar la palabra de Dios, a vivir con la palabra de Dios, a pensar con la palabra de Dios. Y podemos hacerlo de muy diversas maneras: leyendo la Sagrada Escritura, sobre todo participando en la liturgia, en la que a lo largo del a\u00f1o la santa Iglesia nos abre todo el libro de la Sagrada Escritura. Lo abre a nuestra vida y lo hace presente en nuestra vida.<\/p>\n<p>Mar\u00eda fue elevada en cuerpo y alma a la gloria del cielo, y con Dios es reina del cielo y de la tierra. \u00bfAcaso as\u00ed est\u00e1 alejada de nosotros? Al contrario. Precisamente al estar con Dios y en Dios, est\u00e1 muy cerca de cada uno de nosotros.<\/p>\n<p>Cuando estaba en la tierra, s\u00f3lo pod\u00eda estar cerca de algunas personas. Al estar en Dios, que est\u00e1 cerca de nosotros, m\u00e1s a\u00fan, que est\u00e1 \u00abdentro\u00bb de todos nosotros, Mar\u00eda participa de esta cercan\u00eda de Dios.<\/p>\n<p>Al estar en Dios y con Dios, Mar\u00eda est\u00e1 cerca de cada uno de nosotros, conoce nuestro coraz\u00f3n, puede escuchar nuestras oraciones, puede ayudarnos con su bondad materna. Nos ha sido dada como \u00abmadre\u00bb -as\u00ed lo dijo el Se\u00f1or-, a la que podemos dirigirnos en cada momento. Ella nos escucha siempre, siempre est\u00e1 cerca de nosotros; y, siendo Madre del Hijo, participa del poder del Hijo, de su bondad. Podemos poner siempre toda nuestra vida en manos de esta Madre, que siempre est\u00e1 cerca de cada uno de nosotros.<\/p>\n<p><em><strong>Papa Benedicto XIV<\/strong><\/em><\/p>\n","protected":false},"excerpt":{"rendered":"<p>Esta poes\u00eda de Mar\u00eda -el Magn\u00edficat- es totalmente original; sin embargo, al mismo tiempo, es un \u00abtejido\u00bb hecho completamente con \u00abhilos\u00bb del Antiguo Testamento, hecho de palabra de Dios. Se puede ver que Mar\u00eda, por decirlo as\u00ed, \u00abse sent\u00eda como en su casa\u00bb en la palabra de Dios, viv\u00eda de la palabra de Dios; estaba &#8230; <a title=\"Mar\u00eda est\u00e1 cerca de cada uno de nosotros\" class=\"read-more\" href=\"https:\/\/quechilero.com\/blog\/2015\/03\/22\/maria-esta-cerca-de-cada-uno-de-nosotros\/\" aria-label=\"Leer m\u00e1s sobre Mar\u00eda est\u00e1 cerca de cada uno de nosotros\">Leer m\u00e1s<\/a><\/p>\n","protected":false},"author":1,"featured_media":0,"comment_status":"open","ping_status":"open","sticky":false,"template":"","format":"standard","meta":{"advanced_seo_description":"","jetpack_seo_html_title":"","jetpack_seo_noindex":false,"jetpack_seo_schema_type":"","episode_type":"","audio_file":"","podmotor_file_id":"","podmotor_episode_id":"","cover_image":"","cover_image_id":"","duration":"","filesize":"","filesize_raw":"","date_recorded":"","explicit":"","block":"","_jetpack_newsletter_access":"","_jetpack_dont_email_post_to_subs":false,"_jetpack_newsletter_tier_id":0,"_jetpack_memberships_contains_paywalled_content":false,"_jetpack_feature_clip_id":0,"_jetpack_memberships_contains_paid_content":false,"footnotes":"","jetpack_publicize_message":"","jetpack_publicize_feature_enabled":true,"jetpack_social_post_already_shared":true,"jetpack_social_options":{"image_generator_settings":{"template":"highway","default_image_id":0,"font":"","enabled":false},"version":2},"jetpack_post_was_ever_published":false},"categories":[2],"tags":[15,12,51,72,39,42,5,24],"series":[],"class_list":["post-19929","post","type-post","status-publish","format-standard","hentry","category-limones","tag-amor","tag-cosas","tag-dios","tag-libro","tag-madre","tag-palabra","tag-tiempo","tag-vida"],"episode_featured_image":false,"episode_player_image":"https:\/\/i0.wp.com\/quechilero.com\/blog\/imagenes\/podcast.png?fit=1831%2C1831&ssl=1","download_link":"","player_link":"","audio_player":false,"episode_data":{"playerMode":"dark","subscribeUrls":{"amazon":{"key":"amazon","url":"","label":"Amazon","class":"amazon","icon":"amazon.png"},"apple_podcasts":{"key":"apple_podcasts","url":"","label":"Apple Podcasts","class":"apple_podcasts","icon":"apple-podcasts.png"},"castbox":{"key":"castbox","url":"","label":"CastBox","class":"castbox","icon":"castbox.png"},"deezer":{"key":"deezer","url":"","label":"Deezer","class":"deezer","icon":"deezer.png"},"google_podcasts":{"key":"google_podcasts","url":"","label":"Google Podcasts","class":"google_podcasts","icon":"google-podcasts.png"},"listen_notes":{"key":"listen_notes","url":"","label":"Listen Notes","class":"listen_notes","icon":"listen-notes.png"},"pandora":{"key":"pandora","url":"","label":"Pandora","class":"pandora","icon":"pandora.png"},"podbean":{"key":"podbean","url":"","label":"Podbean","class":"podbean","icon":"podbean.png"},"podcast_republic":{"key":"podcast_republic","url":"","label":"Podcast Republic","class":"podcast_republic","icon":"podcast-republic.png"},"rss":{"key":"rss","url":"","label":"RSS","class":"rss","icon":"rss.png"},"spotify":{"key":"spotify","url":"","label":"Spotify","class":"spotify","icon":"spotify.png"},"stitcher":{"key":"stitcher","url":"","label":"Stitcher","class":"stitcher","icon":"stitcher.png"},"tunein":{"key":"tunein","url":"","label":"TuneIn","class":"tunein","icon":"tunein.png"},"youtube":{"key":"youtube","url":"","label":"YouTube","class":"youtube","icon":"youtube.png"},"iheartradio":{"key":"iheartradio","url":"","label":"iHeartRadio","class":"iheartradio","icon":"iheartradio.png"},"ivoox":{"key":"ivoox","url":"","label":"iVoox","class":"ivoox","icon":"ivoox.png"}},"rssFeedUrl":"https:\/\/quechilero.com\/blog\/feed\/podcast\/si-la-vida-nos-da-limones","embedCode":"<blockquote class=\"wp-embedded-content\" data-secret=\"pAnzhfdNup\"><a href=\"https:\/\/quechilero.com\/blog\/2015\/03\/22\/maria-esta-cerca-de-cada-uno-de-nosotros\/\">Mar\u00eda est\u00e1 cerca de cada uno de nosotros<\/a><\/blockquote><iframe sandbox=\"allow-scripts\" security=\"restricted\" src=\"https:\/\/quechilero.com\/blog\/2015\/03\/22\/maria-esta-cerca-de-cada-uno-de-nosotros\/embed\/#?secret=pAnzhfdNup\" width=\"500\" height=\"350\" title=\"\u00abMar\u00eda est\u00e1 cerca de cada uno de nosotros\u00bb \u2014 Si la Vida nos da Limones...\" data-secret=\"pAnzhfdNup\" frameborder=\"0\" marginwidth=\"0\" marginheight=\"0\" scrolling=\"no\" class=\"wp-embedded-content\"><\/iframe><script>\n\/*! This file is auto-generated *\/\n!function(d,l){\"use strict\";l.querySelector&&d.addEventListener&&\"undefined\"!=typeof URL&&(d.wp=d.wp||{},d.wp.receiveEmbedMessage||(d.wp.receiveEmbedMessage=function(e){var t=e.data;if((t||t.secret||t.message||t.value)&&!\/[^a-zA-Z0-9]\/.test(t.secret)){for(var s,r,n,a=l.querySelectorAll('iframe[data-secret=\"'+t.secret+'\"]'),o=l.querySelectorAll('blockquote[data-secret=\"'+t.secret+'\"]'),c=new RegExp(\"^https?:$\",\"i\"),i=0;i<o.length;i++)o[i].style.display=\"none\";for(i=0;i<a.length;i++)s=a[i],e.source===s.contentWindow&&(s.removeAttribute(\"style\"),\"height\"===t.message?(1e3<(r=parseInt(t.value,10))?r=1e3:~~r<200&&(r=200),s.height=r):\"link\"===t.message&&(r=new URL(s.getAttribute(\"src\")),n=new URL(t.value),c.test(n.protocol))&&n.host===r.host&&l.activeElement===s&&(d.top.location.href=t.value))}},d.addEventListener(\"message\",d.wp.receiveEmbedMessage,!1),l.addEventListener(\"DOMContentLoaded\",function(){for(var e,t,s=l.querySelectorAll(\"iframe.wp-embedded-content\"),r=0;r<s.length;r++)(t=(e=s[r]).getAttribute(\"data-secret\"))||(t=Math.random().toString(36).substring(2,12),e.src+=\"#?secret=\"+t,e.setAttribute(\"data-secret\",t)),e.contentWindow.postMessage({message:\"ready\",secret:t},\"*\")},!1)))}(window,document);\n\/\/# sourceURL=https:\/\/quechilero.com\/blog\/wp-includes\/js\/wp-embed.min.js\n<\/script>\n"},"jetpack_publicize_connections":[],"jetpack_shortlink":"https:\/\/wp.me\/pDKli-5br","jetpack_sharing_enabled":true,"jetpack-related-posts":[{"id":16348,"url":"https:\/\/quechilero.com\/blog\/2013\/03\/19\/un-momento-de-silencio-como-san-jose\/","url_meta":{"origin":19929,"position":0},"title":"Un momento de silencio&#8230; como San Jos\u00e9","author":"Pepe Barrascout Ortiz","date":"19 marzo 2013","format":false,"excerpt":"As\u00ed como hay dolor y alegr\u00eda, as\u00ed como hay inquietud y paz; as\u00ed el hombre tiene en su vida dos cauces por donde transcurre su existencia: La palabra y el silencio. La palabra, del lat\u00edn par\u00e1bola, es la facultad natural de hablar. Solo el hombre disfruta de la palabra. La\u2026","rel":"","context":"En \u00abLimones\u00bb","block_context":{"text":"Limones","link":"https:\/\/quechilero.com\/blog\/category\/limones\/"},"img":{"alt_text":"","src":"","width":0,"height":0},"classes":[]},{"id":15361,"url":"https:\/\/quechilero.com\/blog\/2012\/12\/23\/cuarto-domingo-de-adviento\/","url_meta":{"origin":19929,"position":1},"title":"Cuarto Domingo de Adviento","author":"Pepe Barrascout Ortiz","date":"23 diciembre 2012","format":false,"excerpt":"Cuarto Domingo de Adviento (ciclo B) Reunidos todos, se encienden las cuatro velas de la corona en el orden acostumbrado (este d\u00eda lo puede hacer uno de los ni\u00f1os mas peque\u00f1os). Hermanos: A pocos d\u00edas de la Navidad, la Liturgia se une al simbolismo popular de esta fiesta, y nos\u2026","rel":"","context":"En \u00abLimones\u00bb","block_context":{"text":"Limones","link":"https:\/\/quechilero.com\/blog\/category\/limones\/"},"img":{"alt_text":"","src":"https:\/\/i0.wp.com\/i392.photobucket.com\/albums\/pp7\/pepejaguar\/blog\/4-domingo-adviento.png?resize=350%2C200","width":350,"height":200,"srcset":"https:\/\/i0.wp.com\/i392.photobucket.com\/albums\/pp7\/pepejaguar\/blog\/4-domingo-adviento.png?resize=350%2C200 1x, https:\/\/i0.wp.com\/i392.photobucket.com\/albums\/pp7\/pepejaguar\/blog\/4-domingo-adviento.png?resize=525%2C300 1.5x"},"classes":[]},{"id":15360,"url":"https:\/\/quechilero.com\/blog\/2012\/12\/16\/tercer-domingo-de-adviento\/","url_meta":{"origin":19929,"position":2},"title":"Tercer Domingo de Adviento","author":"Pepe Barrascout Ortiz","date":"16 diciembre 2012","format":false,"excerpt":"Tercer Domingo de Adviento (ciclo B) Reunida la familia o grupo de personas, se encienden las candelas del primero domingo, la del segundo y la del tercer domingo. Hermanos: A medida que avanza el Adviento y crece nuestra expectativa por un encuentro m\u00e1s intenso con Jes\u00fas, la Palabra de Dios,\u2026","rel":"","context":"En \u00abLimones\u00bb","block_context":{"text":"Limones","link":"https:\/\/quechilero.com\/blog\/category\/limones\/"},"img":{"alt_text":"","src":"https:\/\/i0.wp.com\/i392.photobucket.com\/albums\/pp7\/pepejaguar\/blog\/3-domingo-adviento.png?resize=350%2C200","width":350,"height":200,"srcset":"https:\/\/i0.wp.com\/i392.photobucket.com\/albums\/pp7\/pepejaguar\/blog\/3-domingo-adviento.png?resize=350%2C200 1x, https:\/\/i0.wp.com\/i392.photobucket.com\/albums\/pp7\/pepejaguar\/blog\/3-domingo-adviento.png?resize=525%2C300 1.5x"},"classes":[]},{"id":4607,"url":"https:\/\/quechilero.com\/blog\/2010\/04\/02\/meditacion-de-las-siete-palabras\/","url_meta":{"origin":19929,"position":3},"title":"Meditaci\u00f3n de las Siete Palabras","author":"Pepe Barrascout Ortiz","date":"2 abril 2010","format":false,"excerpt":"Oraci\u00f3n Jes\u00fas en la Cruz aboga: da al ladr\u00f3n: lega su Madre: qu\u00e9jase: la sed le ahoga: cumple: entrega el alma al Padre Al Calvario hay que llegar porque Cristo, nuestra Luz, hoy tambi\u00e9n nos quiere hablar desde el ara de la Cruz. \u00a1Virgen de dolores y Madre m\u00eda! Que,\u2026","rel":"","context":"En \u00abLimones\u00bb","block_context":{"text":"Limones","link":"https:\/\/quechilero.com\/blog\/category\/limones\/"},"img":{"alt_text":"","src":"","width":0,"height":0},"classes":[]},{"id":11460,"url":"https:\/\/quechilero.com\/blog\/2011\/12\/26\/una-navidad-sin-cristo-o-un-cristo-sin-navidad\/","url_meta":{"origin":19929,"position":4},"title":"\u00bfUna Navidad sin Cristo o un Cristo sin Navidad?","author":"Pepe Barrascout Ortiz","date":"26 diciembre 2011","format":false,"excerpt":"Cristo vino porque Dios nos ama y porque quiere hacer sentir su amor entre nosotros. Yo me siento orgulloso porque mi Buen Padre Dios me ama. \u00bfUna Navidad sin Cristo o un Cristo sin Navidad? Cristo en su Navidad es el puente tendido por Dios para acercarse a los hombres\u2026","rel":"","context":"En \u00abLimones\u00bb","block_context":{"text":"Limones","link":"https:\/\/quechilero.com\/blog\/category\/limones\/"},"img":{"alt_text":"","src":"","width":0,"height":0},"classes":[]},{"id":16920,"url":"https:\/\/quechilero.com\/blog\/2013\/08\/29\/somos-el-templo-de-dios\/","url_meta":{"origin":19929,"position":5},"title":"Somos el templo de Dios","author":"Pepe Barrascout Ortiz","date":"29 agosto 2013","format":false,"excerpt":"\u00bfNo saben acaso ustedes que son el templo de Dios y que el Esp\u00edritu de Dios habita en ustedes? Quien destruye el templo de Dios, ser\u00e1 destruido por Dios, porque el templo de Dios es santo y ustedes son ese templo. 1Cor 3, 16-17 Quiz\u00e1s una de las experiencias m\u00e1s\u2026","rel":"","context":"En \u00abLimones\u00bb","block_context":{"text":"Limones","link":"https:\/\/quechilero.com\/blog\/category\/limones\/"},"img":{"alt_text":"","src":"","width":0,"height":0},"classes":[]}],"jetpack_featured_media_url":"","_links":{"self":[{"href":"https:\/\/quechilero.com\/blog\/wp-json\/wp\/v2\/posts\/19929","targetHints":{"allow":["GET"]}}],"collection":[{"href":"https:\/\/quechilero.com\/blog\/wp-json\/wp\/v2\/posts"}],"about":[{"href":"https:\/\/quechilero.com\/blog\/wp-json\/wp\/v2\/types\/post"}],"author":[{"embeddable":true,"href":"https:\/\/quechilero.com\/blog\/wp-json\/wp\/v2\/users\/1"}],"replies":[{"embeddable":true,"href":"https:\/\/quechilero.com\/blog\/wp-json\/wp\/v2\/comments?post=19929"}],"version-history":[{"count":0,"href":"https:\/\/quechilero.com\/blog\/wp-json\/wp\/v2\/posts\/19929\/revisions"}],"wp:attachment":[{"href":"https:\/\/quechilero.com\/blog\/wp-json\/wp\/v2\/media?parent=19929"}],"wp:term":[{"taxonomy":"category","embeddable":true,"href":"https:\/\/quechilero.com\/blog\/wp-json\/wp\/v2\/categories?post=19929"},{"taxonomy":"post_tag","embeddable":true,"href":"https:\/\/quechilero.com\/blog\/wp-json\/wp\/v2\/tags?post=19929"},{"taxonomy":"series","embeddable":true,"href":"https:\/\/quechilero.com\/blog\/wp-json\/wp\/v2\/series?post=19929"}],"curies":[{"name":"wp","href":"https:\/\/api.w.org\/{rel}","templated":true}]}}