{"id":19926,"date":"2015-03-18T08:00:29","date_gmt":"2015-03-18T14:00:29","guid":{"rendered":"http:\/\/quechilero.com\/blog\/?p=19926"},"modified":"2015-02-24T12:38:06","modified_gmt":"2015-02-24T18:38:06","slug":"el-caballo-y-el-venado","status":"publish","type":"post","link":"https:\/\/quechilero.com\/blog\/2015\/03\/18\/el-caballo-y-el-venado\/","title":{"rendered":"El caballo y el venado"},"content":{"rendered":"<p>En un tiempo el caballo ten\u00eda todo el pasto de la llanura solamente para \u00e9l.<\/p>\n<p>Sucedi\u00f3 entonces que un venado se meti\u00f3 en su territorio y comparti\u00f3 su pasto. El caballo, deseando vengarse del forastero, pregunt\u00f3 a un hombre si \u00e9l quisiera ayudarle a castigar al venado.<\/p>\n<p>El hombre contest\u00f3 que si \u00e9l aceptaba recibir un fierro en su boca y consent\u00eda en llevarlo continuamente, \u00e9l concebir\u00eda armas eficaces contra el venado.<\/p>\n<p>El caballo acept\u00f3 lo solicitado. Y a partir de aquella hora \u00e9l encontr\u00f3 que, en vez de obtener venganza contra el venado, se hab\u00eda esclavizado al servicio del hombre.<\/p>\n<p style=\"text-align: center;\">Antes de hacer un convenio, analiza muy bien las posibles consecuencias de los t\u00e9rminos contractuales.<\/p>\n<p><em><strong>Esopo<\/strong><\/em><\/p>\n","protected":false},"excerpt":{"rendered":"<p>En un tiempo el caballo ten\u00eda todo el pasto de la llanura solamente para \u00e9l. Sucedi\u00f3 entonces que un venado se meti\u00f3 en su territorio y comparti\u00f3 su pasto. El caballo, deseando vengarse del forastero, pregunt\u00f3 a un hombre si \u00e9l quisiera ayudarle a castigar al venado. El hombre contest\u00f3 que si \u00e9l aceptaba recibir &#8230; <a title=\"El caballo y el venado\" class=\"read-more\" href=\"https:\/\/quechilero.com\/blog\/2015\/03\/18\/el-caballo-y-el-venado\/\" aria-label=\"Leer m\u00e1s sobre El caballo y el venado\">Leer m\u00e1s<\/a><\/p>\n","protected":false},"author":1,"featured_media":0,"comment_status":"open","ping_status":"open","sticky":false,"template":"","format":"standard","meta":{"advanced_seo_description":"","jetpack_seo_html_title":"","jetpack_seo_noindex":false,"jetpack_seo_schema_type":"","episode_type":"","audio_file":"","podmotor_file_id":"","podmotor_episode_id":"","cover_image":"","cover_image_id":"","duration":"","filesize":"","filesize_raw":"","date_recorded":"","explicit":"","block":"","_jetpack_newsletter_access":"","_jetpack_dont_email_post_to_subs":false,"_jetpack_newsletter_tier_id":0,"_jetpack_memberships_contains_paywalled_content":false,"_jetpack_feature_clip_id":0,"_jetpack_memberships_contains_paid_content":false,"footnotes":"","jetpack_publicize_message":"","jetpack_publicize_feature_enabled":true,"jetpack_social_post_already_shared":true,"jetpack_social_options":{"image_generator_settings":{"template":"highway","default_image_id":0,"font":"","enabled":false},"version":2},"jetpack_post_was_ever_published":false},"categories":[2],"tags":[18,5],"series":[],"class_list":["post-19926","post","type-post","status-publish","format-standard","hentry","category-limones","tag-hombre","tag-tiempo"],"episode_featured_image":false,"episode_player_image":"https:\/\/i0.wp.com\/quechilero.com\/blog\/imagenes\/podcast.png?fit=1831%2C1831&ssl=1","download_link":"","player_link":"","audio_player":false,"episode_data":{"playerMode":"dark","subscribeUrls":{"amazon":{"key":"amazon","url":"","label":"Amazon","class":"amazon","icon":"amazon.png"},"apple_podcasts":{"key":"apple_podcasts","url":"","label":"Apple Podcasts","class":"apple_podcasts","icon":"apple-podcasts.png"},"castbox":{"key":"castbox","url":"","label":"CastBox","class":"castbox","icon":"castbox.png"},"deezer":{"key":"deezer","url":"","label":"Deezer","class":"deezer","icon":"deezer.png"},"google_podcasts":{"key":"google_podcasts","url":"","label":"Google Podcasts","class":"google_podcasts","icon":"google-podcasts.png"},"listen_notes":{"key":"listen_notes","url":"","label":"Listen Notes","class":"listen_notes","icon":"listen-notes.png"},"pandora":{"key":"pandora","url":"","label":"Pandora","class":"pandora","icon":"pandora.png"},"podbean":{"key":"podbean","url":"","label":"Podbean","class":"podbean","icon":"podbean.png"},"podcast_republic":{"key":"podcast_republic","url":"","label":"Podcast Republic","class":"podcast_republic","icon":"podcast-republic.png"},"rss":{"key":"rss","url":"","label":"RSS","class":"rss","icon":"rss.png"},"spotify":{"key":"spotify","url":"","label":"Spotify","class":"spotify","icon":"spotify.png"},"stitcher":{"key":"stitcher","url":"","label":"Stitcher","class":"stitcher","icon":"stitcher.png"},"tunein":{"key":"tunein","url":"","label":"TuneIn","class":"tunein","icon":"tunein.png"},"youtube":{"key":"youtube","url":"","label":"YouTube","class":"youtube","icon":"youtube.png"},"iheartradio":{"key":"iheartradio","url":"","label":"iHeartRadio","class":"iheartradio","icon":"iheartradio.png"},"ivoox":{"key":"ivoox","url":"","label":"iVoox","class":"ivoox","icon":"ivoox.png"}},"rssFeedUrl":"https:\/\/quechilero.com\/blog\/feed\/podcast\/si-la-vida-nos-da-limones","embedCode":"<blockquote class=\"wp-embedded-content\" data-secret=\"Zx17Ogt2vS\"><a href=\"https:\/\/quechilero.com\/blog\/2015\/03\/18\/el-caballo-y-el-venado\/\">El caballo y el venado<\/a><\/blockquote><iframe sandbox=\"allow-scripts\" security=\"restricted\" src=\"https:\/\/quechilero.com\/blog\/2015\/03\/18\/el-caballo-y-el-venado\/embed\/#?secret=Zx17Ogt2vS\" width=\"500\" height=\"350\" title=\"\u00abEl caballo y el venado\u00bb \u2014 Si la Vida nos da Limones...\" data-secret=\"Zx17Ogt2vS\" frameborder=\"0\" marginwidth=\"0\" marginheight=\"0\" scrolling=\"no\" class=\"wp-embedded-content\"><\/iframe><script>\n\/*! This file is auto-generated *\/\n!function(d,l){\"use strict\";l.querySelector&&d.addEventListener&&\"undefined\"!=typeof URL&&(d.wp=d.wp||{},d.wp.receiveEmbedMessage||(d.wp.receiveEmbedMessage=function(e){var t=e.data;if((t||t.secret||t.message||t.value)&&!\/[^a-zA-Z0-9]\/.test(t.secret)){for(var s,r,n,a=l.querySelectorAll('iframe[data-secret=\"'+t.secret+'\"]'),o=l.querySelectorAll('blockquote[data-secret=\"'+t.secret+'\"]'),c=new RegExp(\"^https?:$\",\"i\"),i=0;i<o.length;i++)o[i].style.display=\"none\";for(i=0;i<a.length;i++)s=a[i],e.source===s.contentWindow&&(s.removeAttribute(\"style\"),\"height\"===t.message?(1e3<(r=parseInt(t.value,10))?r=1e3:~~r<200&&(r=200),s.height=r):\"link\"===t.message&&(r=new URL(s.getAttribute(\"src\")),n=new URL(t.value),c.test(n.protocol))&&n.host===r.host&&l.activeElement===s&&(d.top.location.href=t.value))}},d.addEventListener(\"message\",d.wp.receiveEmbedMessage,!1),l.addEventListener(\"DOMContentLoaded\",function(){for(var e,t,s=l.querySelectorAll(\"iframe.wp-embedded-content\"),r=0;r<s.length;r++)(t=(e=s[r]).getAttribute(\"data-secret\"))||(t=Math.random().toString(36).substring(2,12),e.src+=\"#?secret=\"+t,e.setAttribute(\"data-secret\",t)),e.contentWindow.postMessage({message:\"ready\",secret:t},\"*\")},!1)))}(window,document);\n\/\/# sourceURL=https:\/\/quechilero.com\/blog\/wp-includes\/js\/wp-embed.min.js\n<\/script>\n"},"jetpack_publicize_connections":[],"jetpack_shortlink":"https:\/\/wp.me\/pDKli-5bo","jetpack_sharing_enabled":true,"jetpack-related-posts":[{"id":16808,"url":"https:\/\/quechilero.com\/blog\/2013\/07\/06\/el-asno-y-el-caballo\/","url_meta":{"origin":19926,"position":0},"title":"El asno y el caballo","author":"Pepe Barrascout Ortiz","date":"6 julio 2013","format":false,"excerpt":"Un hombre sub\u00eda una empinada cuesta llevando de las riendas un asno y un caballo. El asno llevaba una pesada carga, pero el caballo trotaba libremente viendo el panorama. El asno, de cuando en cuando y agobiado por el peso de la carga, suplicaba: - \u00a1Caballo, amigo m\u00edo, ay\u00fadame! No\u2026","rel":"","context":"En \u00abLimones\u00bb","block_context":{"text":"Limones","link":"https:\/\/quechilero.com\/blog\/category\/limones\/"},"img":{"alt_text":"","src":"","width":0,"height":0},"classes":[]},{"id":19816,"url":"https:\/\/quechilero.com\/blog\/2015\/02\/08\/el-caballo-de-guerra\/","url_meta":{"origin":19926,"position":1},"title":"El caballo de guerra","author":"Pepe Barrascout Ortiz","date":"8 febrero 2015","format":false,"excerpt":"Un caballo de guerra, al que se le presentaban las enfermedades de los mayores de edad, fue enviado para trabajar en una granja en vez de salir para luchar. Pero cuando lo obligaron a transportar la hierba en vez de servir con las guerras, \u00e9l lament\u00f3 su cambio de fortuna\u2026","rel":"","context":"En \u00abLimones\u00bb","block_context":{"text":"Limones","link":"https:\/\/quechilero.com\/blog\/category\/limones\/"},"img":{"alt_text":"","src":"","width":0,"height":0},"classes":[]},{"id":338,"url":"https:\/\/quechilero.com\/blog\/2006\/11\/29\/el-caballo-y-el-cerdo\/","url_meta":{"origin":19926,"position":2},"title":"El caballo y el cerdo","author":"Pepe Barrascout Ortiz","date":"29 noviembre 2006","format":false,"excerpt":"Un hacendado coleccionaba caballos y s\u00f3lo le faltaba una determinada raza. Un d\u00eda se dio cuenta que su vecino ten\u00eda precisamente un caballo de esa raza. As\u00ed que trat\u00f3, d\u00eda tras d\u00eda, de convencer a su vecino de que se lo vendiera, hasta que lo logr\u00f3. Un mes despu\u00e9s, el\u2026","rel":"","context":"En \u00abLimones\u00bb","block_context":{"text":"Limones","link":"https:\/\/quechilero.com\/blog\/category\/limones\/"},"img":{"alt_text":"","src":"","width":0,"height":0},"classes":[]},{"id":18729,"url":"https:\/\/quechilero.com\/blog\/2014\/08\/07\/alegres-y-tristes\/","url_meta":{"origin":19926,"position":3},"title":"Alegres y tristes","author":"Pepe Barrascout Ortiz","date":"7 agosto 2014","format":false,"excerpt":"Cuenta una vieja leyenda que tres hombres estaban una vez cruzando un desierto a caballo durante la noche. Cuando se acercaban a un riachuelo seco escucharon una voz que les orden\u00f3 desmontarse, recoger unas piedras, pon\u00e9rselas en los bolsillos, y no mirarlas hasta la ma\u00f1ana siguiente. A los hombres se\u2026","rel":"","context":"En \u00abLimones\u00bb","block_context":{"text":"Limones","link":"https:\/\/quechilero.com\/blog\/category\/limones\/"},"img":{"alt_text":"","src":"","width":0,"height":0},"classes":[]},{"id":9191,"url":"https:\/\/quechilero.com\/blog\/2011\/11\/04\/castigando-al-caballo\/","url_meta":{"origin":19926,"position":4},"title":"Castigando al caballo","author":"Pepe Barrascout Ortiz","date":"4 noviembre 2011","format":false,"excerpt":"Un viajero en el Reino de Song meti\u00f3 a su caballo en un arroyo porque \u00e9ste se negaba a avanzar; luego lo volvi\u00f3 a montar para partir. El caballo se neg\u00f3 de nuevo a nadar. Lo castig\u00f3 otra vez en la misma forma. Esto se repiti\u00f3 tres veces. Ni el\u2026","rel":"","context":"En \u00abLimones\u00bb","block_context":{"text":"Limones","link":"https:\/\/quechilero.com\/blog\/category\/limones\/"},"img":{"alt_text":"","src":"","width":0,"height":0},"classes":[]},{"id":2441,"url":"https:\/\/quechilero.com\/blog\/2009\/03\/22\/alejandro-magno\/","url_meta":{"origin":19926,"position":5},"title":"Alejandro Magno","author":"Pepe Barrascout Ortiz","date":"22 marzo 2009","format":false,"excerpt":"El mejor retrato de Alejandro Magno nos lo proporciona Plutarco con la an\u00e9cdota del ind\u00f3mito caballo Buc\u00e9falo cuya compra ofrecen a Filipo de Macedonia, el padre de Alejandro. El caballo no permite que se le acerque jinete alguno; es tan rebelde que Filipo est\u00e1 a punto de renunciar definitivamente, cuando\u2026","rel":"","context":"En \u00abLimones\u00bb","block_context":{"text":"Limones","link":"https:\/\/quechilero.com\/blog\/category\/limones\/"},"img":{"alt_text":"","src":"","width":0,"height":0},"classes":[]}],"jetpack_featured_media_url":"","_links":{"self":[{"href":"https:\/\/quechilero.com\/blog\/wp-json\/wp\/v2\/posts\/19926","targetHints":{"allow":["GET"]}}],"collection":[{"href":"https:\/\/quechilero.com\/blog\/wp-json\/wp\/v2\/posts"}],"about":[{"href":"https:\/\/quechilero.com\/blog\/wp-json\/wp\/v2\/types\/post"}],"author":[{"embeddable":true,"href":"https:\/\/quechilero.com\/blog\/wp-json\/wp\/v2\/users\/1"}],"replies":[{"embeddable":true,"href":"https:\/\/quechilero.com\/blog\/wp-json\/wp\/v2\/comments?post=19926"}],"version-history":[{"count":0,"href":"https:\/\/quechilero.com\/blog\/wp-json\/wp\/v2\/posts\/19926\/revisions"}],"wp:attachment":[{"href":"https:\/\/quechilero.com\/blog\/wp-json\/wp\/v2\/media?parent=19926"}],"wp:term":[{"taxonomy":"category","embeddable":true,"href":"https:\/\/quechilero.com\/blog\/wp-json\/wp\/v2\/categories?post=19926"},{"taxonomy":"post_tag","embeddable":true,"href":"https:\/\/quechilero.com\/blog\/wp-json\/wp\/v2\/tags?post=19926"},{"taxonomy":"series","embeddable":true,"href":"https:\/\/quechilero.com\/blog\/wp-json\/wp\/v2\/series?post=19926"}],"curies":[{"name":"wp","href":"https:\/\/api.w.org\/{rel}","templated":true}]}}