{"id":19925,"date":"2015-03-17T08:00:22","date_gmt":"2015-03-17T14:00:22","guid":{"rendered":"http:\/\/quechilero.com\/blog\/?p=19925"},"modified":"2015-02-24T12:36:45","modified_gmt":"2015-02-24T18:36:45","slug":"la-transfiguracion","status":"publish","type":"post","link":"https:\/\/quechilero.com\/blog\/2015\/03\/17\/la-transfiguracion\/","title":{"rendered":"La Transfiguraci\u00f3n"},"content":{"rendered":"<p>En el hecho de la Transfiguraci\u00f3n, el Se\u00f1or quiere preparar el coraz\u00f3n de sus disc\u00edpulos para que superen el esc\u00e1ndalo de la cruz. Pero esta fiesta es, adem\u00e1s, un anuncio de la adopci\u00f3n maravillosa que nos hace hijos de Dios en Jesucristo y del resplandor con que un d\u00eda brillar\u00e1 todo el cuerpo de la Iglesia.<\/p>\n<p>Jes\u00fas hab\u00eda hablado a sus disc\u00edpulos de su inminente Pasi\u00f3n y Muerte. Y para que no vacilasen en la fe, invita a tres de ellos, Pedro, Santiago y Juan, a subir con \u00c9l al monte Tabor, precisamente los tres que ver\u00edan su agon\u00eda en Getseman\u00ed.<\/p>\n<p>En el Tabor les mostr\u00f3 el Se\u00f1or su gloria y esplendor, a la vez que Mois\u00e9s y El\u00edas se aparec\u00edan hablando con Jes\u00fas. All\u00ed se transfigur\u00f3 delante de ellos. Su rostro brillaba como el sol, y sus vestidos se volvieron de un blanco deslumbrador. Se form\u00f3 una nube que los cubri\u00f3, y sali\u00f3 una voz de ella, que dec\u00eda: \u00abEste es mi hijo amado en quien tengo puestas todas mis complacencias. Escuchadle.\u00bb Esta voz les confortar\u00eda en el momento de la prueba.<\/p>\n<p>La voz del Padre es apremiante. Si Jes\u00fas es el Amado en quien tiene puestas todas sus complacencias, quiere decir que s\u00f3lo se complacer\u00e1 el Padre en nosotros en cuanto nos parezcamos a Jes\u00fas, en cuanto le imitemos, en cuanto reflejemos su imagen, y reproduzcamos sus gestos y Palabras. S\u00f3lo se complacer\u00e1 el Padre en nosotros, si escuchamos a Jes\u00fas, que es su Palabra, al que ha nombrado heredero de todo, y es el reflejo de su gloria.<\/p>\n<p>Algunos Santos Padres aportan una curiosa interpretaci\u00f3n a la Transfiguraci\u00f3n. Jes\u00fas, dicen, siempre estaba transfigurado, su Divinidad irradiaba siempre a trav\u00e9s de la envoltura de la naturaleza humana, su rostro siempre estaba resplandeciente -\u00abese halo luminoso que despiden las almas m\u00e1s santas\u00bb-, pero los disc\u00edpulos, enredados en problemas de preeminencias, enfrascados en peque\u00f1os detalles, mezclados entre las multitudes, entretenidos en peque\u00f1as cosas, no pod\u00edan vislumbrar el brillo del rostro de Jes\u00fas. Bast\u00f3 que dejaran el espesor del valle, que subieran a la monta\u00f1a, que dejaran aparte sus min\u00fasculas preocupaciones, que se purificaran los ojos, que miraran m\u00e1s fijamente, sin estorbos, al rostro de Jes\u00fas, para que descubrieran el fulgor de su mirada, el rostro siempre radiante de Jes\u00fas.<\/p>\n","protected":false},"excerpt":{"rendered":"<p>En el hecho de la Transfiguraci\u00f3n, el Se\u00f1or quiere preparar el coraz\u00f3n de sus disc\u00edpulos para que superen el esc\u00e1ndalo de la cruz. Pero esta fiesta es, adem\u00e1s, un anuncio de la adopci\u00f3n maravillosa que nos hace hijos de Dios en Jesucristo y del resplandor con que un d\u00eda brillar\u00e1 todo el cuerpo de la &#8230; <a title=\"La Transfiguraci\u00f3n\" class=\"read-more\" href=\"https:\/\/quechilero.com\/blog\/2015\/03\/17\/la-transfiguracion\/\" aria-label=\"Leer m\u00e1s sobre La Transfiguraci\u00f3n\">Leer m\u00e1s<\/a><\/p>\n","protected":false},"author":1,"featured_media":0,"comment_status":"open","ping_status":"open","sticky":false,"template":"","format":"standard","meta":{"advanced_seo_description":"","jetpack_seo_html_title":"","jetpack_seo_noindex":false,"jetpack_seo_schema_type":"","episode_type":"","audio_file":"","podmotor_file_id":"","podmotor_episode_id":"","cover_image":"","cover_image_id":"","duration":"","filesize":"","filesize_raw":"","date_recorded":"","explicit":"","block":"","_jetpack_newsletter_access":"","_jetpack_dont_email_post_to_subs":false,"_jetpack_newsletter_tier_id":0,"_jetpack_memberships_contains_paywalled_content":false,"_jetpack_feature_clip_id":0,"_jetpack_memberships_contains_paid_content":false,"footnotes":"","jetpack_publicize_message":"","jetpack_publicize_feature_enabled":true,"jetpack_social_post_already_shared":true,"jetpack_social_options":{"image_generator_settings":{"template":"highway","default_image_id":0,"font":"","enabled":false},"version":2},"jetpack_post_was_ever_published":false},"categories":[2],"tags":[12,51,74,50,42,52],"series":[],"class_list":["post-19925","post","type-post","status-publish","format-standard","hentry","category-limones","tag-cosas","tag-dios","tag-jesus","tag-muerte","tag-palabra","tag-pasion"],"episode_featured_image":false,"episode_player_image":"https:\/\/i0.wp.com\/quechilero.com\/blog\/imagenes\/podcast.png?fit=1831%2C1831&ssl=1","download_link":"","player_link":"","audio_player":false,"episode_data":{"playerMode":"dark","subscribeUrls":{"amazon":{"key":"amazon","url":"","label":"Amazon","class":"amazon","icon":"amazon.png"},"apple_podcasts":{"key":"apple_podcasts","url":"","label":"Apple Podcasts","class":"apple_podcasts","icon":"apple-podcasts.png"},"castbox":{"key":"castbox","url":"","label":"CastBox","class":"castbox","icon":"castbox.png"},"deezer":{"key":"deezer","url":"","label":"Deezer","class":"deezer","icon":"deezer.png"},"google_podcasts":{"key":"google_podcasts","url":"","label":"Google Podcasts","class":"google_podcasts","icon":"google-podcasts.png"},"listen_notes":{"key":"listen_notes","url":"","label":"Listen Notes","class":"listen_notes","icon":"listen-notes.png"},"pandora":{"key":"pandora","url":"","label":"Pandora","class":"pandora","icon":"pandora.png"},"podbean":{"key":"podbean","url":"","label":"Podbean","class":"podbean","icon":"podbean.png"},"podcast_republic":{"key":"podcast_republic","url":"","label":"Podcast Republic","class":"podcast_republic","icon":"podcast-republic.png"},"rss":{"key":"rss","url":"","label":"RSS","class":"rss","icon":"rss.png"},"spotify":{"key":"spotify","url":"","label":"Spotify","class":"spotify","icon":"spotify.png"},"stitcher":{"key":"stitcher","url":"","label":"Stitcher","class":"stitcher","icon":"stitcher.png"},"tunein":{"key":"tunein","url":"","label":"TuneIn","class":"tunein","icon":"tunein.png"},"youtube":{"key":"youtube","url":"","label":"YouTube","class":"youtube","icon":"youtube.png"},"iheartradio":{"key":"iheartradio","url":"","label":"iHeartRadio","class":"iheartradio","icon":"iheartradio.png"},"ivoox":{"key":"ivoox","url":"","label":"iVoox","class":"ivoox","icon":"ivoox.png"}},"rssFeedUrl":"https:\/\/quechilero.com\/blog\/feed\/podcast\/si-la-vida-nos-da-limones","embedCode":"<blockquote class=\"wp-embedded-content\" data-secret=\"Zef57YRQlc\"><a href=\"https:\/\/quechilero.com\/blog\/2015\/03\/17\/la-transfiguracion\/\">La Transfiguraci\u00f3n<\/a><\/blockquote><iframe sandbox=\"allow-scripts\" security=\"restricted\" src=\"https:\/\/quechilero.com\/blog\/2015\/03\/17\/la-transfiguracion\/embed\/#?secret=Zef57YRQlc\" width=\"500\" height=\"350\" title=\"\u00abLa Transfiguraci\u00f3n\u00bb \u2014 Si la Vida nos da Limones...\" data-secret=\"Zef57YRQlc\" frameborder=\"0\" marginwidth=\"0\" marginheight=\"0\" scrolling=\"no\" class=\"wp-embedded-content\"><\/iframe><script>\n\/*! This file is auto-generated *\/\n!function(d,l){\"use strict\";l.querySelector&&d.addEventListener&&\"undefined\"!=typeof URL&&(d.wp=d.wp||{},d.wp.receiveEmbedMessage||(d.wp.receiveEmbedMessage=function(e){var t=e.data;if((t||t.secret||t.message||t.value)&&!\/[^a-zA-Z0-9]\/.test(t.secret)){for(var s,r,n,a=l.querySelectorAll('iframe[data-secret=\"'+t.secret+'\"]'),o=l.querySelectorAll('blockquote[data-secret=\"'+t.secret+'\"]'),c=new RegExp(\"^https?:$\",\"i\"),i=0;i<o.length;i++)o[i].style.display=\"none\";for(i=0;i<a.length;i++)s=a[i],e.source===s.contentWindow&&(s.removeAttribute(\"style\"),\"height\"===t.message?(1e3<(r=parseInt(t.value,10))?r=1e3:~~r<200&&(r=200),s.height=r):\"link\"===t.message&&(r=new URL(s.getAttribute(\"src\")),n=new URL(t.value),c.test(n.protocol))&&n.host===r.host&&l.activeElement===s&&(d.top.location.href=t.value))}},d.addEventListener(\"message\",d.wp.receiveEmbedMessage,!1),l.addEventListener(\"DOMContentLoaded\",function(){for(var e,t,s=l.querySelectorAll(\"iframe.wp-embedded-content\"),r=0;r<s.length;r++)(t=(e=s[r]).getAttribute(\"data-secret\"))||(t=Math.random().toString(36).substring(2,12),e.src+=\"#?secret=\"+t,e.setAttribute(\"data-secret\",t)),e.contentWindow.postMessage({message:\"ready\",secret:t},\"*\")},!1)))}(window,document);\n\/\/# sourceURL=https:\/\/quechilero.com\/blog\/wp-includes\/js\/wp-embed.min.js\n<\/script>\n"},"jetpack_publicize_connections":[],"jetpack_shortlink":"https:\/\/wp.me\/pDKli-5bn","jetpack_sharing_enabled":true,"jetpack-related-posts":[{"id":27326,"url":"https:\/\/quechilero.com\/blog\/2010\/10\/04\/santo-rosario-misterios-luminosos\/","url_meta":{"origin":19925,"position":0},"title":"Santo Rosario: Misterios Luminosos","author":"Pepe Barrascout Ortiz","date":"4 octubre 2010","format":false,"excerpt":"Los Misterios Luminosos los rezamos los Jueves En el nombre del Padre, y del Hijo, y del Esp\u00edritu Santo. Am\u00e9n. Dios m\u00edo, ven en mi auxilio. Se\u00f1or, date prisa en socorrerme. Gloria al Padre, Gloria al Hijo y Gloria al Esp\u00edritu Santo, Am\u00e9n. Primer Misterio Luminoso. El Bautismo de Jes\u00fas.\u2026","rel":"","context":"En \u00abEl Santo Rosario\u00bb","block_context":{"text":"El Santo Rosario","link":"https:\/\/quechilero.com\/blog\/category\/podcast\/el-santo-rosario\/"},"img":{"alt_text":"Misterios Luminosos","src":"https:\/\/i0.wp.com\/i392.photobucket.com\/albums\/pp7\/pepejaguar\/blog\/Misterios-Luminosos_zpsb09a52c6.jpg?resize=350%2C200","width":350,"height":200,"srcset":"https:\/\/i0.wp.com\/i392.photobucket.com\/albums\/pp7\/pepejaguar\/blog\/Misterios-Luminosos_zpsb09a52c6.jpg?resize=350%2C200 1x, https:\/\/i0.wp.com\/i392.photobucket.com\/albums\/pp7\/pepejaguar\/blog\/Misterios-Luminosos_zpsb09a52c6.jpg?resize=525%2C300 1.5x"},"classes":[]},{"id":461,"url":"https:\/\/quechilero.com\/blog\/2007\/02\/21\/el-santo-rosario\/","url_meta":{"origin":19925,"position":1},"title":"El Santo Rosario","author":"Pepe Barrascout Ortiz","date":"21 febrero 2007","format":false,"excerpt":"Preparaci\u00f3n: * Nos hacemos la se\u00f1al de la Cruz * Nos ponemos en presencia de Dios y para que la oraci\u00f3n llegue al Cielo, pedimos humildemente perd\u00f3n al Se\u00f1or por nuestras faltas (en silencio). Rezamos el Acto de Contrici\u00f3n (el \"P\u00e9same\") * Decimos: \"En el primer misterio recordamos...\" (nombramos el\u2026","rel":"","context":"En \u00abLimones\u00bb","block_context":{"text":"Limones","link":"https:\/\/quechilero.com\/blog\/category\/limones\/"},"img":{"alt_text":"","src":"","width":0,"height":0},"classes":[]},{"id":16355,"url":"https:\/\/quechilero.com\/blog\/2013\/03\/26\/resucito-cristo-mi-esperanza\/","url_meta":{"origin":19925,"position":2},"title":"Resucit\u00f3 Cristo, mi esperanza","author":"Pepe Barrascout Ortiz","date":"26 marzo 2013","format":false,"excerpt":"Llegue a todos vosotros la voz exultante de la Iglesia, con las palabras que el antiguo himno pone en labios de Mar\u00eda Magdalena, la primera en encontrar en la ma\u00f1a de Pascua a Jes\u00fas resucitado. \"Ella corri\u00f3 hacia los otros disc\u00edpulos y, con el coraz\u00f3n sobrecogido, les anunci\u00f3: He visto\u2026","rel":"","context":"En \u00abLimones\u00bb","block_context":{"text":"Limones","link":"https:\/\/quechilero.com\/blog\/category\/limones\/"},"img":{"alt_text":"","src":"","width":0,"height":0},"classes":[]},{"id":893,"url":"https:\/\/quechilero.com\/blog\/2008\/03\/09\/cuaresma-evangelio-09-mar-08\/","url_meta":{"origin":19925,"position":3},"title":"Cuaresma &#8211; Evangelio 09 mar 08","author":"Pepe Barrascout Ortiz","date":"9 marzo 2008","format":false,"excerpt":"Evangelio seg\u00fan San Juan 11,1-45. Hab\u00eda un hombre enfermo, L\u00e1zaro de Betania, del pueblo de Mar\u00eda y de su hermana Marta.\u00a0Mar\u00eda era la misma que derram\u00f3 perfume sobre el Se\u00f1or y le sec\u00f3 los pies con sus cabellos. Su hermano L\u00e1zaro era el que estaba enfermo. Las hermanas enviaron a\u2026","rel":"","context":"En \u00abLimones\u00bb","block_context":{"text":"Limones","link":"https:\/\/quechilero.com\/blog\/category\/limones\/"},"img":{"alt_text":"","src":"","width":0,"height":0},"classes":[]},{"id":4614,"url":"https:\/\/quechilero.com\/blog\/2010\/04\/02\/viernes-santo\/","url_meta":{"origin":19925,"position":4},"title":"Viernes Santo","author":"Pepe Barrascout Ortiz","date":"2 abril 2010","format":false,"excerpt":"La tarde del Viernes Santo presenta el drama inmenso de la muerte de Cristo en el Calvario. La cruz erguida sobre el mundo sigue en pie como signo de salvaci\u00f3n y de esperanza. Con la Pasi\u00f3n de Jes\u00fas seg\u00fan el\u00a0Evangelio de Juan contemplamos el misterio del Crucificado, con el coraz\u00f3n\u2026","rel":"","context":"En \u00abLimones\u00bb","block_context":{"text":"Limones","link":"https:\/\/quechilero.com\/blog\/category\/limones\/"},"img":{"alt_text":"","src":"","width":0,"height":0},"classes":[]},{"id":902,"url":"https:\/\/quechilero.com\/blog\/2008\/03\/16\/cuaresma-evangelio-16-mar-08\/","url_meta":{"origin":19925,"position":5},"title":"Cuaresma &#8211; Evangelio 16 mar 08","author":"Pepe Barrascout Ortiz","date":"16 marzo 2008","format":false,"excerpt":"Evangelio seg\u00fan San Mateo 26,14-75.27,1-66. Entonces uno de los Doce, llamado Judas Iscariote, fue a ver a los sumos sacerdotes y les dijo: \"\u00bfCu\u00e1nto me dar\u00e1n si se lo entrego?\". Y resolvieron darle treinta monedas de plata. Desde ese momento, Judas buscaba una ocasi\u00f3n favorable para entregarlo. El primer d\u00eda\u2026","rel":"","context":"En \u00abLimones\u00bb","block_context":{"text":"Limones","link":"https:\/\/quechilero.com\/blog\/category\/limones\/"},"img":{"alt_text":"","src":"","width":0,"height":0},"classes":[]}],"jetpack_featured_media_url":"","_links":{"self":[{"href":"https:\/\/quechilero.com\/blog\/wp-json\/wp\/v2\/posts\/19925","targetHints":{"allow":["GET"]}}],"collection":[{"href":"https:\/\/quechilero.com\/blog\/wp-json\/wp\/v2\/posts"}],"about":[{"href":"https:\/\/quechilero.com\/blog\/wp-json\/wp\/v2\/types\/post"}],"author":[{"embeddable":true,"href":"https:\/\/quechilero.com\/blog\/wp-json\/wp\/v2\/users\/1"}],"replies":[{"embeddable":true,"href":"https:\/\/quechilero.com\/blog\/wp-json\/wp\/v2\/comments?post=19925"}],"version-history":[{"count":0,"href":"https:\/\/quechilero.com\/blog\/wp-json\/wp\/v2\/posts\/19925\/revisions"}],"wp:attachment":[{"href":"https:\/\/quechilero.com\/blog\/wp-json\/wp\/v2\/media?parent=19925"}],"wp:term":[{"taxonomy":"category","embeddable":true,"href":"https:\/\/quechilero.com\/blog\/wp-json\/wp\/v2\/categories?post=19925"},{"taxonomy":"post_tag","embeddable":true,"href":"https:\/\/quechilero.com\/blog\/wp-json\/wp\/v2\/tags?post=19925"},{"taxonomy":"series","embeddable":true,"href":"https:\/\/quechilero.com\/blog\/wp-json\/wp\/v2\/series?post=19925"}],"curies":[{"name":"wp","href":"https:\/\/api.w.org\/{rel}","templated":true}]}}