{"id":19911,"date":"2015-03-08T08:00:04","date_gmt":"2015-03-08T14:00:04","guid":{"rendered":"http:\/\/quechilero.com\/blog\/?p=19911"},"modified":"2015-02-24T12:09:26","modified_gmt":"2015-02-24T18:09:26","slug":"como-derrotar-la-guerra","status":"publish","type":"post","link":"https:\/\/quechilero.com\/blog\/2015\/03\/08\/como-derrotar-la-guerra\/","title":{"rendered":"\u00bfC\u00f3mo derrotar la guerra?"},"content":{"rendered":"<p>Una de las grandes caracter\u00edsticas del origen de la guerra es la de querer pasar por encima de los intereses de las dem\u00e1s personas.<\/p>\n<p>Muchos de los conflictos armados en diversas partes del mundo han sido originados a causa de los intereses pol\u00edticos, econ\u00f3micos y sociales; han destruido nuestros hogares, muerto mucha gente inocente, han violado los derechos humanos con tal de obtener un beneficio propio, y todos seguimos pregunt\u00e1ndonos: \u00bfC\u00f3mo derrotar a la guerra?<\/p>\n<p>La respuesta es muy sencilla, hablando de nosotros, de nuestros hogares, porque cuando amamos, respetamos, toleramos, valoramos lo que tenemos y compartimos todo esto con nuestros c\u00f3nyuges, \u00abestamos creando paz\u00bb.<\/p>\n<p>No dejemos que los valores se pierdan en nuestros hogares.<\/p>\n<p>Dios nos ha dotado de grandes virtudes, habilidades y yo digo una persona verdaderamente vale no por lo que tiene, sino por lo que puede hacer con cada una de las facultades que tiene.<\/p>\n<p>As\u00ed que debemos aprovechar todas estas cosas y buscar primero la paz interior.<\/p>\n","protected":false},"excerpt":{"rendered":"<p>Una de las grandes caracter\u00edsticas del origen de la guerra es la de querer pasar por encima de los intereses de las dem\u00e1s personas. Muchos de los conflictos armados en diversas partes del mundo han sido originados a causa de los intereses pol\u00edticos, econ\u00f3micos y sociales; han destruido nuestros hogares, muerto mucha gente inocente, han &#8230; <a title=\"\u00bfC\u00f3mo derrotar la guerra?\" class=\"read-more\" href=\"https:\/\/quechilero.com\/blog\/2015\/03\/08\/como-derrotar-la-guerra\/\" aria-label=\"Leer m\u00e1s sobre \u00bfC\u00f3mo derrotar la guerra?\">Leer m\u00e1s<\/a><\/p>\n","protected":false},"author":1,"featured_media":0,"comment_status":"open","ping_status":"open","sticky":false,"template":"","format":"standard","meta":{"advanced_seo_description":"","jetpack_seo_html_title":"","jetpack_seo_noindex":false,"jetpack_seo_schema_type":"","episode_type":"","audio_file":"","podmotor_file_id":"","podmotor_episode_id":"","cover_image":"","cover_image_id":"","duration":"","filesize":"","filesize_raw":"","date_recorded":"","explicit":"","block":"","_jetpack_newsletter_access":"","_jetpack_dont_email_post_to_subs":false,"_jetpack_newsletter_tier_id":0,"_jetpack_memberships_contains_paywalled_content":false,"_jetpack_feature_clip_id":0,"_jetpack_memberships_contains_paid_content":false,"footnotes":"","jetpack_publicize_message":"","jetpack_publicize_feature_enabled":true,"jetpack_social_post_already_shared":true,"jetpack_social_options":{"image_generator_settings":{"template":"highway","default_image_id":0,"font":"","enabled":false},"version":2},"jetpack_post_was_ever_published":false},"categories":[2],"tags":[12,51,33,40,22],"series":[],"class_list":["post-19911","post","type-post","status-publish","format-standard","hentry","category-limones","tag-cosas","tag-dios","tag-humanos","tag-paz","tag-respuesta"],"episode_featured_image":false,"episode_player_image":"https:\/\/i0.wp.com\/quechilero.com\/blog\/imagenes\/podcast.png?fit=1831%2C1831&ssl=1","download_link":"","player_link":"","audio_player":false,"episode_data":{"playerMode":"dark","subscribeUrls":{"amazon":{"key":"amazon","url":"","label":"Amazon","class":"amazon","icon":"amazon.png"},"apple_podcasts":{"key":"apple_podcasts","url":"","label":"Apple Podcasts","class":"apple_podcasts","icon":"apple-podcasts.png"},"castbox":{"key":"castbox","url":"","label":"CastBox","class":"castbox","icon":"castbox.png"},"deezer":{"key":"deezer","url":"","label":"Deezer","class":"deezer","icon":"deezer.png"},"google_podcasts":{"key":"google_podcasts","url":"","label":"Google Podcasts","class":"google_podcasts","icon":"google-podcasts.png"},"listen_notes":{"key":"listen_notes","url":"","label":"Listen Notes","class":"listen_notes","icon":"listen-notes.png"},"pandora":{"key":"pandora","url":"","label":"Pandora","class":"pandora","icon":"pandora.png"},"podbean":{"key":"podbean","url":"","label":"Podbean","class":"podbean","icon":"podbean.png"},"podcast_republic":{"key":"podcast_republic","url":"","label":"Podcast Republic","class":"podcast_republic","icon":"podcast-republic.png"},"rss":{"key":"rss","url":"","label":"RSS","class":"rss","icon":"rss.png"},"spotify":{"key":"spotify","url":"","label":"Spotify","class":"spotify","icon":"spotify.png"},"stitcher":{"key":"stitcher","url":"","label":"Stitcher","class":"stitcher","icon":"stitcher.png"},"tunein":{"key":"tunein","url":"","label":"TuneIn","class":"tunein","icon":"tunein.png"},"youtube":{"key":"youtube","url":"","label":"YouTube","class":"youtube","icon":"youtube.png"},"iheartradio":{"key":"iheartradio","url":"","label":"iHeartRadio","class":"iheartradio","icon":"iheartradio.png"},"ivoox":{"key":"ivoox","url":"","label":"iVoox","class":"ivoox","icon":"ivoox.png"}},"rssFeedUrl":"https:\/\/quechilero.com\/blog\/feed\/podcast\/si-la-vida-nos-da-limones","embedCode":"<blockquote class=\"wp-embedded-content\" data-secret=\"7wfwsjP6Gl\"><a href=\"https:\/\/quechilero.com\/blog\/2015\/03\/08\/como-derrotar-la-guerra\/\">\u00bfC\u00f3mo derrotar la guerra?<\/a><\/blockquote><iframe sandbox=\"allow-scripts\" security=\"restricted\" src=\"https:\/\/quechilero.com\/blog\/2015\/03\/08\/como-derrotar-la-guerra\/embed\/#?secret=7wfwsjP6Gl\" width=\"500\" height=\"350\" title=\"\u00ab\u00bfC\u00f3mo derrotar la guerra?\u00bb \u2014 Si la Vida nos da Limones...\" data-secret=\"7wfwsjP6Gl\" frameborder=\"0\" marginwidth=\"0\" marginheight=\"0\" scrolling=\"no\" class=\"wp-embedded-content\"><\/iframe><script>\n\/*! This file is auto-generated *\/\n!function(d,l){\"use strict\";l.querySelector&&d.addEventListener&&\"undefined\"!=typeof URL&&(d.wp=d.wp||{},d.wp.receiveEmbedMessage||(d.wp.receiveEmbedMessage=function(e){var t=e.data;if((t||t.secret||t.message||t.value)&&!\/[^a-zA-Z0-9]\/.test(t.secret)){for(var s,r,n,a=l.querySelectorAll('iframe[data-secret=\"'+t.secret+'\"]'),o=l.querySelectorAll('blockquote[data-secret=\"'+t.secret+'\"]'),c=new RegExp(\"^https?:$\",\"i\"),i=0;i<o.length;i++)o[i].style.display=\"none\";for(i=0;i<a.length;i++)s=a[i],e.source===s.contentWindow&&(s.removeAttribute(\"style\"),\"height\"===t.message?(1e3<(r=parseInt(t.value,10))?r=1e3:~~r<200&&(r=200),s.height=r):\"link\"===t.message&&(r=new URL(s.getAttribute(\"src\")),n=new URL(t.value),c.test(n.protocol))&&n.host===r.host&&l.activeElement===s&&(d.top.location.href=t.value))}},d.addEventListener(\"message\",d.wp.receiveEmbedMessage,!1),l.addEventListener(\"DOMContentLoaded\",function(){for(var e,t,s=l.querySelectorAll(\"iframe.wp-embedded-content\"),r=0;r<s.length;r++)(t=(e=s[r]).getAttribute(\"data-secret\"))||(t=Math.random().toString(36).substring(2,12),e.src+=\"#?secret=\"+t,e.setAttribute(\"data-secret\",t)),e.contentWindow.postMessage({message:\"ready\",secret:t},\"*\")},!1)))}(window,document);\n\/\/# sourceURL=https:\/\/quechilero.com\/blog\/wp-includes\/js\/wp-embed.min.js\n<\/script>\n"},"jetpack_publicize_connections":[],"jetpack_shortlink":"https:\/\/wp.me\/pDKli-5b9","jetpack_sharing_enabled":true,"jetpack-related-posts":[{"id":12302,"url":"https:\/\/quechilero.com\/blog\/2012\/01\/20\/san-sebastian\/","url_meta":{"origin":19911,"position":0},"title":"San Sebasti\u00e1n","author":"Pepe Barrascout Ortiz","date":"20 enero 2012","format":false,"excerpt":"San Sebasti\u00e1n, que alcanzaste de Dios tanta fe y caridad, que llegaste a sacrificar tu vida por obedecer a Dios, y socorrer a tus hermanos cristianos. Ahora que vives junto a Dios, escucha las plegarias y s\u00faplicas que con gratitud, fe y devoci\u00f3n, acuden a t\u00ed desde los campos, pueblos\u2026","rel":"","context":"En \u00abLimones\u00bb","block_context":{"text":"Limones","link":"https:\/\/quechilero.com\/blog\/category\/limones\/"},"img":{"alt_text":"","src":"https:\/\/i0.wp.com\/i392.photobucket.com\/albums\/pp7\/pepejaguar\/blog\/401528_10150486307648931_541353930_8752916_638264961_n.jpg?resize=350%2C200","width":350,"height":200},"classes":[]},{"id":6773,"url":"https:\/\/quechilero.com\/blog\/2011\/07\/04\/la-bandera-llena-de-estrellas\/","url_meta":{"origin":19911,"position":1},"title":"La Bandera Llena de Estrellas","author":"Pepe Barrascout Ortiz","date":"4 julio 2011","format":false,"excerpt":"http:\/\/youtu.be\/76ULYjOv1Ro I \u00bfO di t\u00fa, puedes ver, con la primera luz de la aurora, Lo que con tanto orgullo saludamos en el \u00faltimo destello del crep\u00fasculo? \u00bfCuyas amplias franjas y brillantes estrellas, a trav\u00e9s de tenebrosa lucha, Que observ\u00e1bamos sobre las murallas, ondear gallardamente? Y el rojo fulgor de cohetes,\u2026","rel":"","context":"En \u00abLimones\u00bb","block_context":{"text":"Limones","link":"https:\/\/quechilero.com\/blog\/category\/limones\/"},"img":{"alt_text":"","src":"https:\/\/i0.wp.com\/img.youtube.com\/vi\/76ULYjOv1Ro\/0.jpg?resize=350%2C200","width":350,"height":200},"classes":[]},{"id":119,"url":"https:\/\/quechilero.com\/blog\/2006\/08\/07\/frases-inteligentes-sobre-la-guerra\/","url_meta":{"origin":19911,"position":2},"title":"Frases Inteligentes sobre la guerra","author":"Pepe Barrascout Ortiz","date":"7 agosto 2006","format":false,"excerpt":"Hace mucho tiempo (18 de abril 2003) escrib\u00ed una recopilaci\u00f3n sobre \"Frases Inteligentes sobre la guerra\", que en alg\u00fan momento hab\u00edan dicho algunos de los grandes pensadores que hemos tenido en la humanidad. Al ver la fecha (2003) me acuerdo de lo importante que fue ese a\u00f1o para mi en\u2026","rel":"","context":"En \u00abLimones\u00bb","block_context":{"text":"Limones","link":"https:\/\/quechilero.com\/blog\/category\/limones\/"},"img":{"alt_text":"","src":"","width":0,"height":0},"classes":[]},{"id":16924,"url":"https:\/\/quechilero.com\/blog\/2013\/08\/31\/dios-invita-al-hombre-al-%ef%bb%bfdialogo-con-el\/","url_meta":{"origin":19911,"position":3},"title":"Dios invita al hombre al \ufeffdi\u00e1logo con \u00c9l","author":"Pepe Barrascout Ortiz","date":"31 agosto 2013","format":false,"excerpt":"Aqu\u00ed tenemos uno de los misterios m\u00e1s grandes: Dios, que se basta, que no necesita de nada y de nadie, sue\u00f1a al hombre, lo crea y le da la dignidad de hijo suyo para desarrollar una vida familiar con \u00e9l, en el tiempo y en la eternidad. \"Por haber sido\u2026","rel":"","context":"En \u00abLimones\u00bb","block_context":{"text":"Limones","link":"https:\/\/quechilero.com\/blog\/category\/limones\/"},"img":{"alt_text":"","src":"","width":0,"height":0},"classes":[]},{"id":16366,"url":"https:\/\/quechilero.com\/blog\/2013\/04\/24\/el-tema-que-vale-la-pena\/","url_meta":{"origin":19911,"position":4},"title":"El tema que vale la pena","author":"Pepe Barrascout Ortiz","date":"24 abril 2013","format":false,"excerpt":"Los debates giran en torno a cientos de temas. Discutimos sobre el clima y sobre la familia, sobre la bolsa y sobre los impuestos, sobre las promesas de los pol\u00edticos y sobre la mejor manera de ahorrar. Pero a veces dejamos de lado un tema que deber\u00eda ocupar un lugar\u2026","rel":"","context":"En \u00abLimones\u00bb","block_context":{"text":"Limones","link":"https:\/\/quechilero.com\/blog\/category\/limones\/"},"img":{"alt_text":"","src":"","width":0,"height":0},"classes":[]},{"id":14038,"url":"https:\/\/quechilero.com\/blog\/2012\/07\/18\/plegaria-por-la-paz-2\/","url_meta":{"origin":19911,"position":5},"title":"Plegaria por la paz","author":"Pepe Barrascout Ortiz","date":"18 julio 2012","format":false,"excerpt":"Y al Creador de la naturaleza y del hombre, de la verdad y de la belleza, suplico: Escucha mi voz, pues es la voz de las v\u00edctimas de todas las guerras y de la violencia entre individuos y las naciones. Escucha mi voz, pues es la voz de todos los\u2026","rel":"","context":"En \u00abLimones\u00bb","block_context":{"text":"Limones","link":"https:\/\/quechilero.com\/blog\/category\/limones\/"},"img":{"alt_text":"","src":"","width":0,"height":0},"classes":[]}],"jetpack_featured_media_url":"","_links":{"self":[{"href":"https:\/\/quechilero.com\/blog\/wp-json\/wp\/v2\/posts\/19911","targetHints":{"allow":["GET"]}}],"collection":[{"href":"https:\/\/quechilero.com\/blog\/wp-json\/wp\/v2\/posts"}],"about":[{"href":"https:\/\/quechilero.com\/blog\/wp-json\/wp\/v2\/types\/post"}],"author":[{"embeddable":true,"href":"https:\/\/quechilero.com\/blog\/wp-json\/wp\/v2\/users\/1"}],"replies":[{"embeddable":true,"href":"https:\/\/quechilero.com\/blog\/wp-json\/wp\/v2\/comments?post=19911"}],"version-history":[{"count":0,"href":"https:\/\/quechilero.com\/blog\/wp-json\/wp\/v2\/posts\/19911\/revisions"}],"wp:attachment":[{"href":"https:\/\/quechilero.com\/blog\/wp-json\/wp\/v2\/media?parent=19911"}],"wp:term":[{"taxonomy":"category","embeddable":true,"href":"https:\/\/quechilero.com\/blog\/wp-json\/wp\/v2\/categories?post=19911"},{"taxonomy":"post_tag","embeddable":true,"href":"https:\/\/quechilero.com\/blog\/wp-json\/wp\/v2\/tags?post=19911"},{"taxonomy":"series","embeddable":true,"href":"https:\/\/quechilero.com\/blog\/wp-json\/wp\/v2\/series?post=19911"}],"curies":[{"name":"wp","href":"https:\/\/api.w.org\/{rel}","templated":true}]}}