{"id":19888,"date":"2015-05-10T08:00:42","date_gmt":"2015-05-10T14:00:42","guid":{"rendered":"http:\/\/quechilero.com\/blog\/?p=19888"},"modified":"2015-05-11T16:21:23","modified_gmt":"2015-05-11T22:21:23","slug":"madres-segun-sus-hijos","status":"publish","type":"post","link":"https:\/\/quechilero.com\/blog\/2015\/05\/10\/madres-segun-sus-hijos\/","title":{"rendered":"Madres seg\u00fan sus hijos"},"content":{"rendered":"<p><span class=\"embed-youtube\" style=\"text-align:center; display: block;\"><iframe loading=\"lazy\" class=\"youtube-player\" width=\"1200\" height=\"675\" src=\"https:\/\/www.youtube.com\/embed\/NkPj18EwMWg?version=3&#038;rel=1&#038;showsearch=0&#038;showinfo=1&#038;iv_load_policy=1&#038;fs=1&#038;hl=es-ES&#038;autohide=2&#038;wmode=transparent\" allowfullscreen=\"true\" style=\"border:0;\" sandbox=\"allow-scripts allow-same-origin allow-popups allow-presentation allow-popups-to-escape-sandbox\"><\/iframe><\/span><\/p>\n<p>Hoy se celebra en todo el mundo, el\u00a0<em>D\u00eda de la Madre<\/em> y siempre se comenta lo importante que es una madre para todos nosotros, pero \u00bfque dicen sus hijos? las madres seg\u00fan sus hijos, a veces se pierde esa perspectiva y se cree por un momento que los hijos no ven a sus padres ni se fijan en todo lo que hacen.<\/p>\n<p>Las madres seg\u00fan sus hijos, es el otro lado de esta misma historia, que no nos cansamos de repetir. Es ver y recordar cuando fuimos ni\u00f1os y de como ve\u00edamos a nuestros propios padres y como desde peque\u00f1o, desde el momento en que estamos en su vientre, nos damos cuenta de lo importante que esa persona ser\u00e1 en nuestras vidas.<\/p>\n<p>Feliz d\u00eda de la madre, en especial a mi querida mamita.<\/p>\n","protected":false},"excerpt":{"rendered":"<p>Hoy se celebra en todo el mundo, el\u00a0D\u00eda de la Madre y siempre se comenta lo importante que es una madre para todos nosotros, pero \u00bfque dicen sus hijos? las madres seg\u00fan sus hijos, a veces se pierde esa perspectiva y se cree por un momento que los hijos no ven a sus padres ni &#8230; <a title=\"Madres seg\u00fan sus hijos\" class=\"read-more\" href=\"https:\/\/quechilero.com\/blog\/2015\/05\/10\/madres-segun-sus-hijos\/\" aria-label=\"Leer m\u00e1s sobre Madres seg\u00fan sus hijos\">Leer m\u00e1s<\/a><\/p>\n","protected":false},"author":1,"featured_media":0,"comment_status":"open","ping_status":"open","sticky":false,"template":"","format":"standard","meta":{"advanced_seo_description":"","jetpack_seo_html_title":"","jetpack_seo_noindex":false,"jetpack_seo_schema_type":"","episode_type":"","audio_file":"","podmotor_file_id":"","podmotor_episode_id":"","cover_image":"","cover_image_id":"","duration":"","filesize":"","filesize_raw":"","date_recorded":"","explicit":"","block":"","_jetpack_newsletter_access":"","_jetpack_dont_email_post_to_subs":false,"_jetpack_newsletter_tier_id":0,"_jetpack_memberships_contains_paywalled_content":false,"_jetpack_feature_clip_id":0,"_jetpack_memberships_contains_paid_content":false,"footnotes":"","jetpack_publicize_message":"","jetpack_publicize_feature_enabled":true,"jetpack_social_post_already_shared":true,"jetpack_social_options":{"image_generator_settings":{"template":"highway","default_image_id":0,"font":"","enabled":false},"version":2},"jetpack_post_was_ever_published":false},"categories":[113],"tags":[32,46,17,39,53],"series":[],"class_list":["post-19888","post","type-post","status-publish","format-standard","hentry","category-videoblog","tag-especial","tag-feliz","tag-historia","tag-madre","tag-youtube"],"episode_featured_image":false,"episode_player_image":"https:\/\/i0.wp.com\/quechilero.com\/blog\/imagenes\/podcast.png?fit=1831%2C1831&ssl=1","download_link":"","player_link":"","audio_player":false,"episode_data":{"playerMode":"dark","subscribeUrls":{"amazon":{"key":"amazon","url":"","label":"Amazon","class":"amazon","icon":"amazon.png"},"apple_podcasts":{"key":"apple_podcasts","url":"","label":"Apple Podcasts","class":"apple_podcasts","icon":"apple-podcasts.png"},"castbox":{"key":"castbox","url":"","label":"CastBox","class":"castbox","icon":"castbox.png"},"deezer":{"key":"deezer","url":"","label":"Deezer","class":"deezer","icon":"deezer.png"},"google_podcasts":{"key":"google_podcasts","url":"","label":"Google Podcasts","class":"google_podcasts","icon":"google-podcasts.png"},"listen_notes":{"key":"listen_notes","url":"","label":"Listen Notes","class":"listen_notes","icon":"listen-notes.png"},"pandora":{"key":"pandora","url":"","label":"Pandora","class":"pandora","icon":"pandora.png"},"podbean":{"key":"podbean","url":"","label":"Podbean","class":"podbean","icon":"podbean.png"},"podcast_republic":{"key":"podcast_republic","url":"","label":"Podcast Republic","class":"podcast_republic","icon":"podcast-republic.png"},"rss":{"key":"rss","url":"","label":"RSS","class":"rss","icon":"rss.png"},"spotify":{"key":"spotify","url":"","label":"Spotify","class":"spotify","icon":"spotify.png"},"stitcher":{"key":"stitcher","url":"","label":"Stitcher","class":"stitcher","icon":"stitcher.png"},"tunein":{"key":"tunein","url":"","label":"TuneIn","class":"tunein","icon":"tunein.png"},"youtube":{"key":"youtube","url":"","label":"YouTube","class":"youtube","icon":"youtube.png"},"iheartradio":{"key":"iheartradio","url":"","label":"iHeartRadio","class":"iheartradio","icon":"iheartradio.png"},"ivoox":{"key":"ivoox","url":"","label":"iVoox","class":"ivoox","icon":"ivoox.png"}},"rssFeedUrl":"https:\/\/quechilero.com\/blog\/feed\/podcast\/si-la-vida-nos-da-limones","embedCode":"<blockquote class=\"wp-embedded-content\" data-secret=\"JBKh4HJbN7\"><a href=\"https:\/\/quechilero.com\/blog\/2015\/05\/10\/madres-segun-sus-hijos\/\">Madres seg\u00fan sus hijos<\/a><\/blockquote><iframe sandbox=\"allow-scripts\" security=\"restricted\" src=\"https:\/\/quechilero.com\/blog\/2015\/05\/10\/madres-segun-sus-hijos\/embed\/#?secret=JBKh4HJbN7\" width=\"500\" height=\"350\" title=\"\u00abMadres seg\u00fan sus hijos\u00bb \u2014 Si la Vida nos da Limones...\" data-secret=\"JBKh4HJbN7\" frameborder=\"0\" marginwidth=\"0\" marginheight=\"0\" scrolling=\"no\" class=\"wp-embedded-content\"><\/iframe><script>\n\/*! This file is auto-generated *\/\n!function(d,l){\"use strict\";l.querySelector&&d.addEventListener&&\"undefined\"!=typeof URL&&(d.wp=d.wp||{},d.wp.receiveEmbedMessage||(d.wp.receiveEmbedMessage=function(e){var t=e.data;if((t||t.secret||t.message||t.value)&&!\/[^a-zA-Z0-9]\/.test(t.secret)){for(var s,r,n,a=l.querySelectorAll('iframe[data-secret=\"'+t.secret+'\"]'),o=l.querySelectorAll('blockquote[data-secret=\"'+t.secret+'\"]'),c=new RegExp(\"^https?:$\",\"i\"),i=0;i<o.length;i++)o[i].style.display=\"none\";for(i=0;i<a.length;i++)s=a[i],e.source===s.contentWindow&&(s.removeAttribute(\"style\"),\"height\"===t.message?(1e3<(r=parseInt(t.value,10))?r=1e3:~~r<200&&(r=200),s.height=r):\"link\"===t.message&&(r=new URL(s.getAttribute(\"src\")),n=new URL(t.value),c.test(n.protocol))&&n.host===r.host&&l.activeElement===s&&(d.top.location.href=t.value))}},d.addEventListener(\"message\",d.wp.receiveEmbedMessage,!1),l.addEventListener(\"DOMContentLoaded\",function(){for(var e,t,s=l.querySelectorAll(\"iframe.wp-embedded-content\"),r=0;r<s.length;r++)(t=(e=s[r]).getAttribute(\"data-secret\"))||(t=Math.random().toString(36).substring(2,12),e.src+=\"#?secret=\"+t,e.setAttribute(\"data-secret\",t)),e.contentWindow.postMessage({message:\"ready\",secret:t},\"*\")},!1)))}(window,document);\n\/\/# sourceURL=https:\/\/quechilero.com\/blog\/wp-includes\/js\/wp-embed.min.js\n<\/script>\n"},"jetpack_publicize_connections":[],"jetpack_shortlink":"https:\/\/wp.me\/pDKli-5aM","jetpack_sharing_enabled":true,"jetpack-related-posts":[{"id":27328,"url":"https:\/\/quechilero.com\/blog\/2010\/10\/02\/el-santo-rosario-misterios-gozosos\/","url_meta":{"origin":19888,"position":0},"title":"El Santo Rosario: Misterios Gozosos","author":"Pepe Barrascout Ortiz","date":"2 octubre 2010","format":false,"excerpt":"Los Misterios Gozosos los rezamos los Lunes y S\u00e1bados \u00a0 En el nombre del Padre, y del Hijo, y del Esp\u00edritu Santo. Am\u00e9n. Dios m\u00edo, ven en mi auxilio. Se\u00f1or, date prisa en socorrerme. Gloria al Padre, Gloria al Hijo y Gloria al Esp\u00edritu Santo, Am\u00e9n. Primer Misterio Gozoso. La\u2026","rel":"","context":"En \u00abEl Santo Rosario\u00bb","block_context":{"text":"El Santo Rosario","link":"https:\/\/quechilero.com\/blog\/category\/podcast\/el-santo-rosario\/"},"img":{"alt_text":"Misterios Gozosos","src":"https:\/\/i0.wp.com\/i392.photobucket.com\/albums\/pp7\/pepejaguar\/blog\/Misterios-Gozosos_zps4a26ae91.jpg?resize=350%2C200","width":350,"height":200,"srcset":"https:\/\/i0.wp.com\/i392.photobucket.com\/albums\/pp7\/pepejaguar\/blog\/Misterios-Gozosos_zps4a26ae91.jpg?resize=350%2C200 1x, https:\/\/i0.wp.com\/i392.photobucket.com\/albums\/pp7\/pepejaguar\/blog\/Misterios-Gozosos_zps4a26ae91.jpg?resize=525%2C300 1.5x"},"classes":[]},{"id":16367,"url":"https:\/\/quechilero.com\/blog\/2013\/04\/05\/sorpresa-de-cumpleanos\/","url_meta":{"origin":19888,"position":1},"title":"Sorpresa de cumplea\u00f1os","author":"Pepe Barrascout Ortiz","date":"5 abril 2013","format":false,"excerpt":"Fue uno de esos atardeceres espantosos, que toda familia experimenta en ocasiones. Aunque era s\u00e1bado por la noche y v\u00edspera de la celebraci\u00f3n de cumplea\u00f1os, nada marchaba bien. Incluso el viaje de regreso a casa, al terminar la cena, fue p\u00e9simo. El padre estaba enojado por la abundancia de espect\u00e1culos\u2026","rel":"","context":"En \u00abLimones\u00bb","block_context":{"text":"Limones","link":"https:\/\/quechilero.com\/blog\/category\/limones\/"},"img":{"alt_text":"","src":"","width":0,"height":0},"classes":[]},{"id":17741,"url":"https:\/\/quechilero.com\/blog\/2014\/02\/16\/momentos-felices\/","url_meta":{"origin":19888,"position":2},"title":"Momentos Felices","author":"Pepe Barrascout Ortiz","date":"16 febrero 2014","format":false,"excerpt":"Una vez una familia plane\u00f3 unas vacaciones a la costa oeste durante meses. A \u00faltimo momento, el padre no pudo ir por responsabilidades de trabajo. La madre insisti\u00f3 en que ella era capaz de manejar, as\u00ed que ella y los ni\u00f1os avanzaron con el viaje. El padre ayud\u00f3 a planear\u2026","rel":"","context":"En \u00abLimones\u00bb","block_context":{"text":"Limones","link":"https:\/\/quechilero.com\/blog\/category\/limones\/"},"img":{"alt_text":"","src":"","width":0,"height":0},"classes":[]},{"id":4607,"url":"https:\/\/quechilero.com\/blog\/2010\/04\/02\/meditacion-de-las-siete-palabras\/","url_meta":{"origin":19888,"position":3},"title":"Meditaci\u00f3n de las Siete Palabras","author":"Pepe Barrascout Ortiz","date":"2 abril 2010","format":false,"excerpt":"Oraci\u00f3n Jes\u00fas en la Cruz aboga: da al ladr\u00f3n: lega su Madre: qu\u00e9jase: la sed le ahoga: cumple: entrega el alma al Padre Al Calvario hay que llegar porque Cristo, nuestra Luz, hoy tambi\u00e9n nos quiere hablar desde el ara de la Cruz. \u00a1Virgen de dolores y Madre m\u00eda! Que,\u2026","rel":"","context":"En \u00abLimones\u00bb","block_context":{"text":"Limones","link":"https:\/\/quechilero.com\/blog\/category\/limones\/"},"img":{"alt_text":"","src":"","width":0,"height":0},"classes":[]},{"id":27327,"url":"https:\/\/quechilero.com\/blog\/2010\/10\/03\/el-santo-rosario-misterios-gloriosos\/","url_meta":{"origin":19888,"position":4},"title":"El Santo Rosario: Misterios Gloriosos","author":"Pepe Barrascout Ortiz","date":"3 octubre 2010","format":false,"excerpt":"Los Misterios Gloriosos los rezamos los Domingos y Martes \u00a0 En el nombre del Padre, y del Hijo, y del Esp\u00edritu Santo. Am\u00e9n. Dios m\u00edo, ven en mi auxilio. Se\u00f1or, date prisa en socorrerme. Gloria al Padre, Gloria al Hijo y Gloria al Esp\u00edritu Santo, Am\u00e9n. Primer Misterio Glorioso. La\u2026","rel":"","context":"En \u00abEl Santo Rosario\u00bb","block_context":{"text":"El Santo Rosario","link":"https:\/\/quechilero.com\/blog\/category\/podcast\/el-santo-rosario\/"},"img":{"alt_text":"Misterios Gloriosos","src":"https:\/\/i0.wp.com\/i392.photobucket.com\/albums\/pp7\/pepejaguar\/blog\/Misterios-Gloriosos_zps93f1b8d6.jpg?resize=350%2C200","width":350,"height":200,"srcset":"https:\/\/i0.wp.com\/i392.photobucket.com\/albums\/pp7\/pepejaguar\/blog\/Misterios-Gloriosos_zps93f1b8d6.jpg?resize=350%2C200 1x, https:\/\/i0.wp.com\/i392.photobucket.com\/albums\/pp7\/pepejaguar\/blog\/Misterios-Gloriosos_zps93f1b8d6.jpg?resize=525%2C300 1.5x"},"classes":[]},{"id":21515,"url":"https:\/\/quechilero.com\/blog\/2015\/08\/30\/en-los-brazos-de-nuestro-padre-celestial\/","url_meta":{"origin":19888,"position":5},"title":"En los brazos de nuestro Padre celestial","author":"Pepe Barrascout Ortiz","date":"30 agosto 2015","format":false,"excerpt":"Cierto d\u00eda, un padre de familia\u00a0entr\u00f3 en su casa con un paquete para su esposa. Primero salud\u00f3 a su hijita, Minnie, que era paral\u00edtica, y le pregunt\u00f3 d\u00f3nde estaba su madre. Cuando le dijo que estaba arriba, le dijo a Minnie: - Tengo un paquete para ella. - Oh, d\u00e9jame\u2026","rel":"","context":"En \u00abLimones\u00bb","block_context":{"text":"Limones","link":"https:\/\/quechilero.com\/blog\/category\/limones\/"},"img":{"alt_text":"","src":"","width":0,"height":0},"classes":[]}],"jetpack_featured_media_url":"","_links":{"self":[{"href":"https:\/\/quechilero.com\/blog\/wp-json\/wp\/v2\/posts\/19888","targetHints":{"allow":["GET"]}}],"collection":[{"href":"https:\/\/quechilero.com\/blog\/wp-json\/wp\/v2\/posts"}],"about":[{"href":"https:\/\/quechilero.com\/blog\/wp-json\/wp\/v2\/types\/post"}],"author":[{"embeddable":true,"href":"https:\/\/quechilero.com\/blog\/wp-json\/wp\/v2\/users\/1"}],"replies":[{"embeddable":true,"href":"https:\/\/quechilero.com\/blog\/wp-json\/wp\/v2\/comments?post=19888"}],"version-history":[{"count":0,"href":"https:\/\/quechilero.com\/blog\/wp-json\/wp\/v2\/posts\/19888\/revisions"}],"wp:attachment":[{"href":"https:\/\/quechilero.com\/blog\/wp-json\/wp\/v2\/media?parent=19888"}],"wp:term":[{"taxonomy":"category","embeddable":true,"href":"https:\/\/quechilero.com\/blog\/wp-json\/wp\/v2\/categories?post=19888"},{"taxonomy":"post_tag","embeddable":true,"href":"https:\/\/quechilero.com\/blog\/wp-json\/wp\/v2\/tags?post=19888"},{"taxonomy":"series","embeddable":true,"href":"https:\/\/quechilero.com\/blog\/wp-json\/wp\/v2\/series?post=19888"}],"curies":[{"name":"wp","href":"https:\/\/api.w.org\/{rel}","templated":true}]}}