{"id":19846,"date":"2015-02-22T08:00:23","date_gmt":"2015-02-22T14:00:23","guid":{"rendered":"http:\/\/quechilero.com\/blog\/?p=19846"},"modified":"2015-01-27T11:23:21","modified_gmt":"2015-01-27T17:23:21","slug":"el-rutero-del-piloto","status":"publish","type":"post","link":"https:\/\/quechilero.com\/blog\/2015\/02\/22\/el-rutero-del-piloto\/","title":{"rendered":"El \u00abrutero\u00bb del piloto"},"content":{"rendered":"<p>En los siglos XV y XVI, durante la era de la gran exploraci\u00f3n mar\u00edtima, los veleros atravesaban oc\u00e9anos inmensos y peligrosos y navegaban frente a costas amenazadoras.<\/p>\n<p>Los pilotos usaban diversas t\u00e9cnicas de navegaci\u00f3n; entre ellas, un libro llamado \u00abrutero\u00bb, un diario de sucesos registrados por un viajero anterior, donde relataba los problemas en aguas previamente desconocidas y dif\u00edciles. Leyendo los detalles en un rutero, los capitanes pod\u00edan evitar peligros y atravesar corrientes complicadas.<\/p>\n<p>En muchos aspectos, la vida cristiana es como un viaje, y el creyente necesita ayuda para navegar por los mares peligrosos de la vida. Disponemos de esta ayuda porque Dios nos dio Su Palabra, que act\u00faa como un \u00abrutero espiritual\u00bb. A menudo, al reflexionar sobre un pasaje significativo, recordamos la fidelidad del Se\u00f1or en medio de circunstancias dif\u00edciles. Como se\u00f1ala el salmista, los peligros no solo se hallan en las experiencias de la vida, sino tambi\u00e9n en nuestra tendencia interior al pecado. Ante esta doble preocupaci\u00f3n, escribi\u00f3:<\/p>\n<p>\u00abOrdena mis pasos con tu palabra, y ninguna iniquidad se ense\u00f1oree de m\u00ed&#8230;\u00bb (Salmo 119:133).<\/p>\n<p>Cuando reflexiones sobre las ense\u00f1anzas b\u00edblicas, recordar\u00e1s el cuidado de Dios en el pasado, reafirmar\u00e1s tu experiencia de la gu\u00eda del Se\u00f1or en circunstancias adversas y se te advertir\u00e1 de la peligrosidad del pecado. Esta es la ventaja de tener un \u00abrutero espiritual\u00bb.<\/p>\n<p>Con la Palabra de Dios como mapa y Su Esp\u00edritu como br\u00fajula, est\u00e1s seguro de mantener el curso correcto.<\/p>\n","protected":false},"excerpt":{"rendered":"<p>En los siglos XV y XVI, durante la era de la gran exploraci\u00f3n mar\u00edtima, los veleros atravesaban oc\u00e9anos inmensos y peligrosos y navegaban frente a costas amenazadoras. Los pilotos usaban diversas t\u00e9cnicas de navegaci\u00f3n; entre ellas, un libro llamado \u00abrutero\u00bb, un diario de sucesos registrados por un viajero anterior, donde relataba los problemas en aguas &#8230; <a title=\"El \u00abrutero\u00bb del piloto\" class=\"read-more\" href=\"https:\/\/quechilero.com\/blog\/2015\/02\/22\/el-rutero-del-piloto\/\" aria-label=\"Leer m\u00e1s sobre El \u00abrutero\u00bb del piloto\">Leer m\u00e1s<\/a><\/p>\n","protected":false},"author":1,"featured_media":0,"comment_status":"open","ping_status":"open","sticky":false,"template":"","format":"standard","meta":{"advanced_seo_description":"","jetpack_seo_html_title":"","jetpack_seo_noindex":false,"jetpack_seo_schema_type":"","episode_type":"","audio_file":"","podmotor_file_id":"","podmotor_episode_id":"","cover_image":"","cover_image_id":"","duration":"","filesize":"","filesize_raw":"","date_recorded":"","explicit":"","block":"","_jetpack_newsletter_access":"","_jetpack_dont_email_post_to_subs":false,"_jetpack_newsletter_tier_id":0,"_jetpack_memberships_contains_paywalled_content":false,"_jetpack_feature_clip_id":0,"_jetpack_memberships_contains_paid_content":false,"footnotes":"","jetpack_publicize_message":"","jetpack_publicize_feature_enabled":true,"jetpack_social_post_already_shared":true,"jetpack_social_options":{"image_generator_settings":{"template":"highway","default_image_id":0,"font":"","enabled":false},"version":2},"jetpack_post_was_ever_published":false},"categories":[2],"tags":[37,51,72,47,42,24],"series":[],"class_list":["post-19846","post","type-post","status-publish","format-standard","hentry","category-limones","tag-ayuda","tag-dios","tag-libro","tag-mapa","tag-palabra","tag-vida"],"episode_featured_image":false,"episode_player_image":"https:\/\/i0.wp.com\/quechilero.com\/blog\/imagenes\/podcast.png?fit=1831%2C1831&ssl=1","download_link":"","player_link":"","audio_player":false,"episode_data":{"playerMode":"dark","subscribeUrls":{"amazon":{"key":"amazon","url":"","label":"Amazon","class":"amazon","icon":"amazon.png"},"apple_podcasts":{"key":"apple_podcasts","url":"","label":"Apple Podcasts","class":"apple_podcasts","icon":"apple-podcasts.png"},"castbox":{"key":"castbox","url":"","label":"CastBox","class":"castbox","icon":"castbox.png"},"deezer":{"key":"deezer","url":"","label":"Deezer","class":"deezer","icon":"deezer.png"},"google_podcasts":{"key":"google_podcasts","url":"","label":"Google Podcasts","class":"google_podcasts","icon":"google-podcasts.png"},"listen_notes":{"key":"listen_notes","url":"","label":"Listen Notes","class":"listen_notes","icon":"listen-notes.png"},"pandora":{"key":"pandora","url":"","label":"Pandora","class":"pandora","icon":"pandora.png"},"podbean":{"key":"podbean","url":"","label":"Podbean","class":"podbean","icon":"podbean.png"},"podcast_republic":{"key":"podcast_republic","url":"","label":"Podcast Republic","class":"podcast_republic","icon":"podcast-republic.png"},"rss":{"key":"rss","url":"","label":"RSS","class":"rss","icon":"rss.png"},"spotify":{"key":"spotify","url":"","label":"Spotify","class":"spotify","icon":"spotify.png"},"stitcher":{"key":"stitcher","url":"","label":"Stitcher","class":"stitcher","icon":"stitcher.png"},"tunein":{"key":"tunein","url":"","label":"TuneIn","class":"tunein","icon":"tunein.png"},"youtube":{"key":"youtube","url":"","label":"YouTube","class":"youtube","icon":"youtube.png"},"iheartradio":{"key":"iheartradio","url":"","label":"iHeartRadio","class":"iheartradio","icon":"iheartradio.png"},"ivoox":{"key":"ivoox","url":"","label":"iVoox","class":"ivoox","icon":"ivoox.png"}},"rssFeedUrl":"https:\/\/quechilero.com\/blog\/feed\/podcast\/si-la-vida-nos-da-limones","embedCode":"<blockquote class=\"wp-embedded-content\" data-secret=\"7DGz2bkAL4\"><a href=\"https:\/\/quechilero.com\/blog\/2015\/02\/22\/el-rutero-del-piloto\/\">El \u00abrutero\u00bb del piloto<\/a><\/blockquote><iframe sandbox=\"allow-scripts\" security=\"restricted\" src=\"https:\/\/quechilero.com\/blog\/2015\/02\/22\/el-rutero-del-piloto\/embed\/#?secret=7DGz2bkAL4\" width=\"500\" height=\"350\" title=\"\u00abEl \u00abrutero\u00bb del piloto\u00bb \u2014 Si la Vida nos da Limones...\" data-secret=\"7DGz2bkAL4\" frameborder=\"0\" marginwidth=\"0\" marginheight=\"0\" scrolling=\"no\" class=\"wp-embedded-content\"><\/iframe><script>\n\/*! This file is auto-generated *\/\n!function(d,l){\"use strict\";l.querySelector&&d.addEventListener&&\"undefined\"!=typeof URL&&(d.wp=d.wp||{},d.wp.receiveEmbedMessage||(d.wp.receiveEmbedMessage=function(e){var t=e.data;if((t||t.secret||t.message||t.value)&&!\/[^a-zA-Z0-9]\/.test(t.secret)){for(var s,r,n,a=l.querySelectorAll('iframe[data-secret=\"'+t.secret+'\"]'),o=l.querySelectorAll('blockquote[data-secret=\"'+t.secret+'\"]'),c=new RegExp(\"^https?:$\",\"i\"),i=0;i<o.length;i++)o[i].style.display=\"none\";for(i=0;i<a.length;i++)s=a[i],e.source===s.contentWindow&&(s.removeAttribute(\"style\"),\"height\"===t.message?(1e3<(r=parseInt(t.value,10))?r=1e3:~~r<200&&(r=200),s.height=r):\"link\"===t.message&&(r=new URL(s.getAttribute(\"src\")),n=new URL(t.value),c.test(n.protocol))&&n.host===r.host&&l.activeElement===s&&(d.top.location.href=t.value))}},d.addEventListener(\"message\",d.wp.receiveEmbedMessage,!1),l.addEventListener(\"DOMContentLoaded\",function(){for(var e,t,s=l.querySelectorAll(\"iframe.wp-embedded-content\"),r=0;r<s.length;r++)(t=(e=s[r]).getAttribute(\"data-secret\"))||(t=Math.random().toString(36).substring(2,12),e.src+=\"#?secret=\"+t,e.setAttribute(\"data-secret\",t)),e.contentWindow.postMessage({message:\"ready\",secret:t},\"*\")},!1)))}(window,document);\n\/\/# sourceURL=https:\/\/quechilero.com\/blog\/wp-includes\/js\/wp-embed.min.js\n<\/script>\n"},"jetpack_publicize_connections":[],"jetpack_shortlink":"https:\/\/wp.me\/pDKli-5a6","jetpack_sharing_enabled":true,"jetpack-related-posts":[{"id":5808,"url":"https:\/\/quechilero.com\/blog\/2010\/10\/28\/la-anciana-y-el-cocodrilo\/","url_meta":{"origin":19846,"position":0},"title":"La anciana y el cocodrilo","author":"Pepe Barrascout Ortiz","date":"28 octubre 2010","format":false,"excerpt":"Hace varios a\u00f1os, los peri\u00f3dicos contaron la historia de una anciana que viv\u00eda en el sur del Estado de la Florida. Su hogar era una casucha ubicada junto a un peque\u00f1o lago. Todos los d\u00edas iba a sacar agua del lago. All\u00ed, viv\u00eda un cocodrilo. Aunque era un animal peligroso,\u2026","rel":"","context":"En \u00abLimones\u00bb","block_context":{"text":"Limones","link":"https:\/\/quechilero.com\/blog\/category\/limones\/"},"img":{"alt_text":"","src":"","width":0,"height":0},"classes":[]},{"id":16743,"url":"https:\/\/quechilero.com\/blog\/2013\/06\/04\/para-dios-nada-es-imposible\/","url_meta":{"origin":19846,"position":1},"title":"Para Dios nada es imposible","author":"Pepe Barrascout Ortiz","date":"4 junio 2013","format":false,"excerpt":"En la medida que reconocemos nuestra semejanza con Dios, es que podemos afirmar que con la ayuda de \u00c9l, \"Para el hombre nada es imposible\". Hoy pensemos: \"\u00bfC\u00f3mo est\u00e1 nuestra fe?\" Hay un refr\u00e1n popular que dice \"Puedes lograr lo que quieras con tal de que sepas lo que quieres\",\u2026","rel":"","context":"En \u00abLimones\u00bb","block_context":{"text":"Limones","link":"https:\/\/quechilero.com\/blog\/category\/limones\/"},"img":{"alt_text":"","src":"","width":0,"height":0},"classes":[]},{"id":16772,"url":"https:\/\/quechilero.com\/blog\/2013\/06\/18\/para-dios-nada-es-imposible-2\/","url_meta":{"origin":19846,"position":2},"title":"Para Dios nada es imposible","author":"Pepe Barrascout Ortiz","date":"18 junio 2013","format":false,"excerpt":"En la medida que reconocemos nuestra semejanza con Dios, es que podemos afirmar que con la ayuda de \u00c9l, \"para el hombre nada es imposible\". Hoy pensemos: \"\u00bfC\u00f3mo est\u00e1 nuestra fe?\" Hay un refr\u00e1n popular que dice \"puedes lograr lo que quieras con tal de que sepas lo que quieres\",\u2026","rel":"","context":"En \u00abLimones\u00bb","block_context":{"text":"Limones","link":"https:\/\/quechilero.com\/blog\/category\/limones\/"},"img":{"alt_text":"","src":"","width":0,"height":0},"classes":[]},{"id":342,"url":"https:\/\/quechilero.com\/blog\/2006\/12\/12\/la-varita-de-aire\/","url_meta":{"origin":19846,"position":3},"title":"La varita de aire","author":"Pepe Barrascout Ortiz","date":"12 diciembre 2006","format":false,"excerpt":"Hab\u00eda una vez una mujer escocesa que modestamente se ganaba la vida con art\u00edculos de cer\u00e1mica que vend\u00eda por los caminos de su pa\u00eds. Cada d\u00eda viajaba por los alrededores y cuando llegaba a una intersecci\u00f3n tiraba una varita al aire. Del lado que cayera la varita le indicaba qu\u00e9\u2026","rel":"","context":"En \u00abLimones\u00bb","block_context":{"text":"Limones","link":"https:\/\/quechilero.com\/blog\/category\/limones\/"},"img":{"alt_text":"","src":"","width":0,"height":0},"classes":[]},{"id":16612,"url":"https:\/\/quechilero.com\/blog\/2013\/05\/07\/videoblog-pilotos-irresponsables-en-las-carreteras-episodio-009\/","url_meta":{"origin":19846,"position":4},"title":"Videoblog: Pilotos irresponsables en las carreteras. Episodio 009","author":"Pepe Barrascout Ortiz","date":"7 mayo 2013","format":false,"excerpt":"https:\/\/youtu.be\/rkB5gpFuTL8 VideoBlog:\u00a0Pilotos irresponsables en las carreteras Viajar por las carreteras del pa\u00eds, puede ser un atentado gracias a la imprudencia de\u00a0pilotos irresponsables, que se desplazan con total impunidad, prepotencia y temeridad, poniendo en peligro sus propias vidas y las de las personas que los acompa\u00f1an e incluso las de inocentes\u2026","rel":"","context":"En \u00abVideoBlog\u00bb","block_context":{"text":"VideoBlog","link":"https:\/\/quechilero.com\/blog\/category\/videoblog\/"},"img":{"alt_text":"","src":"https:\/\/i0.wp.com\/img.youtube.com\/vi\/rkB5gpFuTL8\/0.jpg?resize=350%2C200","width":350,"height":200},"classes":[]},{"id":3192,"url":"https:\/\/quechilero.com\/blog\/2009\/08\/21\/decalogo-para-vacaciones\/","url_meta":{"origin":19846,"position":5},"title":"Dec\u00e1logo para Vacaciones","author":"Pepe Barrascout Ortiz","date":"21 agosto 2009","format":false,"excerpt":"Vive la naturaleza. En la playa, en la monta\u00f1a, en la serran\u00eda, descubre la presencia de Dios. Al\u00e1bale por haber hecho la naturaleza tan hermosa. Vive tu nombre y condici\u00f3n de cristiano. No te averg\u00fcences en verano de ser cristiano. Falsear\u00edas tu identidad. Vive el domingo, que en vacaciones sigue\u2026","rel":"","context":"En \u00abLimones\u00bb","block_context":{"text":"Limones","link":"https:\/\/quechilero.com\/blog\/category\/limones\/"},"img":{"alt_text":"","src":"","width":0,"height":0},"classes":[]}],"jetpack_featured_media_url":"","_links":{"self":[{"href":"https:\/\/quechilero.com\/blog\/wp-json\/wp\/v2\/posts\/19846","targetHints":{"allow":["GET"]}}],"collection":[{"href":"https:\/\/quechilero.com\/blog\/wp-json\/wp\/v2\/posts"}],"about":[{"href":"https:\/\/quechilero.com\/blog\/wp-json\/wp\/v2\/types\/post"}],"author":[{"embeddable":true,"href":"https:\/\/quechilero.com\/blog\/wp-json\/wp\/v2\/users\/1"}],"replies":[{"embeddable":true,"href":"https:\/\/quechilero.com\/blog\/wp-json\/wp\/v2\/comments?post=19846"}],"version-history":[{"count":0,"href":"https:\/\/quechilero.com\/blog\/wp-json\/wp\/v2\/posts\/19846\/revisions"}],"wp:attachment":[{"href":"https:\/\/quechilero.com\/blog\/wp-json\/wp\/v2\/media?parent=19846"}],"wp:term":[{"taxonomy":"category","embeddable":true,"href":"https:\/\/quechilero.com\/blog\/wp-json\/wp\/v2\/categories?post=19846"},{"taxonomy":"post_tag","embeddable":true,"href":"https:\/\/quechilero.com\/blog\/wp-json\/wp\/v2\/tags?post=19846"},{"taxonomy":"series","embeddable":true,"href":"https:\/\/quechilero.com\/blog\/wp-json\/wp\/v2\/series?post=19846"}],"curies":[{"name":"wp","href":"https:\/\/api.w.org\/{rel}","templated":true}]}}