{"id":19844,"date":"2015-02-21T08:00:56","date_gmt":"2015-02-21T14:00:56","guid":{"rendered":"http:\/\/quechilero.com\/blog\/?p=19844"},"modified":"2015-01-27T11:21:55","modified_gmt":"2015-01-27T17:21:55","slug":"la-senal-de-la-cruz","status":"publish","type":"post","link":"https:\/\/quechilero.com\/blog\/2015\/02\/21\/la-senal-de-la-cruz\/","title":{"rendered":"La se\u00f1al de la Cruz"},"content":{"rendered":"<p>La se\u00f1al de la Cruz es un gesto precioso por su historia, por su significado y por su poder.<\/p>\n<p>Es la se\u00f1al de mi fe; muestra qui\u00e9n soy y lo que creo. Es el resumen del Credo. Es la se\u00f1al de mi agradecimiento. Tengo que hacer con amor y emoci\u00f3n este gesto que me recuerda que Jes\u00fas ha muerto por m\u00ed. Es la se\u00f1al de mi intenci\u00f3n de obrar, no para la tierra, sino para el Cielo.<\/p>\n<p>Al hacerla, y pronunciando estas misteriosas palabras \u00abEn el nombre del Padre y del Hijo y del Esp\u00edritu Santo\u00bb me comprometo a obrar: en el nombre del Padre, que me ha creado, en el nombre del Hijo, que me ha redimido, en el nombre del Esp\u00edritu Santo, que me santifica. En una palabra: a actuar como hijo o hija de Dios.<\/p>\n<p>Este signo es la se\u00f1al de la consagraci\u00f3n de toda mi persona: al tocar mi frente, rezo a Dios todos mis pensamientos; al tocar mi pecho, consagro a Dios todos los sentimientos de mi coraz\u00f3n; al tocar mi hombro izquierdo, le ofrezco todas mis penas y preocupaciones; al tocar mi hombro derecho, le consagro mis acciones.<\/p>\n<p>La se\u00f1al de la Cruz es en s\u00ed misma fuente de grandes gracias. Debo considerarla como la mejor preparaci\u00f3n a la oraci\u00f3n, pero ya es en s\u00ed misma una oraci\u00f3n, y de las m\u00e1s impresionantes. Es una bendici\u00f3n.<\/p>\n<p>Si me emociona ser bendecido por el Papa, por un obispo, \u00a1cu\u00e1nto m\u00e1s ser bendecido por el mismo Dios!<\/p>\n<p>Se\u00f1or, conc\u00e9deme la gracia de hacer de mi se\u00f1al de la cruz un \u00abHeme aqu\u00ed\u00bb motivador para la oraci\u00f3n, para la acci\u00f3n, para mi d\u00eda entero; as\u00ed como una poderosa llamada de las bendiciones del cielo sobre m\u00ed.<\/p>\n","protected":false},"excerpt":{"rendered":"<p>La se\u00f1al de la Cruz es un gesto precioso por su historia, por su significado y por su poder. Es la se\u00f1al de mi fe; muestra qui\u00e9n soy y lo que creo. Es el resumen del Credo. Es la se\u00f1al de mi agradecimiento. Tengo que hacer con amor y emoci\u00f3n este gesto que me recuerda &#8230; <a title=\"La se\u00f1al de la Cruz\" class=\"read-more\" href=\"https:\/\/quechilero.com\/blog\/2015\/02\/21\/la-senal-de-la-cruz\/\" aria-label=\"Leer m\u00e1s sobre La se\u00f1al de la Cruz\">Leer m\u00e1s<\/a><\/p>\n","protected":false},"author":1,"featured_media":0,"comment_status":"open","ping_status":"open","sticky":false,"template":"","format":"standard","meta":{"advanced_seo_description":"","jetpack_seo_html_title":"","jetpack_seo_noindex":false,"jetpack_seo_schema_type":"","episode_type":"","audio_file":"","podmotor_file_id":"","podmotor_episode_id":"","cover_image":"","cover_image_id":"","duration":"","filesize":"","filesize_raw":"","date_recorded":"","explicit":"","block":"","_jetpack_newsletter_access":"","_jetpack_dont_email_post_to_subs":false,"_jetpack_newsletter_tier_id":0,"_jetpack_memberships_contains_paywalled_content":false,"_jetpack_feature_clip_id":0,"_jetpack_memberships_contains_paid_content":false,"footnotes":"","jetpack_publicize_message":"","jetpack_publicize_feature_enabled":true,"jetpack_social_post_already_shared":true,"jetpack_social_options":{"image_generator_settings":{"template":"highway","default_image_id":0,"font":"","enabled":false},"version":2},"jetpack_post_was_ever_published":false},"categories":[2],"tags":[14,15,51,17,74,86,42],"series":[],"class_list":["post-19844","post","type-post","status-publish","format-standard","hentry","category-limones","tag-accion","tag-amor","tag-dios","tag-historia","tag-jesus","tag-oracion","tag-palabra"],"episode_featured_image":false,"episode_player_image":"https:\/\/i0.wp.com\/quechilero.com\/blog\/imagenes\/podcast.png?fit=1831%2C1831&ssl=1","download_link":"","player_link":"","audio_player":false,"episode_data":{"playerMode":"dark","subscribeUrls":{"amazon":{"key":"amazon","url":"","label":"Amazon","class":"amazon","icon":"amazon.png"},"apple_podcasts":{"key":"apple_podcasts","url":"","label":"Apple Podcasts","class":"apple_podcasts","icon":"apple-podcasts.png"},"castbox":{"key":"castbox","url":"","label":"CastBox","class":"castbox","icon":"castbox.png"},"deezer":{"key":"deezer","url":"","label":"Deezer","class":"deezer","icon":"deezer.png"},"google_podcasts":{"key":"google_podcasts","url":"","label":"Google Podcasts","class":"google_podcasts","icon":"google-podcasts.png"},"listen_notes":{"key":"listen_notes","url":"","label":"Listen Notes","class":"listen_notes","icon":"listen-notes.png"},"pandora":{"key":"pandora","url":"","label":"Pandora","class":"pandora","icon":"pandora.png"},"podbean":{"key":"podbean","url":"","label":"Podbean","class":"podbean","icon":"podbean.png"},"podcast_republic":{"key":"podcast_republic","url":"","label":"Podcast Republic","class":"podcast_republic","icon":"podcast-republic.png"},"rss":{"key":"rss","url":"","label":"RSS","class":"rss","icon":"rss.png"},"spotify":{"key":"spotify","url":"","label":"Spotify","class":"spotify","icon":"spotify.png"},"stitcher":{"key":"stitcher","url":"","label":"Stitcher","class":"stitcher","icon":"stitcher.png"},"tunein":{"key":"tunein","url":"","label":"TuneIn","class":"tunein","icon":"tunein.png"},"youtube":{"key":"youtube","url":"","label":"YouTube","class":"youtube","icon":"youtube.png"},"iheartradio":{"key":"iheartradio","url":"","label":"iHeartRadio","class":"iheartradio","icon":"iheartradio.png"},"ivoox":{"key":"ivoox","url":"","label":"iVoox","class":"ivoox","icon":"ivoox.png"}},"rssFeedUrl":"https:\/\/quechilero.com\/blog\/feed\/podcast\/si-la-vida-nos-da-limones","embedCode":"<blockquote class=\"wp-embedded-content\" data-secret=\"2Utfsxes67\"><a href=\"https:\/\/quechilero.com\/blog\/2015\/02\/21\/la-senal-de-la-cruz\/\">La se\u00f1al de la Cruz<\/a><\/blockquote><iframe sandbox=\"allow-scripts\" security=\"restricted\" src=\"https:\/\/quechilero.com\/blog\/2015\/02\/21\/la-senal-de-la-cruz\/embed\/#?secret=2Utfsxes67\" width=\"500\" height=\"350\" title=\"\u00abLa se\u00f1al de la Cruz\u00bb \u2014 Si la Vida nos da Limones...\" data-secret=\"2Utfsxes67\" frameborder=\"0\" marginwidth=\"0\" marginheight=\"0\" scrolling=\"no\" class=\"wp-embedded-content\"><\/iframe><script>\n\/*! This file is auto-generated *\/\n!function(d,l){\"use strict\";l.querySelector&&d.addEventListener&&\"undefined\"!=typeof URL&&(d.wp=d.wp||{},d.wp.receiveEmbedMessage||(d.wp.receiveEmbedMessage=function(e){var t=e.data;if((t||t.secret||t.message||t.value)&&!\/[^a-zA-Z0-9]\/.test(t.secret)){for(var s,r,n,a=l.querySelectorAll('iframe[data-secret=\"'+t.secret+'\"]'),o=l.querySelectorAll('blockquote[data-secret=\"'+t.secret+'\"]'),c=new RegExp(\"^https?:$\",\"i\"),i=0;i<o.length;i++)o[i].style.display=\"none\";for(i=0;i<a.length;i++)s=a[i],e.source===s.contentWindow&&(s.removeAttribute(\"style\"),\"height\"===t.message?(1e3<(r=parseInt(t.value,10))?r=1e3:~~r<200&&(r=200),s.height=r):\"link\"===t.message&&(r=new URL(s.getAttribute(\"src\")),n=new URL(t.value),c.test(n.protocol))&&n.host===r.host&&l.activeElement===s&&(d.top.location.href=t.value))}},d.addEventListener(\"message\",d.wp.receiveEmbedMessage,!1),l.addEventListener(\"DOMContentLoaded\",function(){for(var e,t,s=l.querySelectorAll(\"iframe.wp-embedded-content\"),r=0;r<s.length;r++)(t=(e=s[r]).getAttribute(\"data-secret\"))||(t=Math.random().toString(36).substring(2,12),e.src+=\"#?secret=\"+t,e.setAttribute(\"data-secret\",t)),e.contentWindow.postMessage({message:\"ready\",secret:t},\"*\")},!1)))}(window,document);\n\/\/# sourceURL=https:\/\/quechilero.com\/blog\/wp-includes\/js\/wp-embed.min.js\n<\/script>\n"},"jetpack_publicize_connections":[],"jetpack_shortlink":"https:\/\/wp.me\/pDKli-5a4","jetpack_sharing_enabled":true,"jetpack-related-posts":[{"id":461,"url":"https:\/\/quechilero.com\/blog\/2007\/02\/21\/el-santo-rosario\/","url_meta":{"origin":19844,"position":0},"title":"El Santo Rosario","author":"Pepe Barrascout Ortiz","date":"21 febrero 2007","format":false,"excerpt":"Preparaci\u00f3n: * Nos hacemos la se\u00f1al de la Cruz * Nos ponemos en presencia de Dios y para que la oraci\u00f3n llegue al Cielo, pedimos humildemente perd\u00f3n al Se\u00f1or por nuestras faltas (en silencio). Rezamos el Acto de Contrici\u00f3n (el \"P\u00e9same\") * Decimos: \"En el primer misterio recordamos...\" (nombramos el\u2026","rel":"","context":"En \u00abLimones\u00bb","block_context":{"text":"Limones","link":"https:\/\/quechilero.com\/blog\/category\/limones\/"},"img":{"alt_text":"","src":"","width":0,"height":0},"classes":[]},{"id":4614,"url":"https:\/\/quechilero.com\/blog\/2010\/04\/02\/viernes-santo\/","url_meta":{"origin":19844,"position":1},"title":"Viernes Santo","author":"Pepe Barrascout Ortiz","date":"2 abril 2010","format":false,"excerpt":"La tarde del Viernes Santo presenta el drama inmenso de la muerte de Cristo en el Calvario. La cruz erguida sobre el mundo sigue en pie como signo de salvaci\u00f3n y de esperanza. Con la Pasi\u00f3n de Jes\u00fas seg\u00fan el\u00a0Evangelio de Juan contemplamos el misterio del Crucificado, con el coraz\u00f3n\u2026","rel":"","context":"En \u00abLimones\u00bb","block_context":{"text":"Limones","link":"https:\/\/quechilero.com\/blog\/category\/limones\/"},"img":{"alt_text":"","src":"","width":0,"height":0},"classes":[]},{"id":27328,"url":"https:\/\/quechilero.com\/blog\/2010\/10\/02\/el-santo-rosario-misterios-gozosos\/","url_meta":{"origin":19844,"position":2},"title":"El Santo Rosario: Misterios Gozosos","author":"Pepe Barrascout Ortiz","date":"2 octubre 2010","format":false,"excerpt":"Los Misterios Gozosos los rezamos los Lunes y S\u00e1bados \u00a0 En el nombre del Padre, y del Hijo, y del Esp\u00edritu Santo. Am\u00e9n. Dios m\u00edo, ven en mi auxilio. Se\u00f1or, date prisa en socorrerme. Gloria al Padre, Gloria al Hijo y Gloria al Esp\u00edritu Santo, Am\u00e9n. Primer Misterio Gozoso. La\u2026","rel":"","context":"En \u00abEl Santo Rosario\u00bb","block_context":{"text":"El Santo Rosario","link":"https:\/\/quechilero.com\/blog\/category\/podcast\/el-santo-rosario\/"},"img":{"alt_text":"Misterios Gozosos","src":"https:\/\/i0.wp.com\/i392.photobucket.com\/albums\/pp7\/pepejaguar\/blog\/Misterios-Gozosos_zps4a26ae91.jpg?resize=350%2C200","width":350,"height":200,"srcset":"https:\/\/i0.wp.com\/i392.photobucket.com\/albums\/pp7\/pepejaguar\/blog\/Misterios-Gozosos_zps4a26ae91.jpg?resize=350%2C200 1x, https:\/\/i0.wp.com\/i392.photobucket.com\/albums\/pp7\/pepejaguar\/blog\/Misterios-Gozosos_zps4a26ae91.jpg?resize=525%2C300 1.5x"},"classes":[]},{"id":27327,"url":"https:\/\/quechilero.com\/blog\/2010\/10\/03\/el-santo-rosario-misterios-gloriosos\/","url_meta":{"origin":19844,"position":3},"title":"El Santo Rosario: Misterios Gloriosos","author":"Pepe Barrascout Ortiz","date":"3 octubre 2010","format":false,"excerpt":"Los Misterios Gloriosos los rezamos los Domingos y Martes \u00a0 En el nombre del Padre, y del Hijo, y del Esp\u00edritu Santo. Am\u00e9n. Dios m\u00edo, ven en mi auxilio. Se\u00f1or, date prisa en socorrerme. Gloria al Padre, Gloria al Hijo y Gloria al Esp\u00edritu Santo, Am\u00e9n. Primer Misterio Glorioso. La\u2026","rel":"","context":"En \u00abEl Santo Rosario\u00bb","block_context":{"text":"El Santo Rosario","link":"https:\/\/quechilero.com\/blog\/category\/podcast\/el-santo-rosario\/"},"img":{"alt_text":"Misterios Gloriosos","src":"https:\/\/i0.wp.com\/i392.photobucket.com\/albums\/pp7\/pepejaguar\/blog\/Misterios-Gloriosos_zps93f1b8d6.jpg?resize=350%2C200","width":350,"height":200,"srcset":"https:\/\/i0.wp.com\/i392.photobucket.com\/albums\/pp7\/pepejaguar\/blog\/Misterios-Gloriosos_zps93f1b8d6.jpg?resize=350%2C200 1x, https:\/\/i0.wp.com\/i392.photobucket.com\/albums\/pp7\/pepejaguar\/blog\/Misterios-Gloriosos_zps93f1b8d6.jpg?resize=525%2C300 1.5x"},"classes":[]},{"id":27329,"url":"https:\/\/quechilero.com\/blog\/2010\/10\/01\/el-santo-rosario-misterios-dolorosos\/","url_meta":{"origin":19844,"position":4},"title":"El Santo Rosario: Misterios Dolorosos","author":"Pepe Barrascout Ortiz","date":"1 octubre 2010","format":false,"excerpt":"Los Misterios Dolorosos los rezamos los Martes y Viernes. \u00a0 En el nombre del Padre, y del Hijo, y del Esp\u00edritu Santo. Am\u00e9n. Dios m\u00edo, ven en mi auxilio. Se\u00f1or, date prisa en socorrerme. Gloria al Padre, Gloria al Hijo y Gloria al Esp\u00edritu Santo, Am\u00e9n. Primer Misterio Doloroso. La\u2026","rel":"","context":"En \u00abEl Santo Rosario\u00bb","block_context":{"text":"El Santo Rosario","link":"https:\/\/quechilero.com\/blog\/category\/podcast\/el-santo-rosario\/"},"img":{"alt_text":"Misterios Dolorosos","src":"https:\/\/i0.wp.com\/i392.photobucket.com\/albums\/pp7\/pepejaguar\/blog\/Misterios-Dolorosos_zps89480d5f.jpg?resize=350%2C200","width":350,"height":200,"srcset":"https:\/\/i0.wp.com\/i392.photobucket.com\/albums\/pp7\/pepejaguar\/blog\/Misterios-Dolorosos_zps89480d5f.jpg?resize=350%2C200 1x, https:\/\/i0.wp.com\/i392.photobucket.com\/albums\/pp7\/pepejaguar\/blog\/Misterios-Dolorosos_zps89480d5f.jpg?resize=525%2C300 1.5x"},"classes":[]},{"id":15360,"url":"https:\/\/quechilero.com\/blog\/2012\/12\/16\/tercer-domingo-de-adviento\/","url_meta":{"origin":19844,"position":5},"title":"Tercer Domingo de Adviento","author":"Pepe Barrascout Ortiz","date":"16 diciembre 2012","format":false,"excerpt":"Tercer Domingo de Adviento (ciclo B) Reunida la familia o grupo de personas, se encienden las candelas del primero domingo, la del segundo y la del tercer domingo. Hermanos: A medida que avanza el Adviento y crece nuestra expectativa por un encuentro m\u00e1s intenso con Jes\u00fas, la Palabra de Dios,\u2026","rel":"","context":"En \u00abLimones\u00bb","block_context":{"text":"Limones","link":"https:\/\/quechilero.com\/blog\/category\/limones\/"},"img":{"alt_text":"","src":"https:\/\/i0.wp.com\/i392.photobucket.com\/albums\/pp7\/pepejaguar\/blog\/3-domingo-adviento.png?resize=350%2C200","width":350,"height":200,"srcset":"https:\/\/i0.wp.com\/i392.photobucket.com\/albums\/pp7\/pepejaguar\/blog\/3-domingo-adviento.png?resize=350%2C200 1x, https:\/\/i0.wp.com\/i392.photobucket.com\/albums\/pp7\/pepejaguar\/blog\/3-domingo-adviento.png?resize=525%2C300 1.5x"},"classes":[]}],"jetpack_featured_media_url":"","_links":{"self":[{"href":"https:\/\/quechilero.com\/blog\/wp-json\/wp\/v2\/posts\/19844","targetHints":{"allow":["GET"]}}],"collection":[{"href":"https:\/\/quechilero.com\/blog\/wp-json\/wp\/v2\/posts"}],"about":[{"href":"https:\/\/quechilero.com\/blog\/wp-json\/wp\/v2\/types\/post"}],"author":[{"embeddable":true,"href":"https:\/\/quechilero.com\/blog\/wp-json\/wp\/v2\/users\/1"}],"replies":[{"embeddable":true,"href":"https:\/\/quechilero.com\/blog\/wp-json\/wp\/v2\/comments?post=19844"}],"version-history":[{"count":0,"href":"https:\/\/quechilero.com\/blog\/wp-json\/wp\/v2\/posts\/19844\/revisions"}],"wp:attachment":[{"href":"https:\/\/quechilero.com\/blog\/wp-json\/wp\/v2\/media?parent=19844"}],"wp:term":[{"taxonomy":"category","embeddable":true,"href":"https:\/\/quechilero.com\/blog\/wp-json\/wp\/v2\/categories?post=19844"},{"taxonomy":"post_tag","embeddable":true,"href":"https:\/\/quechilero.com\/blog\/wp-json\/wp\/v2\/tags?post=19844"},{"taxonomy":"series","embeddable":true,"href":"https:\/\/quechilero.com\/blog\/wp-json\/wp\/v2\/series?post=19844"}],"curies":[{"name":"wp","href":"https:\/\/api.w.org\/{rel}","templated":true}]}}