{"id":19838,"date":"2015-06-17T08:00:14","date_gmt":"2015-06-17T14:00:14","guid":{"rendered":"http:\/\/quechilero.com\/blog\/?p=19838"},"modified":"2015-04-08T17:28:06","modified_gmt":"2015-04-08T23:28:06","slug":"ser-padres-con-liderazgo","status":"publish","type":"post","link":"https:\/\/quechilero.com\/blog\/2015\/06\/17\/ser-padres-con-liderazgo\/","title":{"rendered":"Ser padres con liderazgo"},"content":{"rendered":"<p>De acuerdo al orden natural o jerarqu\u00eda, los padres somos los gu\u00edas, somos los h\u00e9roes, los primeros maestros, enfermeros, ch\u00f3feres y mucho m\u00e1s en la vida de nuestros hijos. Los padres desempe\u00f1amos m\u00faltiples roles de liderazgo en la vida de ellos, tan s\u00f3lo por ser los padres, por ser mayores, por tener m\u00e1s experiencia, por saber m\u00e1s y por supuesto, por tener vinculado a ellos nuestro coraz\u00f3n y afectividad por siempre. Esta posici\u00f3n de l\u00edderes en la vida de nuestros hijos nos es otorgada en el momento de saber que vamos a \u00abser padres\u00bb.<\/p>\n<p>Como nos damos cuenta, somos facilitadores para nuestros hijos en la gu\u00eda, en toda clase de informaci\u00f3n que van almacenando a diario&#8230; \u00a1Qu\u00e9 gran responsabilidad!, \u00bfverdad? Desde luego, para guiar se debe saber a d\u00f3nde se quiere llegar, cu\u00e1l es el rumbo a tomar, y cu\u00e1l es el puerto a desembarcar. Por eso, los padres tenemos una gran responsabilidad y a la vez un gran regalo que nos da la vida, pues tener el liderazgo en la familia es, de seguro, el viaje m\u00e1s hermoso que vamos a poder realizar.<\/p>\n<p>Cuando veamos que lo que hemos grabado en el pensamiento y alma de nuestros hijos es trasferido a otros positivamente con impacto, es porque estamos siendo l\u00edderes en su vida. Pueden ser grandes o peque\u00f1as acciones como el compartir, brindar alegr\u00eda, saber perdonar, ayudar al necesitado, hacer una visita a un enfermo, decir la verdad, incluir a otros, participar en pl\u00e1ticas constructivas; en fin, se pueden agregar much\u00edsimas a la lista, pero en todas estas peque\u00f1as y grandes cosas podemos, como padres, saber la calidad de nuestro liderazgo.<\/p>\n<p>A lo largo de nuestra vida, todos podemos recordar a alguien especial que nos sembr\u00f3 confianza, nos dio valor y empuj\u00f3 para realizar algo, nos brind\u00f3 su ejemplo; tambi\u00e9n est\u00e1n aquellos que nos dieron su voto de confianza. Qu\u00e9 mejor que seamos nosotros, los padres, quienes estemos all\u00ed para hacer todo esto por nuestros hijos. Recordemos siempre que nuestros hijos aprender\u00e1n m\u00e1s de lo que observan que hacemos, que de lo que decimos.<\/p>\n<p>No somos perfectos, pero s\u00ed podemos ganar prestigio con nuestros hijos a trav\u00e9s de nuestro liderazgo en acci\u00f3n y, por qu\u00e9 no, tambi\u00e9n reconociendo cuando nos equivocamos. Esto nos har\u00e1 m\u00e1s humanos, m\u00e1s humildes y cercanos a ellos.<\/p>\n","protected":false},"excerpt":{"rendered":"<p>De acuerdo al orden natural o jerarqu\u00eda, los padres somos los gu\u00edas, somos los h\u00e9roes, los primeros maestros, enfermeros, ch\u00f3feres y mucho m\u00e1s en la vida de nuestros hijos. Los padres desempe\u00f1amos m\u00faltiples roles de liderazgo en la vida de ellos, tan s\u00f3lo por ser los padres, por ser mayores, por tener m\u00e1s experiencia, por &#8230; <a title=\"Ser padres con liderazgo\" class=\"read-more\" href=\"https:\/\/quechilero.com\/blog\/2015\/06\/17\/ser-padres-con-liderazgo\/\" aria-label=\"Leer m\u00e1s sobre Ser padres con liderazgo\">Leer m\u00e1s<\/a><\/p>\n","protected":false},"author":1,"featured_media":0,"comment_status":"open","ping_status":"open","sticky":false,"template":"","format":"standard","meta":{"advanced_seo_description":"","jetpack_seo_html_title":"","jetpack_seo_noindex":false,"jetpack_seo_schema_type":"","episode_type":"","audio_file":"","podmotor_file_id":"","podmotor_episode_id":"","cover_image":"","cover_image_id":"","duration":"","filesize":"","filesize_raw":"","date_recorded":"","explicit":"","block":"","_jetpack_newsletter_access":"","_jetpack_dont_email_post_to_subs":false,"_jetpack_newsletter_tier_id":0,"_jetpack_memberships_contains_paywalled_content":false,"_jetpack_feature_clip_id":0,"_jetpack_memberships_contains_paid_content":false,"footnotes":"","jetpack_publicize_message":"","jetpack_publicize_feature_enabled":true,"jetpack_social_post_already_shared":true,"jetpack_social_options":{"image_generator_settings":{"template":"highway","default_image_id":0,"font":"","enabled":false},"version":2},"jetpack_post_was_ever_published":false},"categories":[2],"tags":[14,87,29,38,12,32,33,83,41,24],"series":[],"class_list":["post-19838","post","type-post","status-publish","format-standard","hentry","category-limones","tag-accion","tag-alegria","tag-aprender","tag-confianza","tag-cosas","tag-especial","tag-humanos","tag-liderazgo","tag-verdad","tag-vida"],"episode_featured_image":false,"episode_player_image":"https:\/\/i0.wp.com\/quechilero.com\/blog\/imagenes\/podcast.png?fit=1831%2C1831&ssl=1","download_link":"","player_link":"","audio_player":false,"episode_data":{"playerMode":"dark","subscribeUrls":{"amazon":{"key":"amazon","url":"","label":"Amazon","class":"amazon","icon":"amazon.png"},"apple_podcasts":{"key":"apple_podcasts","url":"","label":"Apple Podcasts","class":"apple_podcasts","icon":"apple-podcasts.png"},"castbox":{"key":"castbox","url":"","label":"CastBox","class":"castbox","icon":"castbox.png"},"deezer":{"key":"deezer","url":"","label":"Deezer","class":"deezer","icon":"deezer.png"},"google_podcasts":{"key":"google_podcasts","url":"","label":"Google Podcasts","class":"google_podcasts","icon":"google-podcasts.png"},"listen_notes":{"key":"listen_notes","url":"","label":"Listen Notes","class":"listen_notes","icon":"listen-notes.png"},"pandora":{"key":"pandora","url":"","label":"Pandora","class":"pandora","icon":"pandora.png"},"podbean":{"key":"podbean","url":"","label":"Podbean","class":"podbean","icon":"podbean.png"},"podcast_republic":{"key":"podcast_republic","url":"","label":"Podcast Republic","class":"podcast_republic","icon":"podcast-republic.png"},"rss":{"key":"rss","url":"","label":"RSS","class":"rss","icon":"rss.png"},"spotify":{"key":"spotify","url":"","label":"Spotify","class":"spotify","icon":"spotify.png"},"stitcher":{"key":"stitcher","url":"","label":"Stitcher","class":"stitcher","icon":"stitcher.png"},"tunein":{"key":"tunein","url":"","label":"TuneIn","class":"tunein","icon":"tunein.png"},"youtube":{"key":"youtube","url":"","label":"YouTube","class":"youtube","icon":"youtube.png"},"iheartradio":{"key":"iheartradio","url":"","label":"iHeartRadio","class":"iheartradio","icon":"iheartradio.png"},"ivoox":{"key":"ivoox","url":"","label":"iVoox","class":"ivoox","icon":"ivoox.png"}},"rssFeedUrl":"https:\/\/quechilero.com\/blog\/feed\/podcast\/si-la-vida-nos-da-limones","embedCode":"<blockquote class=\"wp-embedded-content\" data-secret=\"w9aayis8fC\"><a href=\"https:\/\/quechilero.com\/blog\/2015\/06\/17\/ser-padres-con-liderazgo\/\">Ser padres con liderazgo<\/a><\/blockquote><iframe sandbox=\"allow-scripts\" security=\"restricted\" src=\"https:\/\/quechilero.com\/blog\/2015\/06\/17\/ser-padres-con-liderazgo\/embed\/#?secret=w9aayis8fC\" width=\"500\" height=\"350\" title=\"\u00abSer padres con liderazgo\u00bb \u2014 Si la Vida nos da Limones...\" data-secret=\"w9aayis8fC\" frameborder=\"0\" marginwidth=\"0\" marginheight=\"0\" scrolling=\"no\" class=\"wp-embedded-content\"><\/iframe><script>\n\/*! This file is auto-generated *\/\n!function(d,l){\"use strict\";l.querySelector&&d.addEventListener&&\"undefined\"!=typeof URL&&(d.wp=d.wp||{},d.wp.receiveEmbedMessage||(d.wp.receiveEmbedMessage=function(e){var t=e.data;if((t||t.secret||t.message||t.value)&&!\/[^a-zA-Z0-9]\/.test(t.secret)){for(var s,r,n,a=l.querySelectorAll('iframe[data-secret=\"'+t.secret+'\"]'),o=l.querySelectorAll('blockquote[data-secret=\"'+t.secret+'\"]'),c=new RegExp(\"^https?:$\",\"i\"),i=0;i<o.length;i++)o[i].style.display=\"none\";for(i=0;i<a.length;i++)s=a[i],e.source===s.contentWindow&&(s.removeAttribute(\"style\"),\"height\"===t.message?(1e3<(r=parseInt(t.value,10))?r=1e3:~~r<200&&(r=200),s.height=r):\"link\"===t.message&&(r=new URL(s.getAttribute(\"src\")),n=new URL(t.value),c.test(n.protocol))&&n.host===r.host&&l.activeElement===s&&(d.top.location.href=t.value))}},d.addEventListener(\"message\",d.wp.receiveEmbedMessage,!1),l.addEventListener(\"DOMContentLoaded\",function(){for(var e,t,s=l.querySelectorAll(\"iframe.wp-embedded-content\"),r=0;r<s.length;r++)(t=(e=s[r]).getAttribute(\"data-secret\"))||(t=Math.random().toString(36).substring(2,12),e.src+=\"#?secret=\"+t,e.setAttribute(\"data-secret\",t)),e.contentWindow.postMessage({message:\"ready\",secret:t},\"*\")},!1)))}(window,document);\n\/\/# sourceURL=https:\/\/quechilero.com\/blog\/wp-includes\/js\/wp-embed.min.js\n<\/script>\n"},"jetpack_publicize_connections":[],"jetpack_shortlink":"https:\/\/wp.me\/pDKli-59Y","jetpack_sharing_enabled":true,"jetpack-related-posts":[{"id":21589,"url":"https:\/\/quechilero.com\/blog\/2015\/09\/15\/oracion-por-la-paz-en-el-mundo\/","url_meta":{"origin":19838,"position":0},"title":"Oraci\u00f3n por la paz en el mundo","author":"Pepe Barrascout Ortiz","date":"15 septiembre 2015","format":false,"excerpt":"Se\u00f1or Jes\u00fas, T\u00fa gu\u00edas sabiamente la historia de tu Iglesia y de las naciones, escucha ahora nuestra s\u00faplica. Nuestros idiomas se confunden como anta\u00f1o en la torre de Babel. Somos hijos de un mismo Padre que T\u00fa nos revelaste y no sabemos ser hermanos, y el odio siembra m\u00e1s miedo\u2026","rel":"","context":"En \u00abLimones\u00bb","block_context":{"text":"Limones","link":"https:\/\/quechilero.com\/blog\/category\/limones\/"},"img":{"alt_text":"","src":"","width":0,"height":0},"classes":[]},{"id":4970,"url":"https:\/\/quechilero.com\/blog\/2010\/06\/17\/carta-a-mi-padre\/","url_meta":{"origin":19838,"position":1},"title":"Carta a mi padre","author":"Pepe Barrascout Ortiz","date":"17 junio 2010","format":false,"excerpt":"Casi todos los padres, deseamos que nuestros hijos sean mejores y les ense\u00f1amos a vivir realidades y, sobre todo, que aprendan a decidir por s\u00ed mismos y a aceptar la responsabilidad por sus acciones, para que nunca se lamenten que otros forjaron su destino, pero que sepan que no est\u00e1n\u2026","rel":"","context":"En \u00abLimones\u00bb","block_context":{"text":"Limones","link":"https:\/\/quechilero.com\/blog\/category\/limones\/"},"img":{"alt_text":"","src":"","width":0,"height":0},"classes":[]},{"id":14381,"url":"https:\/\/quechilero.com\/blog\/2012\/08\/27\/espigas\/","url_meta":{"origin":19838,"position":2},"title":"Espigas","author":"Pepe Barrascout Ortiz","date":"27 agosto 2012","format":false,"excerpt":"Enviado al campo para ver si estaba ya a punto para ser segado, el muchacho volvi\u00f3 a su padre y le dijo: - Me parece que la cosecha ser\u00e1 muy pobre, padre m\u00edo. - \u00bfPor qu\u00e9? -le pregunt\u00f3 \u00e9ste. - Porque he notado que la mayor parte de las espigas\u2026","rel":"","context":"En \u00abLimones\u00bb","block_context":{"text":"Limones","link":"https:\/\/quechilero.com\/blog\/category\/limones\/"},"img":{"alt_text":"","src":"","width":0,"height":0},"classes":[]},{"id":19842,"url":"https:\/\/quechilero.com\/blog\/2015\/02\/20\/saber-vivir-es-no-estar-solo\/","url_meta":{"origin":19838,"position":3},"title":"Saber vivir es no estar solo","author":"Pepe Barrascout Ortiz","date":"20 febrero 2015","format":false,"excerpt":"Hace much\u00edsimos a\u00f1os, un joven reci\u00e9n casado estaba sentado en un sof\u00e1 en un d\u00eda caluroso y h\u00famedo, bebiendo jugo helado, durante una visita a su padre. Mientras conversaba sobre la vida, el matrimonio, las responsabilidades y las obligaciones de las personas adultas, el padre revolv\u00eda pensativamente los cubos de\u2026","rel":"","context":"En \u00abLimones\u00bb","block_context":{"text":"Limones","link":"https:\/\/quechilero.com\/blog\/category\/limones\/"},"img":{"alt_text":"","src":"","width":0,"height":0},"classes":[]},{"id":19834,"url":"https:\/\/quechilero.com\/blog\/2015\/02\/18\/padres-voraces\/","url_meta":{"origin":19838,"position":4},"title":"Padres voraces","author":"Pepe Barrascout Ortiz","date":"18 febrero 2015","format":false,"excerpt":"Tito Rodr\u00edguez, Director del Instituto Argentino de Buceo, nos explica sobre esta especie: El Garibaldi, hermoso residente de los bosques de kelp de la costa de California, se reproduce entre Marzo y Julio. Para ello el macho construye un nido y se las ingenia para atraer a las hembras para\u2026","rel":"","context":"En \u00abLimones\u00bb","block_context":{"text":"Limones","link":"https:\/\/quechilero.com\/blog\/category\/limones\/"},"img":{"alt_text":"","src":"","width":0,"height":0},"classes":[]},{"id":14389,"url":"https:\/\/quechilero.com\/blog\/2012\/09\/02\/tomelo-como-un-buen-consejo\/","url_meta":{"origin":19838,"position":5},"title":"\u00a1T\u00f3melo como un buen consejo!","author":"Pepe Barrascout Ortiz","date":"2 septiembre 2012","format":false,"excerpt":"Una ma\u00f1ana un padre perdi\u00f3 los estribos en una de esas situaciones irritantes que suelen suceder en la vid. Derram\u00f3 su frustraci\u00f3n y enojo en su hijo, que parec\u00eda ser el blanco m\u00e1s cercano. En el transcurso del d\u00eda, mientras \u00e9l y su hijo estaban pescando, comenz\u00f3 a sentirse culpable\u2026","rel":"","context":"En \u00abLimones\u00bb","block_context":{"text":"Limones","link":"https:\/\/quechilero.com\/blog\/category\/limones\/"},"img":{"alt_text":"","src":"","width":0,"height":0},"classes":[]}],"jetpack_featured_media_url":"","_links":{"self":[{"href":"https:\/\/quechilero.com\/blog\/wp-json\/wp\/v2\/posts\/19838","targetHints":{"allow":["GET"]}}],"collection":[{"href":"https:\/\/quechilero.com\/blog\/wp-json\/wp\/v2\/posts"}],"about":[{"href":"https:\/\/quechilero.com\/blog\/wp-json\/wp\/v2\/types\/post"}],"author":[{"embeddable":true,"href":"https:\/\/quechilero.com\/blog\/wp-json\/wp\/v2\/users\/1"}],"replies":[{"embeddable":true,"href":"https:\/\/quechilero.com\/blog\/wp-json\/wp\/v2\/comments?post=19838"}],"version-history":[{"count":0,"href":"https:\/\/quechilero.com\/blog\/wp-json\/wp\/v2\/posts\/19838\/revisions"}],"wp:attachment":[{"href":"https:\/\/quechilero.com\/blog\/wp-json\/wp\/v2\/media?parent=19838"}],"wp:term":[{"taxonomy":"category","embeddable":true,"href":"https:\/\/quechilero.com\/blog\/wp-json\/wp\/v2\/categories?post=19838"},{"taxonomy":"post_tag","embeddable":true,"href":"https:\/\/quechilero.com\/blog\/wp-json\/wp\/v2\/tags?post=19838"},{"taxonomy":"series","embeddable":true,"href":"https:\/\/quechilero.com\/blog\/wp-json\/wp\/v2\/series?post=19838"}],"curies":[{"name":"wp","href":"https:\/\/api.w.org\/{rel}","templated":true}]}}