{"id":19836,"date":"2015-06-16T08:00:57","date_gmt":"2015-06-16T14:00:57","guid":{"rendered":"http:\/\/quechilero.com\/blog\/?p=19836"},"modified":"2015-01-27T11:07:10","modified_gmt":"2015-01-27T17:07:10","slug":"yo-soy-padre","status":"publish","type":"post","link":"https:\/\/quechilero.com\/blog\/2015\/06\/16\/yo-soy-padre\/","title":{"rendered":"Yo soy Padre"},"content":{"rendered":"<p>Mientras contemplaba a su joven hijo dormir tranquilamente, Tom medit\u00f3: \u00abRealmente soy un padre.\u00bb<\/p>\n<p>Hasta que su hijo estuvo a punto de cumplir los nueve a\u00f1os, la idea de serlo no era algo nuevo. Lo novedoso fue su comprensi\u00f3n de la envergadura que representa el ser padre. La revelaci\u00f3n aflor\u00f3 con lentitud, pero una vez consciente de ello, Tom no pod\u00eda apartarlo de su mente. Y meditando en la definici\u00f3n de padre, le fue imposible no remontarse a su infancia.<\/p>\n<p>Record\u00f3 a su padre recostado sobre la vieja camioneta Chevy de 1957, trabajando hasta altas horas de la noche para reparar el motor. Ya \u00e9l hab\u00eda vencido una completa faena de trabajo, pero el motor de la camioneta necesitaba ser restablecido y nadie m\u00e1s pod\u00eda hacerlo.<\/p>\n<p>Una segunda escena desfil\u00f3 por la mente de Tom. Vio a su padre sentado a la mesa, comiendo en soledad una cena tard\u00eda. Eran cerca de las diez de la noche y finalmente \u00e9l hab\u00eda llegado a casa, luego de su jornada de catorce horas de labor. Le vino a la memoria su padre, en una iglesia podando la hierba, recortando la cerca de setos y limpiando el lugar de las flores.<\/p>\n<p>Por encima de todo, en su padre se resum\u00eda el adjetivo responsable, y para Tom, saber que \u00e9l era el ejemplo de su hijo, justamente como su padre lo fue para \u00e9l, le hac\u00eda reflexionar en gran medida.<\/p>\n<p>Mientras Tom cerraba suavemente la puerta de la habitaci\u00f3n, vinieron a su mente las palabras de Tom\u00e1s More: \u00abEl primer gran regalo que podemos obsequiar a otros, es un buen ejemplo.\u00bb Como Tom y su padre, podemos ofrecer este presente a nuestros hijos cada d\u00eda hasta el fin.<\/p>\n","protected":false},"excerpt":{"rendered":"<p>Mientras contemplaba a su joven hijo dormir tranquilamente, Tom medit\u00f3: \u00abRealmente soy un padre.\u00bb Hasta que su hijo estuvo a punto de cumplir los nueve a\u00f1os, la idea de serlo no era algo nuevo. Lo novedoso fue su comprensi\u00f3n de la envergadura que representa el ser padre. La revelaci\u00f3n aflor\u00f3 con lentitud, pero una vez &#8230; <a title=\"Yo soy Padre\" class=\"read-more\" href=\"https:\/\/quechilero.com\/blog\/2015\/06\/16\/yo-soy-padre\/\" aria-label=\"Leer m\u00e1s sobre Yo soy Padre\">Leer m\u00e1s<\/a><\/p>\n","protected":false},"author":1,"featured_media":0,"comment_status":"open","ping_status":"open","sticky":false,"template":"","format":"standard","meta":{"advanced_seo_description":"","jetpack_seo_html_title":"","jetpack_seo_noindex":false,"jetpack_seo_schema_type":"","episode_type":"","audio_file":"","podmotor_file_id":"","podmotor_episode_id":"","cover_image":"","cover_image_id":"","duration":"","filesize":"","filesize_raw":"","date_recorded":"","explicit":"","block":"","_jetpack_newsletter_access":"","_jetpack_dont_email_post_to_subs":false,"_jetpack_newsletter_tier_id":0,"_jetpack_memberships_contains_paywalled_content":false,"_jetpack_feature_clip_id":0,"_jetpack_memberships_contains_paid_content":false,"footnotes":"","jetpack_publicize_message":"","jetpack_publicize_feature_enabled":true,"jetpack_social_post_already_shared":true,"jetpack_social_options":{"image_generator_settings":{"template":"highway","default_image_id":0,"font":"","enabled":false},"version":2},"jetpack_post_was_ever_published":false},"categories":[2],"tags":[88,9,36],"series":[],"class_list":["post-19836","post","type-post","status-publish","format-standard","hentry","category-limones","tag-flores","tag-idea","tag-trabajo"],"episode_featured_image":false,"episode_player_image":"https:\/\/i0.wp.com\/quechilero.com\/blog\/imagenes\/podcast.png?fit=1831%2C1831&ssl=1","download_link":"","player_link":"","audio_player":false,"episode_data":{"playerMode":"dark","subscribeUrls":{"amazon":{"key":"amazon","url":"","label":"Amazon","class":"amazon","icon":"amazon.png"},"apple_podcasts":{"key":"apple_podcasts","url":"","label":"Apple Podcasts","class":"apple_podcasts","icon":"apple-podcasts.png"},"castbox":{"key":"castbox","url":"","label":"CastBox","class":"castbox","icon":"castbox.png"},"deezer":{"key":"deezer","url":"","label":"Deezer","class":"deezer","icon":"deezer.png"},"google_podcasts":{"key":"google_podcasts","url":"","label":"Google Podcasts","class":"google_podcasts","icon":"google-podcasts.png"},"listen_notes":{"key":"listen_notes","url":"","label":"Listen Notes","class":"listen_notes","icon":"listen-notes.png"},"pandora":{"key":"pandora","url":"","label":"Pandora","class":"pandora","icon":"pandora.png"},"podbean":{"key":"podbean","url":"","label":"Podbean","class":"podbean","icon":"podbean.png"},"podcast_republic":{"key":"podcast_republic","url":"","label":"Podcast Republic","class":"podcast_republic","icon":"podcast-republic.png"},"rss":{"key":"rss","url":"","label":"RSS","class":"rss","icon":"rss.png"},"spotify":{"key":"spotify","url":"","label":"Spotify","class":"spotify","icon":"spotify.png"},"stitcher":{"key":"stitcher","url":"","label":"Stitcher","class":"stitcher","icon":"stitcher.png"},"tunein":{"key":"tunein","url":"","label":"TuneIn","class":"tunein","icon":"tunein.png"},"youtube":{"key":"youtube","url":"","label":"YouTube","class":"youtube","icon":"youtube.png"},"iheartradio":{"key":"iheartradio","url":"","label":"iHeartRadio","class":"iheartradio","icon":"iheartradio.png"},"ivoox":{"key":"ivoox","url":"","label":"iVoox","class":"ivoox","icon":"ivoox.png"}},"rssFeedUrl":"https:\/\/quechilero.com\/blog\/feed\/podcast\/si-la-vida-nos-da-limones","embedCode":"<blockquote class=\"wp-embedded-content\" data-secret=\"iksaFW82QE\"><a href=\"https:\/\/quechilero.com\/blog\/2015\/06\/16\/yo-soy-padre\/\">Yo soy Padre<\/a><\/blockquote><iframe sandbox=\"allow-scripts\" security=\"restricted\" src=\"https:\/\/quechilero.com\/blog\/2015\/06\/16\/yo-soy-padre\/embed\/#?secret=iksaFW82QE\" width=\"500\" height=\"350\" title=\"\u00abYo soy Padre\u00bb \u2014 Si la Vida nos da Limones...\" data-secret=\"iksaFW82QE\" frameborder=\"0\" marginwidth=\"0\" marginheight=\"0\" scrolling=\"no\" class=\"wp-embedded-content\"><\/iframe><script>\n\/*! This file is auto-generated *\/\n!function(d,l){\"use strict\";l.querySelector&&d.addEventListener&&\"undefined\"!=typeof URL&&(d.wp=d.wp||{},d.wp.receiveEmbedMessage||(d.wp.receiveEmbedMessage=function(e){var t=e.data;if((t||t.secret||t.message||t.value)&&!\/[^a-zA-Z0-9]\/.test(t.secret)){for(var s,r,n,a=l.querySelectorAll('iframe[data-secret=\"'+t.secret+'\"]'),o=l.querySelectorAll('blockquote[data-secret=\"'+t.secret+'\"]'),c=new RegExp(\"^https?:$\",\"i\"),i=0;i<o.length;i++)o[i].style.display=\"none\";for(i=0;i<a.length;i++)s=a[i],e.source===s.contentWindow&&(s.removeAttribute(\"style\"),\"height\"===t.message?(1e3<(r=parseInt(t.value,10))?r=1e3:~~r<200&&(r=200),s.height=r):\"link\"===t.message&&(r=new URL(s.getAttribute(\"src\")),n=new URL(t.value),c.test(n.protocol))&&n.host===r.host&&l.activeElement===s&&(d.top.location.href=t.value))}},d.addEventListener(\"message\",d.wp.receiveEmbedMessage,!1),l.addEventListener(\"DOMContentLoaded\",function(){for(var e,t,s=l.querySelectorAll(\"iframe.wp-embedded-content\"),r=0;r<s.length;r++)(t=(e=s[r]).getAttribute(\"data-secret\"))||(t=Math.random().toString(36).substring(2,12),e.src+=\"#?secret=\"+t,e.setAttribute(\"data-secret\",t)),e.contentWindow.postMessage({message:\"ready\",secret:t},\"*\")},!1)))}(window,document);\n\/\/# sourceURL=https:\/\/quechilero.com\/blog\/wp-includes\/js\/wp-embed.min.js\n<\/script>\n"},"jetpack_publicize_connections":[],"jetpack_shortlink":"https:\/\/wp.me\/pDKli-59W","jetpack_sharing_enabled":true,"jetpack-related-posts":[{"id":17741,"url":"https:\/\/quechilero.com\/blog\/2014\/02\/16\/momentos-felices\/","url_meta":{"origin":19836,"position":0},"title":"Momentos Felices","author":"Pepe Barrascout Ortiz","date":"16 febrero 2014","format":false,"excerpt":"Una vez una familia plane\u00f3 unas vacaciones a la costa oeste durante meses. A \u00faltimo momento, el padre no pudo ir por responsabilidades de trabajo. La madre insisti\u00f3 en que ella era capaz de manejar, as\u00ed que ella y los ni\u00f1os avanzaron con el viaje. El padre ayud\u00f3 a planear\u2026","rel":"","context":"En \u00abLimones\u00bb","block_context":{"text":"Limones","link":"https:\/\/quechilero.com\/blog\/category\/limones\/"},"img":{"alt_text":"","src":"","width":0,"height":0},"classes":[]},{"id":21515,"url":"https:\/\/quechilero.com\/blog\/2015\/08\/30\/en-los-brazos-de-nuestro-padre-celestial\/","url_meta":{"origin":19836,"position":1},"title":"En los brazos de nuestro Padre celestial","author":"Pepe Barrascout Ortiz","date":"30 agosto 2015","format":false,"excerpt":"Cierto d\u00eda, un padre de familia\u00a0entr\u00f3 en su casa con un paquete para su esposa. Primero salud\u00f3 a su hijita, Minnie, que era paral\u00edtica, y le pregunt\u00f3 d\u00f3nde estaba su madre. Cuando le dijo que estaba arriba, le dijo a Minnie: - Tengo un paquete para ella. - Oh, d\u00e9jame\u2026","rel":"","context":"En \u00abLimones\u00bb","block_context":{"text":"Limones","link":"https:\/\/quechilero.com\/blog\/category\/limones\/"},"img":{"alt_text":"","src":"","width":0,"height":0},"classes":[]},{"id":889,"url":"https:\/\/quechilero.com\/blog\/2008\/03\/05\/cuaresma-evangelio-05-mar-08\/","url_meta":{"origin":19836,"position":2},"title":"Cuaresma &#8211; Evangelio 05 mar 08","author":"Pepe Barrascout Ortiz","date":"5 marzo 2008","format":false,"excerpt":"Evangelio seg\u00fan San Juan 5,17-30. El les respondi\u00f3: \"Mi Padre trabaja siempre, y yo tambi\u00e9n trabajo\". Pero para los jud\u00edos esta era una raz\u00f3n m\u00e1s para matarlo, porque no s\u00f3lo violaba el s\u00e1bado, sino que se hac\u00eda igual a Dios, llam\u00e1ndolo su propio Padre. Entonces Jes\u00fas tom\u00f3 la palabra diciendo:\u2026","rel":"","context":"En \u00abLimones\u00bb","block_context":{"text":"Limones","link":"https:\/\/quechilero.com\/blog\/category\/limones\/"},"img":{"alt_text":"","src":"","width":0,"height":0},"classes":[]},{"id":356,"url":"https:\/\/quechilero.com\/blog\/2006\/12\/20\/los-padres-y-la-vocacion-de-los-hijos\/","url_meta":{"origin":19836,"position":3},"title":"Los padres y la vocaci\u00f3n de los hijos","author":"Pepe Barrascout Ortiz","date":"20 diciembre 2006","format":false,"excerpt":"La vocaci\u00f3n es iniciativa divina; \u00c9l sabe qu\u00e9 es lo mejor para el que llama y para la familia. Los padres son colaboradores de Dios, y es ley de vida que los hijos abandonen un d\u00eda el hogar paterno para formar un nuevo hogar, por motivos de trabajo o de\u2026","rel":"","context":"En \u00abLimones\u00bb","block_context":{"text":"Limones","link":"https:\/\/quechilero.com\/blog\/category\/limones\/"},"img":{"alt_text":"","src":"","width":0,"height":0},"classes":[]},{"id":16856,"url":"https:\/\/quechilero.com\/blog\/2013\/07\/30\/con-mi-%ef%bb%bfcorazon-y-mis-manos\/","url_meta":{"origin":19836,"position":4},"title":"Con mi \ufeffcoraz\u00f3n y mis manos","author":"Pepe Barrascout Ortiz","date":"30 julio 2013","format":false,"excerpt":"Meditaba en su cuarto de estudio un predicador, buscando una ilustraci\u00f3n sobre el amor. De pronto entr\u00f3 en el cuarto su hijita peque\u00f1a, diciendo: - Pap\u00e1, si\u00e9ntame un poco sobre tus rodillas. - No, hijita, no puedo ahora; estoy muy ocupado -contest\u00f3 el padre. - Quisiera sentarme un momento en\u2026","rel":"","context":"En \u00abLimones\u00bb","block_context":{"text":"Limones","link":"https:\/\/quechilero.com\/blog\/category\/limones\/"},"img":{"alt_text":"","src":"","width":0,"height":0},"classes":[]},{"id":20102,"url":"https:\/\/quechilero.com\/blog\/2015\/05\/11\/algo-no-anda-bien\/","url_meta":{"origin":19836,"position":5},"title":"Algo no anda bien&#8230;","author":"Pepe Barrascout Ortiz","date":"11 mayo 2015","format":false,"excerpt":"Yo ten\u00eda 16 a\u00f1os y estaba viviendo con mis padres en el instituto que mi abuelo hab\u00eda fundado a 18 millas en las afueras de la ciudad de Durban, en Sud\u00e1frica, en medio de plantaciones de az\u00facar. Est\u00e1bamos bien en el interior del pa\u00eds y no ten\u00edamos vecinos, as\u00ed que\u2026","rel":"","context":"En \u00abLimones\u00bb","block_context":{"text":"Limones","link":"https:\/\/quechilero.com\/blog\/category\/limones\/"},"img":{"alt_text":"","src":"","width":0,"height":0},"classes":[]}],"jetpack_featured_media_url":"","_links":{"self":[{"href":"https:\/\/quechilero.com\/blog\/wp-json\/wp\/v2\/posts\/19836","targetHints":{"allow":["GET"]}}],"collection":[{"href":"https:\/\/quechilero.com\/blog\/wp-json\/wp\/v2\/posts"}],"about":[{"href":"https:\/\/quechilero.com\/blog\/wp-json\/wp\/v2\/types\/post"}],"author":[{"embeddable":true,"href":"https:\/\/quechilero.com\/blog\/wp-json\/wp\/v2\/users\/1"}],"replies":[{"embeddable":true,"href":"https:\/\/quechilero.com\/blog\/wp-json\/wp\/v2\/comments?post=19836"}],"version-history":[{"count":0,"href":"https:\/\/quechilero.com\/blog\/wp-json\/wp\/v2\/posts\/19836\/revisions"}],"wp:attachment":[{"href":"https:\/\/quechilero.com\/blog\/wp-json\/wp\/v2\/media?parent=19836"}],"wp:term":[{"taxonomy":"category","embeddable":true,"href":"https:\/\/quechilero.com\/blog\/wp-json\/wp\/v2\/categories?post=19836"},{"taxonomy":"post_tag","embeddable":true,"href":"https:\/\/quechilero.com\/blog\/wp-json\/wp\/v2\/tags?post=19836"},{"taxonomy":"series","embeddable":true,"href":"https:\/\/quechilero.com\/blog\/wp-json\/wp\/v2\/series?post=19836"}],"curies":[{"name":"wp","href":"https:\/\/api.w.org\/{rel}","templated":true}]}}