{"id":19826,"date":"2015-02-13T08:00:33","date_gmt":"2015-02-13T14:00:33","guid":{"rendered":"http:\/\/quechilero.com\/blog\/?p=19826"},"modified":"2015-01-27T10:55:36","modified_gmt":"2015-01-27T16:55:36","slug":"la-lagartija-en-el-pozo","status":"publish","type":"post","link":"https:\/\/quechilero.com\/blog\/2015\/02\/13\/la-lagartija-en-el-pozo\/","title":{"rendered":"La lagartija en el pozo"},"content":{"rendered":"<p>En cierta ocasi\u00f3n, dos hombres se encontraban d\u00e1ndole mantenimiento a un pozo en las afueras del pueblo. Uno de ellos ten\u00eda que meterse para sacar las cubetas de lodo y basura, con la finalidad de que del pozo vertiera agua limpia.<\/p>\n<p>De pronto, aquel hombre que trabajaba con esmero dentro del pozo, dijo sorprendido que en las hendiduras del pozo se encontraba una lagartija, y no sab\u00eda como hab\u00eda llegado hasta ese lugar. El compa\u00f1ero le dijo: \u00abS\u00e1quela de all\u00ed para que no est\u00e9 sufriendo, quiz\u00e1s no pueda salir de ese lugar.\u00bb<\/p>\n<p>El hombre intent\u00f3 sacar a tierra firme a aquella lagartija, pero la lagartija pon\u00eda resistencia, de manera que no permit\u00eda que le ayudaran, hasta que por fin se rindi\u00f3 y fue liberada. Ya estando afuera no sab\u00eda para donde ir, porque corr\u00eda para un lado y para otro, gozando de su libertad.<\/p>\n<p>Jes\u00fas dijo: \u00abY conocer\u00e9is la verdad y la verdad os har\u00e1 libres.\u00bb (Juan 8:32)<\/p>\n<p>Esta lagartija nos ilustra la condici\u00f3n pecaminosa del hombre que se encuentra hundido en el pozo del pecado.<\/p>\n","protected":false},"excerpt":{"rendered":"<p>En cierta ocasi\u00f3n, dos hombres se encontraban d\u00e1ndole mantenimiento a un pozo en las afueras del pueblo. Uno de ellos ten\u00eda que meterse para sacar las cubetas de lodo y basura, con la finalidad de que del pozo vertiera agua limpia. De pronto, aquel hombre que trabajaba con esmero dentro del pozo, dijo sorprendido que &#8230; <a title=\"La lagartija en el pozo\" class=\"read-more\" href=\"https:\/\/quechilero.com\/blog\/2015\/02\/13\/la-lagartija-en-el-pozo\/\" aria-label=\"Leer m\u00e1s sobre La lagartija en el pozo\">Leer m\u00e1s<\/a><\/p>\n","protected":false},"author":1,"featured_media":0,"comment_status":"open","ping_status":"open","sticky":false,"template":"","format":"standard","meta":{"advanced_seo_description":"","jetpack_seo_html_title":"","jetpack_seo_noindex":false,"jetpack_seo_schema_type":"","episode_type":"","audio_file":"","podmotor_file_id":"","podmotor_episode_id":"","cover_image":"","cover_image_id":"","duration":"","filesize":"","filesize_raw":"","date_recorded":"","explicit":"","block":"","_jetpack_newsletter_access":"","_jetpack_dont_email_post_to_subs":false,"_jetpack_newsletter_tier_id":0,"_jetpack_memberships_contains_paywalled_content":false,"_jetpack_feature_clip_id":0,"_jetpack_memberships_contains_paid_content":false,"footnotes":"","jetpack_publicize_message":"","jetpack_publicize_feature_enabled":true,"jetpack_social_post_already_shared":true,"jetpack_social_options":{"image_generator_settings":{"template":"highway","default_image_id":0,"font":"","enabled":false},"version":2},"jetpack_post_was_ever_published":false},"categories":[2],"tags":[18,74,41],"series":[],"class_list":["post-19826","post","type-post","status-publish","format-standard","hentry","category-limones","tag-hombre","tag-jesus","tag-verdad"],"episode_featured_image":false,"episode_player_image":"https:\/\/i0.wp.com\/quechilero.com\/blog\/imagenes\/podcast.png?fit=1831%2C1831&ssl=1","download_link":"","player_link":"","audio_player":false,"episode_data":{"playerMode":"dark","subscribeUrls":{"amazon":{"key":"amazon","url":"","label":"Amazon","class":"amazon","icon":"amazon.png"},"apple_podcasts":{"key":"apple_podcasts","url":"","label":"Apple Podcasts","class":"apple_podcasts","icon":"apple-podcasts.png"},"castbox":{"key":"castbox","url":"","label":"CastBox","class":"castbox","icon":"castbox.png"},"deezer":{"key":"deezer","url":"","label":"Deezer","class":"deezer","icon":"deezer.png"},"google_podcasts":{"key":"google_podcasts","url":"","label":"Google Podcasts","class":"google_podcasts","icon":"google-podcasts.png"},"listen_notes":{"key":"listen_notes","url":"","label":"Listen Notes","class":"listen_notes","icon":"listen-notes.png"},"pandora":{"key":"pandora","url":"","label":"Pandora","class":"pandora","icon":"pandora.png"},"podbean":{"key":"podbean","url":"","label":"Podbean","class":"podbean","icon":"podbean.png"},"podcast_republic":{"key":"podcast_republic","url":"","label":"Podcast Republic","class":"podcast_republic","icon":"podcast-republic.png"},"rss":{"key":"rss","url":"","label":"RSS","class":"rss","icon":"rss.png"},"spotify":{"key":"spotify","url":"","label":"Spotify","class":"spotify","icon":"spotify.png"},"stitcher":{"key":"stitcher","url":"","label":"Stitcher","class":"stitcher","icon":"stitcher.png"},"tunein":{"key":"tunein","url":"","label":"TuneIn","class":"tunein","icon":"tunein.png"},"youtube":{"key":"youtube","url":"","label":"YouTube","class":"youtube","icon":"youtube.png"},"iheartradio":{"key":"iheartradio","url":"","label":"iHeartRadio","class":"iheartradio","icon":"iheartradio.png"},"ivoox":{"key":"ivoox","url":"","label":"iVoox","class":"ivoox","icon":"ivoox.png"}},"rssFeedUrl":"https:\/\/quechilero.com\/blog\/feed\/podcast\/si-la-vida-nos-da-limones","embedCode":"<blockquote class=\"wp-embedded-content\" data-secret=\"s0PboMAvGX\"><a href=\"https:\/\/quechilero.com\/blog\/2015\/02\/13\/la-lagartija-en-el-pozo\/\">La lagartija en el pozo<\/a><\/blockquote><iframe sandbox=\"allow-scripts\" security=\"restricted\" src=\"https:\/\/quechilero.com\/blog\/2015\/02\/13\/la-lagartija-en-el-pozo\/embed\/#?secret=s0PboMAvGX\" width=\"500\" height=\"350\" title=\"\u00abLa lagartija en el pozo\u00bb \u2014 Si la Vida nos da Limones...\" data-secret=\"s0PboMAvGX\" frameborder=\"0\" marginwidth=\"0\" marginheight=\"0\" scrolling=\"no\" class=\"wp-embedded-content\"><\/iframe><script>\n\/*! This file is auto-generated *\/\n!function(d,l){\"use strict\";l.querySelector&&d.addEventListener&&\"undefined\"!=typeof URL&&(d.wp=d.wp||{},d.wp.receiveEmbedMessage||(d.wp.receiveEmbedMessage=function(e){var t=e.data;if((t||t.secret||t.message||t.value)&&!\/[^a-zA-Z0-9]\/.test(t.secret)){for(var s,r,n,a=l.querySelectorAll('iframe[data-secret=\"'+t.secret+'\"]'),o=l.querySelectorAll('blockquote[data-secret=\"'+t.secret+'\"]'),c=new RegExp(\"^https?:$\",\"i\"),i=0;i<o.length;i++)o[i].style.display=\"none\";for(i=0;i<a.length;i++)s=a[i],e.source===s.contentWindow&&(s.removeAttribute(\"style\"),\"height\"===t.message?(1e3<(r=parseInt(t.value,10))?r=1e3:~~r<200&&(r=200),s.height=r):\"link\"===t.message&&(r=new URL(s.getAttribute(\"src\")),n=new URL(t.value),c.test(n.protocol))&&n.host===r.host&&l.activeElement===s&&(d.top.location.href=t.value))}},d.addEventListener(\"message\",d.wp.receiveEmbedMessage,!1),l.addEventListener(\"DOMContentLoaded\",function(){for(var e,t,s=l.querySelectorAll(\"iframe.wp-embedded-content\"),r=0;r<s.length;r++)(t=(e=s[r]).getAttribute(\"data-secret\"))||(t=Math.random().toString(36).substring(2,12),e.src+=\"#?secret=\"+t,e.setAttribute(\"data-secret\",t)),e.contentWindow.postMessage({message:\"ready\",secret:t},\"*\")},!1)))}(window,document);\n\/\/# sourceURL=https:\/\/quechilero.com\/blog\/wp-includes\/js\/wp-embed.min.js\n<\/script>\n"},"jetpack_publicize_connections":[],"jetpack_shortlink":"https:\/\/wp.me\/pDKli-59M","jetpack_sharing_enabled":true,"jetpack-related-posts":[{"id":16050,"url":"https:\/\/quechilero.com\/blog\/2013\/02\/27\/el-hombre-al-fondo-del-pozo\/","url_meta":{"origin":19826,"position":0},"title":"El hombre al fondo del pozo","author":"Pepe Barrascout Ortiz","date":"27 febrero 2013","format":false,"excerpt":"Hubo en otro tiempo en el Reino de Song, un tal se\u00f1or Ding que no ten\u00eda pozo. Cada d\u00eda, un hombre de la servidumbre dedicaba todo su tiempo para asegurarle el servicio del agua, pues deb\u00eda ir a buscarla muy lejos. Para simplificar el trabajo, Ding hizo cavar un pozo\u2026","rel":"","context":"En \u00abLimones\u00bb","block_context":{"text":"Limones","link":"https:\/\/quechilero.com\/blog\/category\/limones\/"},"img":{"alt_text":"","src":"","width":0,"height":0},"classes":[]},{"id":4627,"url":"https:\/\/quechilero.com\/blog\/2010\/04\/18\/el-pozo\/","url_meta":{"origin":19826,"position":1},"title":"El pozo","author":"Pepe Barrascout Ortiz","date":"18 abril 2010","format":false,"excerpt":"Un pozo fue horadado a orillas de un camino. Los viajeros se sent\u00edan felices de poder sacar agua para apagar su sed. Un d\u00eda se ahog\u00f3 un hombre en \u00e9l, y desde entonces todo el mundo empez\u00f3 a censurar a quien hab\u00eda cavado el pozo en aquel lugar. Shen Meng\u2026","rel":"","context":"En \u00abLimones\u00bb","block_context":{"text":"Limones","link":"https:\/\/quechilero.com\/blog\/category\/limones\/"},"img":{"alt_text":"","src":"","width":0,"height":0},"classes":[]},{"id":13013,"url":"https:\/\/quechilero.com\/blog\/2012\/04\/12\/la-ciudad-de-los-pozos\/","url_meta":{"origin":19826,"position":2},"title":"La Ciudad de los Pozos","author":"Pepe Barrascout Ortiz","date":"12 abril 2012","format":false,"excerpt":"Esta ciudad no estaba habitada por personas, como todas las dem\u00e1s ciudades del planeta. Esa ciudad habitada por pozos. Pozos vivientes... pero pozos al fin. Los pozos se diferenciaban entre s\u00ed, no s\u00f3lo por el lugar en el que estaban excavados sino tambi\u00e9n por el brocal (la abertura que los\u2026","rel":"","context":"En \u00abLimones\u00bb","block_context":{"text":"Limones","link":"https:\/\/quechilero.com\/blog\/category\/limones\/"},"img":{"alt_text":"","src":"","width":0,"height":0},"classes":[]},{"id":879,"url":"https:\/\/quechilero.com\/blog\/2008\/02\/24\/cuaresma-evangelio-24-feb-08\/","url_meta":{"origin":19826,"position":3},"title":"Cuaresma &#8211; Evangelio 24 feb 08","author":"Pepe Barrascout Ortiz","date":"24 febrero 2008","format":false,"excerpt":"Evangelio seg\u00fan San Juan 4,5-42. Lleg\u00f3 a una ciudad de Samar\u00eda llamada Sicar, cerca de las tierras que Jacob hab\u00eda dado a su hijo Jos\u00e9. All\u00e1 se encuentra el pozo de Jacob. Jes\u00fas, fatigado del camino, se hab\u00eda sentado junto al pozo. Era la hora del mediod\u00eda. Una mujer de\u2026","rel":"","context":"En \u00abLimones\u00bb","block_context":{"text":"Limones","link":"https:\/\/quechilero.com\/blog\/category\/limones\/"},"img":{"alt_text":"","src":"","width":0,"height":0},"classes":[]},{"id":16350,"url":"https:\/\/quechilero.com\/blog\/2013\/03\/21\/los-pozos-y-los-grandes-hombres\/","url_meta":{"origin":19826,"position":4},"title":"Los pozos y los grandes hombres","author":"Pepe Barrascout Ortiz","date":"21 marzo 2013","format":false,"excerpt":"Extra\u00f1os pozos aparecieron esa ma\u00f1ana en todos los pueblos y ciudades del mundo; eran muchos y daban miedo \u00bfqu\u00e9 extra\u00f1o animal hab\u00eda salido de esos profundos huecos en la tierra que parec\u00edan no tener fin? La gente, muy alarmada, se reuni\u00f3 en las calles; cerraron los negocios, las f\u00e1bricas, los\u2026","rel":"","context":"En \u00abLimones\u00bb","block_context":{"text":"Limones","link":"https:\/\/quechilero.com\/blog\/category\/limones\/"},"img":{"alt_text":"","src":"","width":0,"height":0},"classes":[]},{"id":17373,"url":"https:\/\/quechilero.com\/blog\/2013\/11\/05\/ya-no-tengo-cascaras-para-mis-cerdos\/","url_meta":{"origin":19826,"position":5},"title":"Ya no tengo c\u00e1scaras para mis cerdos","author":"Pepe Barrascout Ortiz","date":"5 noviembre 2013","format":false,"excerpt":"La monta\u00f1a Hefu queda a treinta li de nuestra aldea. All\u00ed, cerca de un peque\u00f1o lago, existe un templo que todos llaman el Templo de la Madre Wang. Nadie sabe en qu\u00e9 \u00e9poca vivi\u00f3 la madre Wang, pero los viejos cuentan que era una mujer que fabricaba y vend\u00eda vino.\u2026","rel":"","context":"En \u00abLimones\u00bb","block_context":{"text":"Limones","link":"https:\/\/quechilero.com\/blog\/category\/limones\/"},"img":{"alt_text":"","src":"","width":0,"height":0},"classes":[]}],"jetpack_featured_media_url":"","_links":{"self":[{"href":"https:\/\/quechilero.com\/blog\/wp-json\/wp\/v2\/posts\/19826","targetHints":{"allow":["GET"]}}],"collection":[{"href":"https:\/\/quechilero.com\/blog\/wp-json\/wp\/v2\/posts"}],"about":[{"href":"https:\/\/quechilero.com\/blog\/wp-json\/wp\/v2\/types\/post"}],"author":[{"embeddable":true,"href":"https:\/\/quechilero.com\/blog\/wp-json\/wp\/v2\/users\/1"}],"replies":[{"embeddable":true,"href":"https:\/\/quechilero.com\/blog\/wp-json\/wp\/v2\/comments?post=19826"}],"version-history":[{"count":0,"href":"https:\/\/quechilero.com\/blog\/wp-json\/wp\/v2\/posts\/19826\/revisions"}],"wp:attachment":[{"href":"https:\/\/quechilero.com\/blog\/wp-json\/wp\/v2\/media?parent=19826"}],"wp:term":[{"taxonomy":"category","embeddable":true,"href":"https:\/\/quechilero.com\/blog\/wp-json\/wp\/v2\/categories?post=19826"},{"taxonomy":"post_tag","embeddable":true,"href":"https:\/\/quechilero.com\/blog\/wp-json\/wp\/v2\/tags?post=19826"},{"taxonomy":"series","embeddable":true,"href":"https:\/\/quechilero.com\/blog\/wp-json\/wp\/v2\/series?post=19826"}],"curies":[{"name":"wp","href":"https:\/\/api.w.org\/{rel}","templated":true}]}}