{"id":19824,"date":"2015-02-12T08:00:12","date_gmt":"2015-02-12T14:00:12","guid":{"rendered":"http:\/\/quechilero.com\/blog\/?p=19824"},"modified":"2015-01-27T10:54:19","modified_gmt":"2015-01-27T16:54:19","slug":"el-centro-de-la-vida","status":"publish","type":"post","link":"https:\/\/quechilero.com\/blog\/2015\/02\/12\/el-centro-de-la-vida\/","title":{"rendered":"El centro de la vida"},"content":{"rendered":"<p>Yo, me, m\u00ed, conmigo. El s\u00edndrome de Juan Palomo \u00abYo me lo guiso y yo me lo como\u00bb es bastante contempor\u00e1neo. Despu\u00e9s de todo, \u00bfno se me invita a instaurar, al menos de puertas para adentro, la rep\u00fablica independiente de mi vida?<\/p>\n<p>Cuando hacemos un mapa tendemos a poner nuestro pa\u00eds en el centro. Es normal. Parece que la vida arranca de uno mismo, y luego, en c\u00edrculos conc\u00e9ntricos, van entrando los otros. Mis padres, mis hermanos, mis amigos, mis amores, conocidos, desconocidos que pasan por mis d\u00edas. E incluso oigo hablar de desconocidos a quienes no conozco&#8230; Pero, en el centro, yo y mis circunstancias, mi trabajo o mis estudios, mis d\u00edas buenos y los que estoy de malas. Mis problemas e ilusiones. \u00a1No hay forma! La vida as\u00ed es demasiado raqu\u00edtica.<\/p>\n<p>Vivir curvado sobre uno mismo no es demasiado recomendable. Al final pierdes horizonte, perspectiva y realidad. Todo lo propio se vuelve urgente, y ante lo ajeno te vuelves indiferente.<\/p>\n<p>Pero la verdad es que la vida est\u00e1 hecha tambi\u00e9n de otras historias, de cosas que les pasan a los dem\u00e1s. De sus alegr\u00edas y sus dramas. De sus proyectos y sus amores. Y VIVIR, as\u00ed, en may\u00fasculas, es ir tendiendo redes con esos otros, sinti\u00e9ndose parte de algo mayor, sabi\u00e9ndose vinculado a esas otras historias. De otro modo, un ego enorme puede hacerte ciego a los otros. Y ese es el camino seguro a la soledad m\u00e1s vital.<\/p>\n<p>\u00bfParece una locura descentrarse? Pero no lo es. Locura es lo contrario, hacer que todo pivote tan en torno a uno que te quedes como ensimismado. De hecho, \u00bfno es verdad que las mayores preocupaciones, emociones, y lo que de verdad nos apasiona y alegra en la vida, tiene que ver con esos otros, y con el Dios que le pone sentido a todo? Es ah\u00ed donde se juega el amor, las mayores ilusiones, lo que nos quita el sue\u00f1o o lo que nos eleva al cielo.<\/p>\n<p>Convertirse uno mismo en el centro es demasiado min\u00fasculo. Es mejor salir. Salir y dejarse bandear en el encuentro, en el choque, en la diversidad y la diferencia, en las preguntas que uno mismo no sabe responder.<\/p>\n","protected":false},"excerpt":{"rendered":"<p>Yo, me, m\u00ed, conmigo. El s\u00edndrome de Juan Palomo \u00abYo me lo guiso y yo me lo como\u00bb es bastante contempor\u00e1neo. Despu\u00e9s de todo, \u00bfno se me invita a instaurar, al menos de puertas para adentro, la rep\u00fablica independiente de mi vida? Cuando hacemos un mapa tendemos a poner nuestro pa\u00eds en el centro. Es &#8230; <a title=\"El centro de la vida\" class=\"read-more\" href=\"https:\/\/quechilero.com\/blog\/2015\/02\/12\/el-centro-de-la-vida\/\" aria-label=\"Leer m\u00e1s sobre El centro de la vida\">Leer m\u00e1s<\/a><\/p>\n","protected":false},"author":1,"featured_media":0,"comment_status":"open","ping_status":"open","sticky":false,"template":"","format":"standard","meta":{"advanced_seo_description":"","jetpack_seo_html_title":"","jetpack_seo_noindex":false,"jetpack_seo_schema_type":"","episode_type":"","audio_file":"","podmotor_file_id":"","podmotor_episode_id":"","cover_image":"","cover_image_id":"","duration":"","filesize":"","filesize_raw":"","date_recorded":"","explicit":"","block":"","_jetpack_newsletter_access":"","_jetpack_dont_email_post_to_subs":false,"_jetpack_newsletter_tier_id":0,"_jetpack_memberships_contains_paywalled_content":false,"_jetpack_feature_clip_id":0,"_jetpack_memberships_contains_paid_content":false,"footnotes":"","jetpack_publicize_message":"","jetpack_publicize_feature_enabled":true,"jetpack_social_post_already_shared":true,"jetpack_social_options":{"image_generator_settings":{"template":"highway","default_image_id":0,"font":"","enabled":false},"version":2},"jetpack_post_was_ever_published":false},"categories":[2],"tags":[15,12,51,47,56,36,41,24],"series":[],"class_list":["post-19824","post","type-post","status-publish","format-standard","hentry","category-limones","tag-amor","tag-cosas","tag-dios","tag-mapa","tag-sueno","tag-trabajo","tag-verdad","tag-vida"],"episode_featured_image":false,"episode_player_image":"https:\/\/i0.wp.com\/quechilero.com\/blog\/imagenes\/podcast.png?fit=1831%2C1831&ssl=1","download_link":"","player_link":"","audio_player":false,"episode_data":{"playerMode":"dark","subscribeUrls":{"amazon":{"key":"amazon","url":"","label":"Amazon","class":"amazon","icon":"amazon.png"},"apple_podcasts":{"key":"apple_podcasts","url":"","label":"Apple Podcasts","class":"apple_podcasts","icon":"apple-podcasts.png"},"castbox":{"key":"castbox","url":"","label":"CastBox","class":"castbox","icon":"castbox.png"},"deezer":{"key":"deezer","url":"","label":"Deezer","class":"deezer","icon":"deezer.png"},"google_podcasts":{"key":"google_podcasts","url":"","label":"Google Podcasts","class":"google_podcasts","icon":"google-podcasts.png"},"listen_notes":{"key":"listen_notes","url":"","label":"Listen Notes","class":"listen_notes","icon":"listen-notes.png"},"pandora":{"key":"pandora","url":"","label":"Pandora","class":"pandora","icon":"pandora.png"},"podbean":{"key":"podbean","url":"","label":"Podbean","class":"podbean","icon":"podbean.png"},"podcast_republic":{"key":"podcast_republic","url":"","label":"Podcast Republic","class":"podcast_republic","icon":"podcast-republic.png"},"rss":{"key":"rss","url":"","label":"RSS","class":"rss","icon":"rss.png"},"spotify":{"key":"spotify","url":"","label":"Spotify","class":"spotify","icon":"spotify.png"},"stitcher":{"key":"stitcher","url":"","label":"Stitcher","class":"stitcher","icon":"stitcher.png"},"tunein":{"key":"tunein","url":"","label":"TuneIn","class":"tunein","icon":"tunein.png"},"youtube":{"key":"youtube","url":"","label":"YouTube","class":"youtube","icon":"youtube.png"},"iheartradio":{"key":"iheartradio","url":"","label":"iHeartRadio","class":"iheartradio","icon":"iheartradio.png"},"ivoox":{"key":"ivoox","url":"","label":"iVoox","class":"ivoox","icon":"ivoox.png"}},"rssFeedUrl":"https:\/\/quechilero.com\/blog\/feed\/podcast\/si-la-vida-nos-da-limones","embedCode":"<blockquote class=\"wp-embedded-content\" data-secret=\"2ftXLrPAuk\"><a href=\"https:\/\/quechilero.com\/blog\/2015\/02\/12\/el-centro-de-la-vida\/\">El centro de la vida<\/a><\/blockquote><iframe sandbox=\"allow-scripts\" security=\"restricted\" src=\"https:\/\/quechilero.com\/blog\/2015\/02\/12\/el-centro-de-la-vida\/embed\/#?secret=2ftXLrPAuk\" width=\"500\" height=\"350\" title=\"\u00abEl centro de la vida\u00bb \u2014 Si la Vida nos da Limones...\" data-secret=\"2ftXLrPAuk\" frameborder=\"0\" marginwidth=\"0\" marginheight=\"0\" scrolling=\"no\" class=\"wp-embedded-content\"><\/iframe><script>\n\/*! This file is auto-generated *\/\n!function(d,l){\"use strict\";l.querySelector&&d.addEventListener&&\"undefined\"!=typeof URL&&(d.wp=d.wp||{},d.wp.receiveEmbedMessage||(d.wp.receiveEmbedMessage=function(e){var t=e.data;if((t||t.secret||t.message||t.value)&&!\/[^a-zA-Z0-9]\/.test(t.secret)){for(var s,r,n,a=l.querySelectorAll('iframe[data-secret=\"'+t.secret+'\"]'),o=l.querySelectorAll('blockquote[data-secret=\"'+t.secret+'\"]'),c=new RegExp(\"^https?:$\",\"i\"),i=0;i<o.length;i++)o[i].style.display=\"none\";for(i=0;i<a.length;i++)s=a[i],e.source===s.contentWindow&&(s.removeAttribute(\"style\"),\"height\"===t.message?(1e3<(r=parseInt(t.value,10))?r=1e3:~~r<200&&(r=200),s.height=r):\"link\"===t.message&&(r=new URL(s.getAttribute(\"src\")),n=new URL(t.value),c.test(n.protocol))&&n.host===r.host&&l.activeElement===s&&(d.top.location.href=t.value))}},d.addEventListener(\"message\",d.wp.receiveEmbedMessage,!1),l.addEventListener(\"DOMContentLoaded\",function(){for(var e,t,s=l.querySelectorAll(\"iframe.wp-embedded-content\"),r=0;r<s.length;r++)(t=(e=s[r]).getAttribute(\"data-secret\"))||(t=Math.random().toString(36).substring(2,12),e.src+=\"#?secret=\"+t,e.setAttribute(\"data-secret\",t)),e.contentWindow.postMessage({message:\"ready\",secret:t},\"*\")},!1)))}(window,document);\n\/\/# sourceURL=https:\/\/quechilero.com\/blog\/wp-includes\/js\/wp-embed.min.js\n<\/script>\n"},"jetpack_publicize_connections":[],"jetpack_shortlink":"https:\/\/wp.me\/pDKli-59K","jetpack_sharing_enabled":true,"jetpack-related-posts":[{"id":21438,"url":"https:\/\/quechilero.com\/blog\/2015\/08\/13\/quien-muere\/","url_meta":{"origin":19824,"position":0},"title":"\u00bfQui\u00e9n muere?","author":"Pepe Barrascout Ortiz","date":"13 agosto 2015","format":false,"excerpt":"Muere lentamente quien se transforma en esclavo del h\u00e1bito, repitiendo todos los d\u00edas los mismos trayectos, quien no cambia de marca, no arriesga vestir un color nuevo y no le habla a quien no conoce. Muere lentamente quien hace de la televisi\u00f3n su gur\u00fa. Muere lentamente quien evita una pasi\u00f3n,\u2026","rel":"","context":"En \u00abLimones\u00bb","block_context":{"text":"Limones","link":"https:\/\/quechilero.com\/blog\/category\/limones\/"},"img":{"alt_text":"","src":"","width":0,"height":0},"classes":[]},{"id":3726,"url":"https:\/\/quechilero.com\/blog\/2009\/10\/18\/sigue-el-mapa\/","url_meta":{"origin":19824,"position":1},"title":"Sigue el mapa","author":"Pepe Barrascout Ortiz","date":"18 octubre 2009","format":false,"excerpt":"Si fueras a emprender un largo viaje y desconocieras el camino, llevar\u00edas contigo un mapa, \u00bfno es cierto? La verdad es que en este momento te hallas embarcado en una larga traves\u00eda, la de la vida. El Gu\u00eda que conoce el camino instruy\u00f3 a algunos de Sus hombres para que\u2026","rel":"","context":"En \u00abLimones\u00bb","block_context":{"text":"Limones","link":"https:\/\/quechilero.com\/blog\/category\/limones\/"},"img":{"alt_text":"","src":"","width":0,"height":0},"classes":[]},{"id":5951,"url":"https:\/\/quechilero.com\/blog\/2010\/11\/01\/fiesta-de-todos-los-santos\/","url_meta":{"origin":19824,"position":2},"title":"Fiesta de Todos los Santos","author":"Pepe Barrascout Ortiz","date":"1 noviembre 2010","format":false,"excerpt":"Este d\u00eda se celebran a todos los millones de personas que han llegado al cielo, aunque sean desconocidos para nosotros. Santo es aquel que ha llegado al cielo, algunos han sido canonizados y son por esto propuestos por la Iglesia como ejemplos de vida cristiana. La comuni\u00f3n de los santos,\u2026","rel":"","context":"En \u00abLimones\u00bb","block_context":{"text":"Limones","link":"https:\/\/quechilero.com\/blog\/category\/limones\/"},"img":{"alt_text":"","src":"","width":0,"height":0},"classes":[]},{"id":19828,"url":"https:\/\/quechilero.com\/blog\/2015\/02\/15\/el-temor-debilitarse\/","url_meta":{"origin":19824,"position":3},"title":"El temor a debilitarse","author":"Pepe Barrascout Ortiz","date":"15 febrero 2015","format":false,"excerpt":"Las personas que son d\u00e9biles espiritualmente tienen muchos temores a debilitarse. Se sienten fr\u00e1giles, y por eso creen que se pueden desgastar y enfermar por cualquier cosa. Pero ese mismo temor los debilita m\u00e1s y los expone a enfermarse. Adem\u00e1s, como est\u00e1n pendientes de cualquier dolor, cada vez que comienzan\u2026","rel":"","context":"En \u00abLimones\u00bb","block_context":{"text":"Limones","link":"https:\/\/quechilero.com\/blog\/category\/limones\/"},"img":{"alt_text":"","src":"","width":0,"height":0},"classes":[]},{"id":128,"url":"https:\/\/quechilero.com\/blog\/2006\/08\/11\/mapa-en-relieve\/","url_meta":{"origin":19824,"position":4},"title":"Mapa en Relieve","author":"Pepe Barrascout Ortiz","date":"11 agosto 2006","format":false,"excerpt":"No hay nada que me recuerde m\u00e1s mi infancia que el Mapa en Relieve y el \"Hipodromo del Norte\". No se porqu\u00e9 se le llamaba hip\u00f3dromo si nunca supe que se corrieran caballos all\u00ed, aunque seg\u00fan cuenta la leyenda alguna vez as\u00ed fue, al final de la avenida Sime\u00f3n Ca\u00f1as\u2026","rel":"","context":"En \u00abLimones\u00bb","block_context":{"text":"Limones","link":"https:\/\/quechilero.com\/blog\/category\/limones\/"},"img":{"alt_text":"Mapa en Relieve","src":"https:\/\/i0.wp.com\/static.flickr.com\/74\/210588966_22e5705f78.jpg?resize=350%2C200","width":350,"height":200},"classes":[]},{"id":17589,"url":"https:\/\/quechilero.com\/blog\/2013\/12\/17\/se-feliz-a-tiempo\/","url_meta":{"origin":19824,"position":5},"title":"S\u00e9 Feliz a tiempo","author":"Pepe Barrascout Ortiz","date":"17 diciembre 2013","format":false,"excerpt":"Cuenta la leyenda que un hombre oy\u00f3 decir que la Felicidad era un tesoro. A partir de aquel instante comenz\u00f3 a buscarla. Primero, se aventur\u00f3 por el placer y por todo lo sensual; luego, por el poder y la riqueza; despu\u00e9s, por la fama y la gloria... Y as\u00ed fue\u2026","rel":"","context":"En \u00abLimones\u00bb","block_context":{"text":"Limones","link":"https:\/\/quechilero.com\/blog\/category\/limones\/"},"img":{"alt_text":"","src":"","width":0,"height":0},"classes":[]}],"jetpack_featured_media_url":"","_links":{"self":[{"href":"https:\/\/quechilero.com\/blog\/wp-json\/wp\/v2\/posts\/19824","targetHints":{"allow":["GET"]}}],"collection":[{"href":"https:\/\/quechilero.com\/blog\/wp-json\/wp\/v2\/posts"}],"about":[{"href":"https:\/\/quechilero.com\/blog\/wp-json\/wp\/v2\/types\/post"}],"author":[{"embeddable":true,"href":"https:\/\/quechilero.com\/blog\/wp-json\/wp\/v2\/users\/1"}],"replies":[{"embeddable":true,"href":"https:\/\/quechilero.com\/blog\/wp-json\/wp\/v2\/comments?post=19824"}],"version-history":[{"count":0,"href":"https:\/\/quechilero.com\/blog\/wp-json\/wp\/v2\/posts\/19824\/revisions"}],"wp:attachment":[{"href":"https:\/\/quechilero.com\/blog\/wp-json\/wp\/v2\/media?parent=19824"}],"wp:term":[{"taxonomy":"category","embeddable":true,"href":"https:\/\/quechilero.com\/blog\/wp-json\/wp\/v2\/categories?post=19824"},{"taxonomy":"post_tag","embeddable":true,"href":"https:\/\/quechilero.com\/blog\/wp-json\/wp\/v2\/tags?post=19824"},{"taxonomy":"series","embeddable":true,"href":"https:\/\/quechilero.com\/blog\/wp-json\/wp\/v2\/series?post=19824"}],"curies":[{"name":"wp","href":"https:\/\/api.w.org\/{rel}","templated":true}]}}