{"id":19822,"date":"2015-02-11T08:00:49","date_gmt":"2015-02-11T14:00:49","guid":{"rendered":"http:\/\/quechilero.com\/blog\/?p=19822"},"modified":"2015-01-27T10:52:52","modified_gmt":"2015-01-27T16:52:52","slug":"nada-mas-que-la-verdad","status":"publish","type":"post","link":"https:\/\/quechilero.com\/blog\/2015\/02\/11\/nada-mas-que-la-verdad\/","title":{"rendered":"\u00a1Nada m\u00e1s que la verdad!"},"content":{"rendered":"<p>David Casstevens, del peri\u00f3dico Dallas Morning News, cuenta un episodio referente a Frank Szymanski, estudiante de la Universidad de Notre Dame all\u00e1 por los a\u00f1os cuarenta, a quien hab\u00edan llamado como testigo en un proceso civil en el South Bend.<\/p>\n<p>&#8211; Este a\u00f1o, \u00bfest\u00e1 usted en el equipo de f\u00fatbol del Notre Dame?<\/p>\n<p>&#8211; S\u00ed, Se\u00f1or\u00eda.<\/p>\n<p>&#8211; \u00bfEn qu\u00e9 posici\u00f3n?<\/p>\n<p>&#8211; Centro, Se\u00f1or\u00eda.<\/p>\n<p>&#8211; Y \u00bfqu\u00e9 tal centro es?<\/p>\n<p>Szymanski se removi\u00f3 en su asiento, pero respondi\u00f3 con voz firme:<\/p>\n<p>&#8211; Se\u00f1or, soy el mejor centro que jam\u00e1s haya tenido el equipo de Notre Dame.<\/p>\n<p>El entrenador Frank Leahy, que se encontraba en la sala del tribunal, se qued\u00f3 sorprendido: Szymanski hab\u00eda sido siempre modesto y nada fanfarr\u00f3n, de manera que, terminada la sesi\u00f3n del tribunal, Leahy hizo un aparte con \u00e9l para preguntarle por qu\u00e9 se hab\u00eda expresado de esa manera. Szymanski se ruboriz\u00f3.<\/p>\n<p>&#8211; Me supo muy mal hacerlo, entrenador -fue su respuesta-, pero es que, despu\u00e9s de todo, estaba bajo juramento.<\/p>\n","protected":false},"excerpt":{"rendered":"<p>David Casstevens, del peri\u00f3dico Dallas Morning News, cuenta un episodio referente a Frank Szymanski, estudiante de la Universidad de Notre Dame all\u00e1 por los a\u00f1os cuarenta, a quien hab\u00edan llamado como testigo en un proceso civil en el South Bend. &#8211; Este a\u00f1o, \u00bfest\u00e1 usted en el equipo de f\u00fatbol del Notre Dame? &#8211; S\u00ed, &#8230; <a title=\"\u00a1Nada m\u00e1s que la verdad!\" class=\"read-more\" href=\"https:\/\/quechilero.com\/blog\/2015\/02\/11\/nada-mas-que-la-verdad\/\" aria-label=\"Leer m\u00e1s sobre \u00a1Nada m\u00e1s que la verdad!\">Leer m\u00e1s<\/a><\/p>\n","protected":false},"author":1,"featured_media":0,"comment_status":"open","ping_status":"open","sticky":false,"template":"","format":"standard","meta":{"advanced_seo_description":"","jetpack_seo_html_title":"","jetpack_seo_noindex":false,"jetpack_seo_schema_type":"","episode_type":"","audio_file":"","podmotor_file_id":"","podmotor_episode_id":"","cover_image":"","cover_image_id":"","duration":"","filesize":"","filesize_raw":"","date_recorded":"","explicit":"","block":"","_jetpack_newsletter_access":"","_jetpack_dont_email_post_to_subs":false,"_jetpack_newsletter_tier_id":0,"_jetpack_memberships_contains_paywalled_content":false,"_jetpack_feature_clip_id":0,"_jetpack_memberships_contains_paid_content":false,"footnotes":"","jetpack_publicize_message":"","jetpack_publicize_feature_enabled":true,"jetpack_social_post_already_shared":true,"jetpack_social_options":{"image_generator_settings":{"template":"highway","default_image_id":0,"font":"","enabled":false},"version":2},"jetpack_post_was_ever_published":false},"categories":[2],"tags":[16,22,41],"series":[],"class_list":["post-19822","post","type-post","status-publish","format-standard","hentry","category-limones","tag-equipo","tag-respuesta","tag-verdad"],"episode_featured_image":false,"episode_player_image":"https:\/\/i0.wp.com\/quechilero.com\/blog\/imagenes\/podcast.png?fit=1831%2C1831&ssl=1","download_link":"","player_link":"","audio_player":false,"episode_data":{"playerMode":"dark","subscribeUrls":{"amazon":{"key":"amazon","url":"","label":"Amazon","class":"amazon","icon":"amazon.png"},"apple_podcasts":{"key":"apple_podcasts","url":"","label":"Apple Podcasts","class":"apple_podcasts","icon":"apple-podcasts.png"},"castbox":{"key":"castbox","url":"","label":"CastBox","class":"castbox","icon":"castbox.png"},"deezer":{"key":"deezer","url":"","label":"Deezer","class":"deezer","icon":"deezer.png"},"google_podcasts":{"key":"google_podcasts","url":"","label":"Google Podcasts","class":"google_podcasts","icon":"google-podcasts.png"},"listen_notes":{"key":"listen_notes","url":"","label":"Listen Notes","class":"listen_notes","icon":"listen-notes.png"},"pandora":{"key":"pandora","url":"","label":"Pandora","class":"pandora","icon":"pandora.png"},"podbean":{"key":"podbean","url":"","label":"Podbean","class":"podbean","icon":"podbean.png"},"podcast_republic":{"key":"podcast_republic","url":"","label":"Podcast Republic","class":"podcast_republic","icon":"podcast-republic.png"},"rss":{"key":"rss","url":"","label":"RSS","class":"rss","icon":"rss.png"},"spotify":{"key":"spotify","url":"","label":"Spotify","class":"spotify","icon":"spotify.png"},"stitcher":{"key":"stitcher","url":"","label":"Stitcher","class":"stitcher","icon":"stitcher.png"},"tunein":{"key":"tunein","url":"","label":"TuneIn","class":"tunein","icon":"tunein.png"},"youtube":{"key":"youtube","url":"","label":"YouTube","class":"youtube","icon":"youtube.png"},"iheartradio":{"key":"iheartradio","url":"","label":"iHeartRadio","class":"iheartradio","icon":"iheartradio.png"},"ivoox":{"key":"ivoox","url":"","label":"iVoox","class":"ivoox","icon":"ivoox.png"}},"rssFeedUrl":"https:\/\/quechilero.com\/blog\/feed\/podcast\/si-la-vida-nos-da-limones","embedCode":"<blockquote class=\"wp-embedded-content\" data-secret=\"iEtLI8Ov9u\"><a href=\"https:\/\/quechilero.com\/blog\/2015\/02\/11\/nada-mas-que-la-verdad\/\">\u00a1Nada m\u00e1s que la verdad!<\/a><\/blockquote><iframe sandbox=\"allow-scripts\" security=\"restricted\" src=\"https:\/\/quechilero.com\/blog\/2015\/02\/11\/nada-mas-que-la-verdad\/embed\/#?secret=iEtLI8Ov9u\" width=\"500\" height=\"350\" title=\"\u00ab\u00a1Nada m\u00e1s que la verdad!\u00bb \u2014 Si la Vida nos da Limones...\" data-secret=\"iEtLI8Ov9u\" frameborder=\"0\" marginwidth=\"0\" marginheight=\"0\" scrolling=\"no\" class=\"wp-embedded-content\"><\/iframe><script>\n\/*! This file is auto-generated *\/\n!function(d,l){\"use strict\";l.querySelector&&d.addEventListener&&\"undefined\"!=typeof URL&&(d.wp=d.wp||{},d.wp.receiveEmbedMessage||(d.wp.receiveEmbedMessage=function(e){var t=e.data;if((t||t.secret||t.message||t.value)&&!\/[^a-zA-Z0-9]\/.test(t.secret)){for(var s,r,n,a=l.querySelectorAll('iframe[data-secret=\"'+t.secret+'\"]'),o=l.querySelectorAll('blockquote[data-secret=\"'+t.secret+'\"]'),c=new RegExp(\"^https?:$\",\"i\"),i=0;i<o.length;i++)o[i].style.display=\"none\";for(i=0;i<a.length;i++)s=a[i],e.source===s.contentWindow&&(s.removeAttribute(\"style\"),\"height\"===t.message?(1e3<(r=parseInt(t.value,10))?r=1e3:~~r<200&&(r=200),s.height=r):\"link\"===t.message&&(r=new URL(s.getAttribute(\"src\")),n=new URL(t.value),c.test(n.protocol))&&n.host===r.host&&l.activeElement===s&&(d.top.location.href=t.value))}},d.addEventListener(\"message\",d.wp.receiveEmbedMessage,!1),l.addEventListener(\"DOMContentLoaded\",function(){for(var e,t,s=l.querySelectorAll(\"iframe.wp-embedded-content\"),r=0;r<s.length;r++)(t=(e=s[r]).getAttribute(\"data-secret\"))||(t=Math.random().toString(36).substring(2,12),e.src+=\"#?secret=\"+t,e.setAttribute(\"data-secret\",t)),e.contentWindow.postMessage({message:\"ready\",secret:t},\"*\")},!1)))}(window,document);\n\/\/# sourceURL=https:\/\/quechilero.com\/blog\/wp-includes\/js\/wp-embed.min.js\n<\/script>\n"},"jetpack_publicize_connections":[],"jetpack_shortlink":"https:\/\/wp.me\/pDKli-59I","jetpack_sharing_enabled":true,"jetpack-related-posts":[{"id":1051,"url":"https:\/\/quechilero.com\/blog\/2008\/08\/13\/la-muerte-no-arregla-nada\/","url_meta":{"origin":19822,"position":0},"title":"La muerte no arregla nada","author":"Pepe Barrascout Ortiz","date":"13 agosto 2008","format":false,"excerpt":"Cierto d\u00eda, estando Benjam\u00edn Franklin en Francia, se encontr\u00f3 en un caf\u00e9 con un individuo que ol\u00eda mal y le dijo: - \u00bfPuede usted retirarse un poco? - \u00bfPor qu\u00e9? - Porque huele muy mal. - \u00a1Esto es un insulto grave! Me debe una satisfacci\u00f3n y lo reto a muerte.\u2026","rel":"","context":"En \u00abLimones\u00bb","block_context":{"text":"Limones","link":"https:\/\/quechilero.com\/blog\/category\/limones\/"},"img":{"alt_text":"","src":"","width":0,"height":0},"classes":[]},{"id":24655,"url":"https:\/\/quechilero.com\/blog\/2010\/11\/22\/podcast-las-6-de-la-manana-episodio-40\/","url_meta":{"origin":19822,"position":1},"title":"Podcast: Las 6 de la ma\u00f1ana, episodio 40","author":"Pepe Barrascout Ortiz","date":"22 noviembre 2010","format":false,"excerpt":"Bienvenidos al cuadrag\u00e9simo episodio de\u00a0\u201cLas \u00a06 de la ma\u00f1ana\u201d, un podcast que trae 6 canciones, para que iniciemos el d\u00eda, de forma positiva y con \u00e1nimo. El listado para hoy es: Artista \/ Tema 01 - Alexander Frost - Alexander Frost - Danmark Jeg elsker Dig 02 - Hillaby -\u2026","rel":"","context":"En \u00abLas 6 de la ma\u00f1ana\u00bb","block_context":{"text":"Las 6 de la ma\u00f1ana","link":"https:\/\/quechilero.com\/blog\/category\/podcast\/las-6-de-la-manana\/"},"img":{"alt_text":"","src":"https:\/\/i0.wp.com\/quechilero.com\/blog\/imagenes\/las6am.jpg?fit=620%2C350&ssl=1&resize=350%2C200","width":350,"height":200,"srcset":"https:\/\/i0.wp.com\/quechilero.com\/blog\/imagenes\/las6am.jpg?fit=620%2C350&ssl=1&resize=350%2C200 1x, https:\/\/i0.wp.com\/quechilero.com\/blog\/imagenes\/las6am.jpg?fit=620%2C350&ssl=1&resize=525%2C300 1.5x"},"classes":[]},{"id":24050,"url":"https:\/\/quechilero.com\/blog\/2012\/07\/19\/podcast-las-6-de-la-manana-episodio-645\/","url_meta":{"origin":19822,"position":2},"title":"Podcast: Las 6 de la ma\u00f1ana, episodio 645","author":"Pepe Barrascout Ortiz","date":"19 julio 2012","format":false,"excerpt":"Bienvenidos al sexcent\u00e9simo cuadrag\u00e9simo quinto episodio de\u00a0\u201cLas \u00a06 de la ma\u00f1ana\u201d, un podcast que trae 6 canciones, para que iniciemos el d\u00eda, de forma positiva y con \u00e1nimo. El listado para hoy es: Artista \/ Tema 01 - guarapita - Laisser aller 02 - Goo Goo Cluster - The Goo\u2026","rel":"","context":"En \u00abLas 6 de la ma\u00f1ana\u00bb","block_context":{"text":"Las 6 de la ma\u00f1ana","link":"https:\/\/quechilero.com\/blog\/category\/podcast\/las-6-de-la-manana\/"},"img":{"alt_text":"","src":"https:\/\/i0.wp.com\/quechilero.com\/blog\/imagenes\/las6am.jpg?fit=620%2C350&ssl=1&resize=350%2C200","width":350,"height":200,"srcset":"https:\/\/i0.wp.com\/quechilero.com\/blog\/imagenes\/las6am.jpg?fit=620%2C350&ssl=1&resize=350%2C200 1x, https:\/\/i0.wp.com\/quechilero.com\/blog\/imagenes\/las6am.jpg?fit=620%2C350&ssl=1&resize=525%2C300 1.5x"},"classes":[]},{"id":879,"url":"https:\/\/quechilero.com\/blog\/2008\/02\/24\/cuaresma-evangelio-24-feb-08\/","url_meta":{"origin":19822,"position":3},"title":"Cuaresma &#8211; Evangelio 24 feb 08","author":"Pepe Barrascout Ortiz","date":"24 febrero 2008","format":false,"excerpt":"Evangelio seg\u00fan San Juan 4,5-42. Lleg\u00f3 a una ciudad de Samar\u00eda llamada Sicar, cerca de las tierras que Jacob hab\u00eda dado a su hijo Jos\u00e9. All\u00e1 se encuentra el pozo de Jacob. Jes\u00fas, fatigado del camino, se hab\u00eda sentado junto al pozo. Era la hora del mediod\u00eda. Una mujer de\u2026","rel":"","context":"En \u00abLimones\u00bb","block_context":{"text":"Limones","link":"https:\/\/quechilero.com\/blog\/category\/limones\/"},"img":{"alt_text":"","src":"","width":0,"height":0},"classes":[]},{"id":976,"url":"https:\/\/quechilero.com\/blog\/2008\/05\/23\/no-puedes-vivir-solo\/","url_meta":{"origin":19822,"position":4},"title":"No puedes vivir solo","author":"Pepe Barrascout Ortiz","date":"23 mayo 2008","format":false,"excerpt":"El almirante Byrd, en uno de sus viajes a la Ant\u00e1rtica, pas\u00f3 varios meses solo, lejos de su grupo, viviendo en una caba\u00f1a equipada con toscos muebles. No ten\u00eda m\u00e1s compa\u00f1\u00eda que las fuertes tormentas ant\u00e1rticas. Sin ayuda, limpiaba su caba\u00f1a, examinaba sus instrumentos, preparaba sus comidas, etc. Al leer\u2026","rel":"","context":"En \u00abLimones\u00bb","block_context":{"text":"Limones","link":"https:\/\/quechilero.com\/blog\/category\/limones\/"},"img":{"alt_text":"","src":"","width":0,"height":0},"classes":[]},{"id":6709,"url":"https:\/\/quechilero.com\/blog\/2011\/01\/21\/la-verdadera-grandeza\/","url_meta":{"origin":19822,"position":5},"title":"La verdadera grandeza","author":"Pepe Barrascout Ortiz","date":"21 enero 2011","format":false,"excerpt":"Una tarde, mientras regresaba de la capital a su casa, el senador John Stennis fue asaltado a mano armada. A pesar de que Stennis entreg\u00f3 lo poco de valor que ten\u00eda, los asaltantes le dispararon dos veces, peg\u00e1ndole en el est\u00f3mago y en la pierna. Los cirujanos del Centro M\u00e9dico\u2026","rel":"","context":"En \u00abLimones\u00bb","block_context":{"text":"Limones","link":"https:\/\/quechilero.com\/blog\/category\/limones\/"},"img":{"alt_text":"","src":"","width":0,"height":0},"classes":[]}],"jetpack_featured_media_url":"","_links":{"self":[{"href":"https:\/\/quechilero.com\/blog\/wp-json\/wp\/v2\/posts\/19822","targetHints":{"allow":["GET"]}}],"collection":[{"href":"https:\/\/quechilero.com\/blog\/wp-json\/wp\/v2\/posts"}],"about":[{"href":"https:\/\/quechilero.com\/blog\/wp-json\/wp\/v2\/types\/post"}],"author":[{"embeddable":true,"href":"https:\/\/quechilero.com\/blog\/wp-json\/wp\/v2\/users\/1"}],"replies":[{"embeddable":true,"href":"https:\/\/quechilero.com\/blog\/wp-json\/wp\/v2\/comments?post=19822"}],"version-history":[{"count":0,"href":"https:\/\/quechilero.com\/blog\/wp-json\/wp\/v2\/posts\/19822\/revisions"}],"wp:attachment":[{"href":"https:\/\/quechilero.com\/blog\/wp-json\/wp\/v2\/media?parent=19822"}],"wp:term":[{"taxonomy":"category","embeddable":true,"href":"https:\/\/quechilero.com\/blog\/wp-json\/wp\/v2\/categories?post=19822"},{"taxonomy":"post_tag","embeddable":true,"href":"https:\/\/quechilero.com\/blog\/wp-json\/wp\/v2\/tags?post=19822"},{"taxonomy":"series","embeddable":true,"href":"https:\/\/quechilero.com\/blog\/wp-json\/wp\/v2\/series?post=19822"}],"curies":[{"name":"wp","href":"https:\/\/api.w.org\/{rel}","templated":true}]}}