{"id":19820,"date":"2015-02-10T08:00:25","date_gmt":"2015-02-10T14:00:25","guid":{"rendered":"http:\/\/quechilero.com\/blog\/?p=19820"},"modified":"2015-01-27T10:51:28","modified_gmt":"2015-01-27T16:51:28","slug":"paraiso","status":"publish","type":"post","link":"https:\/\/quechilero.com\/blog\/2015\/02\/10\/paraiso\/","title":{"rendered":"Para\u00edso"},"content":{"rendered":"<p>Cierta noche tres amigos ascend\u00edan por la pendiente del monte Sina\u00ed, esperando llegar a la cima antes del anochecer. Estaban ansiosos por respirar el mismo aire donde, siglos atr\u00e1s, hab\u00edan resonado las voces de Dios y de Mois\u00e9s.<\/p>\n<p>&#8211; Hagamos un alto para reponer fuerzas -propuso el de m\u00e1s edad, al llegar a una planicie del monte.<\/p>\n<p>Encendieron un fuego, repartieron pan y queso de cabra, y llenaron sus copas con vino de Grecia.<\/p>\n<p>&#8211; Amigos m\u00edos -dijo el m\u00e1s joven- \u00bfSab\u00e9is, c\u00f3mo me imagino el para\u00edso? Como un lugar con mujeres bellas, banquetes deliciosos y siestas profundas sin sobresaltos.<\/p>\n<p>Al o\u00edr esto, el otro joven se entusiasm\u00f3 y exclam\u00f3:<\/p>\n<p>&#8211; Para m\u00ed, el para\u00edso es un lugar con una eterna primavera, r\u00edos de agua cristalina y aldeas tranquilas, donde habitan los grandes hombres de la historia, con quienes se puede hablar y compartir la sabidur\u00eda, cada vez que a uno le plazca.<\/p>\n<p>Luego le preguntaron al mayor, que hab\u00eda escuchado sonriente y en silencio el relato de sus compa\u00f1eros de aventura, \u00bfc\u00f3mo imaginaba el para\u00edso?<\/p>\n<p>Con inmensa paz espiritual respondi\u00f3:<\/p>\n<p>&#8211; Yo me lo imagino como una planicie del monte Sina\u00ed, donde tres buenos amigos se detienen, se sientan alrededor del fuego, saborean el pan y el queso, beben vino griego y hablan del Para\u00edso a la luz de las estrellas.<\/p>\n","protected":false},"excerpt":{"rendered":"<p>Cierta noche tres amigos ascend\u00edan por la pendiente del monte Sina\u00ed, esperando llegar a la cima antes del anochecer. Estaban ansiosos por respirar el mismo aire donde, siglos atr\u00e1s, hab\u00edan resonado las voces de Dios y de Mois\u00e9s. &#8211; Hagamos un alto para reponer fuerzas -propuso el de m\u00e1s edad, al llegar a una planicie &#8230; <a title=\"Para\u00edso\" class=\"read-more\" href=\"https:\/\/quechilero.com\/blog\/2015\/02\/10\/paraiso\/\" aria-label=\"Leer m\u00e1s sobre Para\u00edso\">Leer m\u00e1s<\/a><\/p>\n","protected":false},"author":1,"featured_media":0,"comment_status":"open","ping_status":"open","sticky":false,"template":"","format":"standard","meta":{"advanced_seo_description":"","jetpack_seo_html_title":"","jetpack_seo_noindex":false,"jetpack_seo_schema_type":"","episode_type":"","audio_file":"","podmotor_file_id":"","podmotor_episode_id":"","cover_image":"","cover_image_id":"","duration":"","filesize":"","filesize_raw":"","date_recorded":"","explicit":"","block":"","_jetpack_newsletter_access":"","_jetpack_dont_email_post_to_subs":false,"_jetpack_newsletter_tier_id":0,"_jetpack_memberships_contains_paywalled_content":false,"_jetpack_feature_clip_id":0,"_jetpack_memberships_contains_paid_content":false,"footnotes":"","jetpack_publicize_message":"","jetpack_publicize_feature_enabled":true,"jetpack_social_post_already_shared":true,"jetpack_social_options":{"image_generator_settings":{"template":"highway","default_image_id":0,"font":"","enabled":false},"version":2},"jetpack_post_was_ever_published":false},"categories":[2],"tags":[51,17,40],"series":[],"class_list":["post-19820","post","type-post","status-publish","format-standard","hentry","category-limones","tag-dios","tag-historia","tag-paz"],"episode_featured_image":false,"episode_player_image":"https:\/\/i0.wp.com\/quechilero.com\/blog\/imagenes\/podcast.png?fit=1831%2C1831&ssl=1","download_link":"","player_link":"","audio_player":false,"episode_data":{"playerMode":"dark","subscribeUrls":{"amazon":{"key":"amazon","url":"","label":"Amazon","class":"amazon","icon":"amazon.png"},"apple_podcasts":{"key":"apple_podcasts","url":"","label":"Apple Podcasts","class":"apple_podcasts","icon":"apple-podcasts.png"},"castbox":{"key":"castbox","url":"","label":"CastBox","class":"castbox","icon":"castbox.png"},"deezer":{"key":"deezer","url":"","label":"Deezer","class":"deezer","icon":"deezer.png"},"google_podcasts":{"key":"google_podcasts","url":"","label":"Google Podcasts","class":"google_podcasts","icon":"google-podcasts.png"},"listen_notes":{"key":"listen_notes","url":"","label":"Listen Notes","class":"listen_notes","icon":"listen-notes.png"},"pandora":{"key":"pandora","url":"","label":"Pandora","class":"pandora","icon":"pandora.png"},"podbean":{"key":"podbean","url":"","label":"Podbean","class":"podbean","icon":"podbean.png"},"podcast_republic":{"key":"podcast_republic","url":"","label":"Podcast Republic","class":"podcast_republic","icon":"podcast-republic.png"},"rss":{"key":"rss","url":"","label":"RSS","class":"rss","icon":"rss.png"},"spotify":{"key":"spotify","url":"","label":"Spotify","class":"spotify","icon":"spotify.png"},"stitcher":{"key":"stitcher","url":"","label":"Stitcher","class":"stitcher","icon":"stitcher.png"},"tunein":{"key":"tunein","url":"","label":"TuneIn","class":"tunein","icon":"tunein.png"},"youtube":{"key":"youtube","url":"","label":"YouTube","class":"youtube","icon":"youtube.png"},"iheartradio":{"key":"iheartradio","url":"","label":"iHeartRadio","class":"iheartradio","icon":"iheartradio.png"},"ivoox":{"key":"ivoox","url":"","label":"iVoox","class":"ivoox","icon":"ivoox.png"}},"rssFeedUrl":"https:\/\/quechilero.com\/blog\/feed\/podcast\/si-la-vida-nos-da-limones","embedCode":"<blockquote class=\"wp-embedded-content\" data-secret=\"jJtDraqO2F\"><a href=\"https:\/\/quechilero.com\/blog\/2015\/02\/10\/paraiso\/\">Para\u00edso<\/a><\/blockquote><iframe sandbox=\"allow-scripts\" security=\"restricted\" src=\"https:\/\/quechilero.com\/blog\/2015\/02\/10\/paraiso\/embed\/#?secret=jJtDraqO2F\" width=\"500\" height=\"350\" title=\"\u00abPara\u00edso\u00bb \u2014 Si la Vida nos da Limones...\" data-secret=\"jJtDraqO2F\" frameborder=\"0\" marginwidth=\"0\" marginheight=\"0\" scrolling=\"no\" class=\"wp-embedded-content\"><\/iframe><script>\n\/*! This file is auto-generated *\/\n!function(d,l){\"use strict\";l.querySelector&&d.addEventListener&&\"undefined\"!=typeof URL&&(d.wp=d.wp||{},d.wp.receiveEmbedMessage||(d.wp.receiveEmbedMessage=function(e){var t=e.data;if((t||t.secret||t.message||t.value)&&!\/[^a-zA-Z0-9]\/.test(t.secret)){for(var s,r,n,a=l.querySelectorAll('iframe[data-secret=\"'+t.secret+'\"]'),o=l.querySelectorAll('blockquote[data-secret=\"'+t.secret+'\"]'),c=new RegExp(\"^https?:$\",\"i\"),i=0;i<o.length;i++)o[i].style.display=\"none\";for(i=0;i<a.length;i++)s=a[i],e.source===s.contentWindow&&(s.removeAttribute(\"style\"),\"height\"===t.message?(1e3<(r=parseInt(t.value,10))?r=1e3:~~r<200&&(r=200),s.height=r):\"link\"===t.message&&(r=new URL(s.getAttribute(\"src\")),n=new URL(t.value),c.test(n.protocol))&&n.host===r.host&&l.activeElement===s&&(d.top.location.href=t.value))}},d.addEventListener(\"message\",d.wp.receiveEmbedMessage,!1),l.addEventListener(\"DOMContentLoaded\",function(){for(var e,t,s=l.querySelectorAll(\"iframe.wp-embedded-content\"),r=0;r<s.length;r++)(t=(e=s[r]).getAttribute(\"data-secret\"))||(t=Math.random().toString(36).substring(2,12),e.src+=\"#?secret=\"+t,e.setAttribute(\"data-secret\",t)),e.contentWindow.postMessage({message:\"ready\",secret:t},\"*\")},!1)))}(window,document);\n\/\/# sourceURL=https:\/\/quechilero.com\/blog\/wp-includes\/js\/wp-embed.min.js\n<\/script>\n"},"jetpack_publicize_connections":[],"jetpack_shortlink":"https:\/\/wp.me\/sDKli-paraiso","jetpack_sharing_enabled":true,"jetpack-related-posts":[{"id":21691,"url":"https:\/\/quechilero.com\/blog\/2015\/10\/26\/terrorismo-en-el-infierno\/","url_meta":{"origin":19820,"position":0},"title":"Terrorismo en el infierno","author":"Pepe Barrascout Ortiz","date":"26 octubre 2015","format":false,"excerpt":"Era una persona que viv\u00eda amorosamente toda su vida. No le importaba tanto su recompensa, ni le tem\u00eda a un castigo por cambiar su comportamiento. Simplemente daba todo de s\u00ed con Amor. Cuando muri\u00f3, todo el mundo coment\u00f3 que un hombre tan bondadoso, solamente pod\u00eda ir al Cielo, el Para\u00edso\u2026","rel":"","context":"En \u00abLimones\u00bb","block_context":{"text":"Limones","link":"https:\/\/quechilero.com\/blog\/category\/limones\/"},"img":{"alt_text":"","src":"","width":0,"height":0},"classes":[]},{"id":640,"url":"https:\/\/quechilero.com\/blog\/2007\/08\/24\/maraton-de-blogs-panajachel\/","url_meta":{"origin":19820,"position":1},"title":"Marat\u00f3n de Blogs &#8211; Panajachel","author":"Pepe Barrascout Ortiz","date":"24 agosto 2007","format":false,"excerpt":"Sigue el Marat\u00f3n de Blogs, con esta fotograf\u00eda publicada originalmente en el blog Panajachel Guatemala, un linda postal de uno de los volcanes que rodean este bello para\u00edso natural. \u00bfAcaso hay alguien que no se sienta atra\u00eddo a tan excelsa manifestaci\u00f3n de Dios por medio de la naturaleza?. Para ti\u2026","rel":"","context":"En \u00abLimones\u00bb","block_context":{"text":"Limones","link":"https:\/\/quechilero.com\/blog\/category\/limones\/"},"img":{"alt_text":"","src":"","width":0,"height":0},"classes":[]},{"id":17472,"url":"https:\/\/quechilero.com\/blog\/2013\/11\/29\/cesped-mas-verde\/","url_meta":{"origin":19820,"position":2},"title":"\u00bfC\u00e9sped m\u00e1s verde?","author":"Pepe Barrascout Ortiz","date":"29 noviembre 2013","format":false,"excerpt":"Un joven que acababa de graduarse de la Universidad, consigui\u00f3 una posici\u00f3n laboral con muy buen sueldo. Trabajaba mucho, observaba a los dem\u00e1s y aprend\u00eda de ellos. Amaba a su esposa y su familia aumentaba. Pero muy pronto comenz\u00f3 a quitarle tiempo a la familia para dedic\u00e1rselo al trabajo. Era\u2026","rel":"","context":"En \u00abLimones\u00bb","block_context":{"text":"Limones","link":"https:\/\/quechilero.com\/blog\/category\/limones\/"},"img":{"alt_text":"","src":"","width":0,"height":0},"classes":[]},{"id":4607,"url":"https:\/\/quechilero.com\/blog\/2010\/04\/02\/meditacion-de-las-siete-palabras\/","url_meta":{"origin":19820,"position":3},"title":"Meditaci\u00f3n de las Siete Palabras","author":"Pepe Barrascout Ortiz","date":"2 abril 2010","format":false,"excerpt":"Oraci\u00f3n Jes\u00fas en la Cruz aboga: da al ladr\u00f3n: lega su Madre: qu\u00e9jase: la sed le ahoga: cumple: entrega el alma al Padre Al Calvario hay que llegar porque Cristo, nuestra Luz, hoy tambi\u00e9n nos quiere hablar desde el ara de la Cruz. \u00a1Virgen de dolores y Madre m\u00eda! Que,\u2026","rel":"","context":"En \u00abLimones\u00bb","block_context":{"text":"Limones","link":"https:\/\/quechilero.com\/blog\/category\/limones\/"},"img":{"alt_text":"","src":"","width":0,"height":0},"classes":[]},{"id":17357,"url":"https:\/\/quechilero.com\/blog\/2013\/10\/27\/una-figura-sencilla-y-humilde\/","url_meta":{"origin":19820,"position":4},"title":"Una figura sencilla y humilde","author":"Pepe Barrascout Ortiz","date":"27 octubre 2013","format":false,"excerpt":"San Jos\u00e9 era una figura sencilla y humilde, silenciosa y pobre en apariencia, pero Dios le ha encomendado una misi\u00f3n \u00fanica y maravillosa. Este hombre del silencio es un hombre aparte, a\u00fan en medio de los bienaventurados. Era de estirpe real, de la familia de David. Dios le muestra un\u2026","rel":"","context":"En \u00abLimones\u00bb","block_context":{"text":"Limones","link":"https:\/\/quechilero.com\/blog\/category\/limones\/"},"img":{"alt_text":"","src":"","width":0,"height":0},"classes":[]},{"id":17141,"url":"https:\/\/quechilero.com\/blog\/2013\/09\/19\/el-%ef%bb%bfmanana-nunca-llega\/","url_meta":{"origin":19820,"position":5},"title":"El \ufeffma\u00f1ana nunca llega","author":"Pepe Barrascout Ortiz","date":"19 septiembre 2013","format":false,"excerpt":"Parte de la belleza del ni\u00f1o consiste en la falta de un ma\u00f1ana: todo lo vive en este instante y sin conflictos acerca del futuro. La ni\u00f1ez la comienzas a perder cuando comienzas a pensar en el ma\u00f1ana. Dejas de vivir en completo asombro, para comenzar a vivir en una\u2026","rel":"","context":"En \u00abLimones\u00bb","block_context":{"text":"Limones","link":"https:\/\/quechilero.com\/blog\/category\/limones\/"},"img":{"alt_text":"","src":"","width":0,"height":0},"classes":[]}],"jetpack_featured_media_url":"","_links":{"self":[{"href":"https:\/\/quechilero.com\/blog\/wp-json\/wp\/v2\/posts\/19820","targetHints":{"allow":["GET"]}}],"collection":[{"href":"https:\/\/quechilero.com\/blog\/wp-json\/wp\/v2\/posts"}],"about":[{"href":"https:\/\/quechilero.com\/blog\/wp-json\/wp\/v2\/types\/post"}],"author":[{"embeddable":true,"href":"https:\/\/quechilero.com\/blog\/wp-json\/wp\/v2\/users\/1"}],"replies":[{"embeddable":true,"href":"https:\/\/quechilero.com\/blog\/wp-json\/wp\/v2\/comments?post=19820"}],"version-history":[{"count":0,"href":"https:\/\/quechilero.com\/blog\/wp-json\/wp\/v2\/posts\/19820\/revisions"}],"wp:attachment":[{"href":"https:\/\/quechilero.com\/blog\/wp-json\/wp\/v2\/media?parent=19820"}],"wp:term":[{"taxonomy":"category","embeddable":true,"href":"https:\/\/quechilero.com\/blog\/wp-json\/wp\/v2\/categories?post=19820"},{"taxonomy":"post_tag","embeddable":true,"href":"https:\/\/quechilero.com\/blog\/wp-json\/wp\/v2\/tags?post=19820"},{"taxonomy":"series","embeddable":true,"href":"https:\/\/quechilero.com\/blog\/wp-json\/wp\/v2\/series?post=19820"}],"curies":[{"name":"wp","href":"https:\/\/api.w.org\/{rel}","templated":true}]}}