{"id":1978,"date":"2008-11-12T08:30:40","date_gmt":"2008-11-12T14:30:40","guid":{"rendered":"http:\/\/quechilero.com\/blog\/?p=1978"},"modified":"2008-11-12T08:30:40","modified_gmt":"2008-11-12T14:30:40","slug":"saludando-con-sombrero-ajeno","status":"publish","type":"post","link":"https:\/\/quechilero.com\/blog\/2008\/11\/12\/saludando-con-sombrero-ajeno\/","title":{"rendered":"Saludando con sombrero ajeno"},"content":{"rendered":"<p>Este es el tipo de cosas por las que no me gusta colaborar en actividades <em>\u00abaltru\u00edstas de recaudaci\u00f3n de fondos o insumos\u00bb<\/em>, por ejemplo <em>la Telet\u00f3n<\/em>,<em> las rifas a beneficio de X,<\/em> o como en este caso <strong>Cobijas de Amor<\/strong>.<\/p>\n<p>Esta actividad organizada por <em><strong>\u00abPrensa Libre\u00bb<\/strong><\/em> desde hace alg\u00fan tiempo, conciste b\u00e1sicamente en que para esta \u00e9poca del a\u00f1o, la <em>\u00e9poca de fr\u00edo<\/em>, colocan un centro de acopio, que en esta ocasi\u00f3n fue en <em>Tikal Futura<\/em>. En este centro de acopio, despu\u00e9s de lanzada la convocatoria, se disponen a recaudar <em>chumpas, frazadas, su\u00e9teres, ponchos<\/em>, y otros <em>insumos<\/em> que posteriormente ser\u00e1n distribu\u00eddos entre los numerosos <em>indigentes<\/em> que duermen en las calles del <em>Centro Hist\u00f3rico<\/em> y algunos m\u00e1s en unos asilos, horfanatorios y hogares temporales.<\/p>\n<p>Hasta ac\u00e1 todo bien, aunque todos sabemos que esta no es la soluci\u00f3n al problema, pero al menos se ayuda <em>en lo urgente aunque no en lo importante<\/em> del asunto y aunque sea en esta \u00e9poca del a\u00f1o, se acuerdan de estas personas que <em>todo el a\u00f1o<\/em> duermen en la calle y padecen fr\u00edo.<\/p>\n<p>Las razones por las que ellos se encuentran ah\u00ed, no ser\u00e1 el tema de discusi\u00f3n, las soluciones de raiz no las comentar\u00e9 ni hablar\u00e9 de lo lamentable de este asunto, en especial para ellos.<\/p>\n<p>Lo que me molesta y hasta me indigna, es la <strong><em>falta de humildad<\/em><\/strong> de las <em>\u00abempresas patrocinadoras\u00bb de la actividad<\/em>, est\u00e1n organizando una actividad humanitaria que busca conmover y motivar a las personas, tocando la fibra de humildad que todos tenemos, sin embargo <em>ellos<\/em> no son para nada humildes.<\/p>\n<p>El asunto es que con <em>bombos y platillos<\/em>, anuncian el <em>\u00e9xito<\/em> de la actividad, pero se <em>les olvid\u00f3 casualmente,<\/em> como siempre sucede, reconocer a las personas que fueron quienes hicieron en gran parte, posible que <em>Prensa Libre pudiera saludar con sombrero ajeno<\/em>.<\/p>\n<p>Como se puede ver en la fotograf\u00eda publicada en la edici\u00f3n del domingo 9 de noviembre 2008 en la p\u00e1gina 6, la bolsa que contiene <em>la cobija de amor<\/em>, lleva el logotipo de <em>Prensa Libre y Guatevisi\u00f3n<\/em>, como si ellos fueran los que est\u00e1n donando la frazada, la pregunta es \u00bfque pas\u00f3 con las decenas de personas que conmovidos con el llamado, se solidarizaron con el desvalido e hicieron la donaci\u00f3n que se solicit\u00f3?, pues como es costumbre: <strong>bien gracias<\/strong>.<\/p>\n<p>No se pretende tampoco que se coloque el nombre de todos lo donantes, pues es posible que el espacio fuera insuficiente, adem\u00e1s de quienes lo hacen de forma an\u00f3nima, pero si hacer lo correcto, que es la de reconocer que gracias a estas personas, ellos pueden <em>saludar con sombrero ajeno<\/em>, con un simple: <strong>\u00abGracias a quienes hicieron su donaci\u00f3n\u00bb<\/strong>, hubiera sido mas que suficiente.<\/p>\n<p>Para complementar, cito una frase de <em>Baden Powell:<\/em> <strong>\u00abNada nos pertenece, hasta que no lo hemos agradecido ampliamente\u00bb<\/strong>, creo que en estas palabras se encierra el mensaje que quiero transmitir. Incluso en el texto que acompa\u00f1a la imagen apenas se menciona y <em>no se agradece<\/em> que fueron los lectores los que hicieron posible la actividad.<\/p>\n<p>Lo bueno que hacen con una mano, lo destruyen con la otra y por esa raz\u00f3n es que <em>no<\/em> colaboro con estas <em>empresas<\/em> que organizan este tipo de <em>actividades<\/em>, que se preocupan mas por el <em>posicionamiento de su marca<\/em> que por la actividad humanitaria en si.<\/p>\n<p>La persona de la fotograf\u00eda se muestra <em>mas agradecido<\/em>, que estas empresas que se roban para si, el cr\u00e9dito total de algo que no les pertenece.<\/p>\n<p><a href=\"http:\/\/s392.photobucket.com\/albums\/pp7\/pepejaguar\/blog\/?action=view&amp;current=cobijas1.png\"><img data-recalc-dims=\"1\" loading=\"lazy\" decoding=\"async\" class=\"alignnone\" src=\"https:\/\/i0.wp.com\/i392.photobucket.com\/albums\/pp7\/pepejaguar\/blog\/cobijas1.png?resize=610%2C289\" alt=\"\" width=\"610\" height=\"289\" \/><\/a><\/p>\n<p><a href=\"http:\/\/s392.photobucket.com\/albums\/pp7\/pepejaguar\/blog\/?action=view&amp;current=cobijas2.png\"><img data-recalc-dims=\"1\" decoding=\"async\" class=\"alignnone\" src=\"https:\/\/i0.wp.com\/i392.photobucket.com\/albums\/pp7\/pepejaguar\/blog\/cobijas2.png?w=1200\" alt=\"\" \/><\/a><\/p>\n<p><em>Click en las im\u00e1genes para agrandar.<\/em><\/p>\n","protected":false},"excerpt":{"rendered":"<p>Este es el tipo de cosas por las que no me gusta colaborar en actividades \u00abaltru\u00edstas de recaudaci\u00f3n de fondos o insumos\u00bb, por ejemplo la Telet\u00f3n, las rifas a beneficio de X, o como en este caso Cobijas de Amor. Esta actividad organizada por \u00abPrensa Libre\u00bb desde hace alg\u00fan tiempo, conciste b\u00e1sicamente en que para &#8230; <a title=\"Saludando con sombrero ajeno\" class=\"read-more\" href=\"https:\/\/quechilero.com\/blog\/2008\/11\/12\/saludando-con-sombrero-ajeno\/\" aria-label=\"Leer m\u00e1s sobre Saludando con sombrero ajeno\">Leer m\u00e1s<\/a><\/p>\n","protected":false},"author":1,"featured_media":0,"comment_status":"open","ping_status":"open","sticky":false,"template":"","format":"standard","meta":{"advanced_seo_description":"","jetpack_seo_html_title":"","jetpack_seo_noindex":false,"jetpack_seo_schema_type":"","episode_type":"","audio_file":"","podmotor_file_id":"","podmotor_episode_id":"","cover_image":"","cover_image_id":"","duration":"","filesize":"","filesize_raw":"","date_recorded":"","explicit":"","block":"","_jetpack_newsletter_access":"","_jetpack_dont_email_post_to_subs":false,"_jetpack_newsletter_tier_id":0,"_jetpack_memberships_contains_paywalled_content":false,"_jetpack_feature_clip_id":0,"_jetpack_memberships_contains_paid_content":false,"footnotes":"","jetpack_publicize_message":"","jetpack_publicize_feature_enabled":true,"jetpack_social_post_already_shared":false,"jetpack_social_options":{"image_generator_settings":{"template":"highway","default_image_id":0,"font":"","enabled":false},"version":2},"jetpack_post_was_ever_published":false},"categories":[2],"tags":[15,37,12,32,8,42,21,34,5,24],"series":[],"class_list":["post-1978","post","type-post","status-publish","format-standard","hentry","category-limones","tag-amor","tag-ayuda","tag-cosas","tag-especial","tag-fotografia","tag-palabra","tag-problema","tag-solucion","tag-tiempo","tag-vida"],"episode_featured_image":false,"episode_player_image":"https:\/\/i0.wp.com\/quechilero.com\/blog\/imagenes\/podcast.png?fit=1831%2C1831&ssl=1","download_link":"","player_link":"","audio_player":false,"episode_data":{"playerMode":"dark","subscribeUrls":{"amazon":{"key":"amazon","url":"","label":"Amazon","class":"amazon","icon":"amazon.png"},"apple_podcasts":{"key":"apple_podcasts","url":"","label":"Apple Podcasts","class":"apple_podcasts","icon":"apple-podcasts.png"},"castbox":{"key":"castbox","url":"","label":"CastBox","class":"castbox","icon":"castbox.png"},"deezer":{"key":"deezer","url":"","label":"Deezer","class":"deezer","icon":"deezer.png"},"google_podcasts":{"key":"google_podcasts","url":"","label":"Google Podcasts","class":"google_podcasts","icon":"google-podcasts.png"},"listen_notes":{"key":"listen_notes","url":"","label":"Listen Notes","class":"listen_notes","icon":"listen-notes.png"},"pandora":{"key":"pandora","url":"","label":"Pandora","class":"pandora","icon":"pandora.png"},"podbean":{"key":"podbean","url":"","label":"Podbean","class":"podbean","icon":"podbean.png"},"podcast_republic":{"key":"podcast_republic","url":"","label":"Podcast Republic","class":"podcast_republic","icon":"podcast-republic.png"},"rss":{"key":"rss","url":"","label":"RSS","class":"rss","icon":"rss.png"},"spotify":{"key":"spotify","url":"","label":"Spotify","class":"spotify","icon":"spotify.png"},"stitcher":{"key":"stitcher","url":"","label":"Stitcher","class":"stitcher","icon":"stitcher.png"},"tunein":{"key":"tunein","url":"","label":"TuneIn","class":"tunein","icon":"tunein.png"},"youtube":{"key":"youtube","url":"","label":"YouTube","class":"youtube","icon":"youtube.png"},"iheartradio":{"key":"iheartradio","url":"","label":"iHeartRadio","class":"iheartradio","icon":"iheartradio.png"},"ivoox":{"key":"ivoox","url":"","label":"iVoox","class":"ivoox","icon":"ivoox.png"}},"rssFeedUrl":"https:\/\/quechilero.com\/blog\/feed\/podcast\/si-la-vida-nos-da-limones","embedCode":"<blockquote class=\"wp-embedded-content\" data-secret=\"3fAR2bdN4g\"><a href=\"https:\/\/quechilero.com\/blog\/2008\/11\/12\/saludando-con-sombrero-ajeno\/\">Saludando con sombrero ajeno<\/a><\/blockquote><iframe sandbox=\"allow-scripts\" security=\"restricted\" src=\"https:\/\/quechilero.com\/blog\/2008\/11\/12\/saludando-con-sombrero-ajeno\/embed\/#?secret=3fAR2bdN4g\" width=\"500\" height=\"350\" title=\"\u00abSaludando con sombrero ajeno\u00bb \u2014 Si la Vida nos da Limones...\" data-secret=\"3fAR2bdN4g\" frameborder=\"0\" marginwidth=\"0\" marginheight=\"0\" scrolling=\"no\" class=\"wp-embedded-content\"><\/iframe><script>\n\/*! This file is auto-generated *\/\n!function(d,l){\"use strict\";l.querySelector&&d.addEventListener&&\"undefined\"!=typeof URL&&(d.wp=d.wp||{},d.wp.receiveEmbedMessage||(d.wp.receiveEmbedMessage=function(e){var t=e.data;if((t||t.secret||t.message||t.value)&&!\/[^a-zA-Z0-9]\/.test(t.secret)){for(var s,r,n,a=l.querySelectorAll('iframe[data-secret=\"'+t.secret+'\"]'),o=l.querySelectorAll('blockquote[data-secret=\"'+t.secret+'\"]'),c=new RegExp(\"^https?:$\",\"i\"),i=0;i<o.length;i++)o[i].style.display=\"none\";for(i=0;i<a.length;i++)s=a[i],e.source===s.contentWindow&&(s.removeAttribute(\"style\"),\"height\"===t.message?(1e3<(r=parseInt(t.value,10))?r=1e3:~~r<200&&(r=200),s.height=r):\"link\"===t.message&&(r=new URL(s.getAttribute(\"src\")),n=new URL(t.value),c.test(n.protocol))&&n.host===r.host&&l.activeElement===s&&(d.top.location.href=t.value))}},d.addEventListener(\"message\",d.wp.receiveEmbedMessage,!1),l.addEventListener(\"DOMContentLoaded\",function(){for(var e,t,s=l.querySelectorAll(\"iframe.wp-embedded-content\"),r=0;r<s.length;r++)(t=(e=s[r]).getAttribute(\"data-secret\"))||(t=Math.random().toString(36).substring(2,12),e.src+=\"#?secret=\"+t,e.setAttribute(\"data-secret\",t)),e.contentWindow.postMessage({message:\"ready\",secret:t},\"*\")},!1)))}(window,document);\n\/\/# sourceURL=https:\/\/quechilero.com\/blog\/wp-includes\/js\/wp-embed.min.js\n<\/script>\n"},"jetpack_publicize_connections":[],"jetpack_shortlink":"https:\/\/wp.me\/pDKli-vU","jetpack_sharing_enabled":true,"jetpack-related-posts":[{"id":2005,"url":"https:\/\/quechilero.com\/blog\/2008\/11\/29\/saludando-con-sombrero-ajeno-continuacion\/","url_meta":{"origin":1978,"position":0},"title":"Saludando con sombrero ajeno (continuaci\u00f3n)","author":"Pepe Barrascout Ortiz","date":"29 noviembre 2008","format":false,"excerpt":"El 12 de noviembre, publiqu\u00e9 un texto en el que manifest\u00e9 mi descontento y desagrado por la actitud tomada por los organizadores de Cobijas de Amor. B\u00e1sicamente expre\u015be el malestar que en lo personal sent\u00ed, al ver como Prensa Libre se apropiaba del cr\u00e9dito total en la actividad. Sin embargo\u2026","rel":"","context":"En \u00abLimones\u00bb","block_context":{"text":"Limones","link":"https:\/\/quechilero.com\/blog\/category\/limones\/"},"img":{"alt_text":"","src":"https:\/\/i0.wp.com\/i392.photobucket.com\/albums\/pp7\/pepejaguar\/blog\/cobijas.jpg?resize=350%2C200","width":350,"height":200,"srcset":"https:\/\/i0.wp.com\/i392.photobucket.com\/albums\/pp7\/pepejaguar\/blog\/cobijas.jpg?resize=350%2C200 1x, https:\/\/i0.wp.com\/i392.photobucket.com\/albums\/pp7\/pepejaguar\/blog\/cobijas.jpg?resize=525%2C300 1.5x"},"classes":[]},{"id":19346,"url":"https:\/\/quechilero.com\/blog\/2014\/09\/15\/mi-bella-guatemala\/","url_meta":{"origin":1978,"position":1},"title":"Mi bella Guatemala","author":"Pepe Barrascout Ortiz","date":"15 septiembre 2014","format":false,"excerpt":"https:\/\/youtu.be\/DIxL6KX-I1s Es mi bella Guatemala un gran pa\u00eds, que en la Am\u00e9rica del Centro puso Dios... hoy celebramos un aniversario mas de la\u00a0independencia de centroamericana de Espa\u00f1a, all\u00e1 por el a\u00f1o de 1821. En Guatemala particularmente se celebra de una forma muy colorida y con un gran sincretismo de tradiciones,\u2026","rel":"","context":"En \u00abVideoBlog\u00bb","block_context":{"text":"VideoBlog","link":"https:\/\/quechilero.com\/blog\/category\/videoblog\/"},"img":{"alt_text":"","src":"https:\/\/i0.wp.com\/img.youtube.com\/vi\/DIxL6KX-I1s\/0.jpg?resize=350%2C200","width":350,"height":200},"classes":[]},{"id":4763,"url":"https:\/\/quechilero.com\/blog\/2010\/04\/22\/calentadores-caseros-de-agua-con-energia-solar\/","url_meta":{"origin":1978,"position":2},"title":"Calentadores caseros de agua, con energ\u00eda solar","author":"Pepe Barrascout Ortiz","date":"22 abril 2010","format":false,"excerpt":"El 22 de abril de 1970, se hizo la primera manifestaci\u00f3n a favor de la tierra, con el fin de crear actividades de concientizaci\u00f3n, para ayudar a la conservaci\u00f3n de los recursos naturales. Una de estas iniciativas, es la referente al uso de la energ\u00eda solar, para calentar el agua\u2026","rel":"","context":"En \u00abLimones\u00bb","block_context":{"text":"Limones","link":"https:\/\/quechilero.com\/blog\/category\/limones\/"},"img":{"alt_text":"","src":"","width":0,"height":0},"classes":[]},{"id":19824,"url":"https:\/\/quechilero.com\/blog\/2015\/02\/12\/el-centro-de-la-vida\/","url_meta":{"origin":1978,"position":3},"title":"El centro de la vida","author":"Pepe Barrascout Ortiz","date":"12 febrero 2015","format":false,"excerpt":"Yo, me, m\u00ed, conmigo. El s\u00edndrome de Juan Palomo \"Yo me lo guiso y yo me lo como\" es bastante contempor\u00e1neo. Despu\u00e9s de todo, \u00bfno se me invita a instaurar, al menos de puertas para adentro, la rep\u00fablica independiente de mi vida? Cuando hacemos un mapa tendemos a poner nuestro\u2026","rel":"","context":"En \u00abLimones\u00bb","block_context":{"text":"Limones","link":"https:\/\/quechilero.com\/blog\/category\/limones\/"},"img":{"alt_text":"","src":"","width":0,"height":0},"classes":[]},{"id":5219,"url":"https:\/\/quechilero.com\/blog\/2010\/08\/06\/maraton-de-blogs-batfink-ha-dicho\/","url_meta":{"origin":1978,"position":4},"title":"Marat\u00f3n de Blogs: Batfink ha dicho","author":"Pepe Barrascout Ortiz","date":"6 agosto 2010","format":false,"excerpt":"Fue en Mayo de 2005, en el que Batfink ha dicho, public\u00f3 su primer texto y de esa fecha a la actualidad, se ha venido publicado textos de la tem\u00e1tica mas variada posible, aunque la cumbre fue en el 2006 y que posteriormente se vio mermada, hasta casi desaparecer el\u2026","rel":"","context":"En \u00abBlogs de Guatemala\u00bb","block_context":{"text":"Blogs de Guatemala","link":"https:\/\/quechilero.com\/blog\/category\/blogs-de-guatemala\/"},"img":{"alt_text":"","src":"https:\/\/i0.wp.com\/i392.photobucket.com\/albums\/pp7\/pepejaguar\/maraton\/batfinkhadicho.png?resize=350%2C200","width":350,"height":200,"srcset":"https:\/\/i0.wp.com\/i392.photobucket.com\/albums\/pp7\/pepejaguar\/maraton\/batfinkhadicho.png?resize=350%2C200 1x, https:\/\/i0.wp.com\/i392.photobucket.com\/albums\/pp7\/pepejaguar\/maraton\/batfinkhadicho.png?resize=525%2C300 1.5x"},"classes":[]},{"id":19521,"url":"https:\/\/quechilero.com\/blog\/2015\/02\/14\/el-obispo-martir-san-valentin\/","url_meta":{"origin":1978,"position":5},"title":"El Obispo m\u00e1rtir San Valent\u00edn","author":"Pepe Barrascout Ortiz","date":"14 febrero 2015","format":false,"excerpt":"En medio de un mundo que ha relativizado el amor, que vive erotizado y que ha convertido toda celebraci\u00f3n en una maquinaria comercial, la Iglesia Cat\u00f3lica recuerda hoy al Obispo y M\u00e1rtir San Valent\u00edn. El protector de los enamorados, naci\u00f3 en la ciudad de Terni a cien kil\u00f3metros de Roma\u2026","rel":"","context":"En \u00abLimones\u00bb","block_context":{"text":"Limones","link":"https:\/\/quechilero.com\/blog\/category\/limones\/"},"img":{"alt_text":"","src":"","width":0,"height":0},"classes":[]}],"jetpack_featured_media_url":"","_links":{"self":[{"href":"https:\/\/quechilero.com\/blog\/wp-json\/wp\/v2\/posts\/1978","targetHints":{"allow":["GET"]}}],"collection":[{"href":"https:\/\/quechilero.com\/blog\/wp-json\/wp\/v2\/posts"}],"about":[{"href":"https:\/\/quechilero.com\/blog\/wp-json\/wp\/v2\/types\/post"}],"author":[{"embeddable":true,"href":"https:\/\/quechilero.com\/blog\/wp-json\/wp\/v2\/users\/1"}],"replies":[{"embeddable":true,"href":"https:\/\/quechilero.com\/blog\/wp-json\/wp\/v2\/comments?post=1978"}],"version-history":[{"count":0,"href":"https:\/\/quechilero.com\/blog\/wp-json\/wp\/v2\/posts\/1978\/revisions"}],"wp:attachment":[{"href":"https:\/\/quechilero.com\/blog\/wp-json\/wp\/v2\/media?parent=1978"}],"wp:term":[{"taxonomy":"category","embeddable":true,"href":"https:\/\/quechilero.com\/blog\/wp-json\/wp\/v2\/categories?post=1978"},{"taxonomy":"post_tag","embeddable":true,"href":"https:\/\/quechilero.com\/blog\/wp-json\/wp\/v2\/tags?post=1978"},{"taxonomy":"series","embeddable":true,"href":"https:\/\/quechilero.com\/blog\/wp-json\/wp\/v2\/series?post=1978"}],"curies":[{"name":"wp","href":"https:\/\/api.w.org\/{rel}","templated":true}]}}