{"id":19660,"date":"2015-01-19T08:00:25","date_gmt":"2015-01-19T14:00:25","guid":{"rendered":"http:\/\/quechilero.com\/blog\/?p=19660"},"modified":"2015-01-02T17:44:36","modified_gmt":"2015-01-02T23:44:36","slug":"las-prioridades","status":"publish","type":"post","link":"https:\/\/quechilero.com\/blog\/2015\/01\/19\/las-prioridades\/","title":{"rendered":"Las prioridades"},"content":{"rendered":"<p>De ni\u00f1o, mientras crec\u00eda, conoc\u00ed un hombre que me parec\u00eda m\u00e1s grande que la vida misma. Su nombre era Edwin E. Bailey, y atend\u00eda el observatorio astron\u00f3mico del Instituto Franklin de Filadelfia. Yo iba, la mayor\u00eda de los s\u00e1bados, al Instituto Franklin solamente para pasar tiempo con \u00e9l. Su mente de enciclopedia me fascinaba. Parec\u00eda saber algo sobre todo.<\/p>\n<p>Fuimos amigos con Ed Bailey hasta que falleci\u00f3 hace varios a\u00f1os atr\u00e1s. Fui a visitarlo, cuando estaba en el hospital, despu\u00e9s de sufrir un severo ataque de presi\u00f3n. En un esfuerzo por charlar un poco, le cont\u00e9 acerca de todos los lugares donde hab\u00eda estado hablando y c\u00f3mo hab\u00eda llegado hasta su cama, directamente desde el aeropuerto.<\/p>\n<p>Me escuch\u00f3 y despu\u00e9s me dijo en una forma levemente sarc\u00e1stica: \u00abHas ido por todo el mundo y llegado a personas que, diez a\u00f1os despu\u00e9s, no recordar\u00e1n tu nombre. Pero no has tenido tiempo para las personas que te quieren realmente.\u00bb Esta frase tan simple me golpe\u00f3 fuertemente y cambi\u00f3 mi vida. Decid\u00ed no dejar que mi tiempo fuera usado por personas a las cuales no les importo, mientras descuido a aquellos para los cuales soy irremplazable.<\/p>\n<p>Un amigo m\u00edo recibi\u00f3, hace poco, un llamado desde la Casa Blanca pidi\u00e9ndole una conferencia con el presidente de los Estados Unidos. El la rechaz\u00f3, debido a que iba a ser el d\u00eda que hab\u00eda prometido pasarlo con su nieta en la costa del mar. La naci\u00f3n sobrevivi\u00f3 sin \u00e9l, el presidente no lo extra\u00f1\u00f3, y su nieta tuvo un d\u00eda maravilloso con su \u00abAbuelito\u00bb. Las prioridades debieran ponerse primero siempre.<\/p>\n","protected":false},"excerpt":{"rendered":"<p>De ni\u00f1o, mientras crec\u00eda, conoc\u00ed un hombre que me parec\u00eda m\u00e1s grande que la vida misma. Su nombre era Edwin E. Bailey, y atend\u00eda el observatorio astron\u00f3mico del Instituto Franklin de Filadelfia. Yo iba, la mayor\u00eda de los s\u00e1bados, al Instituto Franklin solamente para pasar tiempo con \u00e9l. Su mente de enciclopedia me fascinaba. Parec\u00eda &#8230; <a title=\"Las prioridades\" class=\"read-more\" href=\"https:\/\/quechilero.com\/blog\/2015\/01\/19\/las-prioridades\/\" aria-label=\"Leer m\u00e1s sobre Las prioridades\">Leer m\u00e1s<\/a><\/p>\n","protected":false},"author":1,"featured_media":0,"comment_status":"open","ping_status":"open","sticky":false,"template":"","format":"standard","meta":{"advanced_seo_description":"","jetpack_seo_html_title":"","jetpack_seo_noindex":false,"jetpack_seo_schema_type":"","episode_type":"","audio_file":"","podmotor_file_id":"","podmotor_episode_id":"","cover_image":"","cover_image_id":"","duration":"","filesize":"","filesize_raw":"","date_recorded":"","explicit":"","block":"","_jetpack_newsletter_access":"","_jetpack_dont_email_post_to_subs":false,"_jetpack_newsletter_tier_id":0,"_jetpack_memberships_contains_paywalled_content":false,"_jetpack_feature_clip_id":0,"_jetpack_memberships_contains_paid_content":false,"footnotes":"","jetpack_publicize_message":"","jetpack_publicize_feature_enabled":true,"jetpack_social_post_already_shared":true,"jetpack_social_options":{"image_generator_settings":{"template":"highway","default_image_id":0,"font":"","enabled":false},"version":2},"jetpack_post_was_ever_published":false},"categories":[2],"tags":[11,49,18,5,24],"series":[],"class_list":["post-19660","post","type-post","status-publish","format-standard","hentry","category-limones","tag-amigo","tag-esfuerzo","tag-hombre","tag-tiempo","tag-vida"],"episode_featured_image":false,"episode_player_image":"https:\/\/i0.wp.com\/quechilero.com\/blog\/imagenes\/podcast.png?fit=1831%2C1831&ssl=1","download_link":"","player_link":"","audio_player":false,"episode_data":{"playerMode":"dark","subscribeUrls":{"amazon":{"key":"amazon","url":"","label":"Amazon","class":"amazon","icon":"amazon.png"},"apple_podcasts":{"key":"apple_podcasts","url":"","label":"Apple Podcasts","class":"apple_podcasts","icon":"apple-podcasts.png"},"castbox":{"key":"castbox","url":"","label":"CastBox","class":"castbox","icon":"castbox.png"},"deezer":{"key":"deezer","url":"","label":"Deezer","class":"deezer","icon":"deezer.png"},"google_podcasts":{"key":"google_podcasts","url":"","label":"Google Podcasts","class":"google_podcasts","icon":"google-podcasts.png"},"listen_notes":{"key":"listen_notes","url":"","label":"Listen Notes","class":"listen_notes","icon":"listen-notes.png"},"pandora":{"key":"pandora","url":"","label":"Pandora","class":"pandora","icon":"pandora.png"},"podbean":{"key":"podbean","url":"","label":"Podbean","class":"podbean","icon":"podbean.png"},"podcast_republic":{"key":"podcast_republic","url":"","label":"Podcast Republic","class":"podcast_republic","icon":"podcast-republic.png"},"rss":{"key":"rss","url":"","label":"RSS","class":"rss","icon":"rss.png"},"spotify":{"key":"spotify","url":"","label":"Spotify","class":"spotify","icon":"spotify.png"},"stitcher":{"key":"stitcher","url":"","label":"Stitcher","class":"stitcher","icon":"stitcher.png"},"tunein":{"key":"tunein","url":"","label":"TuneIn","class":"tunein","icon":"tunein.png"},"youtube":{"key":"youtube","url":"","label":"YouTube","class":"youtube","icon":"youtube.png"},"iheartradio":{"key":"iheartradio","url":"","label":"iHeartRadio","class":"iheartradio","icon":"iheartradio.png"},"ivoox":{"key":"ivoox","url":"","label":"iVoox","class":"ivoox","icon":"ivoox.png"}},"rssFeedUrl":"https:\/\/quechilero.com\/blog\/feed\/podcast\/si-la-vida-nos-da-limones","embedCode":"<blockquote class=\"wp-embedded-content\" data-secret=\"SBAo8v4zXg\"><a href=\"https:\/\/quechilero.com\/blog\/2015\/01\/19\/las-prioridades\/\">Las prioridades<\/a><\/blockquote><iframe sandbox=\"allow-scripts\" security=\"restricted\" src=\"https:\/\/quechilero.com\/blog\/2015\/01\/19\/las-prioridades\/embed\/#?secret=SBAo8v4zXg\" width=\"500\" height=\"350\" title=\"\u00abLas prioridades\u00bb \u2014 Si la Vida nos da Limones...\" data-secret=\"SBAo8v4zXg\" frameborder=\"0\" marginwidth=\"0\" marginheight=\"0\" scrolling=\"no\" class=\"wp-embedded-content\"><\/iframe><script>\n\/*! This file is auto-generated *\/\n!function(d,l){\"use strict\";l.querySelector&&d.addEventListener&&\"undefined\"!=typeof URL&&(d.wp=d.wp||{},d.wp.receiveEmbedMessage||(d.wp.receiveEmbedMessage=function(e){var t=e.data;if((t||t.secret||t.message||t.value)&&!\/[^a-zA-Z0-9]\/.test(t.secret)){for(var s,r,n,a=l.querySelectorAll('iframe[data-secret=\"'+t.secret+'\"]'),o=l.querySelectorAll('blockquote[data-secret=\"'+t.secret+'\"]'),c=new RegExp(\"^https?:$\",\"i\"),i=0;i<o.length;i++)o[i].style.display=\"none\";for(i=0;i<a.length;i++)s=a[i],e.source===s.contentWindow&&(s.removeAttribute(\"style\"),\"height\"===t.message?(1e3<(r=parseInt(t.value,10))?r=1e3:~~r<200&&(r=200),s.height=r):\"link\"===t.message&&(r=new URL(s.getAttribute(\"src\")),n=new URL(t.value),c.test(n.protocol))&&n.host===r.host&&l.activeElement===s&&(d.top.location.href=t.value))}},d.addEventListener(\"message\",d.wp.receiveEmbedMessage,!1),l.addEventListener(\"DOMContentLoaded\",function(){for(var e,t,s=l.querySelectorAll(\"iframe.wp-embedded-content\"),r=0;r<s.length;r++)(t=(e=s[r]).getAttribute(\"data-secret\"))||(t=Math.random().toString(36).substring(2,12),e.src+=\"#?secret=\"+t,e.setAttribute(\"data-secret\",t)),e.contentWindow.postMessage({message:\"ready\",secret:t},\"*\")},!1)))}(window,document);\n\/\/# sourceURL=https:\/\/quechilero.com\/blog\/wp-includes\/js\/wp-embed.min.js\n<\/script>\n"},"jetpack_publicize_connections":[],"jetpack_shortlink":"https:\/\/wp.me\/pDKli-576","jetpack_sharing_enabled":true,"jetpack-related-posts":[{"id":17466,"url":"https:\/\/quechilero.com\/blog\/2013\/11\/26\/seamos-un-buen-ejemplo-2\/","url_meta":{"origin":19660,"position":0},"title":"Seamos un buen ejemplo","author":"Pepe Barrascout Ortiz","date":"26 noviembre 2013","format":false,"excerpt":"Benjam\u00edn Franklin quer\u00eda que Filadelfia se iluminara. Cre\u00eda que iluminando las calles de la ciudad no s\u00f3lo mejorar\u00eda la est\u00e9tica, sino que las har\u00eda m\u00e1s seguras. Pero no trat\u00f3 de persuadir a los habitantes de Filadelfia hablando con ellos. En cambio, colg\u00f3 una hermosa l\u00e1mpara en el frente de su\u2026","rel":"","context":"En \u00abLimones\u00bb","block_context":{"text":"Limones","link":"https:\/\/quechilero.com\/blog\/category\/limones\/"},"img":{"alt_text":"","src":"","width":0,"height":0},"classes":[]},{"id":529,"url":"https:\/\/quechilero.com\/blog\/2007\/04\/25\/raices-profundas\/","url_meta":{"origin":19660,"position":1},"title":"Ra\u00edces profundas","author":"Pepe Barrascout Ortiz","date":"25 abril 2007","format":false,"excerpt":"Tiempo atr\u00e1s, yo era vecino de un m\u00e9dico, cuyo \"hobby\" era plantar \u00e1rboles en el enorme patio de su casa. A veces observaba, desde mi ventana, su esfuerzo por plantar \u00e1rboles y m\u00e1s \u00e1rboles, todos los d\u00edas. Lo que m\u00e1s llamaba mi atenci\u00f3n, entretanto, era el hecho de que \u00e9l\u2026","rel":"","context":"En \u00abLimones\u00bb","block_context":{"text":"Limones","link":"https:\/\/quechilero.com\/blog\/category\/limones\/"},"img":{"alt_text":"","src":"","width":0,"height":0},"classes":[]},{"id":17931,"url":"https:\/\/quechilero.com\/blog\/2014\/06\/27\/no-te-rindas\/","url_meta":{"origin":19660,"position":2},"title":"\u00a1No te rindas!","author":"Pepe Barrascout Ortiz","date":"27 junio 2014","format":false,"excerpt":"Era mitad del siglo XIX y se escuchaba en las oficinas de la Escuela Primaria de un peque\u00f1o pueblo de Ohio de los Estados Unidos la siguiente conversaci\u00f3n. - \"El ni\u00f1o tiene un leve retraso mental que le impide adquirir los conocimientos a la par de sus compa\u00f1eros de clase.\u2026","rel":"","context":"En \u00abLimones\u00bb","block_context":{"text":"Limones","link":"https:\/\/quechilero.com\/blog\/category\/limones\/"},"img":{"alt_text":"","src":"","width":0,"height":0},"classes":[]},{"id":17472,"url":"https:\/\/quechilero.com\/blog\/2013\/11\/29\/cesped-mas-verde\/","url_meta":{"origin":19660,"position":3},"title":"\u00bfC\u00e9sped m\u00e1s verde?","author":"Pepe Barrascout Ortiz","date":"29 noviembre 2013","format":false,"excerpt":"Un joven que acababa de graduarse de la Universidad, consigui\u00f3 una posici\u00f3n laboral con muy buen sueldo. Trabajaba mucho, observaba a los dem\u00e1s y aprend\u00eda de ellos. Amaba a su esposa y su familia aumentaba. Pero muy pronto comenz\u00f3 a quitarle tiempo a la familia para dedic\u00e1rselo al trabajo. Era\u2026","rel":"","context":"En \u00abLimones\u00bb","block_context":{"text":"Limones","link":"https:\/\/quechilero.com\/blog\/category\/limones\/"},"img":{"alt_text":"","src":"","width":0,"height":0},"classes":[]},{"id":17146,"url":"https:\/\/quechilero.com\/blog\/2013\/09\/24\/tienes-objetivos-y-metas\/","url_meta":{"origin":19660,"position":4},"title":"\u00bfTienes Objetivos y Metas?","author":"Pepe Barrascout Ortiz","date":"24 septiembre 2013","format":false,"excerpt":"Gran parte de nuestros fracasos y frustraciones tienen su origen en la no concreci\u00f3n de metas que nos hemos propuesto al comenzar el a\u00f1o. \"\u00a1Vaya descubrimiento!\", podr\u00e1 insinuar usted. Sin embargo, perm\u00edtame ir un poco m\u00e1s all\u00e1 de la superficie de las frases y los saberes previamente aprehendidos. Tiempo atr\u00e1s\u2026","rel":"","context":"En \u00abLimones\u00bb","block_context":{"text":"Limones","link":"https:\/\/quechilero.com\/blog\/category\/limones\/"},"img":{"alt_text":"","src":"","width":0,"height":0},"classes":[]},{"id":119,"url":"https:\/\/quechilero.com\/blog\/2006\/08\/07\/frases-inteligentes-sobre-la-guerra\/","url_meta":{"origin":19660,"position":5},"title":"Frases Inteligentes sobre la guerra","author":"Pepe Barrascout Ortiz","date":"7 agosto 2006","format":false,"excerpt":"Hace mucho tiempo (18 de abril 2003) escrib\u00ed una recopilaci\u00f3n sobre \"Frases Inteligentes sobre la guerra\", que en alg\u00fan momento hab\u00edan dicho algunos de los grandes pensadores que hemos tenido en la humanidad. Al ver la fecha (2003) me acuerdo de lo importante que fue ese a\u00f1o para mi en\u2026","rel":"","context":"En \u00abLimones\u00bb","block_context":{"text":"Limones","link":"https:\/\/quechilero.com\/blog\/category\/limones\/"},"img":{"alt_text":"","src":"","width":0,"height":0},"classes":[]}],"jetpack_featured_media_url":"","_links":{"self":[{"href":"https:\/\/quechilero.com\/blog\/wp-json\/wp\/v2\/posts\/19660","targetHints":{"allow":["GET"]}}],"collection":[{"href":"https:\/\/quechilero.com\/blog\/wp-json\/wp\/v2\/posts"}],"about":[{"href":"https:\/\/quechilero.com\/blog\/wp-json\/wp\/v2\/types\/post"}],"author":[{"embeddable":true,"href":"https:\/\/quechilero.com\/blog\/wp-json\/wp\/v2\/users\/1"}],"replies":[{"embeddable":true,"href":"https:\/\/quechilero.com\/blog\/wp-json\/wp\/v2\/comments?post=19660"}],"version-history":[{"count":0,"href":"https:\/\/quechilero.com\/blog\/wp-json\/wp\/v2\/posts\/19660\/revisions"}],"wp:attachment":[{"href":"https:\/\/quechilero.com\/blog\/wp-json\/wp\/v2\/media?parent=19660"}],"wp:term":[{"taxonomy":"category","embeddable":true,"href":"https:\/\/quechilero.com\/blog\/wp-json\/wp\/v2\/categories?post=19660"},{"taxonomy":"post_tag","embeddable":true,"href":"https:\/\/quechilero.com\/blog\/wp-json\/wp\/v2\/tags?post=19660"},{"taxonomy":"series","embeddable":true,"href":"https:\/\/quechilero.com\/blog\/wp-json\/wp\/v2\/series?post=19660"}],"curies":[{"name":"wp","href":"https:\/\/api.w.org\/{rel}","templated":true}]}}