{"id":19659,"date":"2015-01-18T08:00:21","date_gmt":"2015-01-18T14:00:21","guid":{"rendered":"http:\/\/quechilero.com\/blog\/?p=19659"},"modified":"2015-01-02T17:43:59","modified_gmt":"2015-01-02T23:43:59","slug":"parientes-lejanos","status":"publish","type":"post","link":"https:\/\/quechilero.com\/blog\/2015\/01\/18\/parientes-lejanos\/","title":{"rendered":"Parientes lejanos"},"content":{"rendered":"<p>Cierto viejo solitario, quien era minero, y su vida la pas\u00f3 buscando minas de oro, viv\u00eda en una vieja choza en las profundidades de las monta\u00f1as de Colorado.<\/p>\n<p>Cuando muri\u00f3, sus parientes lejanos vinieron de la ciudad para llevarse sus cosas de valor. Luego de llegar, todo lo que ellos vieron fue una vieja choza con un retrete adosado a \u00e9sta. Dentro de la choza, cerca de la chimenea de piedra, hab\u00eda una vieja cacerola y su equipo de miner\u00eda. Una mesa llena de grietas con una silla de tres patas montaban guardia junto a una delgada ventana, y una l\u00e1mpara de kerosene serv\u00eda como centro de mesa. En un rinc\u00f3n oscuro hab\u00eda un desmoronado catre con una gastada bolsa de dormir sobre \u00e9l.<\/p>\n<p>Ellos recogieron algunas de las viejas reliquias y se dispusieron a partir. Mientras se iban, un viejo amigo del solitario, sobre su mula, les hizo se\u00f1as que parasen. \u00ab\u00bfLes importar\u00eda si yo saco algo de lo que ha quedado en la caba\u00f1a de mi amigo?\u00bb, pregunt\u00f3. \u00abVaya tranquilo\u00bb, le contestaron. Despu\u00e9s de todo, pensaron, \u00bfqu\u00e9 puede haber de valor dentro de la choza?<\/p>\n<p>El viejo amigo entr\u00f3 a la choza y camin\u00f3 directamente hacia la mesa. Estir\u00f3 el brazo debajo de ella y levant\u00f3 una de las tablas del piso. Luego procedi\u00f3 a sacar todo el oro que su amigo hab\u00eda encontrado en los \u00faltimos 53 a\u00f1os, suficiente como para que se hubiese construido un palacio. El solitario muri\u00f3 con un s\u00f3lo amigo que lo sab\u00eda. Mientras el amigo miraba por la peque\u00f1a ventana observando la nube de polvo, detr\u00e1s de la cual desaparec\u00eda el coche de los parientes, dijo: \u00abDeber\u00edan haberlo conocido mejor.\u00bb<\/p>\n","protected":false},"excerpt":{"rendered":"<p>Cierto viejo solitario, quien era minero, y su vida la pas\u00f3 buscando minas de oro, viv\u00eda en una vieja choza en las profundidades de las monta\u00f1as de Colorado. Cuando muri\u00f3, sus parientes lejanos vinieron de la ciudad para llevarse sus cosas de valor. Luego de llegar, todo lo que ellos vieron fue una vieja choza &#8230; <a title=\"Parientes lejanos\" class=\"read-more\" href=\"https:\/\/quechilero.com\/blog\/2015\/01\/18\/parientes-lejanos\/\" aria-label=\"Leer m\u00e1s sobre Parientes lejanos\">Leer m\u00e1s<\/a><\/p>\n","protected":false},"author":1,"featured_media":0,"comment_status":"open","ping_status":"open","sticky":false,"template":"","format":"standard","meta":{"advanced_seo_description":"","jetpack_seo_html_title":"","jetpack_seo_noindex":false,"jetpack_seo_schema_type":"","episode_type":"","audio_file":"","podmotor_file_id":"","podmotor_episode_id":"","cover_image":"","cover_image_id":"","duration":"","filesize":"","filesize_raw":"","date_recorded":"","explicit":"","block":"","_jetpack_newsletter_access":"","_jetpack_dont_email_post_to_subs":false,"_jetpack_newsletter_tier_id":0,"_jetpack_memberships_contains_paywalled_content":false,"_jetpack_feature_clip_id":0,"_jetpack_memberships_contains_paid_content":false,"footnotes":"","jetpack_publicize_message":"","jetpack_publicize_feature_enabled":true,"jetpack_social_post_already_shared":true,"jetpack_social_options":{"image_generator_settings":{"template":"highway","default_image_id":0,"font":"","enabled":false},"version":2},"jetpack_post_was_ever_published":false},"categories":[2],"tags":[11,12,16,24],"series":[],"class_list":["post-19659","post","type-post","status-publish","format-standard","hentry","category-limones","tag-amigo","tag-cosas","tag-equipo","tag-vida"],"episode_featured_image":false,"episode_player_image":"https:\/\/i0.wp.com\/quechilero.com\/blog\/imagenes\/podcast.png?fit=1831%2C1831&ssl=1","download_link":"","player_link":"","audio_player":false,"episode_data":{"playerMode":"dark","subscribeUrls":{"amazon":{"key":"amazon","url":"","label":"Amazon","class":"amazon","icon":"amazon.png"},"apple_podcasts":{"key":"apple_podcasts","url":"","label":"Apple Podcasts","class":"apple_podcasts","icon":"apple-podcasts.png"},"castbox":{"key":"castbox","url":"","label":"CastBox","class":"castbox","icon":"castbox.png"},"deezer":{"key":"deezer","url":"","label":"Deezer","class":"deezer","icon":"deezer.png"},"google_podcasts":{"key":"google_podcasts","url":"","label":"Google Podcasts","class":"google_podcasts","icon":"google-podcasts.png"},"listen_notes":{"key":"listen_notes","url":"","label":"Listen Notes","class":"listen_notes","icon":"listen-notes.png"},"pandora":{"key":"pandora","url":"","label":"Pandora","class":"pandora","icon":"pandora.png"},"podbean":{"key":"podbean","url":"","label":"Podbean","class":"podbean","icon":"podbean.png"},"podcast_republic":{"key":"podcast_republic","url":"","label":"Podcast Republic","class":"podcast_republic","icon":"podcast-republic.png"},"rss":{"key":"rss","url":"","label":"RSS","class":"rss","icon":"rss.png"},"spotify":{"key":"spotify","url":"","label":"Spotify","class":"spotify","icon":"spotify.png"},"stitcher":{"key":"stitcher","url":"","label":"Stitcher","class":"stitcher","icon":"stitcher.png"},"tunein":{"key":"tunein","url":"","label":"TuneIn","class":"tunein","icon":"tunein.png"},"youtube":{"key":"youtube","url":"","label":"YouTube","class":"youtube","icon":"youtube.png"},"iheartradio":{"key":"iheartradio","url":"","label":"iHeartRadio","class":"iheartradio","icon":"iheartradio.png"},"ivoox":{"key":"ivoox","url":"","label":"iVoox","class":"ivoox","icon":"ivoox.png"}},"rssFeedUrl":"https:\/\/quechilero.com\/blog\/feed\/podcast\/si-la-vida-nos-da-limones","embedCode":"<blockquote class=\"wp-embedded-content\" data-secret=\"zaN9yAij2m\"><a href=\"https:\/\/quechilero.com\/blog\/2015\/01\/18\/parientes-lejanos\/\">Parientes lejanos<\/a><\/blockquote><iframe sandbox=\"allow-scripts\" security=\"restricted\" src=\"https:\/\/quechilero.com\/blog\/2015\/01\/18\/parientes-lejanos\/embed\/#?secret=zaN9yAij2m\" width=\"500\" height=\"350\" title=\"\u00abParientes lejanos\u00bb \u2014 Si la Vida nos da Limones...\" data-secret=\"zaN9yAij2m\" frameborder=\"0\" marginwidth=\"0\" marginheight=\"0\" scrolling=\"no\" class=\"wp-embedded-content\"><\/iframe><script>\n\/*! This file is auto-generated *\/\n!function(d,l){\"use strict\";l.querySelector&&d.addEventListener&&\"undefined\"!=typeof URL&&(d.wp=d.wp||{},d.wp.receiveEmbedMessage||(d.wp.receiveEmbedMessage=function(e){var t=e.data;if((t||t.secret||t.message||t.value)&&!\/[^a-zA-Z0-9]\/.test(t.secret)){for(var s,r,n,a=l.querySelectorAll('iframe[data-secret=\"'+t.secret+'\"]'),o=l.querySelectorAll('blockquote[data-secret=\"'+t.secret+'\"]'),c=new RegExp(\"^https?:$\",\"i\"),i=0;i<o.length;i++)o[i].style.display=\"none\";for(i=0;i<a.length;i++)s=a[i],e.source===s.contentWindow&&(s.removeAttribute(\"style\"),\"height\"===t.message?(1e3<(r=parseInt(t.value,10))?r=1e3:~~r<200&&(r=200),s.height=r):\"link\"===t.message&&(r=new URL(s.getAttribute(\"src\")),n=new URL(t.value),c.test(n.protocol))&&n.host===r.host&&l.activeElement===s&&(d.top.location.href=t.value))}},d.addEventListener(\"message\",d.wp.receiveEmbedMessage,!1),l.addEventListener(\"DOMContentLoaded\",function(){for(var e,t,s=l.querySelectorAll(\"iframe.wp-embedded-content\"),r=0;r<s.length;r++)(t=(e=s[r]).getAttribute(\"data-secret\"))||(t=Math.random().toString(36).substring(2,12),e.src+=\"#?secret=\"+t,e.setAttribute(\"data-secret\",t)),e.contentWindow.postMessage({message:\"ready\",secret:t},\"*\")},!1)))}(window,document);\n\/\/# sourceURL=https:\/\/quechilero.com\/blog\/wp-includes\/js\/wp-embed.min.js\n<\/script>\n"},"jetpack_publicize_connections":[],"jetpack_shortlink":"https:\/\/wp.me\/pDKli-575","jetpack_sharing_enabled":true,"jetpack-related-posts":[{"id":21441,"url":"https:\/\/quechilero.com\/blog\/2015\/08\/16\/tirar-la-casa-por-la-ventana\/","url_meta":{"origin":19659,"position":0},"title":"Tirar la casa por la ventana","author":"Pepe Barrascout Ortiz","date":"16 agosto 2015","format":false,"excerpt":"A fines del siglo dieciocho y principios del diecinueve hubo una costumbre muy curiosa que se populariz\u00f3 en Espa\u00f1a a ra\u00edz de la loter\u00eda instaurada en 1763 por orden del rey Carlos III. Las personas que resultaban premiadas por la loter\u00eda tiraban por las ventanas todos sus muebles y enseres\u2026","rel":"","context":"En \u00abLimones\u00bb","block_context":{"text":"Limones","link":"https:\/\/quechilero.com\/blog\/category\/limones\/"},"img":{"alt_text":"","src":"","width":0,"height":0},"classes":[]},{"id":19657,"url":"https:\/\/quechilero.com\/blog\/2015\/01\/16\/un-cuento-arabe\/","url_meta":{"origin":19659,"position":1},"title":"Un cuento \u00e1rabe","author":"Pepe Barrascout Ortiz","date":"16 enero 2015","format":false,"excerpt":"A un oasis llega un joven, toma agua, se asea y pregunta a un viejecito que se encuentra descansando: \"\u00bfQu\u00e9 clase de personas hay aqu\u00ed?\" El anciano le pregunta: \"\u00bfQu\u00e9 clase de gente hab\u00eda en el lugar de donde t\u00fa vienes?\" \"Oh, un grupo de ego\u00edstas y malvados.\" -replic\u00f3 el\u2026","rel":"","context":"En \u00abLimones\u00bb","block_context":{"text":"Limones","link":"https:\/\/quechilero.com\/blog\/category\/limones\/"},"img":{"alt_text":"","src":"","width":0,"height":0},"classes":[]},{"id":4253,"url":"https:\/\/quechilero.com\/blog\/2010\/01\/29\/la-luna-no-se-puede-robar\/","url_meta":{"origin":19659,"position":2},"title":"La luna no se puede robar","author":"Pepe Barrascout Ortiz","date":"29 enero 2010","format":false,"excerpt":"Ryokan, un maestro Zen, viv\u00eda de la forma m\u00e1s sencilla posible en una peque\u00f1a choza al pie de una monta\u00f1a. Cierto d\u00eda, por la tarde, estando \u00e9l ausente, un ladr\u00f3n se introdujo en el interior de la caba\u00f1a, solo para descubrir que no hab\u00eda all\u00ed nada que pudiese ser robado.\u2026","rel":"","context":"En \u00abLimones\u00bb","block_context":{"text":"Limones","link":"https:\/\/quechilero.com\/blog\/category\/limones\/"},"img":{"alt_text":"","src":"","width":0,"height":0},"classes":[]},{"id":17118,"url":"https:\/\/quechilero.com\/blog\/2013\/09\/10\/el-amor-nos-da-la-vida\/","url_meta":{"origin":19659,"position":3},"title":"El Amor nos da la Vida","author":"Pepe Barrascout Ortiz","date":"10 septiembre 2013","format":false,"excerpt":"Hay Amor con may\u00fascula y amor con min\u00fascula. Hay amores de primera, segunda y tercera, como en los viejos trenes. El amor es lo m\u00e1s grande del mundo. \"Aunque tuviera el don de hablar en nombre de Dios y conociera todos los misterios y toda la ciencia y aunque mi\u2026","rel":"","context":"En \u00abLimones\u00bb","block_context":{"text":"Limones","link":"https:\/\/quechilero.com\/blog\/category\/limones\/"},"img":{"alt_text":"","src":"","width":0,"height":0},"classes":[]},{"id":891,"url":"https:\/\/quechilero.com\/blog\/2008\/03\/07\/cuaresma-evangelio-07-mar-08\/","url_meta":{"origin":19659,"position":4},"title":"Cuaresma &#8211; Evangelio 07 mar 08","author":"Pepe Barrascout Ortiz","date":"7 marzo 2008","format":false,"excerpt":"Evangelio seg\u00fan San Juan 7,1-2.10.25-30. Despu\u00e9s de esto, Jes\u00fas recorr\u00eda la Galilea; no quer\u00eda transitar por Judea porque los jud\u00edos intentaban matarlo. Se acercaba la fiesta jud\u00eda de las Chozas, Sin embargo, cuando sus hermanos subieron para la fiesta, tambi\u00e9n \u00c9l subi\u00f3, pero en secreto, sin hacerse ver. Algunos de\u2026","rel":"","context":"En \u00abLimones\u00bb","block_context":{"text":"Limones","link":"https:\/\/quechilero.com\/blog\/category\/limones\/"},"img":{"alt_text":"","src":"","width":0,"height":0},"classes":[]},{"id":253,"url":"https:\/\/quechilero.com\/blog\/2006\/09\/30\/hora-vieja\/","url_meta":{"origin":19659,"position":5},"title":"Hora vieja","author":"Pepe Barrascout Ortiz","date":"30 septiembre 2006","format":false,"excerpt":"Hoy, 30 de septiembre, a las 0:00 hrs, se hace nuevamente el cambio de hora a la hora vieja, desde hace 6 meses nuestros relojes se hab\u00edan adelantado una hora, con el fin de que hubiera un considerable ahorro energ\u00e9tico. Al menos en mis facturas de todo este tiempo no\u2026","rel":"","context":"En \u00abLimones\u00bb","block_context":{"text":"Limones","link":"https:\/\/quechilero.com\/blog\/category\/limones\/"},"img":{"alt_text":"","src":"","width":0,"height":0},"classes":[]}],"jetpack_featured_media_url":"","_links":{"self":[{"href":"https:\/\/quechilero.com\/blog\/wp-json\/wp\/v2\/posts\/19659","targetHints":{"allow":["GET"]}}],"collection":[{"href":"https:\/\/quechilero.com\/blog\/wp-json\/wp\/v2\/posts"}],"about":[{"href":"https:\/\/quechilero.com\/blog\/wp-json\/wp\/v2\/types\/post"}],"author":[{"embeddable":true,"href":"https:\/\/quechilero.com\/blog\/wp-json\/wp\/v2\/users\/1"}],"replies":[{"embeddable":true,"href":"https:\/\/quechilero.com\/blog\/wp-json\/wp\/v2\/comments?post=19659"}],"version-history":[{"count":0,"href":"https:\/\/quechilero.com\/blog\/wp-json\/wp\/v2\/posts\/19659\/revisions"}],"wp:attachment":[{"href":"https:\/\/quechilero.com\/blog\/wp-json\/wp\/v2\/media?parent=19659"}],"wp:term":[{"taxonomy":"category","embeddable":true,"href":"https:\/\/quechilero.com\/blog\/wp-json\/wp\/v2\/categories?post=19659"},{"taxonomy":"post_tag","embeddable":true,"href":"https:\/\/quechilero.com\/blog\/wp-json\/wp\/v2\/tags?post=19659"},{"taxonomy":"series","embeddable":true,"href":"https:\/\/quechilero.com\/blog\/wp-json\/wp\/v2\/series?post=19659"}],"curies":[{"name":"wp","href":"https:\/\/api.w.org\/{rel}","templated":true}]}}