{"id":19650,"date":"2015-01-09T08:00:43","date_gmt":"2015-01-09T14:00:43","guid":{"rendered":"http:\/\/quechilero.com\/blog\/?p=19650"},"modified":"2015-01-02T17:30:41","modified_gmt":"2015-01-02T23:30:41","slug":"la-cadena-de-papel","status":"publish","type":"post","link":"https:\/\/quechilero.com\/blog\/2015\/01\/09\/la-cadena-de-papel\/","title":{"rendered":"La cadena de papel"},"content":{"rendered":"<p>El pastor, un misionero norteamericano y su esposa, decidieron que la congregaci\u00f3n se responsabilizara unos con otros de formar una cadena de oraci\u00f3n, con el prop\u00f3sito que Dios nos mostrara c\u00f3mo desarrollar las actividades en la iglesia y especialmente encontrar un nuevo pastor, ya que ellos regresar\u00edan definitivamente a su pa\u00eds.<\/p>\n<p>Es lamentable, pero como las palabras generalmente se las lleva el viento, hicimos un compromiso de orar por escrito. En unas cintas de papel se escribi\u00f3 el nombre de cada uno y el d\u00eda y hora que estar\u00edamos utilizando para orar. Estas cintas tomaron forma de eslab\u00f3n y se pegaron unas a otras como una cadena, y se colgaron en la pared principal de la iglesia, como para recordar en nuestro compromiso.<\/p>\n<p>La verdad es que la gran mayor\u00eda nos olvidamos de cumplir con esa promesa. No s\u00f3lo las palabras se las llev\u00f3 el viento, sino que tambi\u00e9n nuestras letras.<\/p>\n<p>Cierto d\u00eda, en la iglesia el misionero pregunt\u00f3: \u00ab\u00bfQu\u00e9 ha pasado que la congregaci\u00f3n ha roto la cadena y ya no cumplimos con este compromiso?\u00bb \u00a1Nadie habl\u00f3! Pero un ni\u00f1o de apenas siete a\u00f1os, mirando hacia aquella pared, vio que la cadena de papel que colgaba estaba despegada y suelta en varios lados. Entonces, con su inocencia dijo: \u00ab\u00a1Y c\u00f3mo no se va a romper la cadena si es de papel!\u00bb<\/p>\n<p>Esto me hizo pensar que muchas veces nuestro compromiso es tan d\u00e9bil como un fino papelito. \u00a1Y en ese compromiso ponemos nuestra confianza!<\/p>\n","protected":false},"excerpt":{"rendered":"<p>El pastor, un misionero norteamericano y su esposa, decidieron que la congregaci\u00f3n se responsabilizara unos con otros de formar una cadena de oraci\u00f3n, con el prop\u00f3sito que Dios nos mostrara c\u00f3mo desarrollar las actividades en la iglesia y especialmente encontrar un nuevo pastor, ya que ellos regresar\u00edan definitivamente a su pa\u00eds. Es lamentable, pero como &#8230; <a title=\"La cadena de papel\" class=\"read-more\" href=\"https:\/\/quechilero.com\/blog\/2015\/01\/09\/la-cadena-de-papel\/\" aria-label=\"Leer m\u00e1s sobre La cadena de papel\">Leer m\u00e1s<\/a><\/p>\n","protected":false},"author":1,"featured_media":0,"comment_status":"open","ping_status":"open","sticky":false,"template":"","format":"standard","meta":{"advanced_seo_description":"","jetpack_seo_html_title":"","jetpack_seo_noindex":false,"jetpack_seo_schema_type":"","episode_type":"","audio_file":"","podmotor_file_id":"","podmotor_episode_id":"","cover_image":"","cover_image_id":"","duration":"","filesize":"","filesize_raw":"","date_recorded":"","explicit":"","block":"","_jetpack_newsletter_access":"","_jetpack_dont_email_post_to_subs":false,"_jetpack_newsletter_tier_id":0,"_jetpack_memberships_contains_paywalled_content":false,"_jetpack_feature_clip_id":0,"_jetpack_memberships_contains_paid_content":false,"footnotes":"","jetpack_publicize_message":"","jetpack_publicize_feature_enabled":true,"jetpack_social_post_already_shared":true,"jetpack_social_options":{"image_generator_settings":{"template":"highway","default_image_id":0,"font":"","enabled":false},"version":2},"jetpack_post_was_ever_published":false},"categories":[2],"tags":[38,51,86,41],"series":[],"class_list":["post-19650","post","type-post","status-publish","format-standard","hentry","category-limones","tag-confianza","tag-dios","tag-oracion","tag-verdad"],"episode_featured_image":false,"episode_player_image":"https:\/\/i0.wp.com\/quechilero.com\/blog\/imagenes\/podcast.png?fit=1831%2C1831&ssl=1","download_link":"","player_link":"","audio_player":false,"episode_data":{"playerMode":"dark","subscribeUrls":{"amazon":{"key":"amazon","url":"","label":"Amazon","class":"amazon","icon":"amazon.png"},"apple_podcasts":{"key":"apple_podcasts","url":"","label":"Apple Podcasts","class":"apple_podcasts","icon":"apple-podcasts.png"},"castbox":{"key":"castbox","url":"","label":"CastBox","class":"castbox","icon":"castbox.png"},"deezer":{"key":"deezer","url":"","label":"Deezer","class":"deezer","icon":"deezer.png"},"google_podcasts":{"key":"google_podcasts","url":"","label":"Google Podcasts","class":"google_podcasts","icon":"google-podcasts.png"},"listen_notes":{"key":"listen_notes","url":"","label":"Listen Notes","class":"listen_notes","icon":"listen-notes.png"},"pandora":{"key":"pandora","url":"","label":"Pandora","class":"pandora","icon":"pandora.png"},"podbean":{"key":"podbean","url":"","label":"Podbean","class":"podbean","icon":"podbean.png"},"podcast_republic":{"key":"podcast_republic","url":"","label":"Podcast Republic","class":"podcast_republic","icon":"podcast-republic.png"},"rss":{"key":"rss","url":"","label":"RSS","class":"rss","icon":"rss.png"},"spotify":{"key":"spotify","url":"","label":"Spotify","class":"spotify","icon":"spotify.png"},"stitcher":{"key":"stitcher","url":"","label":"Stitcher","class":"stitcher","icon":"stitcher.png"},"tunein":{"key":"tunein","url":"","label":"TuneIn","class":"tunein","icon":"tunein.png"},"youtube":{"key":"youtube","url":"","label":"YouTube","class":"youtube","icon":"youtube.png"},"iheartradio":{"key":"iheartradio","url":"","label":"iHeartRadio","class":"iheartradio","icon":"iheartradio.png"},"ivoox":{"key":"ivoox","url":"","label":"iVoox","class":"ivoox","icon":"ivoox.png"}},"rssFeedUrl":"https:\/\/quechilero.com\/blog\/feed\/podcast\/si-la-vida-nos-da-limones","embedCode":"<blockquote class=\"wp-embedded-content\" data-secret=\"6iknuWCFGL\"><a href=\"https:\/\/quechilero.com\/blog\/2015\/01\/09\/la-cadena-de-papel\/\">La cadena de papel<\/a><\/blockquote><iframe sandbox=\"allow-scripts\" security=\"restricted\" src=\"https:\/\/quechilero.com\/blog\/2015\/01\/09\/la-cadena-de-papel\/embed\/#?secret=6iknuWCFGL\" width=\"500\" height=\"350\" title=\"\u00abLa cadena de papel\u00bb \u2014 Si la Vida nos da Limones...\" data-secret=\"6iknuWCFGL\" frameborder=\"0\" marginwidth=\"0\" marginheight=\"0\" scrolling=\"no\" class=\"wp-embedded-content\"><\/iframe><script>\n\/*! This file is auto-generated *\/\n!function(d,l){\"use strict\";l.querySelector&&d.addEventListener&&\"undefined\"!=typeof URL&&(d.wp=d.wp||{},d.wp.receiveEmbedMessage||(d.wp.receiveEmbedMessage=function(e){var t=e.data;if((t||t.secret||t.message||t.value)&&!\/[^a-zA-Z0-9]\/.test(t.secret)){for(var s,r,n,a=l.querySelectorAll('iframe[data-secret=\"'+t.secret+'\"]'),o=l.querySelectorAll('blockquote[data-secret=\"'+t.secret+'\"]'),c=new RegExp(\"^https?:$\",\"i\"),i=0;i<o.length;i++)o[i].style.display=\"none\";for(i=0;i<a.length;i++)s=a[i],e.source===s.contentWindow&&(s.removeAttribute(\"style\"),\"height\"===t.message?(1e3<(r=parseInt(t.value,10))?r=1e3:~~r<200&&(r=200),s.height=r):\"link\"===t.message&&(r=new URL(s.getAttribute(\"src\")),n=new URL(t.value),c.test(n.protocol))&&n.host===r.host&&l.activeElement===s&&(d.top.location.href=t.value))}},d.addEventListener(\"message\",d.wp.receiveEmbedMessage,!1),l.addEventListener(\"DOMContentLoaded\",function(){for(var e,t,s=l.querySelectorAll(\"iframe.wp-embedded-content\"),r=0;r<s.length;r++)(t=(e=s[r]).getAttribute(\"data-secret\"))||(t=Math.random().toString(36).substring(2,12),e.src+=\"#?secret=\"+t,e.setAttribute(\"data-secret\",t)),e.contentWindow.postMessage({message:\"ready\",secret:t},\"*\")},!1)))}(window,document);\n\/\/# sourceURL=https:\/\/quechilero.com\/blog\/wp-includes\/js\/wp-embed.min.js\n<\/script>\n"},"jetpack_publicize_connections":[],"jetpack_shortlink":"https:\/\/wp.me\/pDKli-56W","jetpack_sharing_enabled":true,"jetpack-related-posts":[{"id":17614,"url":"https:\/\/quechilero.com\/blog\/2014\/01\/01\/tengo-sed\/","url_meta":{"origin":19650,"position":0},"title":"Tengo sed","author":"Pepe Barrascout Ortiz","date":"1 enero 2014","format":false,"excerpt":"Al padre Leo Maasburg le fue encomendada la misi\u00f3n de acompa\u00f1ar a la madre Teresa de Calcuta a Cuba, Nueva York, Mosc\u00fa y, c\u00f3mo no, Calcuta. Fue su confesor, su amigo, su gu\u00eda espiritual y la figura de ese sacerdote que la fundadora de las Misioneras de la Caridad siempre\u2026","rel":"","context":"En \u00abLimones\u00bb","block_context":{"text":"Limones","link":"https:\/\/quechilero.com\/blog\/category\/limones\/"},"img":{"alt_text":"","src":"","width":0,"height":0},"classes":[]},{"id":13233,"url":"https:\/\/quechilero.com\/blog\/2012\/04\/24\/principios-importantes-de-la-oracion\/","url_meta":{"origin":19650,"position":1},"title":"Principios importantes de la Oraci\u00f3n","author":"Pepe Barrascout Ortiz","date":"24 abril 2012","format":false,"excerpt":"Si tienes un problema muy agobiante, una necesidad muy grande en tu vida; tal vez el problema es que monopolizas toda la pl\u00e1tica con Dios y no le est\u00e1s escuchando a \u00c9l para nada. \u00a1Deja de hablar tanto y toma tiempo para escuchar! Escucha la Palabra de Dios. Qu\u00e9date en\u2026","rel":"","context":"En \u00abLimones\u00bb","block_context":{"text":"Limones","link":"https:\/\/quechilero.com\/blog\/category\/limones\/"},"img":{"alt_text":"","src":"","width":0,"height":0},"classes":[]},{"id":17927,"url":"https:\/\/quechilero.com\/blog\/2014\/06\/25\/la-fe-de-jorge-muller\/","url_meta":{"origin":19650,"position":2},"title":"La fe de Jorge M\u00fcller","author":"Pepe Barrascout Ortiz","date":"25 junio 2014","format":false,"excerpt":"El capit\u00e1n de un barco cont\u00f3 la siguiente historia: La \u00faltima vez que navegu\u00e9 por aqu\u00ed, hace cinco semanas, me aconteci\u00f3 algo extraordinario que revolucion\u00f3 mi vida por completo. Ten\u00edamos a bordo a Jorge M\u00fcller, de Bristol. Durante veinticuatro horas yo no hab\u00eda abandonado el puente de mando, cuando se\u2026","rel":"","context":"En \u00abLimones\u00bb","block_context":{"text":"Limones","link":"https:\/\/quechilero.com\/blog\/category\/limones\/"},"img":{"alt_text":"","src":"","width":0,"height":0},"classes":[]},{"id":6205,"url":"https:\/\/quechilero.com\/blog\/2010\/12\/05\/abstinencia-de-palabras-e-imagenes-ver-juzgar-y-actuar-2\/","url_meta":{"origin":19650,"position":3},"title":"Abstinencia de palabras e im\u00e1genes: Ver, Juzgar y \u00a1Actuar!","author":"Pepe Barrascout Ortiz","date":"5 diciembre 2010","format":false,"excerpt":"Juzgar: La Cuaresma es tiempo propicio para la soledad, el silencio, la oraci\u00f3n. Jes\u00fas se fue al desierto por cuarenta d\u00edas, igual que Mois\u00e9s y El\u00edas. Durante su intensa actividad apost\u00f3lica, siempre buscaba tiempos y lugares para apartarse y estar a solas con su Padre. La abstinencia que la Iglesia\u2026","rel":"","context":"En \u00abLimones\u00bb","block_context":{"text":"Limones","link":"https:\/\/quechilero.com\/blog\/category\/limones\/"},"img":{"alt_text":"","src":"","width":0,"height":0},"classes":[]},{"id":3191,"url":"https:\/\/quechilero.com\/blog\/2009\/08\/19\/ora-trabaja-y-no-descanses\/","url_meta":{"origin":19650,"position":4},"title":"Ora, trabaja y no descanses","author":"Pepe Barrascout Ortiz","date":"19 agosto 2009","format":false,"excerpt":"El d\u00eda 30 de enero de 1948, fue asesinado Gandhi. Cuando cay\u00f3 bajo las balas sus \u00faltimas palabras fueron: \"\u00a1Oh Dios! \u00a1Oh Dios!\" En la ma\u00f1ana de aquel mismo d\u00eda, Gandhi or\u00f3 con la plegaria de este antiguo himno gujarati: \"Ya te sientas fatigado o no, \u00a1Oh hombre!, no descanses;\u2026","rel":"","context":"En \u00abLimones\u00bb","block_context":{"text":"Limones","link":"https:\/\/quechilero.com\/blog\/category\/limones\/"},"img":{"alt_text":"","src":"","width":0,"height":0},"classes":[]},{"id":7497,"url":"https:\/\/quechilero.com\/blog\/2011\/04\/11\/le-daras-tiempo-a-dios\/","url_meta":{"origin":19650,"position":5},"title":"\u00bfLe dar\u00e1s tiempo a Dios?","author":"Pepe Barrascout Ortiz","date":"11 abril 2011","format":false,"excerpt":"Si tienes un problema muy agobiante, una necesidad muy grande en tu vida; est\u00e1s orando... esperando... pero tal vez el problema es que no est\u00e1s escuchando a Dios. Algunos creen que orar significa seguir pidiendo y pidiendo, seguir hablando y rezando y rog\u00e1ndole al Se\u00f1or con una gran palabrer\u00eda y\u2026","rel":"","context":"En \u00abLimones\u00bb","block_context":{"text":"Limones","link":"https:\/\/quechilero.com\/blog\/category\/limones\/"},"img":{"alt_text":"","src":"","width":0,"height":0},"classes":[]}],"jetpack_featured_media_url":"","_links":{"self":[{"href":"https:\/\/quechilero.com\/blog\/wp-json\/wp\/v2\/posts\/19650","targetHints":{"allow":["GET"]}}],"collection":[{"href":"https:\/\/quechilero.com\/blog\/wp-json\/wp\/v2\/posts"}],"about":[{"href":"https:\/\/quechilero.com\/blog\/wp-json\/wp\/v2\/types\/post"}],"author":[{"embeddable":true,"href":"https:\/\/quechilero.com\/blog\/wp-json\/wp\/v2\/users\/1"}],"replies":[{"embeddable":true,"href":"https:\/\/quechilero.com\/blog\/wp-json\/wp\/v2\/comments?post=19650"}],"version-history":[{"count":0,"href":"https:\/\/quechilero.com\/blog\/wp-json\/wp\/v2\/posts\/19650\/revisions"}],"wp:attachment":[{"href":"https:\/\/quechilero.com\/blog\/wp-json\/wp\/v2\/media?parent=19650"}],"wp:term":[{"taxonomy":"category","embeddable":true,"href":"https:\/\/quechilero.com\/blog\/wp-json\/wp\/v2\/categories?post=19650"},{"taxonomy":"post_tag","embeddable":true,"href":"https:\/\/quechilero.com\/blog\/wp-json\/wp\/v2\/tags?post=19650"},{"taxonomy":"series","embeddable":true,"href":"https:\/\/quechilero.com\/blog\/wp-json\/wp\/v2\/series?post=19650"}],"curies":[{"name":"wp","href":"https:\/\/api.w.org\/{rel}","templated":true}]}}