{"id":19634,"date":"2014-11-08T08:00:49","date_gmt":"2014-11-08T14:00:49","guid":{"rendered":"http:\/\/quechilero.com\/blog\/?p=19634"},"modified":"2015-01-02T16:31:15","modified_gmt":"2015-01-02T22:31:15","slug":"reflejo-de-tus-acciones","status":"publish","type":"post","link":"https:\/\/quechilero.com\/blog\/2014\/11\/08\/reflejo-de-tus-acciones\/","title":{"rendered":"Reflejo de tus acciones"},"content":{"rendered":"<p>Conduc\u00eda camino a mi casa durante una noche lluviosa; delante de m\u00ed iba otro autom\u00f3vil que constantemente me deslumbraba con una luz proveniente de la parte de atr\u00e1s del autom\u00f3vil. Me molest\u00e9 pues, adem\u00e1s de la lluvia y el estado de la carretera, ten\u00eda que lidiar con el destello que aquel autom\u00f3vil me reflejaba. Pens\u00e9 que alg\u00fan ni\u00f1o travieso llevaba alg\u00fan artefacto luminoso e iba jugando por la carretera.<\/p>\n<p>M\u00e1s adelante llegamos a un sem\u00e1foro, donde un poco molesto me coloqu\u00e9 al lado de aquel autom\u00f3vil, cuando se abri\u00f3 la ventana del otro auto y el conductor me dijo: \u00abDisculpe, pero su luz izquierda est\u00e1 desprendida, deber\u00eda repararla o puede tener alg\u00fan accidente.\u00bb<\/p>\n<p>Me di cuenta entonces que el reflejo era producto de mi luz averiada. Esto me hizo reflexionar mucho sobre lo que pensamos de los dem\u00e1s: a veces una actitud negativa o mala de otras personas, puede no ser m\u00e1s que el reflejo de nuestras acciones en aquella persona.<\/p>\n<p>Comprend\u00ed entonces las palabras de Jes\u00fas de tratar a los dem\u00e1s como quisi\u00e9ramos ser tratados, y servir como si fu\u00e9ramos los \u00faltimos para as\u00ed ser los primeros.<\/p>\n<p>Mant\u00e9n la paz con tus amigos y compa\u00f1eros, y antes de criticar o juzgar, mira tu coraz\u00f3n y piensa si aquello no es el resultado de tus acciones para con aquella persona Y recuerda no juzgar, pues con la misma medida ser\u00e1s juzgado; deja el juicio a Dios, que es misericordioso, lento para enojarse y generoso para perdonar.<\/p>\n","protected":false},"excerpt":{"rendered":"<p>Conduc\u00eda camino a mi casa durante una noche lluviosa; delante de m\u00ed iba otro autom\u00f3vil que constantemente me deslumbraba con una luz proveniente de la parte de atr\u00e1s del autom\u00f3vil. Me molest\u00e9 pues, adem\u00e1s de la lluvia y el estado de la carretera, ten\u00eda que lidiar con el destello que aquel autom\u00f3vil me reflejaba. Pens\u00e9 &#8230; <a title=\"Reflejo de tus acciones\" class=\"read-more\" href=\"https:\/\/quechilero.com\/blog\/2014\/11\/08\/reflejo-de-tus-acciones\/\" aria-label=\"Leer m\u00e1s sobre Reflejo de tus acciones\">Leer m\u00e1s<\/a><\/p>\n","protected":false},"author":1,"featured_media":0,"comment_status":"open","ping_status":"open","sticky":false,"template":"","format":"standard","meta":{"advanced_seo_description":"","jetpack_seo_html_title":"","jetpack_seo_noindex":false,"jetpack_seo_schema_type":"","episode_type":"","audio_file":"","podmotor_file_id":"","podmotor_episode_id":"","cover_image":"","cover_image_id":"","duration":"","filesize":"","filesize_raw":"","date_recorded":"","explicit":"","block":"","_jetpack_newsletter_access":"","_jetpack_dont_email_post_to_subs":false,"_jetpack_newsletter_tier_id":0,"_jetpack_memberships_contains_paywalled_content":false,"_jetpack_feature_clip_id":0,"_jetpack_memberships_contains_paid_content":false,"footnotes":"","jetpack_publicize_message":"","jetpack_publicize_feature_enabled":true,"jetpack_social_post_already_shared":true,"jetpack_social_options":{"image_generator_settings":{"template":"highway","default_image_id":0,"font":"","enabled":false},"version":2},"jetpack_post_was_ever_published":false},"categories":[2],"tags":[51,74,40],"series":[],"class_list":["post-19634","post","type-post","status-publish","format-standard","hentry","category-limones","tag-dios","tag-jesus","tag-paz"],"episode_featured_image":false,"episode_player_image":"https:\/\/i0.wp.com\/quechilero.com\/blog\/imagenes\/podcast.png?fit=1831%2C1831&ssl=1","download_link":"","player_link":"","audio_player":false,"episode_data":{"playerMode":"dark","subscribeUrls":{"amazon":{"key":"amazon","url":"","label":"Amazon","class":"amazon","icon":"amazon.png"},"apple_podcasts":{"key":"apple_podcasts","url":"","label":"Apple Podcasts","class":"apple_podcasts","icon":"apple-podcasts.png"},"castbox":{"key":"castbox","url":"","label":"CastBox","class":"castbox","icon":"castbox.png"},"deezer":{"key":"deezer","url":"","label":"Deezer","class":"deezer","icon":"deezer.png"},"google_podcasts":{"key":"google_podcasts","url":"","label":"Google Podcasts","class":"google_podcasts","icon":"google-podcasts.png"},"listen_notes":{"key":"listen_notes","url":"","label":"Listen Notes","class":"listen_notes","icon":"listen-notes.png"},"pandora":{"key":"pandora","url":"","label":"Pandora","class":"pandora","icon":"pandora.png"},"podbean":{"key":"podbean","url":"","label":"Podbean","class":"podbean","icon":"podbean.png"},"podcast_republic":{"key":"podcast_republic","url":"","label":"Podcast Republic","class":"podcast_republic","icon":"podcast-republic.png"},"rss":{"key":"rss","url":"","label":"RSS","class":"rss","icon":"rss.png"},"spotify":{"key":"spotify","url":"","label":"Spotify","class":"spotify","icon":"spotify.png"},"stitcher":{"key":"stitcher","url":"","label":"Stitcher","class":"stitcher","icon":"stitcher.png"},"tunein":{"key":"tunein","url":"","label":"TuneIn","class":"tunein","icon":"tunein.png"},"youtube":{"key":"youtube","url":"","label":"YouTube","class":"youtube","icon":"youtube.png"},"iheartradio":{"key":"iheartradio","url":"","label":"iHeartRadio","class":"iheartradio","icon":"iheartradio.png"},"ivoox":{"key":"ivoox","url":"","label":"iVoox","class":"ivoox","icon":"ivoox.png"}},"rssFeedUrl":"https:\/\/quechilero.com\/blog\/feed\/podcast\/si-la-vida-nos-da-limones","embedCode":"<blockquote class=\"wp-embedded-content\" data-secret=\"LTR6pHldso\"><a href=\"https:\/\/quechilero.com\/blog\/2014\/11\/08\/reflejo-de-tus-acciones\/\">Reflejo de tus acciones<\/a><\/blockquote><iframe sandbox=\"allow-scripts\" security=\"restricted\" src=\"https:\/\/quechilero.com\/blog\/2014\/11\/08\/reflejo-de-tus-acciones\/embed\/#?secret=LTR6pHldso\" width=\"500\" height=\"350\" title=\"\u00abReflejo de tus acciones\u00bb \u2014 Si la Vida nos da Limones...\" data-secret=\"LTR6pHldso\" frameborder=\"0\" marginwidth=\"0\" marginheight=\"0\" scrolling=\"no\" class=\"wp-embedded-content\"><\/iframe><script>\n\/*! This file is auto-generated *\/\n!function(d,l){\"use strict\";l.querySelector&&d.addEventListener&&\"undefined\"!=typeof URL&&(d.wp=d.wp||{},d.wp.receiveEmbedMessage||(d.wp.receiveEmbedMessage=function(e){var t=e.data;if((t||t.secret||t.message||t.value)&&!\/[^a-zA-Z0-9]\/.test(t.secret)){for(var s,r,n,a=l.querySelectorAll('iframe[data-secret=\"'+t.secret+'\"]'),o=l.querySelectorAll('blockquote[data-secret=\"'+t.secret+'\"]'),c=new RegExp(\"^https?:$\",\"i\"),i=0;i<o.length;i++)o[i].style.display=\"none\";for(i=0;i<a.length;i++)s=a[i],e.source===s.contentWindow&&(s.removeAttribute(\"style\"),\"height\"===t.message?(1e3<(r=parseInt(t.value,10))?r=1e3:~~r<200&&(r=200),s.height=r):\"link\"===t.message&&(r=new URL(s.getAttribute(\"src\")),n=new URL(t.value),c.test(n.protocol))&&n.host===r.host&&l.activeElement===s&&(d.top.location.href=t.value))}},d.addEventListener(\"message\",d.wp.receiveEmbedMessage,!1),l.addEventListener(\"DOMContentLoaded\",function(){for(var e,t,s=l.querySelectorAll(\"iframe.wp-embedded-content\"),r=0;r<s.length;r++)(t=(e=s[r]).getAttribute(\"data-secret\"))||(t=Math.random().toString(36).substring(2,12),e.src+=\"#?secret=\"+t,e.setAttribute(\"data-secret\",t)),e.contentWindow.postMessage({message:\"ready\",secret:t},\"*\")},!1)))}(window,document);\n\/\/# sourceURL=https:\/\/quechilero.com\/blog\/wp-includes\/js\/wp-embed.min.js\n<\/script>\n"},"jetpack_publicize_connections":[],"jetpack_shortlink":"https:\/\/wp.me\/pDKli-56G","jetpack_sharing_enabled":true,"jetpack-related-posts":[{"id":17570,"url":"https:\/\/quechilero.com\/blog\/2013\/12\/07\/cuando-entregas-todo\/","url_meta":{"origin":19634,"position":0},"title":"Cuando entregas todo","author":"Pepe Barrascout Ortiz","date":"7 diciembre 2013","format":false,"excerpt":"Se cuenta la historia de un peque\u00f1o perro que fue golpeado por un autom\u00f3vil y echado a un lado de la carretera. Un m\u00e9dico, que justo estaba conduciendo por all\u00ed, not\u00f3 que el perro a\u00fan viv\u00eda, as\u00ed que detuvo su autom\u00f3vil, recogi\u00f3 al perro y lo llev\u00f3 a casa con\u2026","rel":"","context":"En \u00abLimones\u00bb","block_context":{"text":"Limones","link":"https:\/\/quechilero.com\/blog\/category\/limones\/"},"img":{"alt_text":"","src":"","width":0,"height":0},"classes":[]},{"id":17309,"url":"https:\/\/quechilero.com\/blog\/2013\/10\/07\/el-auto-robado\/","url_meta":{"origin":19634,"position":1},"title":"El auto robado","author":"Pepe Barrascout Ortiz","date":"7 octubre 2013","format":false,"excerpt":"El sem\u00e1foro se puso amarillo justo cuando \u00e9l iba a cruzar en su autom\u00f3vil y, como era de esperar, hizo lo correcto: se detuvo en la l\u00ednea de paso para los peatones, a pesar de que podr\u00eda haber rebasado la luz roja, acelerando a trav\u00e9s de la intersecci\u00f3n. La mujer\u2026","rel":"","context":"En \u00abLimones\u00bb","block_context":{"text":"Limones","link":"https:\/\/quechilero.com\/blog\/category\/limones\/"},"img":{"alt_text":"","src":"","width":0,"height":0},"classes":[]},{"id":2973,"url":"https:\/\/quechilero.com\/blog\/2009\/07\/19\/la-belleza-de-una-joya\/","url_meta":{"origin":19634,"position":2},"title":"La belleza de una joya","author":"Pepe Barrascout Ortiz","date":"19 julio 2009","format":false,"excerpt":"Las joyas, en s\u00ed mismas, no tienen valor a menos que sean tra\u00eddas a la luz. Colocadas en ciertas posiciones, reflejar\u00e1n la belleza del sol. De otra forma, en ellas no hay belleza alguna. El diamante que es llevado a la oscura galer\u00eda o a la profunda mina subterr\u00e1nea no\u2026","rel":"","context":"En \u00abLimones\u00bb","block_context":{"text":"Limones","link":"https:\/\/quechilero.com\/blog\/category\/limones\/"},"img":{"alt_text":"","src":"","width":0,"height":0},"classes":[]},{"id":14041,"url":"https:\/\/quechilero.com\/blog\/2012\/07\/23\/el-sueno-de-ford\/","url_meta":{"origin":19634,"position":3},"title":"El Sue\u00f1o de Ford","author":"Pepe Barrascout Ortiz","date":"23 julio 2012","format":false,"excerpt":"El pionero de la industria automotriz y visionario Henry Ford dijo: \"Todo el secreto de una vida exitosa es descubrir qu\u00e9 estamos destinados a hacer, y luego hacerlo\". El sue\u00f1o de Ford naci\u00f3 de su inter\u00e9s por todo lo que fuera mec\u00e1nico. Desde su ni\u00f1ez tuvo la pasi\u00f3n por estudiar\u2026","rel":"","context":"En \u00abLimones\u00bb","block_context":{"text":"Limones","link":"https:\/\/quechilero.com\/blog\/category\/limones\/"},"img":{"alt_text":"","src":"","width":0,"height":0},"classes":[]},{"id":13473,"url":"https:\/\/quechilero.com\/blog\/2012\/06\/07\/google-el-automovil-que-se-conduce-solo\/","url_meta":{"origin":19634,"position":4},"title":"Google: el autom\u00f3vil que se conduce solo","author":"Pepe Barrascout Ortiz","date":"7 junio 2012","format":false,"excerpt":"https:\/\/youtu.be\/cdgQpa1pUUE Google, como todos sabemos, es una empresa multifac\u00e9tica\u00a0con un origen muy peculiar y digno de una historia de cuento de hadas, lleno de ciencia ficci\u00f3n. Lo cierto es que siempre han estado o han tratado de estar siempre, a la vanguardia de los campos en en los que incursionan,\u2026","rel":"","context":"En \u00abLimones\u00bb","block_context":{"text":"Limones","link":"https:\/\/quechilero.com\/blog\/category\/limones\/"},"img":{"alt_text":"","src":"https:\/\/i0.wp.com\/img.youtube.com\/vi\/cdgQpa1pUUE\/0.jpg?resize=350%2C200","width":350,"height":200},"classes":[]},{"id":455,"url":"https:\/\/quechilero.com\/blog\/2007\/03\/01\/el-padre-solitario\/","url_meta":{"origin":19634,"position":5},"title":"El padre solitario","author":"Pepe Barrascout Ortiz","date":"1 marzo 2007","format":false,"excerpt":"La rebeld\u00eda atac\u00f3 el mundo de Joe como una ventisca a Minnesota. Cuando ya ten\u00eda edad suficiente como para conducir un autom\u00f3vil, Madeline decidi\u00f3 que era suficiente mayor como para dirigir su propia vida. Y esa vida no inclu\u00eda a su padre. \"Deb\u00ed hab\u00e9rmelo imaginado\", dir\u00eda Joe m\u00e1s tarde, \"pero\u2026","rel":"","context":"En \u00abLimones\u00bb","block_context":{"text":"Limones","link":"https:\/\/quechilero.com\/blog\/category\/limones\/"},"img":{"alt_text":"","src":"","width":0,"height":0},"classes":[]}],"jetpack_featured_media_url":"","_links":{"self":[{"href":"https:\/\/quechilero.com\/blog\/wp-json\/wp\/v2\/posts\/19634","targetHints":{"allow":["GET"]}}],"collection":[{"href":"https:\/\/quechilero.com\/blog\/wp-json\/wp\/v2\/posts"}],"about":[{"href":"https:\/\/quechilero.com\/blog\/wp-json\/wp\/v2\/types\/post"}],"author":[{"embeddable":true,"href":"https:\/\/quechilero.com\/blog\/wp-json\/wp\/v2\/users\/1"}],"replies":[{"embeddable":true,"href":"https:\/\/quechilero.com\/blog\/wp-json\/wp\/v2\/comments?post=19634"}],"version-history":[{"count":0,"href":"https:\/\/quechilero.com\/blog\/wp-json\/wp\/v2\/posts\/19634\/revisions"}],"wp:attachment":[{"href":"https:\/\/quechilero.com\/blog\/wp-json\/wp\/v2\/media?parent=19634"}],"wp:term":[{"taxonomy":"category","embeddable":true,"href":"https:\/\/quechilero.com\/blog\/wp-json\/wp\/v2\/categories?post=19634"},{"taxonomy":"post_tag","embeddable":true,"href":"https:\/\/quechilero.com\/blog\/wp-json\/wp\/v2\/tags?post=19634"},{"taxonomy":"series","embeddable":true,"href":"https:\/\/quechilero.com\/blog\/wp-json\/wp\/v2\/series?post=19634"}],"curies":[{"name":"wp","href":"https:\/\/api.w.org\/{rel}","templated":true}]}}