{"id":1963,"date":"2008-11-30T08:44:07","date_gmt":"2008-11-30T14:44:07","guid":{"rendered":"http:\/\/quechilero.com\/blog\/?p=1963"},"modified":"2008-11-30T08:44:07","modified_gmt":"2008-11-30T14:44:07","slug":"un-nuevo-amigo","status":"publish","type":"post","link":"https:\/\/quechilero.com\/blog\/2008\/11\/30\/un-nuevo-amigo\/","title":{"rendered":"Un nuevo amigo"},"content":{"rendered":"<p>Mientras viajaba desde Europa de vuelta a los Estados Unidos, me encontr\u00e9  sentado junto a una ni\u00f1ita que nunca dej\u00f3 de hablar desde el momento en que se  sent\u00f3. Me cont\u00f3 la historia de su familia y todo acerca de su cachorrito, que  estaba en la bodega del avi\u00f3n. Emocionada se\u00f1alaba a todo lo que estaba a  nuestro alrededor: <em>\u00ab\u00a1Mira esto! \u00a1Mira eso!\u00bb<\/em> \u00a1No pude evitar pensar en que ocho  horas de esto podr\u00edan convertirse en un vuelo muy largo!<\/p>\n<p>Conversamos por un rato hasta que de repente ella se call\u00f3. Se cubri\u00f3 toda  con la frazada, as\u00ed que pens\u00e9 que tal vez iba a dormirse. R\u00e1pidamente aprovech\u00e9  el receso y busqu\u00e9 la revista m\u00e1s cercana. Pero antes de poder abrirla, sent\u00ed un  codito en mi costado. Mir\u00e9 a la ni\u00f1a, y ella extendi\u00f3 su manita y dijo: <em>\u00abOye,  Joe, \u00bfquieres ser mi amigo?\u00bb<\/em><\/p>\n<p>Mi coraz\u00f3n se derriti\u00f3. <em>\u00abClaro -dije- seamos amigos\u00bb.<\/em><\/p>\n<p>En medio de la agitaci\u00f3n de la vida, cuando pensamos que todo lo que queremos  es que nos dejen en paz, Jes\u00fas extiende Su mano con las marcas de los clavos y  nos invita a ser Sus amigos. Dice: <em>\u00abPero os he llamado amigos, porque os he dado  a conocer todo lo que he o\u00eddo de Mi Padre\u00bb (Jn. 15:14-15).<\/em> Tenemos una elecci\u00f3n:  mantenernos reservados, o abrir nuestro coraz\u00f3n hacia una amistad de amor y gu\u00eda  ilimitados.<\/p>\n<p><strong><em>Tomado de \u00abNuestro Pan Diario\u00bb<\/em><\/strong><\/p>\n","protected":false},"excerpt":{"rendered":"<p>Mientras viajaba desde Europa de vuelta a los Estados Unidos, me encontr\u00e9 sentado junto a una ni\u00f1ita que nunca dej\u00f3 de hablar desde el momento en que se sent\u00f3. Me cont\u00f3 la historia de su familia y todo acerca de su cachorrito, que estaba en la bodega del avi\u00f3n. Emocionada se\u00f1alaba a todo lo que &#8230; <a title=\"Un nuevo amigo\" class=\"read-more\" href=\"https:\/\/quechilero.com\/blog\/2008\/11\/30\/un-nuevo-amigo\/\" aria-label=\"Leer m\u00e1s sobre Un nuevo amigo\">Leer m\u00e1s<\/a><\/p>\n","protected":false},"author":1,"featured_media":0,"comment_status":"open","ping_status":"open","sticky":false,"template":"","format":"standard","meta":{"advanced_seo_description":"","jetpack_seo_html_title":"","jetpack_seo_noindex":false,"jetpack_seo_schema_type":"","episode_type":"","audio_file":"","podmotor_file_id":"","podmotor_episode_id":"","cover_image":"","cover_image_id":"","duration":"","filesize":"","filesize_raw":"","date_recorded":"","explicit":"","block":"","_jetpack_newsletter_access":"","_jetpack_dont_email_post_to_subs":false,"_jetpack_newsletter_tier_id":0,"_jetpack_memberships_contains_paywalled_content":false,"_jetpack_feature_clip_id":0,"_jetpack_memberships_contains_paid_content":false,"footnotes":"","jetpack_publicize_message":"","jetpack_publicize_feature_enabled":true,"jetpack_social_post_already_shared":false,"jetpack_social_options":{"image_generator_settings":{"template":"highway","default_image_id":0,"font":"","enabled":false},"version":2},"jetpack_post_was_ever_published":false},"categories":[2],"tags":[11,84,15,17,74,40,24],"series":[],"class_list":["post-1963","post","type-post","status-publish","format-standard","hentry","category-limones","tag-amigo","tag-amistad","tag-amor","tag-historia","tag-jesus","tag-paz","tag-vida"],"episode_featured_image":false,"episode_player_image":"https:\/\/i0.wp.com\/quechilero.com\/blog\/imagenes\/podcast.png?fit=1831%2C1831&ssl=1","download_link":"","player_link":"","audio_player":false,"episode_data":{"playerMode":"dark","subscribeUrls":{"amazon":{"key":"amazon","url":"","label":"Amazon","class":"amazon","icon":"amazon.png"},"apple_podcasts":{"key":"apple_podcasts","url":"","label":"Apple Podcasts","class":"apple_podcasts","icon":"apple-podcasts.png"},"castbox":{"key":"castbox","url":"","label":"CastBox","class":"castbox","icon":"castbox.png"},"deezer":{"key":"deezer","url":"","label":"Deezer","class":"deezer","icon":"deezer.png"},"google_podcasts":{"key":"google_podcasts","url":"","label":"Google Podcasts","class":"google_podcasts","icon":"google-podcasts.png"},"listen_notes":{"key":"listen_notes","url":"","label":"Listen Notes","class":"listen_notes","icon":"listen-notes.png"},"pandora":{"key":"pandora","url":"","label":"Pandora","class":"pandora","icon":"pandora.png"},"podbean":{"key":"podbean","url":"","label":"Podbean","class":"podbean","icon":"podbean.png"},"podcast_republic":{"key":"podcast_republic","url":"","label":"Podcast Republic","class":"podcast_republic","icon":"podcast-republic.png"},"rss":{"key":"rss","url":"","label":"RSS","class":"rss","icon":"rss.png"},"spotify":{"key":"spotify","url":"","label":"Spotify","class":"spotify","icon":"spotify.png"},"stitcher":{"key":"stitcher","url":"","label":"Stitcher","class":"stitcher","icon":"stitcher.png"},"tunein":{"key":"tunein","url":"","label":"TuneIn","class":"tunein","icon":"tunein.png"},"youtube":{"key":"youtube","url":"","label":"YouTube","class":"youtube","icon":"youtube.png"},"iheartradio":{"key":"iheartradio","url":"","label":"iHeartRadio","class":"iheartradio","icon":"iheartradio.png"},"ivoox":{"key":"ivoox","url":"","label":"iVoox","class":"ivoox","icon":"ivoox.png"}},"rssFeedUrl":"https:\/\/quechilero.com\/blog\/feed\/podcast\/si-la-vida-nos-da-limones","embedCode":"<blockquote class=\"wp-embedded-content\" data-secret=\"sB3YSwABUt\"><a href=\"https:\/\/quechilero.com\/blog\/2008\/11\/30\/un-nuevo-amigo\/\">Un nuevo amigo<\/a><\/blockquote><iframe sandbox=\"allow-scripts\" security=\"restricted\" src=\"https:\/\/quechilero.com\/blog\/2008\/11\/30\/un-nuevo-amigo\/embed\/#?secret=sB3YSwABUt\" width=\"500\" height=\"350\" title=\"\u00abUn nuevo amigo\u00bb \u2014 Si la Vida nos da Limones...\" data-secret=\"sB3YSwABUt\" frameborder=\"0\" marginwidth=\"0\" marginheight=\"0\" scrolling=\"no\" class=\"wp-embedded-content\"><\/iframe><script>\n\/*! This file is auto-generated *\/\n!function(d,l){\"use strict\";l.querySelector&&d.addEventListener&&\"undefined\"!=typeof URL&&(d.wp=d.wp||{},d.wp.receiveEmbedMessage||(d.wp.receiveEmbedMessage=function(e){var t=e.data;if((t||t.secret||t.message||t.value)&&!\/[^a-zA-Z0-9]\/.test(t.secret)){for(var s,r,n,a=l.querySelectorAll('iframe[data-secret=\"'+t.secret+'\"]'),o=l.querySelectorAll('blockquote[data-secret=\"'+t.secret+'\"]'),c=new RegExp(\"^https?:$\",\"i\"),i=0;i<o.length;i++)o[i].style.display=\"none\";for(i=0;i<a.length;i++)s=a[i],e.source===s.contentWindow&&(s.removeAttribute(\"style\"),\"height\"===t.message?(1e3<(r=parseInt(t.value,10))?r=1e3:~~r<200&&(r=200),s.height=r):\"link\"===t.message&&(r=new URL(s.getAttribute(\"src\")),n=new URL(t.value),c.test(n.protocol))&&n.host===r.host&&l.activeElement===s&&(d.top.location.href=t.value))}},d.addEventListener(\"message\",d.wp.receiveEmbedMessage,!1),l.addEventListener(\"DOMContentLoaded\",function(){for(var e,t,s=l.querySelectorAll(\"iframe.wp-embedded-content\"),r=0;r<s.length;r++)(t=(e=s[r]).getAttribute(\"data-secret\"))||(t=Math.random().toString(36).substring(2,12),e.src+=\"#?secret=\"+t,e.setAttribute(\"data-secret\",t)),e.contentWindow.postMessage({message:\"ready\",secret:t},\"*\")},!1)))}(window,document);\n\/\/# sourceURL=https:\/\/quechilero.com\/blog\/wp-includes\/js\/wp-embed.min.js\n<\/script>\n"},"jetpack_publicize_connections":[],"jetpack_shortlink":"https:\/\/wp.me\/pDKli-vF","jetpack_sharing_enabled":true,"jetpack-related-posts":[{"id":5594,"url":"https:\/\/quechilero.com\/blog\/2010\/09\/05\/de-la-rebeldia\/","url_meta":{"origin":1963,"position":0},"title":"De la rebeld\u00eda","author":"Pepe Barrascout Ortiz","date":"5 septiembre 2010","format":false,"excerpt":"En Mosc\u00fa, Luis Carlos Prestes, el m\u00e1s importante l\u00edder comunista brasile\u00f1o, se preparaba para volver a Brasil, despu\u00e9s de varios a\u00f1os de exilio. Su hijo (que me cont\u00f3 esta historia), resolvi\u00f3 documentar en pel\u00edcula la partida de su padre. Prestes le prohibi\u00f3 hacer eso. Mas, sabiendo que estaba delante de\u2026","rel":"","context":"En \u00abLimones\u00bb","block_context":{"text":"Limones","link":"https:\/\/quechilero.com\/blog\/category\/limones\/"},"img":{"alt_text":"","src":"","width":0,"height":0},"classes":[]},{"id":21242,"url":"https:\/\/quechilero.com\/blog\/2015\/06\/28\/el-lente-de-contacto\/","url_meta":{"origin":1963,"position":1},"title":"El lente de contacto","author":"Pepe Barrascout Ortiz","date":"28 junio 2015","format":false,"excerpt":"Brenda era una joven mujer que fue invitada a escalar rocas. Aunque esto le causaba mucho miedo, fue con su grupo a un tremendo risco de granito. A pesar de su miedo, se coloc\u00f3 el equipo, tom\u00f3 un extremo de la cuerda y comenz\u00f3 a enfrentar la roca. En determinado\u2026","rel":"","context":"En \u00abLimones\u00bb","block_context":{"text":"Limones","link":"https:\/\/quechilero.com\/blog\/category\/limones\/"},"img":{"alt_text":"","src":"","width":0,"height":0},"classes":[]},{"id":16671,"url":"https:\/\/quechilero.com\/blog\/2013\/04\/26\/ser-estrella\/","url_meta":{"origin":1963,"position":2},"title":"Ser Estrella","author":"Pepe Barrascout Ortiz","date":"26 abril 2013","format":false,"excerpt":"Hay personas estrellas y personas cometas. Los cometas pasan. Apenas son recordados por las fechas que pasan y vuelven. Las estrellas permanecen. Hay mucha gente cometa. Pasan por nuestra vida apenas por instantes; no cautivan a nadie, y nadie los cautiva. Gente sin amigos. Que pasan por la vida sin\u2026","rel":"","context":"En \u00abLimones\u00bb","block_context":{"text":"Limones","link":"https:\/\/quechilero.com\/blog\/category\/limones\/"},"img":{"alt_text":"","src":"","width":0,"height":0},"classes":[]},{"id":510,"url":"https:\/\/quechilero.com\/blog\/2007\/04\/04\/una-buena-leccion\/","url_meta":{"origin":1963,"position":3},"title":"Una Buena Lecci\u00f3n","author":"Pepe Barrascout Ortiz","date":"4 abril 2007","format":false,"excerpt":"Un estudiante universitario sali\u00f3 un d\u00eda a dar un paseo con un profesor, a quien los alumnos consideraban su amigo debido a su bondad para quienes segu\u00edan sus instrucciones. Mientras caminaban, vieron en el camino un par de zapatos viejos y supusieron que pertenec\u00edan a un anciano que trabajaba en\u2026","rel":"","context":"En \u00abLimones\u00bb","block_context":{"text":"Limones","link":"https:\/\/quechilero.com\/blog\/category\/limones\/"},"img":{"alt_text":"","src":"","width":0,"height":0},"classes":[]},{"id":16038,"url":"https:\/\/quechilero.com\/blog\/2013\/02\/21\/el-pajarito-canadiense\/","url_meta":{"origin":1963,"position":4},"title":"El pajarito canadiense","author":"Pepe Barrascout Ortiz","date":"21 febrero 2013","format":false,"excerpt":"Un pajarito canadiense decidi\u00f3 que era un problema demasiado grande viajar al sur para el invierno. Se dijo: \"Puedo desafiar al invierno. Muchos otros animales lo hacen. No puede ser tan dif\u00edcil\". Cuando todas las dem\u00e1s aves emprendieron en bandadas el viaje hacia la asoleada Am\u00e9rica del Sur, este pajarito\u2026","rel":"","context":"En \u00abLimones\u00bb","block_context":{"text":"Limones","link":"https:\/\/quechilero.com\/blog\/category\/limones\/"},"img":{"alt_text":"","src":"","width":0,"height":0},"classes":[]},{"id":425,"url":"https:\/\/quechilero.com\/blog\/2007\/01\/28\/el-atardecer-de-la-vida\/","url_meta":{"origin":1963,"position":5},"title":"El Atardecer de la Vida","author":"Pepe Barrascout Ortiz","date":"28 enero 2007","format":false,"excerpt":"El sol se desped\u00eda del Imperio Tr\u00e9. El vasallo caminaba junto a la anciana del molino amarillo. Iban conversando sobre la vida. - \u00bfQu\u00e9 cosa es lo que m\u00e1s te gusta de la vida, anciana? La viejecilla del molino amarillo se entreten\u00eda en lanzar los ojos hacia el ocaso. -\u2026","rel":"","context":"En \u00abLimones\u00bb","block_context":{"text":"Limones","link":"https:\/\/quechilero.com\/blog\/category\/limones\/"},"img":{"alt_text":"","src":"","width":0,"height":0},"classes":[]}],"jetpack_featured_media_url":"","_links":{"self":[{"href":"https:\/\/quechilero.com\/blog\/wp-json\/wp\/v2\/posts\/1963","targetHints":{"allow":["GET"]}}],"collection":[{"href":"https:\/\/quechilero.com\/blog\/wp-json\/wp\/v2\/posts"}],"about":[{"href":"https:\/\/quechilero.com\/blog\/wp-json\/wp\/v2\/types\/post"}],"author":[{"embeddable":true,"href":"https:\/\/quechilero.com\/blog\/wp-json\/wp\/v2\/users\/1"}],"replies":[{"embeddable":true,"href":"https:\/\/quechilero.com\/blog\/wp-json\/wp\/v2\/comments?post=1963"}],"version-history":[{"count":0,"href":"https:\/\/quechilero.com\/blog\/wp-json\/wp\/v2\/posts\/1963\/revisions"}],"wp:attachment":[{"href":"https:\/\/quechilero.com\/blog\/wp-json\/wp\/v2\/media?parent=1963"}],"wp:term":[{"taxonomy":"category","embeddable":true,"href":"https:\/\/quechilero.com\/blog\/wp-json\/wp\/v2\/categories?post=1963"},{"taxonomy":"post_tag","embeddable":true,"href":"https:\/\/quechilero.com\/blog\/wp-json\/wp\/v2\/tags?post=1963"},{"taxonomy":"series","embeddable":true,"href":"https:\/\/quechilero.com\/blog\/wp-json\/wp\/v2\/series?post=1963"}],"curies":[{"name":"wp","href":"https:\/\/api.w.org\/{rel}","templated":true}]}}