{"id":19574,"date":"2014-11-03T08:00:18","date_gmt":"2014-11-03T14:00:18","guid":{"rendered":"http:\/\/quechilero.com\/blog\/?p=19574"},"modified":"2014-10-27T14:53:05","modified_gmt":"2014-10-27T20:53:05","slug":"el-nino-en-la-tienda","status":"publish","type":"post","link":"https:\/\/quechilero.com\/blog\/2014\/11\/03\/el-nino-en-la-tienda\/","title":{"rendered":"El ni\u00f1o en la tienda"},"content":{"rendered":"<p>En una ocasi\u00f3n, se encontraba un ni\u00f1o peque\u00f1o en una tienda frente a un gran aparador lleno de dulces de diferentes tama\u00f1os, formas, colores y sabores. Este ni\u00f1o ya ten\u00eda mucho tiempo observando los dulces sin haber tomado una decisi\u00f3n de cual comprar, y en eso el due\u00f1o de la tienda se dirigi\u00f3 al ni\u00f1o dici\u00e9ndole:<\/p>\n<p>&#8211; Vamos, r\u00e1pido, decide qu\u00e9 dulce quieres porque ya es tarde.<\/p>\n<p>El ni\u00f1o contest\u00f3:<\/p>\n<p>&#8211; Esp\u00e9reme otro poco por favor, tengo que fijarme bien porque solo tengo una moneda y con \u00e9sta moneda quiero comprar el dulce que m\u00e1s que convenga, no quiero uno amargo, ni uno que al principio sea dulce y despu\u00e9s me deje mal sabor de boca, ni que este muy duro, sino que quiero uno que sea dulce, aunque sea dif\u00edcil de comer, pero que me deje un buen sabor de boca.<\/p>\n<p>El ni\u00f1o somos nosotros, la moneda es nuestra vida y el dulce que podemos comprar con nuestra moneda (nuestra vida) es el camino o estilo de vida en el que queremos invertir.<\/p>\n","protected":false},"excerpt":{"rendered":"<p>En una ocasi\u00f3n, se encontraba un ni\u00f1o peque\u00f1o en una tienda frente a un gran aparador lleno de dulces de diferentes tama\u00f1os, formas, colores y sabores. Este ni\u00f1o ya ten\u00eda mucho tiempo observando los dulces sin haber tomado una decisi\u00f3n de cual comprar, y en eso el due\u00f1o de la tienda se dirigi\u00f3 al ni\u00f1o &#8230; <a title=\"El ni\u00f1o en la tienda\" class=\"read-more\" href=\"https:\/\/quechilero.com\/blog\/2014\/11\/03\/el-nino-en-la-tienda\/\" aria-label=\"Leer m\u00e1s sobre El ni\u00f1o en la tienda\">Leer m\u00e1s<\/a><\/p>\n","protected":false},"author":1,"featured_media":0,"comment_status":"open","ping_status":"open","sticky":false,"template":"","format":"standard","meta":{"advanced_seo_description":"","jetpack_seo_html_title":"","jetpack_seo_noindex":false,"jetpack_seo_schema_type":"","episode_type":"","audio_file":"","podmotor_file_id":"","podmotor_episode_id":"","cover_image":"","cover_image_id":"","duration":"","filesize":"","filesize_raw":"","date_recorded":"","explicit":"","block":"","_jetpack_newsletter_access":"","_jetpack_dont_email_post_to_subs":false,"_jetpack_newsletter_tier_id":0,"_jetpack_memberships_contains_paywalled_content":false,"_jetpack_feature_clip_id":0,"_jetpack_memberships_contains_paid_content":false,"footnotes":"","jetpack_publicize_message":"","jetpack_publicize_feature_enabled":true,"jetpack_social_post_already_shared":true,"jetpack_social_options":{"image_generator_settings":{"template":"highway","default_image_id":0,"font":"","enabled":false},"version":2},"jetpack_post_was_ever_published":false},"categories":[2],"tags":[5,24],"series":[],"class_list":["post-19574","post","type-post","status-publish","format-standard","hentry","category-limones","tag-tiempo","tag-vida"],"episode_featured_image":false,"episode_player_image":"https:\/\/i0.wp.com\/quechilero.com\/blog\/imagenes\/podcast.png?fit=1831%2C1831&ssl=1","download_link":"","player_link":"","audio_player":false,"episode_data":{"playerMode":"dark","subscribeUrls":{"amazon":{"key":"amazon","url":"","label":"Amazon","class":"amazon","icon":"amazon.png"},"apple_podcasts":{"key":"apple_podcasts","url":"","label":"Apple Podcasts","class":"apple_podcasts","icon":"apple-podcasts.png"},"castbox":{"key":"castbox","url":"","label":"CastBox","class":"castbox","icon":"castbox.png"},"deezer":{"key":"deezer","url":"","label":"Deezer","class":"deezer","icon":"deezer.png"},"google_podcasts":{"key":"google_podcasts","url":"","label":"Google Podcasts","class":"google_podcasts","icon":"google-podcasts.png"},"listen_notes":{"key":"listen_notes","url":"","label":"Listen Notes","class":"listen_notes","icon":"listen-notes.png"},"pandora":{"key":"pandora","url":"","label":"Pandora","class":"pandora","icon":"pandora.png"},"podbean":{"key":"podbean","url":"","label":"Podbean","class":"podbean","icon":"podbean.png"},"podcast_republic":{"key":"podcast_republic","url":"","label":"Podcast Republic","class":"podcast_republic","icon":"podcast-republic.png"},"rss":{"key":"rss","url":"","label":"RSS","class":"rss","icon":"rss.png"},"spotify":{"key":"spotify","url":"","label":"Spotify","class":"spotify","icon":"spotify.png"},"stitcher":{"key":"stitcher","url":"","label":"Stitcher","class":"stitcher","icon":"stitcher.png"},"tunein":{"key":"tunein","url":"","label":"TuneIn","class":"tunein","icon":"tunein.png"},"youtube":{"key":"youtube","url":"","label":"YouTube","class":"youtube","icon":"youtube.png"},"iheartradio":{"key":"iheartradio","url":"","label":"iHeartRadio","class":"iheartradio","icon":"iheartradio.png"},"ivoox":{"key":"ivoox","url":"","label":"iVoox","class":"ivoox","icon":"ivoox.png"}},"rssFeedUrl":"https:\/\/quechilero.com\/blog\/feed\/podcast\/si-la-vida-nos-da-limones","embedCode":"<blockquote class=\"wp-embedded-content\" data-secret=\"XNQgXbnzPr\"><a href=\"https:\/\/quechilero.com\/blog\/2014\/11\/03\/el-nino-en-la-tienda\/\">El ni\u00f1o en la tienda<\/a><\/blockquote><iframe sandbox=\"allow-scripts\" security=\"restricted\" src=\"https:\/\/quechilero.com\/blog\/2014\/11\/03\/el-nino-en-la-tienda\/embed\/#?secret=XNQgXbnzPr\" width=\"500\" height=\"350\" title=\"\u00abEl ni\u00f1o en la tienda\u00bb \u2014 Si la Vida nos da Limones...\" data-secret=\"XNQgXbnzPr\" frameborder=\"0\" marginwidth=\"0\" marginheight=\"0\" scrolling=\"no\" class=\"wp-embedded-content\"><\/iframe><script>\n\/*! This file is auto-generated *\/\n!function(d,l){\"use strict\";l.querySelector&&d.addEventListener&&\"undefined\"!=typeof URL&&(d.wp=d.wp||{},d.wp.receiveEmbedMessage||(d.wp.receiveEmbedMessage=function(e){var t=e.data;if((t||t.secret||t.message||t.value)&&!\/[^a-zA-Z0-9]\/.test(t.secret)){for(var s,r,n,a=l.querySelectorAll('iframe[data-secret=\"'+t.secret+'\"]'),o=l.querySelectorAll('blockquote[data-secret=\"'+t.secret+'\"]'),c=new RegExp(\"^https?:$\",\"i\"),i=0;i<o.length;i++)o[i].style.display=\"none\";for(i=0;i<a.length;i++)s=a[i],e.source===s.contentWindow&&(s.removeAttribute(\"style\"),\"height\"===t.message?(1e3<(r=parseInt(t.value,10))?r=1e3:~~r<200&&(r=200),s.height=r):\"link\"===t.message&&(r=new URL(s.getAttribute(\"src\")),n=new URL(t.value),c.test(n.protocol))&&n.host===r.host&&l.activeElement===s&&(d.top.location.href=t.value))}},d.addEventListener(\"message\",d.wp.receiveEmbedMessage,!1),l.addEventListener(\"DOMContentLoaded\",function(){for(var e,t,s=l.querySelectorAll(\"iframe.wp-embedded-content\"),r=0;r<s.length;r++)(t=(e=s[r]).getAttribute(\"data-secret\"))||(t=Math.random().toString(36).substring(2,12),e.src+=\"#?secret=\"+t,e.setAttribute(\"data-secret\",t)),e.contentWindow.postMessage({message:\"ready\",secret:t},\"*\")},!1)))}(window,document);\n\/\/# sourceURL=https:\/\/quechilero.com\/blog\/wp-includes\/js\/wp-embed.min.js\n<\/script>\n"},"jetpack_publicize_connections":[],"jetpack_shortlink":"https:\/\/wp.me\/pDKli-55I","jetpack_sharing_enabled":true,"jetpack-related-posts":[{"id":5948,"url":"https:\/\/quechilero.com\/blog\/2010\/12\/23\/la-historia-del-baston-de-caramelo\/","url_meta":{"origin":19574,"position":0},"title":"La historia del Bast\u00f3n de Caramelo","author":"Pepe Barrascout Ortiz","date":"23 diciembre 2010","format":false,"excerpt":"Hay muchas teor\u00edas sobre el origen del bast\u00f3n de caramelo de rayos rojos y blancos. El bast\u00f3n de caramelo es un dulce hecho de caramelo duro con forma de un bast\u00f3n. Tradicionalmente es de color blanco con barras rojas, saborizado con menta piperita o canela. Tambi\u00e9n puede tener otros sabores,\u2026","rel":"","context":"En \u00abLimones\u00bb","block_context":{"text":"Limones","link":"https:\/\/quechilero.com\/blog\/category\/limones\/"},"img":{"alt_text":"","src":"","width":0,"height":0},"classes":[]},{"id":19840,"url":"https:\/\/quechilero.com\/blog\/2015\/02\/19\/la-mas-dulce-de-las-necesidades\/","url_meta":{"origin":19574,"position":1},"title":"La m\u00e1s dulce de las necesidades","author":"Pepe Barrascout Ortiz","date":"19 febrero 2015","format":false,"excerpt":"Por lo menos una vez al d\u00eda nuestro viejo gato negro se acerca a alguno de nosotros de una manera que todos hemos llegado a reconocer como especial. No significa que quiera que le den de comer ni que lo dejen salir, ni nada por el estilo. Lo que necesita\u2026","rel":"","context":"En \u00abLimones\u00bb","block_context":{"text":"Limones","link":"https:\/\/quechilero.com\/blog\/category\/limones\/"},"img":{"alt_text":"","src":"","width":0,"height":0},"classes":[]},{"id":17139,"url":"https:\/\/quechilero.com\/blog\/2013\/09\/17\/el-confitero\/","url_meta":{"origin":19574,"position":2},"title":"El confitero","author":"Pepe Barrascout Ortiz","date":"17 septiembre 2013","format":false,"excerpt":"\u00c9rase una vez un confitero que fabricaba unos dulces en forma de animales y p\u00e1jaros de diferentes colores y tama\u00f1os. Cuando vend\u00eda sus dulces a los ni\u00f1os, \u00e9stos sol\u00edan disputar entre s\u00ed en t\u00e9rminos m\u00e1s o menos parecidos a \u00e9stos: \"Mi conejo es mejor que tu tigre\"... \"Puede que mi\u2026","rel":"","context":"En \u00abLimones\u00bb","block_context":{"text":"Limones","link":"https:\/\/quechilero.com\/blog\/category\/limones\/"},"img":{"alt_text":"","src":"","width":0,"height":0},"classes":[]},{"id":17673,"url":"https:\/\/quechilero.com\/blog\/2014\/01\/19\/no-pierdas-la-paciencia\/","url_meta":{"origin":19574,"position":3},"title":"\u00a1No pierdas la paciencia!","author":"Pepe Barrascout Ortiz","date":"19 enero 2014","format":false,"excerpt":"En el supermercado un hombre se percat\u00f3 de una se\u00f1ora que llevaba en su carrito de compras una peque\u00f1a ni\u00f1a de tres a\u00f1os de edad. Al pasar por la secci\u00f3n de las golosinas, la peque\u00f1a pidi\u00f3 unas galletitas. Su madre le dijo que no. La ni\u00f1a comenz\u00f3 a quejarse y\u2026","rel":"","context":"En \u00abLimones\u00bb","block_context":{"text":"Limones","link":"https:\/\/quechilero.com\/blog\/category\/limones\/"},"img":{"alt_text":"","src":"","width":0,"height":0},"classes":[]},{"id":14600,"url":"https:\/\/quechilero.com\/blog\/2012\/09\/22\/cada-uno-en-un-riel\/","url_meta":{"origin":19574,"position":4},"title":"Cada uno en un riel","author":"Pepe Barrascout Ortiz","date":"22 septiembre 2012","format":false,"excerpt":"En cierta ocasi\u00f3n unos ni\u00f1os paseaban por el bosque cuando descubrieron una l\u00ednea de ferrocarril abandonada. Uno de los ni\u00f1os salt\u00f3 a uno de los rieles y trat\u00f3 de caminar por \u00e9l. Despu\u00e9s de unos cuantos pasos, perdi\u00f3 el equilibrio. Otro trat\u00f3 de hacer lo mismo, y tambi\u00e9n se cay\u00f3.\u2026","rel":"","context":"En \u00abLimones\u00bb","block_context":{"text":"Limones","link":"https:\/\/quechilero.com\/blog\/category\/limones\/"},"img":{"alt_text":"","src":"","width":0,"height":0},"classes":[]},{"id":16034,"url":"https:\/\/quechilero.com\/blog\/2013\/02\/18\/la-bruja\/","url_meta":{"origin":19574,"position":5},"title":"La bruja","author":"Pepe Barrascout Ortiz","date":"18 febrero 2013","format":false,"excerpt":"En un peque\u00f1o pueblito, situado en un lugar muy lejano, viv\u00eda una bruja malvada que se divert\u00eda much\u00edsimo asustando a los ni\u00f1os. Por las noches aparec\u00eda cubierta con un manto amarillo, sombrero rojo, y una larga cola negra y brillante. Su nariz larga y afilada, como un cuchillo, ten\u00eda en\u2026","rel":"","context":"En \u00abLimones\u00bb","block_context":{"text":"Limones","link":"https:\/\/quechilero.com\/blog\/category\/limones\/"},"img":{"alt_text":"","src":"","width":0,"height":0},"classes":[]}],"jetpack_featured_media_url":"","_links":{"self":[{"href":"https:\/\/quechilero.com\/blog\/wp-json\/wp\/v2\/posts\/19574","targetHints":{"allow":["GET"]}}],"collection":[{"href":"https:\/\/quechilero.com\/blog\/wp-json\/wp\/v2\/posts"}],"about":[{"href":"https:\/\/quechilero.com\/blog\/wp-json\/wp\/v2\/types\/post"}],"author":[{"embeddable":true,"href":"https:\/\/quechilero.com\/blog\/wp-json\/wp\/v2\/users\/1"}],"replies":[{"embeddable":true,"href":"https:\/\/quechilero.com\/blog\/wp-json\/wp\/v2\/comments?post=19574"}],"version-history":[{"count":0,"href":"https:\/\/quechilero.com\/blog\/wp-json\/wp\/v2\/posts\/19574\/revisions"}],"wp:attachment":[{"href":"https:\/\/quechilero.com\/blog\/wp-json\/wp\/v2\/media?parent=19574"}],"wp:term":[{"taxonomy":"category","embeddable":true,"href":"https:\/\/quechilero.com\/blog\/wp-json\/wp\/v2\/categories?post=19574"},{"taxonomy":"post_tag","embeddable":true,"href":"https:\/\/quechilero.com\/blog\/wp-json\/wp\/v2\/tags?post=19574"},{"taxonomy":"series","embeddable":true,"href":"https:\/\/quechilero.com\/blog\/wp-json\/wp\/v2\/series?post=19574"}],"curies":[{"name":"wp","href":"https:\/\/api.w.org\/{rel}","templated":true}]}}