{"id":1957,"date":"2008-11-27T08:41:27","date_gmt":"2008-11-27T14:41:27","guid":{"rendered":"http:\/\/quechilero.com\/blog\/?p=1957"},"modified":"2008-11-27T08:41:27","modified_gmt":"2008-11-27T14:41:27","slug":"principio-del-vacio","status":"publish","type":"post","link":"https:\/\/quechilero.com\/blog\/2008\/11\/27\/principio-del-vacio\/","title":{"rendered":"Principio del Vac\u00edo"},"content":{"rendered":"<p>\u00bfTiene usted el h\u00e1bito de juntar objetos in\u00fatiles en este momento, creyendo  que un d\u00eda (no sabe cuando) podr\u00e1 precisar de ellos? \u00bfTiene usted el h\u00e1bito de  juntar dinero s\u00f3lo para no gastarlo, pues piensa en el futuro podr\u00e1 hacer falta?  \u00bfTiene usted el h\u00e1bito de guardar ropa, zapatos, muebles, utensilios dom\u00e9sticos  y otras cosas del hogar que ya no usa hace bastante tiempo.<\/p>\n<p>\u00bfY en su interior? \u00bfTiene usted el h\u00e1bito de guardar broncas, resentimientos,  tristezas, miedos, etc., etc., etc.?<\/p>\n<p>No haga eso. Es anti-prosperidad.<\/p>\n<p>Es preciso crear un espacio, un vac\u00edo, para que las cosas nuevas lleguen a la  vida. Es preciso eliminar lo que es in\u00fatil en usted y en su vida, para que la  prosperidad venga.<\/p>\n<p>Es la fuerza de ese vac\u00edo que absorber\u00e1 y atraer\u00e1 todo lo que usted desea.  Mientras usted est\u00e1 material o emocionalmente cargando cosas viejas e in\u00fatiles,  no habr\u00e1 espacio abierto para nuevas oportunidades. Los bienes precisan  circular. Limpie los cajones, los armarios, el cuarto del fondo, el garaje. D\u00e9  lo que usted no usa m\u00e1s.<\/p>\n<p>La actitud de guardar un mont\u00f3n de cosas in\u00fatiles amarra su vida. No son los  objetos guardados lo que estanca su vida, sino el significado de la actitud de  guardar. Cuando se guarda, se considera la posibilidad de falta, de carencia. Es  creer que ma\u00f1ana podr\u00e1 faltar, y usted no tendr\u00e1 medios de proveer sus  necesidades.<\/p>\n<p>Con esa postura, usted est\u00e1 enviando dos mensajes para su cerebro y para su  vida:<\/p>\n<p><em>1\u00ba. Usted no conf\u00eda en el ma\u00f1ana<\/em><\/p>\n<p><em>2\u00ba. Usted cree que lo nuevo y lo mejor NO son para usted, ya que se asegura  con guardar cosas viejas e in\u00fatiles.<\/em><\/p>\n<p>Desh\u00e1gase de lo que perdi\u00f3 el color y el brillo y deje entrar lo nuevo en su  casa&#8230; y dentro de s\u00ed mismo.<\/p>\n<p><strong><em>Joseph Newton<\/em><\/strong><\/p>\n","protected":false},"excerpt":{"rendered":"<p>\u00bfTiene usted el h\u00e1bito de juntar objetos in\u00fatiles en este momento, creyendo que un d\u00eda (no sabe cuando) podr\u00e1 precisar de ellos? \u00bfTiene usted el h\u00e1bito de juntar dinero s\u00f3lo para no gastarlo, pues piensa en el futuro podr\u00e1 hacer falta? \u00bfTiene usted el h\u00e1bito de guardar ropa, zapatos, muebles, utensilios dom\u00e9sticos y otras cosas &#8230; <a title=\"Principio del Vac\u00edo\" class=\"read-more\" href=\"https:\/\/quechilero.com\/blog\/2008\/11\/27\/principio-del-vacio\/\" aria-label=\"Leer m\u00e1s sobre Principio del Vac\u00edo\">Leer m\u00e1s<\/a><\/p>\n","protected":false},"author":1,"featured_media":0,"comment_status":"open","ping_status":"open","sticky":false,"template":"","format":"standard","meta":{"advanced_seo_description":"","jetpack_seo_html_title":"","jetpack_seo_noindex":false,"jetpack_seo_schema_type":"","episode_type":"","audio_file":"","podmotor_file_id":"","podmotor_episode_id":"","cover_image":"","cover_image_id":"","duration":"","filesize":"","filesize_raw":"","date_recorded":"","explicit":"","block":"","_jetpack_newsletter_access":"","_jetpack_dont_email_post_to_subs":false,"_jetpack_newsletter_tier_id":0,"_jetpack_memberships_contains_paywalled_content":false,"_jetpack_feature_clip_id":0,"_jetpack_memberships_contains_paid_content":false,"footnotes":"","jetpack_publicize_message":"","jetpack_publicize_feature_enabled":true,"jetpack_social_post_already_shared":false,"jetpack_social_options":{"image_generator_settings":{"template":"highway","default_image_id":0,"font":"","enabled":false},"version":2},"jetpack_post_was_ever_published":false},"categories":[2],"tags":[12,26,51,82,5,24],"series":[],"class_list":["post-1957","post","type-post","status-publish","format-standard","hentry","category-limones","tag-cosas","tag-dinero","tag-dios","tag-sentimiento","tag-tiempo","tag-vida"],"episode_featured_image":false,"episode_player_image":"https:\/\/i0.wp.com\/quechilero.com\/blog\/imagenes\/podcast.png?fit=1831%2C1831&ssl=1","download_link":"","player_link":"","audio_player":false,"episode_data":{"playerMode":"dark","subscribeUrls":{"amazon":{"key":"amazon","url":"","label":"Amazon","class":"amazon","icon":"amazon.png"},"apple_podcasts":{"key":"apple_podcasts","url":"","label":"Apple Podcasts","class":"apple_podcasts","icon":"apple-podcasts.png"},"castbox":{"key":"castbox","url":"","label":"CastBox","class":"castbox","icon":"castbox.png"},"deezer":{"key":"deezer","url":"","label":"Deezer","class":"deezer","icon":"deezer.png"},"google_podcasts":{"key":"google_podcasts","url":"","label":"Google Podcasts","class":"google_podcasts","icon":"google-podcasts.png"},"listen_notes":{"key":"listen_notes","url":"","label":"Listen Notes","class":"listen_notes","icon":"listen-notes.png"},"pandora":{"key":"pandora","url":"","label":"Pandora","class":"pandora","icon":"pandora.png"},"podbean":{"key":"podbean","url":"","label":"Podbean","class":"podbean","icon":"podbean.png"},"podcast_republic":{"key":"podcast_republic","url":"","label":"Podcast Republic","class":"podcast_republic","icon":"podcast-republic.png"},"rss":{"key":"rss","url":"","label":"RSS","class":"rss","icon":"rss.png"},"spotify":{"key":"spotify","url":"","label":"Spotify","class":"spotify","icon":"spotify.png"},"stitcher":{"key":"stitcher","url":"","label":"Stitcher","class":"stitcher","icon":"stitcher.png"},"tunein":{"key":"tunein","url":"","label":"TuneIn","class":"tunein","icon":"tunein.png"},"youtube":{"key":"youtube","url":"","label":"YouTube","class":"youtube","icon":"youtube.png"},"iheartradio":{"key":"iheartradio","url":"","label":"iHeartRadio","class":"iheartradio","icon":"iheartradio.png"},"ivoox":{"key":"ivoox","url":"","label":"iVoox","class":"ivoox","icon":"ivoox.png"}},"rssFeedUrl":"https:\/\/quechilero.com\/blog\/feed\/podcast\/si-la-vida-nos-da-limones","embedCode":"<blockquote class=\"wp-embedded-content\" data-secret=\"wyThwZYXzF\"><a href=\"https:\/\/quechilero.com\/blog\/2008\/11\/27\/principio-del-vacio\/\">Principio del Vac\u00edo<\/a><\/blockquote><iframe sandbox=\"allow-scripts\" security=\"restricted\" src=\"https:\/\/quechilero.com\/blog\/2008\/11\/27\/principio-del-vacio\/embed\/#?secret=wyThwZYXzF\" width=\"500\" height=\"350\" title=\"\u00abPrincipio del Vac\u00edo\u00bb \u2014 Si la Vida nos da Limones...\" data-secret=\"wyThwZYXzF\" frameborder=\"0\" marginwidth=\"0\" marginheight=\"0\" scrolling=\"no\" class=\"wp-embedded-content\"><\/iframe><script>\n\/*! This file is auto-generated *\/\n!function(d,l){\"use strict\";l.querySelector&&d.addEventListener&&\"undefined\"!=typeof URL&&(d.wp=d.wp||{},d.wp.receiveEmbedMessage||(d.wp.receiveEmbedMessage=function(e){var t=e.data;if((t||t.secret||t.message||t.value)&&!\/[^a-zA-Z0-9]\/.test(t.secret)){for(var s,r,n,a=l.querySelectorAll('iframe[data-secret=\"'+t.secret+'\"]'),o=l.querySelectorAll('blockquote[data-secret=\"'+t.secret+'\"]'),c=new RegExp(\"^https?:$\",\"i\"),i=0;i<o.length;i++)o[i].style.display=\"none\";for(i=0;i<a.length;i++)s=a[i],e.source===s.contentWindow&&(s.removeAttribute(\"style\"),\"height\"===t.message?(1e3<(r=parseInt(t.value,10))?r=1e3:~~r<200&&(r=200),s.height=r):\"link\"===t.message&&(r=new URL(s.getAttribute(\"src\")),n=new URL(t.value),c.test(n.protocol))&&n.host===r.host&&l.activeElement===s&&(d.top.location.href=t.value))}},d.addEventListener(\"message\",d.wp.receiveEmbedMessage,!1),l.addEventListener(\"DOMContentLoaded\",function(){for(var e,t,s=l.querySelectorAll(\"iframe.wp-embedded-content\"),r=0;r<s.length;r++)(t=(e=s[r]).getAttribute(\"data-secret\"))||(t=Math.random().toString(36).substring(2,12),e.src+=\"#?secret=\"+t,e.setAttribute(\"data-secret\",t)),e.contentWindow.postMessage({message:\"ready\",secret:t},\"*\")},!1)))}(window,document);\n\/\/# sourceURL=https:\/\/quechilero.com\/blog\/wp-includes\/js\/wp-embed.min.js\n<\/script>\n"},"jetpack_publicize_connections":[],"jetpack_shortlink":"https:\/\/wp.me\/pDKli-vz","jetpack_sharing_enabled":true,"jetpack-related-posts":[{"id":4006,"url":"https:\/\/quechilero.com\/blog\/2009\/12\/14\/del-famoso\/","url_meta":{"origin":1957,"position":0},"title":"Del Famoso","author":"Pepe Barrascout Ortiz","date":"14 diciembre 2009","format":false,"excerpt":"Ernest Hemingway, autor del cl\u00e1sico \"El viejo y el Mar\", mezclaba momentos de dura actividad f\u00edsica con per\u00edodos de inactividad total. Antes de sentarse a escribir las p\u00e1ginas de un nuevo romance, pasaba horas desgajando naranjas y mirando el fuego. Cierta ma\u00f1ana, un reportero not\u00f3 este extra\u00f1o h\u00e1bito. \"\u00bfUsted no\u2026","rel":"","context":"En \u00abLimones\u00bb","block_context":{"text":"Limones","link":"https:\/\/quechilero.com\/blog\/category\/limones\/"},"img":{"alt_text":"","src":"","width":0,"height":0},"classes":[]},{"id":19396,"url":"https:\/\/quechilero.com\/blog\/2014\/09\/29\/vivir-libre-de-temor\/","url_meta":{"origin":1957,"position":1},"title":"Vivir libre de temor","author":"Pepe Barrascout Ortiz","date":"29 septiembre 2014","format":false,"excerpt":"\"El que habita al abrigo del Alt\u00edsimo morar\u00e1 bajo la sombra del Omnipotente. Dir\u00e9 yo a Jehov\u00e1: Esperanza m\u00eda, y castillo m\u00edo; mi Dios, en quien confiar\u00e9\". (Salmo 91:1-3) \u00bfSer\u00e1 posible vivir libre de temor en este mundo tan peligroso e incierto? \u00a1S\u00ed, definitivamente es posible! Porque la protecci\u00f3n es\u2026","rel":"","context":"En \u00abLimones\u00bb","block_context":{"text":"Limones","link":"https:\/\/quechilero.com\/blog\/category\/limones\/"},"img":{"alt_text":"","src":"","width":0,"height":0},"classes":[]},{"id":131,"url":"https:\/\/quechilero.com\/blog\/2006\/08\/14\/frases-celebres\/","url_meta":{"origin":1957,"position":2},"title":"Frases c\u00e9lebres","author":"Pepe Barrascout Ortiz","date":"14 agosto 2006","format":false,"excerpt":"Peque\u00f1o recopilatorio de frases que podr\u00edamos clasificar como c\u00e9lebres, solo porque se les ha atribu\u00eddo a alg\u00fan personaje c\u00e9lebre. Otro grupo de frases c\u00e9lebres, dichas por un personaje igual de c\u00e9lebre, las podemos ver haciendo click ac\u00e1. Tambi\u00e9n se puede leer un listado de frases inteligentes sobre la guerra, aqui.\u2026","rel":"","context":"En \u00abLimones\u00bb","block_context":{"text":"Limones","link":"https:\/\/quechilero.com\/blog\/category\/limones\/"},"img":{"alt_text":"","src":"","width":0,"height":0},"classes":[]},{"id":7126,"url":"https:\/\/quechilero.com\/blog\/2011\/03\/06\/hablando-de-fe\/","url_meta":{"origin":1957,"position":3},"title":"Hablando de Fe","author":"Pepe Barrascout Ortiz","date":"6 marzo 2011","format":false,"excerpt":"Se dice que el equilibrista m\u00e1s grande de todos los tiempos estaba haciendo preparativos para fijar un cable a trav\u00e9s de las cataratas del Ni\u00e1gara y cruzarlas haciendo equilibrio. Y al fin lleg\u00f3 el d\u00eda en el que todo estaba preparado, se hab\u00eda convocado a una muchedumbre, tanto periodistas como\u2026","rel":"","context":"En \u00abLimones\u00bb","block_context":{"text":"Limones","link":"https:\/\/quechilero.com\/blog\/category\/limones\/"},"img":{"alt_text":"","src":"","width":0,"height":0},"classes":[]},{"id":19917,"url":"https:\/\/quechilero.com\/blog\/2015\/03\/11\/cinco-maneras-de-percibir-la-honradez\/","url_meta":{"origin":1957,"position":4},"title":"Cinco maneras de percibir la honradez","author":"Pepe Barrascout Ortiz","date":"11 marzo 2015","format":false,"excerpt":"\u00a1Felicitaciones! Usted est\u00e1 leyendo esto porque cree que la honradez es la mejor manera de estar en la vida y tiene toda la raz\u00f3n. Orienta su vida con la honradez como un par\u00e1metro de comportamiento y as\u00ed mismo desea que sean sus v\u00ednculos tanto personales como de negocios. \u00bfPor qu\u00e9\u2026","rel":"","context":"En \u00abLimones\u00bb","block_context":{"text":"Limones","link":"https:\/\/quechilero.com\/blog\/category\/limones\/"},"img":{"alt_text":"","src":"","width":0,"height":0},"classes":[]},{"id":232,"url":"https:\/\/quechilero.com\/blog\/2006\/09\/27\/la-prision-de-la-necesidad\/","url_meta":{"origin":1957,"position":5},"title":"La Prisi\u00f3n de la Necesidad","author":"Pepe Barrascout Ortiz","date":"27 septiembre 2006","format":false,"excerpt":"La prisi\u00f3n de la necesidad. \u00bfHa visto sus prisioneros? Tienen \"necesidad\". Siempre necesitan algo... Quieren algo m\u00e1s grande... M\u00e1s hermoso... M\u00e1s r\u00e1pido... M\u00e1s delgado. Necesitan. No es mucho lo que necesitan. S\u00f3lo quieren una cosa: Un nuevo trabajo.... Un nuevo autom\u00f3vil... Una nueva casa... Una nueva esposa... No quieren mucho..\u2026","rel":"","context":"En \u00abLimones\u00bb","block_context":{"text":"Limones","link":"https:\/\/quechilero.com\/blog\/category\/limones\/"},"img":{"alt_text":"","src":"","width":0,"height":0},"classes":[]}],"jetpack_featured_media_url":"","_links":{"self":[{"href":"https:\/\/quechilero.com\/blog\/wp-json\/wp\/v2\/posts\/1957","targetHints":{"allow":["GET"]}}],"collection":[{"href":"https:\/\/quechilero.com\/blog\/wp-json\/wp\/v2\/posts"}],"about":[{"href":"https:\/\/quechilero.com\/blog\/wp-json\/wp\/v2\/types\/post"}],"author":[{"embeddable":true,"href":"https:\/\/quechilero.com\/blog\/wp-json\/wp\/v2\/users\/1"}],"replies":[{"embeddable":true,"href":"https:\/\/quechilero.com\/blog\/wp-json\/wp\/v2\/comments?post=1957"}],"version-history":[{"count":0,"href":"https:\/\/quechilero.com\/blog\/wp-json\/wp\/v2\/posts\/1957\/revisions"}],"wp:attachment":[{"href":"https:\/\/quechilero.com\/blog\/wp-json\/wp\/v2\/media?parent=1957"}],"wp:term":[{"taxonomy":"category","embeddable":true,"href":"https:\/\/quechilero.com\/blog\/wp-json\/wp\/v2\/categories?post=1957"},{"taxonomy":"post_tag","embeddable":true,"href":"https:\/\/quechilero.com\/blog\/wp-json\/wp\/v2\/tags?post=1957"},{"taxonomy":"series","embeddable":true,"href":"https:\/\/quechilero.com\/blog\/wp-json\/wp\/v2\/series?post=1957"}],"curies":[{"name":"wp","href":"https:\/\/api.w.org\/{rel}","templated":true}]}}