{"id":19558,"date":"2014-10-21T08:00:16","date_gmt":"2014-10-21T14:00:16","guid":{"rendered":"http:\/\/quechilero.com\/blog\/?p=19558"},"modified":"2014-10-27T14:35:07","modified_gmt":"2014-10-27T20:35:07","slug":"si-hubiese-sufrido","status":"publish","type":"post","link":"https:\/\/quechilero.com\/blog\/2014\/10\/21\/si-hubiese-sufrido\/","title":{"rendered":"Si no hubiese sufrido"},"content":{"rendered":"<p>La poes\u00eda \u00abSi no hubiese sufrido\u00bb fue escrita por el famoso poeta Genzo Mizuno, que naci\u00f3 en Jap\u00f3n en 1937. Estando en cuarto grado de primaria, a los 9 a\u00f1os de edad, padeci\u00f3 disenter\u00eda, que le produjo meningitis, caus\u00e1ndole p\u00e9rdida total de la capacidad de expresi\u00f3n.<\/p>\n<p>Qued\u00f3 totalmente paralizado e imposibilitado de hablar. Cuando el m\u00e9dico le entreg\u00f3 \u00e9l terrible diagn\u00f3stico de que nunca m\u00e1s podr\u00eda moverse ni hablar, \u00e9l solamente cerr\u00f3 sus ojos en silencio. Su madre decidi\u00f3 ayudarle a que, al menos, pudiera comunicarse. Juntos crearon un medio de comunicaci\u00f3n usando el parpadeo de los ojos de Genzo, representando cincuenta sonidos del idioma japon\u00e9s. A los doce a\u00f1os empez\u00f3 a leer la Biblia, y al a\u00f1o siguiente recibi\u00f3 a Jes\u00fas como su Se\u00f1or. Su madre le\u00eda el parpadeo de sus ojos, y escrib\u00eda sus poemas llenos de humilde gratitud y gozo en medio de sus luchas y victorias en un cuerpo paralizado. En medio del dolor, Mizuno escribi\u00f3 poes\u00edas como \u00abMi gracia te es suficiente\u00bb y \u00abLa gracia de Dios me hace ser yo mismo\u00bb. Genzo Mizuno parti\u00f3 a encontrarse con su Se\u00f1or en 1984, a los 47 a\u00f1os de edad. Las personas suelen pensar que s\u00f3lo los fuertes y ricos logran hacer cosas grandes.<\/p>\n<p>Pero los protagonistas del reino de Dios son los d\u00e9biles y los que no tienen fuerzas. El Se\u00f1or es la fortaleza de los d\u00e9biles, y levanta a los fracasados y necesitados, a los temerosos y desanimados. Nos ayuda a ser soldados valientes por la providencia y el poder de Dios para cargar la cruz. Recordemos que cuando estamos d\u00e9biles, el Se\u00f1or ser\u00e1 nuestra fortaleza.<\/p>\n","protected":false},"excerpt":{"rendered":"<p>La poes\u00eda \u00abSi no hubiese sufrido\u00bb fue escrita por el famoso poeta Genzo Mizuno, que naci\u00f3 en Jap\u00f3n en 1937. Estando en cuarto grado de primaria, a los 9 a\u00f1os de edad, padeci\u00f3 disenter\u00eda, que le produjo meningitis, caus\u00e1ndole p\u00e9rdida total de la capacidad de expresi\u00f3n. Qued\u00f3 totalmente paralizado e imposibilitado de hablar. Cuando el &#8230; <a title=\"Si no hubiese sufrido\" class=\"read-more\" href=\"https:\/\/quechilero.com\/blog\/2014\/10\/21\/si-hubiese-sufrido\/\" aria-label=\"Leer m\u00e1s sobre Si no hubiese sufrido\">Leer m\u00e1s<\/a><\/p>\n","protected":false},"author":1,"featured_media":0,"comment_status":"open","ping_status":"open","sticky":false,"template":"","format":"standard","meta":{"advanced_seo_description":"","jetpack_seo_html_title":"","jetpack_seo_noindex":false,"jetpack_seo_schema_type":"","episode_type":"","audio_file":"","podmotor_file_id":"","podmotor_episode_id":"","cover_image":"","cover_image_id":"","duration":"","filesize":"","filesize_raw":"","date_recorded":"","explicit":"","block":"","_jetpack_newsletter_access":"","_jetpack_dont_email_post_to_subs":false,"_jetpack_newsletter_tier_id":0,"_jetpack_memberships_contains_paywalled_content":false,"_jetpack_feature_clip_id":0,"_jetpack_memberships_contains_paid_content":false,"footnotes":"","jetpack_publicize_message":"","jetpack_publicize_feature_enabled":true,"jetpack_social_post_already_shared":true,"jetpack_social_options":{"image_generator_settings":{"template":"highway","default_image_id":0,"font":"","enabled":false},"version":2},"jetpack_post_was_ever_published":false},"categories":[2],"tags":[37,12,51,64,74,39],"series":[],"class_list":["post-19558","post","type-post","status-publish","format-standard","hentry","category-limones","tag-ayuda","tag-cosas","tag-dios","tag-fortaleza","tag-jesus","tag-madre"],"episode_featured_image":false,"episode_player_image":"https:\/\/i0.wp.com\/quechilero.com\/blog\/imagenes\/podcast.png?fit=1831%2C1831&ssl=1","download_link":"","player_link":"","audio_player":false,"episode_data":{"playerMode":"dark","subscribeUrls":{"amazon":{"key":"amazon","url":"","label":"Amazon","class":"amazon","icon":"amazon.png"},"apple_podcasts":{"key":"apple_podcasts","url":"","label":"Apple Podcasts","class":"apple_podcasts","icon":"apple-podcasts.png"},"castbox":{"key":"castbox","url":"","label":"CastBox","class":"castbox","icon":"castbox.png"},"deezer":{"key":"deezer","url":"","label":"Deezer","class":"deezer","icon":"deezer.png"},"google_podcasts":{"key":"google_podcasts","url":"","label":"Google Podcasts","class":"google_podcasts","icon":"google-podcasts.png"},"listen_notes":{"key":"listen_notes","url":"","label":"Listen Notes","class":"listen_notes","icon":"listen-notes.png"},"pandora":{"key":"pandora","url":"","label":"Pandora","class":"pandora","icon":"pandora.png"},"podbean":{"key":"podbean","url":"","label":"Podbean","class":"podbean","icon":"podbean.png"},"podcast_republic":{"key":"podcast_republic","url":"","label":"Podcast Republic","class":"podcast_republic","icon":"podcast-republic.png"},"rss":{"key":"rss","url":"","label":"RSS","class":"rss","icon":"rss.png"},"spotify":{"key":"spotify","url":"","label":"Spotify","class":"spotify","icon":"spotify.png"},"stitcher":{"key":"stitcher","url":"","label":"Stitcher","class":"stitcher","icon":"stitcher.png"},"tunein":{"key":"tunein","url":"","label":"TuneIn","class":"tunein","icon":"tunein.png"},"youtube":{"key":"youtube","url":"","label":"YouTube","class":"youtube","icon":"youtube.png"},"iheartradio":{"key":"iheartradio","url":"","label":"iHeartRadio","class":"iheartradio","icon":"iheartradio.png"},"ivoox":{"key":"ivoox","url":"","label":"iVoox","class":"ivoox","icon":"ivoox.png"}},"rssFeedUrl":"https:\/\/quechilero.com\/blog\/feed\/podcast\/si-la-vida-nos-da-limones","embedCode":"<blockquote class=\"wp-embedded-content\" data-secret=\"bH6y1GUI0R\"><a href=\"https:\/\/quechilero.com\/blog\/2014\/10\/21\/si-hubiese-sufrido\/\">Si no hubiese sufrido<\/a><\/blockquote><iframe sandbox=\"allow-scripts\" security=\"restricted\" src=\"https:\/\/quechilero.com\/blog\/2014\/10\/21\/si-hubiese-sufrido\/embed\/#?secret=bH6y1GUI0R\" width=\"500\" height=\"350\" title=\"\u00abSi no hubiese sufrido\u00bb \u2014 Si la Vida nos da Limones...\" data-secret=\"bH6y1GUI0R\" frameborder=\"0\" marginwidth=\"0\" marginheight=\"0\" scrolling=\"no\" class=\"wp-embedded-content\"><\/iframe><script>\n\/*! This file is auto-generated *\/\n!function(d,l){\"use strict\";l.querySelector&&d.addEventListener&&\"undefined\"!=typeof URL&&(d.wp=d.wp||{},d.wp.receiveEmbedMessage||(d.wp.receiveEmbedMessage=function(e){var t=e.data;if((t||t.secret||t.message||t.value)&&!\/[^a-zA-Z0-9]\/.test(t.secret)){for(var s,r,n,a=l.querySelectorAll('iframe[data-secret=\"'+t.secret+'\"]'),o=l.querySelectorAll('blockquote[data-secret=\"'+t.secret+'\"]'),c=new RegExp(\"^https?:$\",\"i\"),i=0;i<o.length;i++)o[i].style.display=\"none\";for(i=0;i<a.length;i++)s=a[i],e.source===s.contentWindow&&(s.removeAttribute(\"style\"),\"height\"===t.message?(1e3<(r=parseInt(t.value,10))?r=1e3:~~r<200&&(r=200),s.height=r):\"link\"===t.message&&(r=new URL(s.getAttribute(\"src\")),n=new URL(t.value),c.test(n.protocol))&&n.host===r.host&&l.activeElement===s&&(d.top.location.href=t.value))}},d.addEventListener(\"message\",d.wp.receiveEmbedMessage,!1),l.addEventListener(\"DOMContentLoaded\",function(){for(var e,t,s=l.querySelectorAll(\"iframe.wp-embedded-content\"),r=0;r<s.length;r++)(t=(e=s[r]).getAttribute(\"data-secret\"))||(t=Math.random().toString(36).substring(2,12),e.src+=\"#?secret=\"+t,e.setAttribute(\"data-secret\",t)),e.contentWindow.postMessage({message:\"ready\",secret:t},\"*\")},!1)))}(window,document);\n\/\/# sourceURL=https:\/\/quechilero.com\/blog\/wp-includes\/js\/wp-embed.min.js\n<\/script>\n"},"jetpack_publicize_connections":[],"jetpack_shortlink":"https:\/\/wp.me\/pDKli-55s","jetpack_sharing_enabled":true,"jetpack-related-posts":[{"id":17724,"url":"https:\/\/quechilero.com\/blog\/2014\/02\/06\/un-dia-en-colores\/","url_meta":{"origin":19558,"position":0},"title":"Un d\u00eda en colores","author":"Pepe Barrascout Ortiz","date":"6 febrero 2014","format":false,"excerpt":"Un d\u00eda puede ser un momento m\u00e1s. Un d\u00eda puede tener el color que diga tu coraz\u00f3n; nublado, lleno de vida, azul como las ilusiones, rosa como los sue\u00f1os... Pero un d\u00eda siempre ser\u00e1 un instante, si todos los d\u00edas de tu vida son iguales al final de tu vida.\u2026","rel":"","context":"En \u00abLimones\u00bb","block_context":{"text":"Limones","link":"https:\/\/quechilero.com\/blog\/category\/limones\/"},"img":{"alt_text":"","src":"","width":0,"height":0},"classes":[]},{"id":21442,"url":"https:\/\/quechilero.com\/blog\/2015\/08\/17\/un-dia-en-colores-2\/","url_meta":{"origin":19558,"position":1},"title":"Un d\u00eda en colores","author":"Pepe Barrascout Ortiz","date":"17 agosto 2015","format":false,"excerpt":"Un d\u00eda puede ser un momento m\u00e1s. Un d\u00eda puede tener el color que diga tu coraz\u00f3n; nublado, lleno de vida, azul como las ilusiones, rosa como los sue\u00f1os... Pero un d\u00eda siempre ser\u00e1 un instante, si todos los d\u00edas de tu vida son iguales al final de tu vida.\u2026","rel":"","context":"En \u00abLimones\u00bb","block_context":{"text":"Limones","link":"https:\/\/quechilero.com\/blog\/category\/limones\/"},"img":{"alt_text":"","src":"","width":0,"height":0},"classes":[]},{"id":14601,"url":"https:\/\/quechilero.com\/blog\/2012\/09\/23\/los-lentes-del-alma\/","url_meta":{"origin":19558,"position":2},"title":"Los Lentes del Alma","author":"Pepe Barrascout Ortiz","date":"23 septiembre 2012","format":false,"excerpt":"Paula, una joven de escasos 12 a\u00f1os, visitaba por primera vez al opt\u00f3metra, el cual le diagnostic\u00f3 miop\u00eda en ambos ojos. - Sientes que no puedes ver bien de lejos, Paula. -dijo el doctor. - S\u00ed, se me dificulta mucho hacerlo -afirm\u00f3 Paula. - Te sientes muy mal por esto,\u2026","rel":"","context":"En \u00abLimones\u00bb","block_context":{"text":"Limones","link":"https:\/\/quechilero.com\/blog\/category\/limones\/"},"img":{"alt_text":"","src":"","width":0,"height":0},"classes":[]},{"id":4646,"url":"https:\/\/quechilero.com\/blog\/2010\/04\/28\/ojos-abiertos\/","url_meta":{"origin":19558,"position":3},"title":"Ojos abiertos","author":"Pepe Barrascout Ortiz","date":"28 abril 2010","format":false,"excerpt":"Yashoda es la madre de Krishna, la encarnaci\u00f3n de dios m\u00e1s popular, querida y venerada en la India. Ella lo cuid\u00f3 mientras era ni\u00f1o, adolescente, joven, con todo el cari\u00f1o de madre y de creyente. Creci\u00f3 Krishna y le lleg\u00f3 el momento de dejar su casa, su pueblo y a\u2026","rel":"","context":"En \u00abLimones\u00bb","block_context":{"text":"Limones","link":"https:\/\/quechilero.com\/blog\/category\/limones\/"},"img":{"alt_text":"","src":"","width":0,"height":0},"classes":[]},{"id":886,"url":"https:\/\/quechilero.com\/blog\/2008\/03\/02\/cuaresma-evangelio-02-mar-08\/","url_meta":{"origin":19558,"position":4},"title":"Cuaresma &#8211; Evangelio 02 mar 08","author":"Pepe Barrascout Ortiz","date":"2 marzo 2008","format":false,"excerpt":"Evangelio seg\u00fan San Juan 9,1-41. Al pasar, vio a un hombre ciego de nacimiento. Sus disc\u00edpulos le preguntaron: \"Maestro, \u00bfqui\u00e9n ha pecado, \u00c9l o sus padres, para que haya nacido ciego?\". \"Ni \u00c9l ni sus padres han pecado, respondi\u00f3 Jes\u00fas; naci\u00f3 as\u00ed para que se manifiesten en \u00c9l las obras\u2026","rel":"","context":"En \u00abLimones\u00bb","block_context":{"text":"Limones","link":"https:\/\/quechilero.com\/blog\/category\/limones\/"},"img":{"alt_text":"","src":"","width":0,"height":0},"classes":[]},{"id":7531,"url":"https:\/\/quechilero.com\/blog\/2011\/05\/06\/la-mirada-de-jesus\/","url_meta":{"origin":19558,"position":5},"title":"La Mirada de Jes\u00fas","author":"Pepe Barrascout Ortiz","date":"6 mayo 2011","format":false,"excerpt":"Siempre tuve la inc\u00f3moda sensaci\u00f3n de que \u00c9l deseaba que lo mirara a los ojos... cosa que yo no hac\u00eda. Yo le hablaba pero desviaba mi mirada cuando sent\u00eda que el me estaba mirando. Yo miraba siempre a otra parte. Y sab\u00eda por qu\u00e9: ten\u00eda miedo. Pensaba que en sus\u2026","rel":"","context":"En \u00abLimones\u00bb","block_context":{"text":"Limones","link":"https:\/\/quechilero.com\/blog\/category\/limones\/"},"img":{"alt_text":"","src":"","width":0,"height":0},"classes":[]}],"jetpack_featured_media_url":"","_links":{"self":[{"href":"https:\/\/quechilero.com\/blog\/wp-json\/wp\/v2\/posts\/19558","targetHints":{"allow":["GET"]}}],"collection":[{"href":"https:\/\/quechilero.com\/blog\/wp-json\/wp\/v2\/posts"}],"about":[{"href":"https:\/\/quechilero.com\/blog\/wp-json\/wp\/v2\/types\/post"}],"author":[{"embeddable":true,"href":"https:\/\/quechilero.com\/blog\/wp-json\/wp\/v2\/users\/1"}],"replies":[{"embeddable":true,"href":"https:\/\/quechilero.com\/blog\/wp-json\/wp\/v2\/comments?post=19558"}],"version-history":[{"count":0,"href":"https:\/\/quechilero.com\/blog\/wp-json\/wp\/v2\/posts\/19558\/revisions"}],"wp:attachment":[{"href":"https:\/\/quechilero.com\/blog\/wp-json\/wp\/v2\/media?parent=19558"}],"wp:term":[{"taxonomy":"category","embeddable":true,"href":"https:\/\/quechilero.com\/blog\/wp-json\/wp\/v2\/categories?post=19558"},{"taxonomy":"post_tag","embeddable":true,"href":"https:\/\/quechilero.com\/blog\/wp-json\/wp\/v2\/tags?post=19558"},{"taxonomy":"series","embeddable":true,"href":"https:\/\/quechilero.com\/blog\/wp-json\/wp\/v2\/series?post=19558"}],"curies":[{"name":"wp","href":"https:\/\/api.w.org\/{rel}","templated":true}]}}