{"id":19535,"date":"2014-10-20T08:00:25","date_gmt":"2014-10-20T14:00:25","guid":{"rendered":"http:\/\/quechilero.com\/blog\/?p=19535"},"modified":"2014-10-09T13:45:14","modified_gmt":"2014-10-09T19:45:14","slug":"las-promesas-de-su-palabra","status":"publish","type":"post","link":"https:\/\/quechilero.com\/blog\/2014\/10\/20\/las-promesas-de-su-palabra\/","title":{"rendered":"Las promesas de Su Palabra"},"content":{"rendered":"<p>\u00a1Con cu\u00e1nta frecuencia la falta de fe se debe a la ignorancia! Si te parece que no tienes mucha fe para que Dios te cure, es sencillamente porque no tienes una base suficiente de fe y conocimiento de la Palabra de Dios.<\/p>\n<p>\u00a1Pero ya est\u00e1 a tu disposici\u00f3n! A lo largo de toda la Biblia, que es la Palabra que Dios nos ha dirigido personalmente a cada uno, \u00c9l ha hecho montones de promesas para nuestra curaci\u00f3n. \u00abNos ha dado preciosas y grand\u00edsimas promesas, para que por ellas llegaseis a ser participantes de la naturaleza divina.\u00bb (2 Pe. 1:4) Son promesas que podemos reclamar contando con que Dios las cumplir\u00e1. Y tambi\u00e9n de ellas surge nuestra fe. \u00abLa fe se recibe, aumenta, al o\u00edr la Palabra de Dios.\u00bb (Rom. 10:17) \u00a1L\u00e9ela con mucha oraci\u00f3n y ella te dar\u00e1 la fe!<\/p>\n<p>No puedes decir: \u00abMe f\u00edo del m\u00e9dico, pero no voy a tomar las pastillas que me recet\u00f3. Estoy sometido a tratamiento m\u00e9dico pero no quiero seguir las indicaciones.\u00bb En lo que sea que se haya puesto la fe, hay que ser consecuente y obedecer. Si es en el Se\u00f1or, tienes que tomar las p\u00edldoras de las Escrituras y seguir el tratamiento que \u00c9l prescribe: \u00a1Tienes que citar y reclamar Sus promesas, y afirmarte en la Palabra!<\/p>\n","protected":false},"excerpt":{"rendered":"<p>\u00a1Con cu\u00e1nta frecuencia la falta de fe se debe a la ignorancia! Si te parece que no tienes mucha fe para que Dios te cure, es sencillamente porque no tienes una base suficiente de fe y conocimiento de la Palabra de Dios. \u00a1Pero ya est\u00e1 a tu disposici\u00f3n! A lo largo de toda la Biblia, &#8230; <a title=\"Las promesas de Su Palabra\" class=\"read-more\" href=\"https:\/\/quechilero.com\/blog\/2014\/10\/20\/las-promesas-de-su-palabra\/\" aria-label=\"Leer m\u00e1s sobre Las promesas de Su Palabra\">Leer m\u00e1s<\/a><\/p>\n","protected":false},"author":1,"featured_media":0,"comment_status":"open","ping_status":"open","sticky":false,"template":"","format":"standard","meta":{"advanced_seo_description":"","jetpack_seo_html_title":"","jetpack_seo_noindex":false,"jetpack_seo_schema_type":"","episode_type":"","audio_file":"","podmotor_file_id":"","podmotor_episode_id":"","cover_image":"","cover_image_id":"","duration":"","filesize":"","filesize_raw":"","date_recorded":"","explicit":"","block":"","_jetpack_newsletter_access":"","_jetpack_dont_email_post_to_subs":false,"_jetpack_newsletter_tier_id":0,"_jetpack_memberships_contains_paywalled_content":false,"_jetpack_feature_clip_id":0,"_jetpack_memberships_contains_paid_content":false,"footnotes":"","jetpack_publicize_message":"","jetpack_publicize_feature_enabled":true,"jetpack_social_post_already_shared":true,"jetpack_social_options":{"image_generator_settings":{"template":"highway","default_image_id":0,"font":"","enabled":false},"version":2},"jetpack_post_was_ever_published":false},"categories":[2],"tags":[51,86,42],"series":[],"class_list":["post-19535","post","type-post","status-publish","format-standard","hentry","category-limones","tag-dios","tag-oracion","tag-palabra"],"episode_featured_image":false,"episode_player_image":"https:\/\/i0.wp.com\/quechilero.com\/blog\/imagenes\/podcast.png?fit=1831%2C1831&ssl=1","download_link":"","player_link":"","audio_player":false,"episode_data":{"playerMode":"dark","subscribeUrls":{"amazon":{"key":"amazon","url":"","label":"Amazon","class":"amazon","icon":"amazon.png"},"apple_podcasts":{"key":"apple_podcasts","url":"","label":"Apple Podcasts","class":"apple_podcasts","icon":"apple-podcasts.png"},"castbox":{"key":"castbox","url":"","label":"CastBox","class":"castbox","icon":"castbox.png"},"deezer":{"key":"deezer","url":"","label":"Deezer","class":"deezer","icon":"deezer.png"},"google_podcasts":{"key":"google_podcasts","url":"","label":"Google Podcasts","class":"google_podcasts","icon":"google-podcasts.png"},"listen_notes":{"key":"listen_notes","url":"","label":"Listen Notes","class":"listen_notes","icon":"listen-notes.png"},"pandora":{"key":"pandora","url":"","label":"Pandora","class":"pandora","icon":"pandora.png"},"podbean":{"key":"podbean","url":"","label":"Podbean","class":"podbean","icon":"podbean.png"},"podcast_republic":{"key":"podcast_republic","url":"","label":"Podcast Republic","class":"podcast_republic","icon":"podcast-republic.png"},"rss":{"key":"rss","url":"","label":"RSS","class":"rss","icon":"rss.png"},"spotify":{"key":"spotify","url":"","label":"Spotify","class":"spotify","icon":"spotify.png"},"stitcher":{"key":"stitcher","url":"","label":"Stitcher","class":"stitcher","icon":"stitcher.png"},"tunein":{"key":"tunein","url":"","label":"TuneIn","class":"tunein","icon":"tunein.png"},"youtube":{"key":"youtube","url":"","label":"YouTube","class":"youtube","icon":"youtube.png"},"iheartradio":{"key":"iheartradio","url":"","label":"iHeartRadio","class":"iheartradio","icon":"iheartradio.png"},"ivoox":{"key":"ivoox","url":"","label":"iVoox","class":"ivoox","icon":"ivoox.png"}},"rssFeedUrl":"https:\/\/quechilero.com\/blog\/feed\/podcast\/si-la-vida-nos-da-limones","embedCode":"<blockquote class=\"wp-embedded-content\" data-secret=\"vJVZJw8P56\"><a href=\"https:\/\/quechilero.com\/blog\/2014\/10\/20\/las-promesas-de-su-palabra\/\">Las promesas de Su Palabra<\/a><\/blockquote><iframe sandbox=\"allow-scripts\" security=\"restricted\" src=\"https:\/\/quechilero.com\/blog\/2014\/10\/20\/las-promesas-de-su-palabra\/embed\/#?secret=vJVZJw8P56\" width=\"500\" height=\"350\" title=\"\u00abLas promesas de Su Palabra\u00bb \u2014 Si la Vida nos da Limones...\" data-secret=\"vJVZJw8P56\" frameborder=\"0\" marginwidth=\"0\" marginheight=\"0\" scrolling=\"no\" class=\"wp-embedded-content\"><\/iframe><script>\n\/*! This file is auto-generated *\/\n!function(d,l){\"use strict\";l.querySelector&&d.addEventListener&&\"undefined\"!=typeof URL&&(d.wp=d.wp||{},d.wp.receiveEmbedMessage||(d.wp.receiveEmbedMessage=function(e){var t=e.data;if((t||t.secret||t.message||t.value)&&!\/[^a-zA-Z0-9]\/.test(t.secret)){for(var s,r,n,a=l.querySelectorAll('iframe[data-secret=\"'+t.secret+'\"]'),o=l.querySelectorAll('blockquote[data-secret=\"'+t.secret+'\"]'),c=new RegExp(\"^https?:$\",\"i\"),i=0;i<o.length;i++)o[i].style.display=\"none\";for(i=0;i<a.length;i++)s=a[i],e.source===s.contentWindow&&(s.removeAttribute(\"style\"),\"height\"===t.message?(1e3<(r=parseInt(t.value,10))?r=1e3:~~r<200&&(r=200),s.height=r):\"link\"===t.message&&(r=new URL(s.getAttribute(\"src\")),n=new URL(t.value),c.test(n.protocol))&&n.host===r.host&&l.activeElement===s&&(d.top.location.href=t.value))}},d.addEventListener(\"message\",d.wp.receiveEmbedMessage,!1),l.addEventListener(\"DOMContentLoaded\",function(){for(var e,t,s=l.querySelectorAll(\"iframe.wp-embedded-content\"),r=0;r<s.length;r++)(t=(e=s[r]).getAttribute(\"data-secret\"))||(t=Math.random().toString(36).substring(2,12),e.src+=\"#?secret=\"+t,e.setAttribute(\"data-secret\",t)),e.contentWindow.postMessage({message:\"ready\",secret:t},\"*\")},!1)))}(window,document);\n\/\/# sourceURL=https:\/\/quechilero.com\/blog\/wp-includes\/js\/wp-embed.min.js\n<\/script>\n"},"jetpack_publicize_connections":[],"jetpack_shortlink":"https:\/\/wp.me\/pDKli-555","jetpack_sharing_enabled":true,"jetpack-related-posts":[{"id":13233,"url":"https:\/\/quechilero.com\/blog\/2012\/04\/24\/principios-importantes-de-la-oracion\/","url_meta":{"origin":19535,"position":0},"title":"Principios importantes de la Oraci\u00f3n","author":"Pepe Barrascout Ortiz","date":"24 abril 2012","format":false,"excerpt":"Si tienes un problema muy agobiante, una necesidad muy grande en tu vida; tal vez el problema es que monopolizas toda la pl\u00e1tica con Dios y no le est\u00e1s escuchando a \u00c9l para nada. \u00a1Deja de hablar tanto y toma tiempo para escuchar! Escucha la Palabra de Dios. Qu\u00e9date en\u2026","rel":"","context":"En \u00abLimones\u00bb","block_context":{"text":"Limones","link":"https:\/\/quechilero.com\/blog\/category\/limones\/"},"img":{"alt_text":"","src":"","width":0,"height":0},"classes":[]},{"id":21564,"url":"https:\/\/quechilero.com\/blog\/2015\/09\/05\/en-tiempo-de-vacas-flacas\/","url_meta":{"origin":19535,"position":1},"title":"En tiempo de vacas flacas","author":"Pepe Barrascout Ortiz","date":"5 septiembre 2015","format":false,"excerpt":"\u00a1No puedes ser amigo de Dios s\u00f3lo en tiempo de vacas gordas! \u00a1Debes seguir sirviendo al Se\u00f1or aun cuando todo vaya mal! La mayor\u00eda de los cristianos son capaces de tener fe en circunstancias y situaciones normales y corrientes, en lo que suponen que Dios va a hacer; pero solamente\u2026","rel":"","context":"En \u00abLimones\u00bb","block_context":{"text":"Limones","link":"https:\/\/quechilero.com\/blog\/category\/limones\/"},"img":{"alt_text":"","src":"","width":0,"height":0},"classes":[]},{"id":15358,"url":"https:\/\/quechilero.com\/blog\/2012\/12\/02\/primer-domingo-de-adviento\/","url_meta":{"origin":19535,"position":2},"title":"Primer Domingo de Adviento","author":"Pepe Barrascout Ortiz","date":"2 diciembre 2012","format":false,"excerpt":"Primer Domingo de Adviento (ciclo B) Cabeza de Familia: Hermanos: Al iniciar hoy el Adviento, comenzamos el A\u00f1o Lit\u00fargico, s\u00edmbolo de nuestra larga traves\u00eda por la vida. Vamos caminando por el desierto, atravesando unas veces, bellos oasis; otras sofocantes desiertos. Lo hacemos con alegr\u00eda y con miedo, con fe y\u2026","rel":"","context":"En \u00abLimones\u00bb","block_context":{"text":"Limones","link":"https:\/\/quechilero.com\/blog\/category\/limones\/"},"img":{"alt_text":"","src":"https:\/\/i0.wp.com\/i392.photobucket.com\/albums\/pp7\/pepejaguar\/blog\/1-domingo-adviento.png?resize=350%2C200","width":350,"height":200,"srcset":"https:\/\/i0.wp.com\/i392.photobucket.com\/albums\/pp7\/pepejaguar\/blog\/1-domingo-adviento.png?resize=350%2C200 1x, https:\/\/i0.wp.com\/i392.photobucket.com\/albums\/pp7\/pepejaguar\/blog\/1-domingo-adviento.png?resize=525%2C300 1.5x"},"classes":[]},{"id":1024,"url":"https:\/\/quechilero.com\/blog\/2008\/07\/19\/el-cobarde-grande\/","url_meta":{"origin":19535,"position":3},"title":"El cobarde grande","author":"Pepe Barrascout Ortiz","date":"19 julio 2008","format":false,"excerpt":"Una noche, durante una tormenta, una mam\u00e1 estaba acostando a su hijito. Estaba a punto de apagar la luz cuando el ni\u00f1o le pregunt\u00f3 con voz temblorosa: \"Mami, \u00bfte puedes quedar conmigo toda la noche?\". La madre le dio un abrazo c\u00e1lido y tranquilizador y le dijo tiernamente: \"No puedo,\u2026","rel":"","context":"En \u00abLimones\u00bb","block_context":{"text":"Limones","link":"https:\/\/quechilero.com\/blog\/category\/limones\/"},"img":{"alt_text":"","src":"","width":0,"height":0},"classes":[]},{"id":7497,"url":"https:\/\/quechilero.com\/blog\/2011\/04\/11\/le-daras-tiempo-a-dios\/","url_meta":{"origin":19535,"position":4},"title":"\u00bfLe dar\u00e1s tiempo a Dios?","author":"Pepe Barrascout Ortiz","date":"11 abril 2011","format":false,"excerpt":"Si tienes un problema muy agobiante, una necesidad muy grande en tu vida; est\u00e1s orando... esperando... pero tal vez el problema es que no est\u00e1s escuchando a Dios. Algunos creen que orar significa seguir pidiendo y pidiendo, seguir hablando y rezando y rog\u00e1ndole al Se\u00f1or con una gran palabrer\u00eda y\u2026","rel":"","context":"En \u00abLimones\u00bb","block_context":{"text":"Limones","link":"https:\/\/quechilero.com\/blog\/category\/limones\/"},"img":{"alt_text":"","src":"","width":0,"height":0},"classes":[]},{"id":16874,"url":"https:\/\/quechilero.com\/blog\/2013\/08\/08\/mirar-y-aprender\/","url_meta":{"origin":19535,"position":5},"title":"Mirar y aprender","author":"Pepe Barrascout Ortiz","date":"8 agosto 2013","format":false,"excerpt":"Mientras un \u00e1rbitro estaba parado detr\u00e1s de la base durante un partido de softbol femenino, oy\u00f3 que la madre de una jugadora empez\u00f3 a cantar: \"\u00a1Queremos un nuevo \u00e1rbitro! \u00a1Queremos un nuevo \u00e1rbitro!\". Al momento, otros padres se unieron al coro. El \u00e1rbitro sonri\u00f3, se dio vuelta hacia la multitud\u2026","rel":"","context":"En \u00abLimones\u00bb","block_context":{"text":"Limones","link":"https:\/\/quechilero.com\/blog\/category\/limones\/"},"img":{"alt_text":"","src":"","width":0,"height":0},"classes":[]}],"jetpack_featured_media_url":"","_links":{"self":[{"href":"https:\/\/quechilero.com\/blog\/wp-json\/wp\/v2\/posts\/19535","targetHints":{"allow":["GET"]}}],"collection":[{"href":"https:\/\/quechilero.com\/blog\/wp-json\/wp\/v2\/posts"}],"about":[{"href":"https:\/\/quechilero.com\/blog\/wp-json\/wp\/v2\/types\/post"}],"author":[{"embeddable":true,"href":"https:\/\/quechilero.com\/blog\/wp-json\/wp\/v2\/users\/1"}],"replies":[{"embeddable":true,"href":"https:\/\/quechilero.com\/blog\/wp-json\/wp\/v2\/comments?post=19535"}],"version-history":[{"count":0,"href":"https:\/\/quechilero.com\/blog\/wp-json\/wp\/v2\/posts\/19535\/revisions"}],"wp:attachment":[{"href":"https:\/\/quechilero.com\/blog\/wp-json\/wp\/v2\/media?parent=19535"}],"wp:term":[{"taxonomy":"category","embeddable":true,"href":"https:\/\/quechilero.com\/blog\/wp-json\/wp\/v2\/categories?post=19535"},{"taxonomy":"post_tag","embeddable":true,"href":"https:\/\/quechilero.com\/blog\/wp-json\/wp\/v2\/tags?post=19535"},{"taxonomy":"series","embeddable":true,"href":"https:\/\/quechilero.com\/blog\/wp-json\/wp\/v2\/series?post=19535"}],"curies":[{"name":"wp","href":"https:\/\/api.w.org\/{rel}","templated":true}]}}