{"id":19531,"date":"2014-10-17T08:00:07","date_gmt":"2014-10-17T14:00:07","guid":{"rendered":"http:\/\/quechilero.com\/blog\/?p=19531"},"modified":"2014-10-09T13:41:50","modified_gmt":"2014-10-09T19:41:50","slug":"la-cultura-de-la-queja","status":"publish","type":"post","link":"https:\/\/quechilero.com\/blog\/2014\/10\/17\/la-cultura-de-la-queja\/","title":{"rendered":"La cultura de la queja"},"content":{"rendered":"<p>\u00bfTe has dado cuenta que es bien f\u00e1cil quejarse? De hecho, quejarse es casi como un deporte. Nos quejamos de los pol\u00edticos, del gobierno, del alto costo de la luz y de por qu\u00e9 no nos alcanza lo que ganamos. Lamentablemente, esta mentalidad la estamos transmitiendo a nuestros hijos y por consiguiente estamos criando a una generaci\u00f3n de j\u00f3venes que creen que se merecen ciertos derechos.<\/p>\n<p>Muchas personas creen que se merecen algo sin ning\u00fan esfuerzo. Muchos creen que tienen derecho a algo simplemente por presentarse. Muchos creen que merecen comenzar en al cima. Cuando una persona est\u00e1 convencida que debe merecerse todos los derechos termina quej\u00e1ndose de todo y todos cuando no obtiene lo que deber\u00eda merecerse. Como puedes ver, pensar que nos merecemos algo nos convierte en ni\u00f1os mimados y dependientes.<\/p>\n<p>Lo triste de esto es que creerse con el derecho a merecer amarga tu esp\u00edritu. \u00bfPor qu\u00e9? Porque por mucho que se te d\u00e9 siempre sentir\u00e1s que te falta algo y encontrar\u00e1s motivos para quejarte. En vez de estar agradecido, el derecho a merecer te deja deseando m\u00e1s.<\/p>\n<p>Esto se debe a que se enfoca en las cosas equivocadas. Como puedes ver, el derecho a merecer se enfoca en lo que te hace falta en vez de lo que tienes o lo que podr\u00edas tener. Todo est\u00e1 arraigado en una perspectiva defectuosa del mundo que dice: \u00abel mundo me debe\u00bb. Una perspectiva defectuosa de ti mismo que dice: \u00abMe lo merezco\u00bb. Una perspectiva defectuosa de Dios que dice: \u00abYo no ped\u00ed nacer\u00bb.<\/p>\n<p>Entonces, \u00bfQu\u00e9 podemos hacer para revertir esta actitud? No hay mejor ant\u00eddoto contra la cultura de la queja que la cultura del agradecimiento. Debemos aprender a estar agradecidos con lo que tenemos, reconocer que la cosas no caen del cielo y vivir dentro de nuestras posibilidades.<\/p>\n","protected":false},"excerpt":{"rendered":"<p>\u00bfTe has dado cuenta que es bien f\u00e1cil quejarse? De hecho, quejarse es casi como un deporte. Nos quejamos de los pol\u00edticos, del gobierno, del alto costo de la luz y de por qu\u00e9 no nos alcanza lo que ganamos. Lamentablemente, esta mentalidad la estamos transmitiendo a nuestros hijos y por consiguiente estamos criando a &#8230; <a title=\"La cultura de la queja\" class=\"read-more\" href=\"https:\/\/quechilero.com\/blog\/2014\/10\/17\/la-cultura-de-la-queja\/\" aria-label=\"Leer m\u00e1s sobre La cultura de la queja\">Leer m\u00e1s<\/a><\/p>\n","protected":false},"author":1,"featured_media":0,"comment_status":"open","ping_status":"open","sticky":false,"template":"","format":"standard","meta":{"advanced_seo_description":"","jetpack_seo_html_title":"","jetpack_seo_noindex":false,"jetpack_seo_schema_type":"","episode_type":"","audio_file":"","podmotor_file_id":"","podmotor_episode_id":"","cover_image":"","cover_image_id":"","duration":"","filesize":"","filesize_raw":"","date_recorded":"","explicit":"","block":"","_jetpack_newsletter_access":"","_jetpack_dont_email_post_to_subs":false,"_jetpack_newsletter_tier_id":0,"_jetpack_memberships_contains_paywalled_content":false,"_jetpack_feature_clip_id":0,"_jetpack_memberships_contains_paid_content":false,"footnotes":"","jetpack_publicize_message":"","jetpack_publicize_feature_enabled":true,"jetpack_social_post_already_shared":true,"jetpack_social_options":{"image_generator_settings":{"template":"highway","default_image_id":0,"font":"","enabled":false},"version":2},"jetpack_post_was_ever_published":false},"categories":[2],"tags":[29,12,51,49],"series":[],"class_list":["post-19531","post","type-post","status-publish","format-standard","hentry","category-limones","tag-aprender","tag-cosas","tag-dios","tag-esfuerzo"],"episode_featured_image":false,"episode_player_image":"https:\/\/i0.wp.com\/quechilero.com\/blog\/imagenes\/podcast.png?fit=1831%2C1831&ssl=1","download_link":"","player_link":"","audio_player":false,"episode_data":{"playerMode":"dark","subscribeUrls":{"amazon":{"key":"amazon","url":"","label":"Amazon","class":"amazon","icon":"amazon.png"},"apple_podcasts":{"key":"apple_podcasts","url":"","label":"Apple Podcasts","class":"apple_podcasts","icon":"apple-podcasts.png"},"castbox":{"key":"castbox","url":"","label":"CastBox","class":"castbox","icon":"castbox.png"},"deezer":{"key":"deezer","url":"","label":"Deezer","class":"deezer","icon":"deezer.png"},"google_podcasts":{"key":"google_podcasts","url":"","label":"Google Podcasts","class":"google_podcasts","icon":"google-podcasts.png"},"listen_notes":{"key":"listen_notes","url":"","label":"Listen Notes","class":"listen_notes","icon":"listen-notes.png"},"pandora":{"key":"pandora","url":"","label":"Pandora","class":"pandora","icon":"pandora.png"},"podbean":{"key":"podbean","url":"","label":"Podbean","class":"podbean","icon":"podbean.png"},"podcast_republic":{"key":"podcast_republic","url":"","label":"Podcast Republic","class":"podcast_republic","icon":"podcast-republic.png"},"rss":{"key":"rss","url":"","label":"RSS","class":"rss","icon":"rss.png"},"spotify":{"key":"spotify","url":"","label":"Spotify","class":"spotify","icon":"spotify.png"},"stitcher":{"key":"stitcher","url":"","label":"Stitcher","class":"stitcher","icon":"stitcher.png"},"tunein":{"key":"tunein","url":"","label":"TuneIn","class":"tunein","icon":"tunein.png"},"youtube":{"key":"youtube","url":"","label":"YouTube","class":"youtube","icon":"youtube.png"},"iheartradio":{"key":"iheartradio","url":"","label":"iHeartRadio","class":"iheartradio","icon":"iheartradio.png"},"ivoox":{"key":"ivoox","url":"","label":"iVoox","class":"ivoox","icon":"ivoox.png"}},"rssFeedUrl":"https:\/\/quechilero.com\/blog\/feed\/podcast\/si-la-vida-nos-da-limones","embedCode":"<blockquote class=\"wp-embedded-content\" data-secret=\"457EO2urJq\"><a href=\"https:\/\/quechilero.com\/blog\/2014\/10\/17\/la-cultura-de-la-queja\/\">La cultura de la queja<\/a><\/blockquote><iframe sandbox=\"allow-scripts\" security=\"restricted\" src=\"https:\/\/quechilero.com\/blog\/2014\/10\/17\/la-cultura-de-la-queja\/embed\/#?secret=457EO2urJq\" width=\"500\" height=\"350\" title=\"\u00abLa cultura de la queja\u00bb \u2014 Si la Vida nos da Limones...\" data-secret=\"457EO2urJq\" frameborder=\"0\" marginwidth=\"0\" marginheight=\"0\" scrolling=\"no\" class=\"wp-embedded-content\"><\/iframe><script>\n\/*! This file is auto-generated *\/\n!function(d,l){\"use strict\";l.querySelector&&d.addEventListener&&\"undefined\"!=typeof URL&&(d.wp=d.wp||{},d.wp.receiveEmbedMessage||(d.wp.receiveEmbedMessage=function(e){var t=e.data;if((t||t.secret||t.message||t.value)&&!\/[^a-zA-Z0-9]\/.test(t.secret)){for(var s,r,n,a=l.querySelectorAll('iframe[data-secret=\"'+t.secret+'\"]'),o=l.querySelectorAll('blockquote[data-secret=\"'+t.secret+'\"]'),c=new RegExp(\"^https?:$\",\"i\"),i=0;i<o.length;i++)o[i].style.display=\"none\";for(i=0;i<a.length;i++)s=a[i],e.source===s.contentWindow&&(s.removeAttribute(\"style\"),\"height\"===t.message?(1e3<(r=parseInt(t.value,10))?r=1e3:~~r<200&&(r=200),s.height=r):\"link\"===t.message&&(r=new URL(s.getAttribute(\"src\")),n=new URL(t.value),c.test(n.protocol))&&n.host===r.host&&l.activeElement===s&&(d.top.location.href=t.value))}},d.addEventListener(\"message\",d.wp.receiveEmbedMessage,!1),l.addEventListener(\"DOMContentLoaded\",function(){for(var e,t,s=l.querySelectorAll(\"iframe.wp-embedded-content\"),r=0;r<s.length;r++)(t=(e=s[r]).getAttribute(\"data-secret\"))||(t=Math.random().toString(36).substring(2,12),e.src+=\"#?secret=\"+t,e.setAttribute(\"data-secret\",t)),e.contentWindow.postMessage({message:\"ready\",secret:t},\"*\")},!1)))}(window,document);\n\/\/# sourceURL=https:\/\/quechilero.com\/blog\/wp-includes\/js\/wp-embed.min.js\n<\/script>\n"},"jetpack_publicize_connections":[],"jetpack_shortlink":"https:\/\/wp.me\/pDKli-551","jetpack_sharing_enabled":true,"jetpack-related-posts":[{"id":868,"url":"https:\/\/quechilero.com\/blog\/2008\/02\/15\/cuaresma-evangelio-15-feb-08\/","url_meta":{"origin":19531,"position":0},"title":"Cuaresma &#8211; Evangelio 15 feb 08","author":"Pepe Barrascout Ortiz","date":"15 febrero 2008","format":false,"excerpt":"Evangelio seg\u00fan San Mateo 5,20-26. Les aseguro que si la justicia de ustedes no es superior a la de los escribas y fariseos, no entrar\u00e1n en el Reino de los Cielos. Ustedes han o\u00eddo que se dijo a los antepasados: No matar\u00e1s, y el que mata, debe ser llevado ante\u2026","rel":"","context":"En \u00abLimones\u00bb","block_context":{"text":"Limones","link":"https:\/\/quechilero.com\/blog\/category\/limones\/"},"img":{"alt_text":"","src":"","width":0,"height":0},"classes":[]},{"id":21492,"url":"https:\/\/quechilero.com\/blog\/2015\/08\/19\/quejas\/","url_meta":{"origin":19531,"position":1},"title":"Quejas","author":"Pepe Barrascout Ortiz","date":"19 agosto 2015","format":false,"excerpt":"Hay personas que pasan todo el tiempo quej\u00e1ndose de esta manera: El mundo hoy, va mal... El gobierno no satisface mis necesidades... La Iglesia no me da respuestas... Mis amigos se desaparecieron... La se\u00f1al de televisi\u00f3n no comenz\u00f3 a transmitir a tiempo... Mi equipo ha perdido y es posible que\u2026","rel":"","context":"En \u00abLimones\u00bb","block_context":{"text":"Limones","link":"https:\/\/quechilero.com\/blog\/category\/limones\/"},"img":{"alt_text":"","src":"","width":0,"height":0},"classes":[]},{"id":3088,"url":"https:\/\/quechilero.com\/blog\/2009\/08\/02\/en-busca-de-ser-feliz\/","url_meta":{"origin":19531,"position":2},"title":"En busca de ser feliz","author":"Pepe Barrascout Ortiz","date":"2 agosto 2009","format":false,"excerpt":"En una f\u00e1brica hab\u00eda un grupo de operarios que eran infelices. Su sueldo era bueno, sus horas de trabajo eran las adecuadas, las condiciones de trabajo eran excelentes. Estos operarios admit\u00edan todo eso; no obstante su descontento era marcado. La gerencia estaba perpleja y preocupada. Finalmente, se llam\u00f3 a un\u2026","rel":"","context":"En \u00abLimones\u00bb","block_context":{"text":"Limones","link":"https:\/\/quechilero.com\/blog\/category\/limones\/"},"img":{"alt_text":"","src":"","width":0,"height":0},"classes":[]},{"id":21253,"url":"https:\/\/quechilero.com\/blog\/2015\/07\/09\/como-anular-a-una-persona\/","url_meta":{"origin":19531,"position":3},"title":"C\u00f3mo anular a una persona","author":"Pepe Barrascout Ortiz","date":"9 julio 2015","format":false,"excerpt":"El peor da\u00f1o que se le hace a una persona es darle todo. Quien quiera anular a otro s\u00f3lo tiene que evitarle el esfuerzo, impedirle que trabaje, que proponga, que se enfrente a los problemas (o posibilidades) de cada d\u00eda, que tenga que resolver dificultades. Reg\u00e1lele todo: la comida, la\u2026","rel":"","context":"En \u00abLimones\u00bb","block_context":{"text":"Limones","link":"https:\/\/quechilero.com\/blog\/category\/limones\/"},"img":{"alt_text":"","src":"","width":0,"height":0},"classes":[]},{"id":382,"url":"https:\/\/quechilero.com\/blog\/2006\/12\/25\/porque-te-quejas\/","url_meta":{"origin":19531,"position":4},"title":"\u00bfPorqu\u00e9 te quejas?","author":"Pepe Barrascout Ortiz","date":"25 diciembre 2006","format":false,"excerpt":"Si llevas las velas recogidas, \u00bfpor qu\u00e9 te quejas de no tener un buen viento que te impulse? Si llevas enrollada tu bandera, \u00bfpor qu\u00e9 te quejas de que los dem\u00e1s no se contagien con tu verdad? Si te sientas en la primera piedra, \u00bfpor qu\u00e9 te quejas de quedar\u2026","rel":"","context":"En \u00abLimones\u00bb","block_context":{"text":"Limones","link":"https:\/\/quechilero.com\/blog\/category\/limones\/"},"img":{"alt_text":"","src":"","width":0,"height":0},"classes":[]},{"id":12783,"url":"https:\/\/quechilero.com\/blog\/2012\/03\/06\/gracias-por-no-quejarte\/","url_meta":{"origin":19531,"position":5},"title":"Gracias por no quejarte","author":"Pepe Barrascout Ortiz","date":"6 marzo 2012","format":false,"excerpt":"En un viaje que hice recientemente estaba sentado detr\u00e1s de dos ni\u00f1os peque\u00f1os que no estaban nada contentos de estar en aquel avi\u00f3n. Sus llantos de queja llenaban la cabina. Justo antes de despegar, una azafata se detuvo junto a ellos y les dijo con una gran sonrisa: \"\u00bfDe qu\u00e9\u2026","rel":"","context":"En \u00abLimones\u00bb","block_context":{"text":"Limones","link":"https:\/\/quechilero.com\/blog\/category\/limones\/"},"img":{"alt_text":"","src":"","width":0,"height":0},"classes":[]}],"jetpack_featured_media_url":"","_links":{"self":[{"href":"https:\/\/quechilero.com\/blog\/wp-json\/wp\/v2\/posts\/19531","targetHints":{"allow":["GET"]}}],"collection":[{"href":"https:\/\/quechilero.com\/blog\/wp-json\/wp\/v2\/posts"}],"about":[{"href":"https:\/\/quechilero.com\/blog\/wp-json\/wp\/v2\/types\/post"}],"author":[{"embeddable":true,"href":"https:\/\/quechilero.com\/blog\/wp-json\/wp\/v2\/users\/1"}],"replies":[{"embeddable":true,"href":"https:\/\/quechilero.com\/blog\/wp-json\/wp\/v2\/comments?post=19531"}],"version-history":[{"count":0,"href":"https:\/\/quechilero.com\/blog\/wp-json\/wp\/v2\/posts\/19531\/revisions"}],"wp:attachment":[{"href":"https:\/\/quechilero.com\/blog\/wp-json\/wp\/v2\/media?parent=19531"}],"wp:term":[{"taxonomy":"category","embeddable":true,"href":"https:\/\/quechilero.com\/blog\/wp-json\/wp\/v2\/categories?post=19531"},{"taxonomy":"post_tag","embeddable":true,"href":"https:\/\/quechilero.com\/blog\/wp-json\/wp\/v2\/tags?post=19531"},{"taxonomy":"series","embeddable":true,"href":"https:\/\/quechilero.com\/blog\/wp-json\/wp\/v2\/series?post=19531"}],"curies":[{"name":"wp","href":"https:\/\/api.w.org\/{rel}","templated":true}]}}