{"id":19523,"date":"2014-10-13T08:00:56","date_gmt":"2014-10-13T14:00:56","guid":{"rendered":"http:\/\/quechilero.com\/blog\/?p=19523"},"modified":"2014-10-09T13:29:45","modified_gmt":"2014-10-09T19:29:45","slug":"de-la-vejez","status":"publish","type":"post","link":"https:\/\/quechilero.com\/blog\/2014\/10\/13\/de-la-vejez\/","title":{"rendered":"De la vejez"},"content":{"rendered":"<p>Ana Cintra cuenta que su hijo peque\u00f1o, con la curiosidad de quien oy\u00f3 una nueva palabra pero a\u00fan no entiende su significado, le pregunt\u00f3: \u00ab\u00bfMam\u00e1, que es la vejez?\u00bb.<\/p>\n<p>En una fracci\u00f3n de segundo antes de la respuesta, Ana hizo un verdadero viaje al pasado. Se acord\u00f3 de los momentos de lucha, de las dificultades, de las decepciones. Sinti\u00f3 todo el peso de la edad y de la responsabilidad sobre sus hombros.<\/p>\n<p>Volvi\u00f3 para mirar a su hijo que, sonriendo, aguardaba una respuesta. \u00abMira mi rostro, hijo\u00bb, dijo ella. \u00abEsto es la vejez\u00bb. E imagin\u00f3 al muchacho viendo las arrugas, y la tristeza en sus ojos.<\/p>\n<p>Cu\u00e1l no fue su sorpresa cuando, despu\u00e9s de algunos instantes, el peque\u00f1o respondi\u00f3: \u00ab\u00a1Mam\u00e1! \u00a1C\u00f3mo es la vejez de bonita!\u00bb<\/p>\n","protected":false},"excerpt":{"rendered":"<p>Ana Cintra cuenta que su hijo peque\u00f1o, con la curiosidad de quien oy\u00f3 una nueva palabra pero a\u00fan no entiende su significado, le pregunt\u00f3: \u00ab\u00bfMam\u00e1, que es la vejez?\u00bb. En una fracci\u00f3n de segundo antes de la respuesta, Ana hizo un verdadero viaje al pasado. Se acord\u00f3 de los momentos de lucha, de las dificultades, &#8230; <a title=\"De la vejez\" class=\"read-more\" href=\"https:\/\/quechilero.com\/blog\/2014\/10\/13\/de-la-vejez\/\" aria-label=\"Leer m\u00e1s sobre De la vejez\">Leer m\u00e1s<\/a><\/p>\n","protected":false},"author":1,"featured_media":0,"comment_status":"open","ping_status":"open","sticky":false,"template":"","format":"standard","meta":{"advanced_seo_description":"","jetpack_seo_html_title":"","jetpack_seo_noindex":false,"jetpack_seo_schema_type":"","episode_type":"","audio_file":"","podmotor_file_id":"","podmotor_episode_id":"","cover_image":"","cover_image_id":"","duration":"","filesize":"","filesize_raw":"","date_recorded":"","explicit":"","block":"","_jetpack_newsletter_access":"","_jetpack_dont_email_post_to_subs":false,"_jetpack_newsletter_tier_id":0,"_jetpack_memberships_contains_paywalled_content":false,"_jetpack_feature_clip_id":0,"_jetpack_memberships_contains_paid_content":false,"footnotes":"","jetpack_publicize_message":"","jetpack_publicize_feature_enabled":true,"jetpack_social_post_already_shared":true,"jetpack_social_options":{"image_generator_settings":{"template":"highway","default_image_id":0,"font":"","enabled":false},"version":2},"jetpack_post_was_ever_published":false},"categories":[2],"tags":[48,42,22],"series":[],"class_list":["post-19523","post","type-post","status-publish","format-standard","hentry","category-limones","tag-curiosidad","tag-palabra","tag-respuesta"],"episode_featured_image":false,"episode_player_image":"https:\/\/i0.wp.com\/quechilero.com\/blog\/imagenes\/podcast.png?fit=1831%2C1831&ssl=1","download_link":"","player_link":"","audio_player":false,"episode_data":{"playerMode":"dark","subscribeUrls":{"amazon":{"key":"amazon","url":"","label":"Amazon","class":"amazon","icon":"amazon.png"},"apple_podcasts":{"key":"apple_podcasts","url":"","label":"Apple Podcasts","class":"apple_podcasts","icon":"apple-podcasts.png"},"castbox":{"key":"castbox","url":"","label":"CastBox","class":"castbox","icon":"castbox.png"},"deezer":{"key":"deezer","url":"","label":"Deezer","class":"deezer","icon":"deezer.png"},"google_podcasts":{"key":"google_podcasts","url":"","label":"Google Podcasts","class":"google_podcasts","icon":"google-podcasts.png"},"listen_notes":{"key":"listen_notes","url":"","label":"Listen Notes","class":"listen_notes","icon":"listen-notes.png"},"pandora":{"key":"pandora","url":"","label":"Pandora","class":"pandora","icon":"pandora.png"},"podbean":{"key":"podbean","url":"","label":"Podbean","class":"podbean","icon":"podbean.png"},"podcast_republic":{"key":"podcast_republic","url":"","label":"Podcast Republic","class":"podcast_republic","icon":"podcast-republic.png"},"rss":{"key":"rss","url":"","label":"RSS","class":"rss","icon":"rss.png"},"spotify":{"key":"spotify","url":"","label":"Spotify","class":"spotify","icon":"spotify.png"},"stitcher":{"key":"stitcher","url":"","label":"Stitcher","class":"stitcher","icon":"stitcher.png"},"tunein":{"key":"tunein","url":"","label":"TuneIn","class":"tunein","icon":"tunein.png"},"youtube":{"key":"youtube","url":"","label":"YouTube","class":"youtube","icon":"youtube.png"},"iheartradio":{"key":"iheartradio","url":"","label":"iHeartRadio","class":"iheartradio","icon":"iheartradio.png"},"ivoox":{"key":"ivoox","url":"","label":"iVoox","class":"ivoox","icon":"ivoox.png"}},"rssFeedUrl":"https:\/\/quechilero.com\/blog\/feed\/podcast\/si-la-vida-nos-da-limones","embedCode":"<blockquote class=\"wp-embedded-content\" data-secret=\"wIoO2xOJnY\"><a href=\"https:\/\/quechilero.com\/blog\/2014\/10\/13\/de-la-vejez\/\">De la vejez<\/a><\/blockquote><iframe sandbox=\"allow-scripts\" security=\"restricted\" src=\"https:\/\/quechilero.com\/blog\/2014\/10\/13\/de-la-vejez\/embed\/#?secret=wIoO2xOJnY\" width=\"500\" height=\"350\" title=\"\u00abDe la vejez\u00bb \u2014 Si la Vida nos da Limones...\" data-secret=\"wIoO2xOJnY\" frameborder=\"0\" marginwidth=\"0\" marginheight=\"0\" scrolling=\"no\" class=\"wp-embedded-content\"><\/iframe><script>\n\/*! This file is auto-generated *\/\n!function(d,l){\"use strict\";l.querySelector&&d.addEventListener&&\"undefined\"!=typeof URL&&(d.wp=d.wp||{},d.wp.receiveEmbedMessage||(d.wp.receiveEmbedMessage=function(e){var t=e.data;if((t||t.secret||t.message||t.value)&&!\/[^a-zA-Z0-9]\/.test(t.secret)){for(var s,r,n,a=l.querySelectorAll('iframe[data-secret=\"'+t.secret+'\"]'),o=l.querySelectorAll('blockquote[data-secret=\"'+t.secret+'\"]'),c=new RegExp(\"^https?:$\",\"i\"),i=0;i<o.length;i++)o[i].style.display=\"none\";for(i=0;i<a.length;i++)s=a[i],e.source===s.contentWindow&&(s.removeAttribute(\"style\"),\"height\"===t.message?(1e3<(r=parseInt(t.value,10))?r=1e3:~~r<200&&(r=200),s.height=r):\"link\"===t.message&&(r=new URL(s.getAttribute(\"src\")),n=new URL(t.value),c.test(n.protocol))&&n.host===r.host&&l.activeElement===s&&(d.top.location.href=t.value))}},d.addEventListener(\"message\",d.wp.receiveEmbedMessage,!1),l.addEventListener(\"DOMContentLoaded\",function(){for(var e,t,s=l.querySelectorAll(\"iframe.wp-embedded-content\"),r=0;r<s.length;r++)(t=(e=s[r]).getAttribute(\"data-secret\"))||(t=Math.random().toString(36).substring(2,12),e.src+=\"#?secret=\"+t,e.setAttribute(\"data-secret\",t)),e.contentWindow.postMessage({message:\"ready\",secret:t},\"*\")},!1)))}(window,document);\n\/\/# sourceURL=https:\/\/quechilero.com\/blog\/wp-includes\/js\/wp-embed.min.js\n<\/script>\n"},"jetpack_publicize_connections":[],"jetpack_shortlink":"https:\/\/wp.me\/pDKli-54T","jetpack_sharing_enabled":true,"jetpack-related-posts":[{"id":332,"url":"https:\/\/quechilero.com\/blog\/2006\/12\/05\/la-esperanza-del-cielo\/","url_meta":{"origin":19523,"position":0},"title":"La esperanza del cielo","author":"Pepe Barrascout Ortiz","date":"5 diciembre 2006","format":false,"excerpt":"Una se\u00f1ora de m\u00e1s de 80 a\u00f1os de edad estaba en un asilo de ancianos y no se pod\u00eda levantar de la cama. Cuando recibi\u00f3 la visita de un predicador, ella le hizo la misma pregunta que hab\u00eda hecho a otros predicadores: \"\u00bfPor qu\u00e9 estoy aqu\u00ed as\u00ed? He sido cristiana\u2026","rel":"","context":"En \u00abLimones\u00bb","block_context":{"text":"Limones","link":"https:\/\/quechilero.com\/blog\/category\/limones\/"},"img":{"alt_text":"","src":"","width":0,"height":0},"classes":[]},{"id":17151,"url":"https:\/\/quechilero.com\/blog\/2013\/09\/29\/%ef%bb%bferes-mayor-o-viejo\/","url_meta":{"origin":19523,"position":1},"title":"\ufeff\u00bfEres Mayor o Viejo?","author":"Pepe Barrascout Ortiz","date":"29 septiembre 2013","format":false,"excerpt":"Mayor es quien tiene mucha edad; viejo es quien perdi\u00f3 la jovialidad. La edad causa la degeneraci\u00f3n de las c\u00e9lulas; la vejez produce el deterioro del esp\u00edritu. Eres mayor cuando te preguntas: \"\u00bfVali\u00f3 la pena?\"; eres viejo cuando \"sin pensar\" respondes que no. Eres mayor cuando \"sue\u00f1as\"; eres viejo cuando\u2026","rel":"","context":"En \u00abLimones\u00bb","block_context":{"text":"Limones","link":"https:\/\/quechilero.com\/blog\/category\/limones\/"},"img":{"alt_text":"","src":"","width":0,"height":0},"classes":[]},{"id":16784,"url":"https:\/\/quechilero.com\/blog\/2013\/06\/24\/el-abuelo-era-viejo\/","url_meta":{"origin":19523,"position":2},"title":"El abuelo era viejo","author":"Pepe Barrascout Ortiz","date":"24 junio 2013","format":false,"excerpt":"El abuelo se hab\u00eda hecho muy viejo. En una ocasi\u00f3n -prosigue la escena de aquella novela de Tolstoi- cuando su hijo y su nuera le serv\u00edan la cena, al abuelo se le cay\u00f3 el plato y se hizo a\u00f1icos en el suelo. La nuera comenz\u00f3 a quejarse de la torpeza\u2026","rel":"","context":"En \u00abLimones\u00bb","block_context":{"text":"Limones","link":"https:\/\/quechilero.com\/blog\/category\/limones\/"},"img":{"alt_text":"","src":"","width":0,"height":0},"classes":[]},{"id":18018,"url":"https:\/\/quechilero.com\/blog\/2014\/07\/25\/con-quien-quedarse\/","url_meta":{"origin":19523,"position":3},"title":"\u00bfCon qui\u00e9n quedarse?","author":"Pepe Barrascout Ortiz","date":"25 julio 2014","format":false,"excerpt":"Siempre le dicen a uno \"qu\u00e9date con la que m\u00e1s quieras, qu\u00e9date con la que m\u00e1s te quiera, qu\u00e9date con la que sea m\u00e1s inteligente, qu\u00e9date con la que le va mejor, etc.\" La realidad de la vida es que a estas alturas pienso, \"qu\u00e9date con quien, en caso de\u2026","rel":"","context":"En \u00abLimones\u00bb","block_context":{"text":"Limones","link":"https:\/\/quechilero.com\/blog\/category\/limones\/"},"img":{"alt_text":"","src":"","width":0,"height":0},"classes":[]},{"id":17450,"url":"https:\/\/quechilero.com\/blog\/2013\/11\/19\/la-belleza-de-la-disciplina\/","url_meta":{"origin":19523,"position":4},"title":"La belleza de la disciplina","author":"Pepe Barrascout Ortiz","date":"19 noviembre 2013","format":false,"excerpt":"El antiguo arte chino llamado bons\u00e1i ha existido como una forma de arte hort\u00edcola por casi dos mil a\u00f1os. El significado literal de la palabra bons\u00e1i es, tanto en chino como en japon\u00e9s, \"\u00e1rbol en una maceta\". Practicado en todo el mundo, el bons\u00e1i es un arte sublime en el\u2026","rel":"","context":"En \u00abLimones\u00bb","block_context":{"text":"Limones","link":"https:\/\/quechilero.com\/blog\/category\/limones\/"},"img":{"alt_text":"","src":"","width":0,"height":0},"classes":[]},{"id":7532,"url":"https:\/\/quechilero.com\/blog\/2011\/05\/09\/origen-del-dia-de-la-madre\/","url_meta":{"origin":19523,"position":5},"title":"Origen del D\u00eda de la Madre","author":"Pepe Barrascout Ortiz","date":"9 mayo 2011","format":false,"excerpt":"El origen del \"D\u00eda de la madre\" se remonta a la tierna historia de una joven que pierde prematuramente a su mam\u00e1. Ella concibi\u00f3 la idea de dedicar en su homenaje, un d\u00eda sin igual para rendirle tributo. Se cuenta que la estadounidense Ana Jarvis de Philadelphia, luego de la\u2026","rel":"","context":"En \u00abLimones\u00bb","block_context":{"text":"Limones","link":"https:\/\/quechilero.com\/blog\/category\/limones\/"},"img":{"alt_text":"","src":"","width":0,"height":0},"classes":[]}],"jetpack_featured_media_url":"","_links":{"self":[{"href":"https:\/\/quechilero.com\/blog\/wp-json\/wp\/v2\/posts\/19523","targetHints":{"allow":["GET"]}}],"collection":[{"href":"https:\/\/quechilero.com\/blog\/wp-json\/wp\/v2\/posts"}],"about":[{"href":"https:\/\/quechilero.com\/blog\/wp-json\/wp\/v2\/types\/post"}],"author":[{"embeddable":true,"href":"https:\/\/quechilero.com\/blog\/wp-json\/wp\/v2\/users\/1"}],"replies":[{"embeddable":true,"href":"https:\/\/quechilero.com\/blog\/wp-json\/wp\/v2\/comments?post=19523"}],"version-history":[{"count":0,"href":"https:\/\/quechilero.com\/blog\/wp-json\/wp\/v2\/posts\/19523\/revisions"}],"wp:attachment":[{"href":"https:\/\/quechilero.com\/blog\/wp-json\/wp\/v2\/media?parent=19523"}],"wp:term":[{"taxonomy":"category","embeddable":true,"href":"https:\/\/quechilero.com\/blog\/wp-json\/wp\/v2\/categories?post=19523"},{"taxonomy":"post_tag","embeddable":true,"href":"https:\/\/quechilero.com\/blog\/wp-json\/wp\/v2\/tags?post=19523"},{"taxonomy":"series","embeddable":true,"href":"https:\/\/quechilero.com\/blog\/wp-json\/wp\/v2\/series?post=19523"}],"curies":[{"name":"wp","href":"https:\/\/api.w.org\/{rel}","templated":true}]}}