{"id":19521,"date":"2015-02-14T08:00:28","date_gmt":"2015-02-14T14:00:28","guid":{"rendered":"http:\/\/quechilero.com\/blog\/?p=19521"},"modified":"2014-10-09T13:28:45","modified_gmt":"2014-10-09T19:28:45","slug":"el-obispo-martir-san-valentin","status":"publish","type":"post","link":"https:\/\/quechilero.com\/blog\/2015\/02\/14\/el-obispo-martir-san-valentin\/","title":{"rendered":"El Obispo m\u00e1rtir San Valent\u00edn"},"content":{"rendered":"<p>En medio de un mundo que ha relativizado el amor, que vive erotizado y que ha convertido toda celebraci\u00f3n en una maquinaria comercial, la Iglesia Cat\u00f3lica recuerda hoy al Obispo y M\u00e1rtir San Valent\u00edn.<\/p>\n<p>El protector de los enamorados, naci\u00f3 en la ciudad de Terni a cien kil\u00f3metros de Roma (Italia) en el a\u00f1o 175, donde actualmente yacen sus restos en una urna debajo de un altar lateral en la Bas\u00edlica que lleva su mismo nombre.<\/p>\n<p>En el siglo III, \u00e9poca en la que el cristianismo era perseguido, el santo dedic\u00f3 su vida a la comunidad cristiana en su ciudad natal, y arriesgaba su vida para casar sacramentalmente a las parejas durante este tiempo. Seg\u00fan cuenta la tradici\u00f3n el emperador romano Claudio II prohibi\u00f3 el matrimonio en esa \u00e9poca ya que cre\u00eda que los soldados casados no eran tan aguerridos como los solteros que no estaban emocionalmente ligados a una familia.<\/p>\n<p>El emperador Claudio dio entonces orden de que encarcelasen al santo y fue azotado en la v\u00eda Flaminia cerca a Roma para evitar tumultos y represalias de parte de los fieles que lo apreciaban mucho. Cuenta la tradici\u00f3n que fue decapitado y se le dio sepultura apresuradamente en un cementerio al aire libre. Posteriormente, tres disc\u00edpulos suyos lograron desenterrar el cuerpo y lo llevaron de regreso a la ciudad para darle una sepultura digna para su veneraci\u00f3n. Seg\u00fan indica la Di\u00f3cesis de Terni, San Valent\u00edn fue martirizado el 14 de febrero del 273.<\/p>\n<p>La fiesta de San Valent\u00edn recuerda que el aut\u00e9ntico amor va bastante m\u00e1s all\u00e1 de un sentimiento, ya que es esencialmente una opci\u00f3n de la voluntad expresada en la entrega y el sacrificio que no \u00abmide\u00bb consecuencias.<\/p>\n<p>Como dice el Papa Benedicto XVI en su enc\u00edclica Deus Caritas Est (Dios es Amor), el amor \u00abes ocuparse del otro y preocuparse por el otro. Ya no se busca a s\u00ed mismo, sumirse en la embriaguez de la felicidad, sino que ans\u00eda m\u00e1s bien el bien del amado: se convierte en renuncia, est\u00e1 dispuesto al sacrificio, m\u00e1s a\u00fan, lo busca\u00bb.<\/p>\n","protected":false},"excerpt":{"rendered":"<p>En medio de un mundo que ha relativizado el amor, que vive erotizado y que ha convertido toda celebraci\u00f3n en una maquinaria comercial, la Iglesia Cat\u00f3lica recuerda hoy al Obispo y M\u00e1rtir San Valent\u00edn. El protector de los enamorados, naci\u00f3 en la ciudad de Terni a cien kil\u00f3metros de Roma (Italia) en el a\u00f1o 175, &#8230; <a title=\"El Obispo m\u00e1rtir San Valent\u00edn\" class=\"read-more\" href=\"https:\/\/quechilero.com\/blog\/2015\/02\/14\/el-obispo-martir-san-valentin\/\" aria-label=\"Leer m\u00e1s sobre El Obispo m\u00e1rtir San Valent\u00edn\">Leer m\u00e1s<\/a><\/p>\n","protected":false},"author":1,"featured_media":0,"comment_status":"open","ping_status":"open","sticky":false,"template":"","format":"standard","meta":{"advanced_seo_description":"","jetpack_seo_html_title":"","jetpack_seo_noindex":false,"jetpack_seo_schema_type":"","episode_type":"","audio_file":"","podmotor_file_id":"","podmotor_episode_id":"","cover_image":"","cover_image_id":"","duration":"","filesize":"","filesize_raw":"","date_recorded":"","explicit":"","block":"","_jetpack_newsletter_access":"","_jetpack_dont_email_post_to_subs":false,"_jetpack_newsletter_tier_id":0,"_jetpack_memberships_contains_paywalled_content":false,"_jetpack_feature_clip_id":0,"_jetpack_memberships_contains_paid_content":false,"footnotes":"","jetpack_publicize_message":"","jetpack_publicize_feature_enabled":true,"jetpack_social_post_already_shared":true,"jetpack_social_options":{"image_generator_settings":{"template":"highway","default_image_id":0,"font":"","enabled":false},"version":2},"jetpack_post_was_ever_published":false},"categories":[2],"tags":[15,97,51,82,5,24],"series":[],"class_list":["post-19521","post","type-post","status-publish","format-standard","hentry","category-limones","tag-amor","tag-deus","tag-dios","tag-sentimiento","tag-tiempo","tag-vida"],"episode_featured_image":false,"episode_player_image":"https:\/\/i0.wp.com\/quechilero.com\/blog\/imagenes\/podcast.png?fit=1831%2C1831&ssl=1","download_link":"","player_link":"","audio_player":false,"episode_data":{"playerMode":"dark","subscribeUrls":{"amazon":{"key":"amazon","url":"","label":"Amazon","class":"amazon","icon":"amazon.png"},"apple_podcasts":{"key":"apple_podcasts","url":"","label":"Apple Podcasts","class":"apple_podcasts","icon":"apple-podcasts.png"},"castbox":{"key":"castbox","url":"","label":"CastBox","class":"castbox","icon":"castbox.png"},"deezer":{"key":"deezer","url":"","label":"Deezer","class":"deezer","icon":"deezer.png"},"google_podcasts":{"key":"google_podcasts","url":"","label":"Google Podcasts","class":"google_podcasts","icon":"google-podcasts.png"},"listen_notes":{"key":"listen_notes","url":"","label":"Listen Notes","class":"listen_notes","icon":"listen-notes.png"},"pandora":{"key":"pandora","url":"","label":"Pandora","class":"pandora","icon":"pandora.png"},"podbean":{"key":"podbean","url":"","label":"Podbean","class":"podbean","icon":"podbean.png"},"podcast_republic":{"key":"podcast_republic","url":"","label":"Podcast Republic","class":"podcast_republic","icon":"podcast-republic.png"},"rss":{"key":"rss","url":"","label":"RSS","class":"rss","icon":"rss.png"},"spotify":{"key":"spotify","url":"","label":"Spotify","class":"spotify","icon":"spotify.png"},"stitcher":{"key":"stitcher","url":"","label":"Stitcher","class":"stitcher","icon":"stitcher.png"},"tunein":{"key":"tunein","url":"","label":"TuneIn","class":"tunein","icon":"tunein.png"},"youtube":{"key":"youtube","url":"","label":"YouTube","class":"youtube","icon":"youtube.png"},"iheartradio":{"key":"iheartradio","url":"","label":"iHeartRadio","class":"iheartradio","icon":"iheartradio.png"},"ivoox":{"key":"ivoox","url":"","label":"iVoox","class":"ivoox","icon":"ivoox.png"}},"rssFeedUrl":"https:\/\/quechilero.com\/blog\/feed\/podcast\/si-la-vida-nos-da-limones","embedCode":"<blockquote class=\"wp-embedded-content\" data-secret=\"lF955MClu4\"><a href=\"https:\/\/quechilero.com\/blog\/2015\/02\/14\/el-obispo-martir-san-valentin\/\">El Obispo m\u00e1rtir San Valent\u00edn<\/a><\/blockquote><iframe sandbox=\"allow-scripts\" security=\"restricted\" src=\"https:\/\/quechilero.com\/blog\/2015\/02\/14\/el-obispo-martir-san-valentin\/embed\/#?secret=lF955MClu4\" width=\"500\" height=\"350\" title=\"\u00abEl Obispo m\u00e1rtir San Valent\u00edn\u00bb \u2014 Si la Vida nos da Limones...\" data-secret=\"lF955MClu4\" frameborder=\"0\" marginwidth=\"0\" marginheight=\"0\" scrolling=\"no\" class=\"wp-embedded-content\"><\/iframe><script>\n\/*! This file is auto-generated *\/\n!function(d,l){\"use strict\";l.querySelector&&d.addEventListener&&\"undefined\"!=typeof URL&&(d.wp=d.wp||{},d.wp.receiveEmbedMessage||(d.wp.receiveEmbedMessage=function(e){var t=e.data;if((t||t.secret||t.message||t.value)&&!\/[^a-zA-Z0-9]\/.test(t.secret)){for(var s,r,n,a=l.querySelectorAll('iframe[data-secret=\"'+t.secret+'\"]'),o=l.querySelectorAll('blockquote[data-secret=\"'+t.secret+'\"]'),c=new RegExp(\"^https?:$\",\"i\"),i=0;i<o.length;i++)o[i].style.display=\"none\";for(i=0;i<a.length;i++)s=a[i],e.source===s.contentWindow&&(s.removeAttribute(\"style\"),\"height\"===t.message?(1e3<(r=parseInt(t.value,10))?r=1e3:~~r<200&&(r=200),s.height=r):\"link\"===t.message&&(r=new URL(s.getAttribute(\"src\")),n=new URL(t.value),c.test(n.protocol))&&n.host===r.host&&l.activeElement===s&&(d.top.location.href=t.value))}},d.addEventListener(\"message\",d.wp.receiveEmbedMessage,!1),l.addEventListener(\"DOMContentLoaded\",function(){for(var e,t,s=l.querySelectorAll(\"iframe.wp-embedded-content\"),r=0;r<s.length;r++)(t=(e=s[r]).getAttribute(\"data-secret\"))||(t=Math.random().toString(36).substring(2,12),e.src+=\"#?secret=\"+t,e.setAttribute(\"data-secret\",t)),e.contentWindow.postMessage({message:\"ready\",secret:t},\"*\")},!1)))}(window,document);\n\/\/# sourceURL=https:\/\/quechilero.com\/blog\/wp-includes\/js\/wp-embed.min.js\n<\/script>\n"},"jetpack_publicize_connections":[],"jetpack_shortlink":"https:\/\/wp.me\/pDKli-54R","jetpack_sharing_enabled":true,"jetpack-related-posts":[{"id":27294,"url":"https:\/\/quechilero.com\/blog\/2013\/12\/17\/podcast-en-la-vida-de-san-agustin-episodio-31\/","url_meta":{"origin":19521,"position":0},"title":"Podcast: En la Vida de San Agust\u00edn, episodio 31","author":"Pepe Barrascout Ortiz","date":"17 diciembre 2013","format":false,"excerpt":"De la verdadera fe cristiana y el proceso de madurez en M\u00f3nica Aparecen revelaciones de los que se sienten interpelados por las Confesiones de Agust\u00edn. Acompa\u00f1amos a M\u00f3nica cuando se sube a un barco para ir a Mil\u00e1n en busca de su hijo. Vemos c\u00f3mo, con ayuda del obispo Ambrosio,\u2026","rel":"","context":"En \u00abPodcast\u00bb","block_context":{"text":"Podcast","link":"https:\/\/quechilero.com\/blog\/category\/podcast\/"},"img":{"alt_text":"Las 6 de la ma\u00f1ana. Podcast","src":"https:\/\/i0.wp.com\/lh3.googleusercontent.com\/-MuDpgG_t8tg\/Uics8DjfI0I\/AAAAAAAACFg\/DQ_9XUG-gUE\/s800\/san-agustin.png?resize=350%2C200&ssl=1","width":350,"height":200,"srcset":"https:\/\/i0.wp.com\/lh3.googleusercontent.com\/-MuDpgG_t8tg\/Uics8DjfI0I\/AAAAAAAACFg\/DQ_9XUG-gUE\/s800\/san-agustin.png?resize=350%2C200&ssl=1 1x, https:\/\/i0.wp.com\/lh3.googleusercontent.com\/-MuDpgG_t8tg\/Uics8DjfI0I\/AAAAAAAACFg\/DQ_9XUG-gUE\/s800\/san-agustin.png?resize=525%2C300&ssl=1 1.5x"},"classes":[]},{"id":27295,"url":"https:\/\/quechilero.com\/blog\/2013\/12\/12\/podcast-en-la-vida-de-san-agustin-episodio-30\/","url_meta":{"origin":19521,"position":1},"title":"Podcast: En la Vida de San Agust\u00edn, episodio 30","author":"Pepe Barrascout Ortiz","date":"12 diciembre 2013","format":false,"excerpt":"Del modo en el que Dios seduce al ser humano De la verdadera fe cristiana y el proceso de madurez en M\u00f3nica. Aparecen revelaciones de los que se sienten interpelados por las Confesiones de Agust\u00edn. Acompa\u00f1amos a M\u00f3nica cuando se sube a un barco para ir a Mil\u00e1n en busca\u2026","rel":"","context":"En \u00abPodcast\u00bb","block_context":{"text":"Podcast","link":"https:\/\/quechilero.com\/blog\/category\/podcast\/"},"img":{"alt_text":"Las 6 de la ma\u00f1ana. Podcast","src":"https:\/\/i0.wp.com\/lh3.googleusercontent.com\/-MuDpgG_t8tg\/Uics8DjfI0I\/AAAAAAAACFg\/DQ_9XUG-gUE\/s800\/san-agustin.png?resize=350%2C200&ssl=1","width":350,"height":200,"srcset":"https:\/\/i0.wp.com\/lh3.googleusercontent.com\/-MuDpgG_t8tg\/Uics8DjfI0I\/AAAAAAAACFg\/DQ_9XUG-gUE\/s800\/san-agustin.png?resize=350%2C200&ssl=1 1x, https:\/\/i0.wp.com\/lh3.googleusercontent.com\/-MuDpgG_t8tg\/Uics8DjfI0I\/AAAAAAAACFg\/DQ_9XUG-gUE\/s800\/san-agustin.png?resize=525%2C300&ssl=1 1.5x"},"classes":[]},{"id":27293,"url":"https:\/\/quechilero.com\/blog\/2013\/12\/19\/podcast-en-la-vida-de-san-agustin-episodio-32\/","url_meta":{"origin":19521,"position":2},"title":"Podcast: En la Vida de San Agust\u00edn, episodio 32","author":"Pepe Barrascout Ortiz","date":"19 diciembre 2013","format":false,"excerpt":"Del camino para vencer temores y prejuicios frente a la fe cristiana Agust\u00edn cuenta su relaci\u00f3n con el obispo Ambrosio y revela que su mayor dificultad para abrazar la fe cat\u00f3lica era su visi\u00f3n materialista de la vida. No aceptaba la fe como un paso hacia el conocimiento. *** La\u2026","rel":"","context":"En \u00abPodcast\u00bb","block_context":{"text":"Podcast","link":"https:\/\/quechilero.com\/blog\/category\/podcast\/"},"img":{"alt_text":"Las 6 de la ma\u00f1ana. Podcast","src":"https:\/\/i0.wp.com\/lh3.googleusercontent.com\/-MuDpgG_t8tg\/Uics8DjfI0I\/AAAAAAAACFg\/DQ_9XUG-gUE\/s800\/san-agustin.png?resize=350%2C200&ssl=1","width":350,"height":200,"srcset":"https:\/\/i0.wp.com\/lh3.googleusercontent.com\/-MuDpgG_t8tg\/Uics8DjfI0I\/AAAAAAAACFg\/DQ_9XUG-gUE\/s800\/san-agustin.png?resize=350%2C200&ssl=1 1x, https:\/\/i0.wp.com\/lh3.googleusercontent.com\/-MuDpgG_t8tg\/Uics8DjfI0I\/AAAAAAAACFg\/DQ_9XUG-gUE\/s800\/san-agustin.png?resize=525%2C300&ssl=1 1.5x"},"classes":[]},{"id":27323,"url":"https:\/\/quechilero.com\/blog\/2013\/09\/06\/podcast-en-la-vida-de-san-agustin-episodio-02\/","url_meta":{"origin":19521,"position":3},"title":"Podcast: En la Vida de San Agust\u00edn, episodio 02","author":"Pepe Barrascout Ortiz","date":"6 septiembre 2013","format":false,"excerpt":"De la escucha de Dios en las Escrituras Conocemos a Alipio y Posidio como los mejores amigos de Agust\u00edn. Los tres conversan sobre las preocupaciones de la \u00e9poca, como obispos, pastores y jueces. Los acompa\u00f1amos en el ambiente del comedor y escuchamos a Agust\u00edn sobre el significado del Cuerpo M\u00edstico\u2026","rel":"","context":"En \u00abPodcast\u00bb","block_context":{"text":"Podcast","link":"https:\/\/quechilero.com\/blog\/category\/podcast\/"},"img":{"alt_text":"Las 6 de la ma\u00f1ana. Podcast","src":"https:\/\/i0.wp.com\/lh3.googleusercontent.com\/-MuDpgG_t8tg\/Uics8DjfI0I\/AAAAAAAACFg\/DQ_9XUG-gUE\/s800\/san-agustin.png?resize=350%2C200&ssl=1","width":350,"height":200,"srcset":"https:\/\/i0.wp.com\/lh3.googleusercontent.com\/-MuDpgG_t8tg\/Uics8DjfI0I\/AAAAAAAACFg\/DQ_9XUG-gUE\/s800\/san-agustin.png?resize=350%2C200&ssl=1 1x, https:\/\/i0.wp.com\/lh3.googleusercontent.com\/-MuDpgG_t8tg\/Uics8DjfI0I\/AAAAAAAACFg\/DQ_9XUG-gUE\/s800\/san-agustin.png?resize=525%2C300&ssl=1 1.5x"},"classes":[]},{"id":2069,"url":"https:\/\/quechilero.com\/blog\/2008\/12\/12\/virgen-de-guadalupe-2\/","url_meta":{"origin":19521,"position":4},"title":"Virgen de Guadalupe","author":"Pepe Barrascout Ortiz","date":"12 diciembre 2008","format":false,"excerpt":"Hoy celebramos la fiesta en honor de nuestra Santa Madre la Virgen de Guadalupe, en este d\u00eda de fiesta deseo compartir una oraci\u00f3n para la reflexi\u00f3n personal, para que nuestra Virgencita de Guadalupe interceda por nosotros, nos cuide y proteja de todo mal. \u00a1Oh Virgen Inmaculada, Madre del verdadero Dios\u2026","rel":"","context":"En \u00abLimones\u00bb","block_context":{"text":"Limones","link":"https:\/\/quechilero.com\/blog\/category\/limones\/"},"img":{"alt_text":"Retablo de la Virgen de Guadalupe, La Merced de la Ciudad de Guatemala","src":"https:\/\/i0.wp.com\/img514.imageshack.us\/img514\/4899\/120105430865b7c46728xv3.jpg?resize=350%2C200","width":350,"height":200},"classes":[]},{"id":5441,"url":"https:\/\/quechilero.com\/blog\/2010\/08\/10\/san-lorenzo\/","url_meta":{"origin":19521,"position":5},"title":"San Lorenzo","author":"Pepe Barrascout Ortiz","date":"10 agosto 2010","format":false,"excerpt":"Que mejor manera de celebrar el cumplea\u00f1os, que seguir las ense\u00f1anzas y ejemplos de los Santos, esas personas, que por sus m\u00e9ritos, han sido elevados a los altares, y que merecen toda nuestra estima y consideraci\u00f3n. Siguiendo su buen ejemplo, podemos aspirar, como lo es nuestro deber como Cristianos Cat\u00f3licos,\u2026","rel":"","context":"En \u00abLimones\u00bb","block_context":{"text":"Limones","link":"https:\/\/quechilero.com\/blog\/category\/limones\/"},"img":{"alt_text":"","src":"https:\/\/i0.wp.com\/i392.photobucket.com\/albums\/pp7\/pepejaguar\/blog\/Lorenzo.jpg?resize=350%2C200","width":350,"height":200},"classes":[]}],"jetpack_featured_media_url":"","_links":{"self":[{"href":"https:\/\/quechilero.com\/blog\/wp-json\/wp\/v2\/posts\/19521","targetHints":{"allow":["GET"]}}],"collection":[{"href":"https:\/\/quechilero.com\/blog\/wp-json\/wp\/v2\/posts"}],"about":[{"href":"https:\/\/quechilero.com\/blog\/wp-json\/wp\/v2\/types\/post"}],"author":[{"embeddable":true,"href":"https:\/\/quechilero.com\/blog\/wp-json\/wp\/v2\/users\/1"}],"replies":[{"embeddable":true,"href":"https:\/\/quechilero.com\/blog\/wp-json\/wp\/v2\/comments?post=19521"}],"version-history":[{"count":0,"href":"https:\/\/quechilero.com\/blog\/wp-json\/wp\/v2\/posts\/19521\/revisions"}],"wp:attachment":[{"href":"https:\/\/quechilero.com\/blog\/wp-json\/wp\/v2\/media?parent=19521"}],"wp:term":[{"taxonomy":"category","embeddable":true,"href":"https:\/\/quechilero.com\/blog\/wp-json\/wp\/v2\/categories?post=19521"},{"taxonomy":"post_tag","embeddable":true,"href":"https:\/\/quechilero.com\/blog\/wp-json\/wp\/v2\/tags?post=19521"},{"taxonomy":"series","embeddable":true,"href":"https:\/\/quechilero.com\/blog\/wp-json\/wp\/v2\/series?post=19521"}],"curies":[{"name":"wp","href":"https:\/\/api.w.org\/{rel}","templated":true}]}}