{"id":19517,"date":"2014-10-11T08:00:34","date_gmt":"2014-10-11T14:00:34","guid":{"rendered":"http:\/\/quechilero.com\/blog\/?p=19517"},"modified":"2014-10-09T13:23:31","modified_gmt":"2014-10-09T19:23:31","slug":"cuando-hay-que-empezar","status":"publish","type":"post","link":"https:\/\/quechilero.com\/blog\/2014\/10\/11\/cuando-hay-que-empezar\/","title":{"rendered":"\u00bfCu\u00e1ndo hay que empezar?"},"content":{"rendered":"<p>El misionero Hudson Taylor cuenta que un pastor chino, interrogando a un joven convertido, le pregunt\u00f3 si era verdad que conoc\u00eda al Se\u00f1or Jes\u00fas desde hac\u00eda tres meses. \u00c9ste replic\u00f3:<\/p>\n<p>&#8211; Si, afortunadamente, es as\u00ed.<\/p>\n<p>El pastor continu\u00f3&#8230;<\/p>\n<p>&#8211; \u00bfY cuantas personas ha ganado usted para Jes\u00fas?<\/p>\n<p>&#8211; \u00a1Oh! -dijo el reci\u00e9n convertido- Yo soy s\u00f3lo un aprendiz, y nunca he pose\u00eddo un nuevo testamento completo hasta ayer.<\/p>\n<p>El celoso pastor chino replic\u00f3:<\/p>\n<p>&#8211; \u00bfUsa usted velas en su casa?<\/p>\n<p>&#8211; S\u00ed.<\/p>\n<p>&#8211; \u00bfEspera usted que la candela empiece a arder cuando est\u00e1 a medio consumir?<\/p>\n<p>&#8211; No; tan pronto como es encendida.<\/p>\n<p>El joven convertido vio la lecci\u00f3n y empez\u00f3 a trabajar. Dentro de seis meses varios de sus vecinos eran salvos.<\/p>\n","protected":false},"excerpt":{"rendered":"<p>El misionero Hudson Taylor cuenta que un pastor chino, interrogando a un joven convertido, le pregunt\u00f3 si era verdad que conoc\u00eda al Se\u00f1or Jes\u00fas desde hac\u00eda tres meses. \u00c9ste replic\u00f3: &#8211; Si, afortunadamente, es as\u00ed. El pastor continu\u00f3&#8230; &#8211; \u00bfY cuantas personas ha ganado usted para Jes\u00fas? &#8211; \u00a1Oh! -dijo el reci\u00e9n convertido- Yo soy &#8230; <a title=\"\u00bfCu\u00e1ndo hay que empezar?\" class=\"read-more\" href=\"https:\/\/quechilero.com\/blog\/2014\/10\/11\/cuando-hay-que-empezar\/\" aria-label=\"Leer m\u00e1s sobre \u00bfCu\u00e1ndo hay que empezar?\">Leer m\u00e1s<\/a><\/p>\n","protected":false},"author":1,"featured_media":0,"comment_status":"open","ping_status":"open","sticky":false,"template":"","format":"standard","meta":{"advanced_seo_description":"","jetpack_seo_html_title":"","jetpack_seo_noindex":false,"jetpack_seo_schema_type":"","episode_type":"","audio_file":"","podmotor_file_id":"","podmotor_episode_id":"","cover_image":"","cover_image_id":"","duration":"","filesize":"","filesize_raw":"","date_recorded":"","explicit":"","block":"","_jetpack_newsletter_access":"","_jetpack_dont_email_post_to_subs":false,"_jetpack_newsletter_tier_id":0,"_jetpack_memberships_contains_paywalled_content":false,"_jetpack_feature_clip_id":0,"_jetpack_memberships_contains_paid_content":false,"footnotes":"","jetpack_publicize_message":"","jetpack_publicize_feature_enabled":true,"jetpack_social_post_already_shared":true,"jetpack_social_options":{"image_generator_settings":{"template":"highway","default_image_id":0,"font":"","enabled":false},"version":2},"jetpack_post_was_ever_published":false},"categories":[2],"tags":[74,41],"series":[],"class_list":["post-19517","post","type-post","status-publish","format-standard","hentry","category-limones","tag-jesus","tag-verdad"],"episode_featured_image":false,"episode_player_image":"https:\/\/i0.wp.com\/quechilero.com\/blog\/imagenes\/podcast.png?fit=1831%2C1831&ssl=1","download_link":"","player_link":"","audio_player":false,"episode_data":{"playerMode":"dark","subscribeUrls":{"amazon":{"key":"amazon","url":"","label":"Amazon","class":"amazon","icon":"amazon.png"},"apple_podcasts":{"key":"apple_podcasts","url":"","label":"Apple Podcasts","class":"apple_podcasts","icon":"apple-podcasts.png"},"castbox":{"key":"castbox","url":"","label":"CastBox","class":"castbox","icon":"castbox.png"},"deezer":{"key":"deezer","url":"","label":"Deezer","class":"deezer","icon":"deezer.png"},"google_podcasts":{"key":"google_podcasts","url":"","label":"Google Podcasts","class":"google_podcasts","icon":"google-podcasts.png"},"listen_notes":{"key":"listen_notes","url":"","label":"Listen Notes","class":"listen_notes","icon":"listen-notes.png"},"pandora":{"key":"pandora","url":"","label":"Pandora","class":"pandora","icon":"pandora.png"},"podbean":{"key":"podbean","url":"","label":"Podbean","class":"podbean","icon":"podbean.png"},"podcast_republic":{"key":"podcast_republic","url":"","label":"Podcast Republic","class":"podcast_republic","icon":"podcast-republic.png"},"rss":{"key":"rss","url":"","label":"RSS","class":"rss","icon":"rss.png"},"spotify":{"key":"spotify","url":"","label":"Spotify","class":"spotify","icon":"spotify.png"},"stitcher":{"key":"stitcher","url":"","label":"Stitcher","class":"stitcher","icon":"stitcher.png"},"tunein":{"key":"tunein","url":"","label":"TuneIn","class":"tunein","icon":"tunein.png"},"youtube":{"key":"youtube","url":"","label":"YouTube","class":"youtube","icon":"youtube.png"},"iheartradio":{"key":"iheartradio","url":"","label":"iHeartRadio","class":"iheartradio","icon":"iheartradio.png"},"ivoox":{"key":"ivoox","url":"","label":"iVoox","class":"ivoox","icon":"ivoox.png"}},"rssFeedUrl":"https:\/\/quechilero.com\/blog\/feed\/podcast\/si-la-vida-nos-da-limones","embedCode":"<blockquote class=\"wp-embedded-content\" data-secret=\"gLtXQJy7P5\"><a href=\"https:\/\/quechilero.com\/blog\/2014\/10\/11\/cuando-hay-que-empezar\/\">\u00bfCu\u00e1ndo hay que empezar?<\/a><\/blockquote><iframe sandbox=\"allow-scripts\" security=\"restricted\" src=\"https:\/\/quechilero.com\/blog\/2014\/10\/11\/cuando-hay-que-empezar\/embed\/#?secret=gLtXQJy7P5\" width=\"500\" height=\"350\" title=\"\u00ab\u00bfCu\u00e1ndo hay que empezar?\u00bb \u2014 Si la Vida nos da Limones...\" data-secret=\"gLtXQJy7P5\" frameborder=\"0\" marginwidth=\"0\" marginheight=\"0\" scrolling=\"no\" class=\"wp-embedded-content\"><\/iframe><script>\n\/*! This file is auto-generated *\/\n!function(d,l){\"use strict\";l.querySelector&&d.addEventListener&&\"undefined\"!=typeof URL&&(d.wp=d.wp||{},d.wp.receiveEmbedMessage||(d.wp.receiveEmbedMessage=function(e){var t=e.data;if((t||t.secret||t.message||t.value)&&!\/[^a-zA-Z0-9]\/.test(t.secret)){for(var s,r,n,a=l.querySelectorAll('iframe[data-secret=\"'+t.secret+'\"]'),o=l.querySelectorAll('blockquote[data-secret=\"'+t.secret+'\"]'),c=new RegExp(\"^https?:$\",\"i\"),i=0;i<o.length;i++)o[i].style.display=\"none\";for(i=0;i<a.length;i++)s=a[i],e.source===s.contentWindow&&(s.removeAttribute(\"style\"),\"height\"===t.message?(1e3<(r=parseInt(t.value,10))?r=1e3:~~r<200&&(r=200),s.height=r):\"link\"===t.message&&(r=new URL(s.getAttribute(\"src\")),n=new URL(t.value),c.test(n.protocol))&&n.host===r.host&&l.activeElement===s&&(d.top.location.href=t.value))}},d.addEventListener(\"message\",d.wp.receiveEmbedMessage,!1),l.addEventListener(\"DOMContentLoaded\",function(){for(var e,t,s=l.querySelectorAll(\"iframe.wp-embedded-content\"),r=0;r<s.length;r++)(t=(e=s[r]).getAttribute(\"data-secret\"))||(t=Math.random().toString(36).substring(2,12),e.src+=\"#?secret=\"+t,e.setAttribute(\"data-secret\",t)),e.contentWindow.postMessage({message:\"ready\",secret:t},\"*\")},!1)))}(window,document);\n\/\/# sourceURL=https:\/\/quechilero.com\/blog\/wp-includes\/js\/wp-embed.min.js\n<\/script>\n"},"jetpack_publicize_connections":[],"jetpack_shortlink":"https:\/\/wp.me\/pDKli-54N","jetpack_sharing_enabled":true,"jetpack-related-posts":[{"id":896,"url":"https:\/\/quechilero.com\/blog\/2008\/03\/12\/cuaresma-evangelio-12-mar-08\/","url_meta":{"origin":19517,"position":0},"title":"Cuaresma &#8211; Evangelio 12 mar 08","author":"Pepe Barrascout Ortiz","date":"12 marzo 2008","format":false,"excerpt":"Evangelio seg\u00fan San Juan 8,31-42. Jes\u00fas dijo a aquellos jud\u00edos que hab\u00edan cre\u00eddo en \u00c9l: \"Si ustedes permanecen fieles a mi palabra, ser\u00e1n verdaderamente mis disc\u00edpulos: conocer\u00e1n la verdad y la verdad los har\u00e1 libres\". Ellos le respondieron: \"Somos descendientes de Abraham y jam\u00e1s hemos sido esclavos de nadie. \u00bfC\u00f3mo\u2026","rel":"","context":"En \u00abLimones\u00bb","block_context":{"text":"Limones","link":"https:\/\/quechilero.com\/blog\/category\/limones\/"},"img":{"alt_text":"","src":"","width":0,"height":0},"classes":[]},{"id":261,"url":"https:\/\/quechilero.com\/blog\/2006\/09\/30\/el-senor-es-mi-pastor\/","url_meta":{"origin":19517,"position":1},"title":"El Se\u00f1or es mi Pastor","author":"Pepe Barrascout Ortiz","date":"30 septiembre 2006","format":false,"excerpt":"El Se\u00f1or es mi Pastor; nada me faltar\u00e1. En lugares de delicados pastos me har\u00e1 descansar; junto a aguas de reposo me pastorear\u00e1. Confortar\u00e1 mi alma; me guiar\u00e1 por sendas de justicia por amor de su nombre. Aunque ande en valle de sombra de muerte, no temer\u00e9 mal alguno, porque\u2026","rel":"","context":"En \u00abLimones\u00bb","block_context":{"text":"Limones","link":"https:\/\/quechilero.com\/blog\/category\/limones\/"},"img":{"alt_text":"Jes\u00fas el Buen Pastor","src":"https:\/\/i0.wp.com\/static.flickr.com\/118\/254081967_566cb58e0b.jpg?resize=350%2C200","width":350,"height":200},"classes":[]},{"id":11494,"url":"https:\/\/quechilero.com\/blog\/2012\/01\/08\/dos-meses-de-vida\/","url_meta":{"origin":19517,"position":2},"title":"Dos meses de vida","author":"Pepe Barrascout Ortiz","date":"8 enero 2012","format":false,"excerpt":"Antes de que los comunistas ocuparan el territorio de China, fue llevada a un hospital cristiano en Cant\u00f3n una mujer muy enferma. All\u00ed, la mujer oy\u00f3 hablar de Cristo y le entreg\u00f3 su vida. Un d\u00eda la mujer le pregunt\u00f3 al doctor: - Doctor, \u00bfcu\u00e1nto tiempo m\u00e1s puedo vivir si\u2026","rel":"","context":"En \u00abLimones\u00bb","block_context":{"text":"Limones","link":"https:\/\/quechilero.com\/blog\/category\/limones\/"},"img":{"alt_text":"","src":"","width":0,"height":0},"classes":[]},{"id":5946,"url":"https:\/\/quechilero.com\/blog\/2010\/12\/17\/los-nacimientos\/","url_meta":{"origin":19517,"position":3},"title":"Los Nacimientos","author":"Pepe Barrascout Ortiz","date":"17 diciembre 2010","format":false,"excerpt":"El Papa San Sixto III, en el siglo V, ya celebraba la Navidad con algunas representaciones del Nacimiento de Cristo realizados en una gruta semejante a la de Bel\u00e9n que \u00e9l mismo hab\u00eda mandado construir en una Iglesia. Sin embargo, se considera a San Francisco de As\u00eds como el creador\u2026","rel":"","context":"En \u00abLimones\u00bb","block_context":{"text":"Limones","link":"https:\/\/quechilero.com\/blog\/category\/limones\/"},"img":{"alt_text":"","src":"","width":0,"height":0},"classes":[]},{"id":5160,"url":"https:\/\/quechilero.com\/blog\/2010\/07\/30\/una-oveja-derribada\/","url_meta":{"origin":19517,"position":4},"title":"Una oveja derribada","author":"Pepe Barrascout Ortiz","date":"30 julio 2010","format":false,"excerpt":"Para restaurar una oveja derribada se necesita tiempo. Lo primero que hace el pastor es darles masaje a las 4 patas para restaurar la circulaci\u00f3n. Luego, mientras tranquiliza con calma a la oveja con su voz, la voltea suavemente, le coloca la mano debajo de la barriga, la levanta, y\u2026","rel":"","context":"En \u00abLimones\u00bb","block_context":{"text":"Limones","link":"https:\/\/quechilero.com\/blog\/category\/limones\/"},"img":{"alt_text":"","src":"","width":0,"height":0},"classes":[]},{"id":19515,"url":"https:\/\/quechilero.com\/blog\/2014\/10\/10\/el-lugar-preciso\/","url_meta":{"origin":19517,"position":5},"title":"El lugar preciso","author":"Pepe Barrascout Ortiz","date":"10 octubre 2014","format":false,"excerpt":"Un pastor coloc\u00f3 a un joven miembro de su congregaci\u00f3n como dependiente en la tienda de un conocido. Muy pronto el muchacho volv\u00eda a \u00e9l, muy disgustado, quej\u00e1ndose: - \u00bfSabe usted, pastor, d\u00f3nde me ha colocado? En un lugar en donde no hay un solo creyente, y donde todos se\u2026","rel":"","context":"En \u00abLimones\u00bb","block_context":{"text":"Limones","link":"https:\/\/quechilero.com\/blog\/category\/limones\/"},"img":{"alt_text":"","src":"","width":0,"height":0},"classes":[]}],"jetpack_featured_media_url":"","_links":{"self":[{"href":"https:\/\/quechilero.com\/blog\/wp-json\/wp\/v2\/posts\/19517","targetHints":{"allow":["GET"]}}],"collection":[{"href":"https:\/\/quechilero.com\/blog\/wp-json\/wp\/v2\/posts"}],"about":[{"href":"https:\/\/quechilero.com\/blog\/wp-json\/wp\/v2\/types\/post"}],"author":[{"embeddable":true,"href":"https:\/\/quechilero.com\/blog\/wp-json\/wp\/v2\/users\/1"}],"replies":[{"embeddable":true,"href":"https:\/\/quechilero.com\/blog\/wp-json\/wp\/v2\/comments?post=19517"}],"version-history":[{"count":0,"href":"https:\/\/quechilero.com\/blog\/wp-json\/wp\/v2\/posts\/19517\/revisions"}],"wp:attachment":[{"href":"https:\/\/quechilero.com\/blog\/wp-json\/wp\/v2\/media?parent=19517"}],"wp:term":[{"taxonomy":"category","embeddable":true,"href":"https:\/\/quechilero.com\/blog\/wp-json\/wp\/v2\/categories?post=19517"},{"taxonomy":"post_tag","embeddable":true,"href":"https:\/\/quechilero.com\/blog\/wp-json\/wp\/v2\/tags?post=19517"},{"taxonomy":"series","embeddable":true,"href":"https:\/\/quechilero.com\/blog\/wp-json\/wp\/v2\/series?post=19517"}],"curies":[{"name":"wp","href":"https:\/\/api.w.org\/{rel}","templated":true}]}}