{"id":19507,"date":"2014-10-05T08:00:42","date_gmt":"2014-10-05T14:00:42","guid":{"rendered":"http:\/\/quechilero.com\/blog\/?p=19507"},"modified":"2014-10-09T12:52:55","modified_gmt":"2014-10-09T18:52:55","slug":"calma-mi-paso-senor","status":"publish","type":"post","link":"https:\/\/quechilero.com\/blog\/2014\/10\/05\/calma-mi-paso-senor\/","title":{"rendered":"Calma mi paso, Se\u00f1or"},"content":{"rendered":"<p>Desacelera los latidos de mi coraz\u00f3n, calmando mi mente.<br \/>\nDiminuye mi ritmo apresado con una visi\u00f3n de la eternidad del tiempo.<br \/>\nEn medio de las confusiones del d\u00eda a d\u00eda, dame la tranquilidad de las monta\u00f1as.<\/p>\n<p>Retira la tensi\u00f3n de mis m\u00fasculos y nervios con la m\u00fasica tranquilizante de los r\u00edos de aguas constantes que viven en mis recuerdos.<\/p>\n<p>Ay\u00fadame a conocer el poder m\u00e1gico y reparador del sue\u00f1o.<br \/>\nEns\u00e9\u00f1ame el arte de tomar peque\u00f1os descansos: reducir mi ritmo para contemplar una flor, charlar con un amigo, acariciar a un ni\u00f1o, leer un poema, o\u00edr una m\u00fasica preferida.<\/p>\n<p>Calma mi paso, Se\u00f1or, para que yo pueda percibir en medio de la incesante labor cotidiana de los ruidos, luchas, alegr\u00edas, cansancios o desalientos Tu presencia constante en mi coraz\u00f3n.<br \/>\nCalma mi paso, Se\u00f1or, para que yo pueda entonar el c\u00e1ntico de la esperanza, sonre\u00edr para mi pr\u00f3jimo y callarme para escuchar Tu voz.<br \/>\nCalma mi paso, Se\u00f1or, e insp\u00edrame a enterrar mis ra\u00edces en el suelo de los valores duraderos de la vida, para que yo pueda crecer hasta las estrellas de mi destino mayor.<\/p>\n<p>Gracias, Se\u00f1or, por el d\u00eda de hoy, por la familia que me diste, mi trabajo y, sobre todo, por Tu presencia en mi vida.<\/p>\n<p><em><strong>Am\u00e9n<\/strong><\/em><\/p>\n","protected":false},"excerpt":{"rendered":"<p>Desacelera los latidos de mi coraz\u00f3n, calmando mi mente. Diminuye mi ritmo apresado con una visi\u00f3n de la eternidad del tiempo. En medio de las confusiones del d\u00eda a d\u00eda, dame la tranquilidad de las monta\u00f1as. Retira la tensi\u00f3n de mis m\u00fasculos y nervios con la m\u00fasica tranquilizante de los r\u00edos de aguas constantes que &#8230; <a title=\"Calma mi paso, Se\u00f1or\" class=\"read-more\" href=\"https:\/\/quechilero.com\/blog\/2014\/10\/05\/calma-mi-paso-senor\/\" aria-label=\"Leer m\u00e1s sobre Calma mi paso, Se\u00f1or\">Leer m\u00e1s<\/a><\/p>\n","protected":false},"author":1,"featured_media":0,"comment_status":"open","ping_status":"open","sticky":false,"template":"","format":"standard","meta":{"advanced_seo_description":"","jetpack_seo_html_title":"","jetpack_seo_noindex":false,"jetpack_seo_schema_type":"","episode_type":"","audio_file":"","podmotor_file_id":"","podmotor_episode_id":"","cover_image":"","cover_image_id":"","duration":"","filesize":"","filesize_raw":"","date_recorded":"","explicit":"","block":"","_jetpack_newsletter_access":"","_jetpack_dont_email_post_to_subs":false,"_jetpack_newsletter_tier_id":0,"_jetpack_memberships_contains_paywalled_content":false,"_jetpack_feature_clip_id":0,"_jetpack_memberships_contains_paid_content":false,"footnotes":"","jetpack_publicize_message":"","jetpack_publicize_feature_enabled":true,"jetpack_social_post_already_shared":true,"jetpack_social_options":{"image_generator_settings":{"template":"highway","default_image_id":0,"font":"","enabled":false},"version":2},"jetpack_post_was_ever_published":false},"categories":[2],"tags":[11,67,56,5,36,24],"series":[],"class_list":["post-19507","post","type-post","status-publish","format-standard","hentry","category-limones","tag-amigo","tag-crecer","tag-sueno","tag-tiempo","tag-trabajo","tag-vida"],"episode_featured_image":false,"episode_player_image":"https:\/\/i0.wp.com\/quechilero.com\/blog\/imagenes\/podcast.png?fit=1831%2C1831&ssl=1","download_link":"","player_link":"","audio_player":false,"episode_data":{"playerMode":"dark","subscribeUrls":{"amazon":{"key":"amazon","url":"","label":"Amazon","class":"amazon","icon":"amazon.png"},"apple_podcasts":{"key":"apple_podcasts","url":"","label":"Apple Podcasts","class":"apple_podcasts","icon":"apple-podcasts.png"},"castbox":{"key":"castbox","url":"","label":"CastBox","class":"castbox","icon":"castbox.png"},"deezer":{"key":"deezer","url":"","label":"Deezer","class":"deezer","icon":"deezer.png"},"google_podcasts":{"key":"google_podcasts","url":"","label":"Google Podcasts","class":"google_podcasts","icon":"google-podcasts.png"},"listen_notes":{"key":"listen_notes","url":"","label":"Listen Notes","class":"listen_notes","icon":"listen-notes.png"},"pandora":{"key":"pandora","url":"","label":"Pandora","class":"pandora","icon":"pandora.png"},"podbean":{"key":"podbean","url":"","label":"Podbean","class":"podbean","icon":"podbean.png"},"podcast_republic":{"key":"podcast_republic","url":"","label":"Podcast Republic","class":"podcast_republic","icon":"podcast-republic.png"},"rss":{"key":"rss","url":"","label":"RSS","class":"rss","icon":"rss.png"},"spotify":{"key":"spotify","url":"","label":"Spotify","class":"spotify","icon":"spotify.png"},"stitcher":{"key":"stitcher","url":"","label":"Stitcher","class":"stitcher","icon":"stitcher.png"},"tunein":{"key":"tunein","url":"","label":"TuneIn","class":"tunein","icon":"tunein.png"},"youtube":{"key":"youtube","url":"","label":"YouTube","class":"youtube","icon":"youtube.png"},"iheartradio":{"key":"iheartradio","url":"","label":"iHeartRadio","class":"iheartradio","icon":"iheartradio.png"},"ivoox":{"key":"ivoox","url":"","label":"iVoox","class":"ivoox","icon":"ivoox.png"}},"rssFeedUrl":"https:\/\/quechilero.com\/blog\/feed\/podcast\/si-la-vida-nos-da-limones","embedCode":"<blockquote class=\"wp-embedded-content\" data-secret=\"ZiQodiCitw\"><a href=\"https:\/\/quechilero.com\/blog\/2014\/10\/05\/calma-mi-paso-senor\/\">Calma mi paso, Se\u00f1or<\/a><\/blockquote><iframe sandbox=\"allow-scripts\" security=\"restricted\" src=\"https:\/\/quechilero.com\/blog\/2014\/10\/05\/calma-mi-paso-senor\/embed\/#?secret=ZiQodiCitw\" width=\"500\" height=\"350\" title=\"\u00abCalma mi paso, Se\u00f1or\u00bb \u2014 Si la Vida nos da Limones...\" data-secret=\"ZiQodiCitw\" frameborder=\"0\" marginwidth=\"0\" marginheight=\"0\" scrolling=\"no\" class=\"wp-embedded-content\"><\/iframe><script>\n\/*! This file is auto-generated *\/\n!function(d,l){\"use strict\";l.querySelector&&d.addEventListener&&\"undefined\"!=typeof URL&&(d.wp=d.wp||{},d.wp.receiveEmbedMessage||(d.wp.receiveEmbedMessage=function(e){var t=e.data;if((t||t.secret||t.message||t.value)&&!\/[^a-zA-Z0-9]\/.test(t.secret)){for(var s,r,n,a=l.querySelectorAll('iframe[data-secret=\"'+t.secret+'\"]'),o=l.querySelectorAll('blockquote[data-secret=\"'+t.secret+'\"]'),c=new RegExp(\"^https?:$\",\"i\"),i=0;i<o.length;i++)o[i].style.display=\"none\";for(i=0;i<a.length;i++)s=a[i],e.source===s.contentWindow&&(s.removeAttribute(\"style\"),\"height\"===t.message?(1e3<(r=parseInt(t.value,10))?r=1e3:~~r<200&&(r=200),s.height=r):\"link\"===t.message&&(r=new URL(s.getAttribute(\"src\")),n=new URL(t.value),c.test(n.protocol))&&n.host===r.host&&l.activeElement===s&&(d.top.location.href=t.value))}},d.addEventListener(\"message\",d.wp.receiveEmbedMessage,!1),l.addEventListener(\"DOMContentLoaded\",function(){for(var e,t,s=l.querySelectorAll(\"iframe.wp-embedded-content\"),r=0;r<s.length;r++)(t=(e=s[r]).getAttribute(\"data-secret\"))||(t=Math.random().toString(36).substring(2,12),e.src+=\"#?secret=\"+t,e.setAttribute(\"data-secret\",t)),e.contentWindow.postMessage({message:\"ready\",secret:t},\"*\")},!1)))}(window,document);\n\/\/# sourceURL=https:\/\/quechilero.com\/blog\/wp-includes\/js\/wp-embed.min.js\n<\/script>\n"},"jetpack_publicize_connections":[],"jetpack_shortlink":"https:\/\/wp.me\/pDKli-54D","jetpack_sharing_enabled":true,"jetpack-related-posts":[{"id":20117,"url":"https:\/\/quechilero.com\/blog\/2015\/05\/21\/haz-mi-paso-lento-senor\/","url_meta":{"origin":19507,"position":0},"title":"Haz mi paso lento, Se\u00f1or","author":"Pepe Barrascout Ortiz","date":"21 mayo 2015","format":false,"excerpt":"Alivia el latido de mi coraz\u00f3n mediante la quietud de mi mente. Dame, en medio de la confusi\u00f3n de mi d\u00eda, la calma de los cerros eternos. Aten\u00faa la tensi\u00f3n de mis nervios y m\u00fasculos, con la m\u00fasica suavizadora de las corrientes cantarinas que viven en mi memoria. Ay\u00fadame a\u2026","rel":"","context":"En \u00abLimones\u00bb","block_context":{"text":"Limones","link":"https:\/\/quechilero.com\/blog\/category\/limones\/"},"img":{"alt_text":"","src":"","width":0,"height":0},"classes":[]},{"id":15271,"url":"https:\/\/quechilero.com\/blog\/2012\/12\/28\/en-sus-manos\/","url_meta":{"origin":19507,"position":1},"title":"En sus manos","author":"Pepe Barrascout Ortiz","date":"28 diciembre 2012","format":false,"excerpt":"Durante una fuerte tormenta en alta mar, una mujer muy nerviosa que viajaba en un trasatl\u00e1ntico acudi\u00f3 al capit\u00e1n en busca de tranquilidad. - \"Capit\u00e1n\", le pregunt\u00f3 temblorosa, \"\u00bfEstamos en gran peligro?\" - \"No se preocupe, Se\u00f1ora\", le respondi\u00f3. \"Despu\u00e9s de todo, estamos en manos de Dios.\" - \"\u00bfTan mala\u2026","rel":"","context":"En \u00abLimones\u00bb","block_context":{"text":"Limones","link":"https:\/\/quechilero.com\/blog\/category\/limones\/"},"img":{"alt_text":"","src":"","width":0,"height":0},"classes":[]},{"id":21593,"url":"https:\/\/quechilero.com\/blog\/2015\/09\/18\/mas-grande-de-lo-que-se-ve\/","url_meta":{"origin":19507,"position":2},"title":"M\u00e1s grande de lo que se ve","author":"Pepe Barrascout Ortiz","date":"18 septiembre 2015","format":false,"excerpt":"Era com\u00fan encontrarse con una fila de soldados que eran enviados al combate todas las noches en la estaci\u00f3n de Washington. Hab\u00eda un anciano con un sombrero encasquetado, que pese a que ten\u00eda una seria dificultad para caminar, serv\u00eda una taza de caf\u00e9 caliente a los soldados todas las noches.\u2026","rel":"","context":"En \u00abLimones\u00bb","block_context":{"text":"Limones","link":"https:\/\/quechilero.com\/blog\/category\/limones\/"},"img":{"alt_text":"","src":"","width":0,"height":0},"classes":[]},{"id":21227,"url":"https:\/\/quechilero.com\/blog\/2015\/06\/23\/oracion-5\/","url_meta":{"origin":19507,"position":3},"title":"Oraci\u00f3n","author":"Pepe Barrascout Ortiz","date":"23 junio 2015","format":false,"excerpt":"Estoy viviendo muy deprisa, Se\u00f1or. No me detengo en nada, las circunstancias me van viviendo y no vivo yo las circunstancias. Paso de una actividad a otra. Dicen que esto es el mal del siglo, pero no me gusta, Se\u00f1or, ir tan deprisa. Los d\u00edas y las noches pasan presurosas\u2026","rel":"","context":"En \u00abLimones\u00bb","block_context":{"text":"Limones","link":"https:\/\/quechilero.com\/blog\/category\/limones\/"},"img":{"alt_text":"","src":"","width":0,"height":0},"classes":[]},{"id":417,"url":"https:\/\/quechilero.com\/blog\/2007\/01\/22\/dulces-suenos\/","url_meta":{"origin":19507,"position":4},"title":"Dulces sue\u00f1os","author":"Pepe Barrascout Ortiz","date":"22 enero 2007","format":false,"excerpt":"Si te levantas por la ma\u00f1ana tan agotado como cuando te acostaste la noche anterior, intenta recordar en qu\u00e9 estabas pensando los \u00faltimos cinco minutos antes de dormirte. Lo que pienses durante esos cinco minutos, va a impactar tu dormir y esto determinar\u00e1 c\u00f3mo ser\u00e1 el pr\u00f3ximo d\u00eda. Cuando duermes,\u2026","rel":"","context":"En \u00abLimones\u00bb","block_context":{"text":"Limones","link":"https:\/\/quechilero.com\/blog\/category\/limones\/"},"img":{"alt_text":"","src":"","width":0,"height":0},"classes":[]},{"id":568,"url":"https:\/\/quechilero.com\/blog\/2007\/06\/05\/el-corazon-de-una-mujer\/","url_meta":{"origin":19507,"position":5},"title":"El coraz\u00f3n de una mujer","author":"Pepe Barrascout Ortiz","date":"5 junio 2007","format":false,"excerpt":"Cuando el Se\u00f1or hizo a la mujer, era su sexto d\u00eda de trabajo haciendo horas extras... Un \u00c1ngel apareci\u00f3 y dijo \"\u00bfPor qu\u00e9 pasas tanto tiempo en \u00e9sta?\" Y el Se\u00f1or le contest\u00f3 diciendo: \"Has visto el formulario de especificaciones que tiene? Tiene que ser completamente lavable, pero no pl\u00e1stica,\u2026","rel":"","context":"En \u00abLimones\u00bb","block_context":{"text":"Limones","link":"https:\/\/quechilero.com\/blog\/category\/limones\/"},"img":{"alt_text":"","src":"","width":0,"height":0},"classes":[]}],"jetpack_featured_media_url":"","_links":{"self":[{"href":"https:\/\/quechilero.com\/blog\/wp-json\/wp\/v2\/posts\/19507","targetHints":{"allow":["GET"]}}],"collection":[{"href":"https:\/\/quechilero.com\/blog\/wp-json\/wp\/v2\/posts"}],"about":[{"href":"https:\/\/quechilero.com\/blog\/wp-json\/wp\/v2\/types\/post"}],"author":[{"embeddable":true,"href":"https:\/\/quechilero.com\/blog\/wp-json\/wp\/v2\/users\/1"}],"replies":[{"embeddable":true,"href":"https:\/\/quechilero.com\/blog\/wp-json\/wp\/v2\/comments?post=19507"}],"version-history":[{"count":0,"href":"https:\/\/quechilero.com\/blog\/wp-json\/wp\/v2\/posts\/19507\/revisions"}],"wp:attachment":[{"href":"https:\/\/quechilero.com\/blog\/wp-json\/wp\/v2\/media?parent=19507"}],"wp:term":[{"taxonomy":"category","embeddable":true,"href":"https:\/\/quechilero.com\/blog\/wp-json\/wp\/v2\/categories?post=19507"},{"taxonomy":"post_tag","embeddable":true,"href":"https:\/\/quechilero.com\/blog\/wp-json\/wp\/v2\/tags?post=19507"},{"taxonomy":"series","embeddable":true,"href":"https:\/\/quechilero.com\/blog\/wp-json\/wp\/v2\/series?post=19507"}],"curies":[{"name":"wp","href":"https:\/\/api.w.org\/{rel}","templated":true}]}}