{"id":19505,"date":"2014-10-04T08:00:46","date_gmt":"2014-10-04T14:00:46","guid":{"rendered":"http:\/\/quechilero.com\/blog\/?p=19505"},"modified":"2014-10-09T12:51:28","modified_gmt":"2014-10-09T18:51:28","slug":"para-que-usas-tus-ojos","status":"publish","type":"post","link":"https:\/\/quechilero.com\/blog\/2014\/10\/04\/para-que-usas-tus-ojos\/","title":{"rendered":"\u00bfPara qu\u00e9 usas tus ojos?"},"content":{"rendered":"<p>En la tarde de la v\u00edspera de Pentecost\u00e9s, muchos j\u00f3venes hab\u00edan ido a la sacrist\u00eda con la intenci\u00f3n de confesarse con Don Bosco. Una se\u00f1ora de bastante edad bajaba llevando de la mano a una ni\u00f1ita de diez o doce a\u00f1os, con los ojos vendados. Se llamaba Mar\u00eda Stardero, y ven\u00eda de Vinovo con la intenci\u00f3n de pedir una bendici\u00f3n a Don Bosco.<\/p>\n<p>Don Bosco lleg\u00f3 a la sacrist\u00eda y aquella se\u00f1ora, que result\u00f3 ser la t\u00eda de la ciega, se la present\u00f3 para que la bendijera.<\/p>\n<p>&#8211; \u00bfDesde cu\u00e1nto tiempo tienes enfermos los ojos? -pregunt\u00f3 Don Bosco a la ni\u00f1a.<\/p>\n<p>&#8211; Que sufro, hace mucho; pero que no veo, ser\u00e1n dos a\u00f1os.<\/p>\n<p>&#8211; \u00bfHas consultado a los m\u00e9dicos? \u00bfQu\u00e9 dijeron? \u00bfY te has puesto los remedios que te recetaron?<\/p>\n<p>&#8211; \u00bfRemedios? Imag\u00ednese -dijo la t\u00eda- si hemos empleado remedios, pero sin resultado. Los m\u00e9dicos no dan ninguna esperanza de curaci\u00f3n&#8230; -y la pobre anciana lloraba.<\/p>\n<p>&#8211; \u00bfDistingues, por lo menos, los objetos mayores de los menores? -le pregunt\u00f3 Don Bosco a la ni\u00f1a.<\/p>\n<p>&#8211; No distingo nada, nada.<\/p>\n<p>&#8211; Qu\u00edtele la venda -dijo Don Bosco a la se\u00f1ora-, y traiga a su sobrina cerca de la ventana. \u00bfVes la luz de esta ventana?<\/p>\n<p>&#8211; No veo nada, Padre.<\/p>\n<p>&#8211; \u00bfQuieres ver?<\/p>\n<p>&#8211; S\u00ed; lo deseo m\u00e1s que a ninguna otra cosa de este mundo&#8230;<\/p>\n<p>&#8211; \u00bfTe servir\u00e1s de los ojos para bien de tu alma?<\/p>\n<p>&#8211; \u00a1Lo prometo de coraz\u00f3n!<\/p>\n<p>Don Bosco les pregunt\u00f3 si ten\u00edan fe en Mar\u00eda Auxiliadora, y como la respuesta fuera afirmativa, les hizo rezar un Avemar\u00eda y la Salve, y les dio la bendici\u00f3n. Luego, sacando una medalla, le pregunt\u00f3 a la ni\u00f1a:<\/p>\n<p>&#8211; \u00bfQu\u00e9 tengo en la mano?<\/p>\n<p>&#8211; \u00a1Es ciega, no ve nada! -interrumpi\u00f3 la t\u00eda.<\/p>\n<p>Don Bosco volvi\u00f3 a preguntar a la ni\u00f1a:<\/p>\n<p>&#8211; F\u00edjate bien; \u00bfqu\u00e9 tengo en la mano?<\/p>\n<p>La ni\u00f1a hizo un esfuerzo, y abriendo bien los ojos y fij\u00e1ndolos en la mano de Don Bosco, y alzando los brazos, grit\u00f3:<\/p>\n<p>&#8211; \u00a1Veo, veo!<\/p>\n<p>&#8211; \u00bfQu\u00e9 cosa?<\/p>\n<p>&#8211; \u00a1Una medalla! \u00a1La medalla de Mar\u00eda Auxiliadora!<\/p>\n<p>&#8211; \u00bfY qu\u00e9 hay del otro lado de la medalla?<\/p>\n<p>&#8211; \u00a1San Jos\u00e9 con una vara florecida en la mano!<\/p>\n<p>&#8211; \u00a1Oh, Virgen santa! -exclam\u00f3 la t\u00eda- \u00bfVes, entonces?<\/p>\n<p>&#8211; \u00a1Pero s\u00ed que veo! \u00a1La Virgen me hizo la gracia! Y mientras dec\u00eda esto, quiso tomar la medalla para besarla; pero se le cay\u00f3 al suelo. La t\u00eda quiso levantarla; pero Don Bosco le dijo:<\/p>\n<p>&#8211; Deje; veamos si la Virgen la cur\u00f3 completamente&#8230;<\/p>\n<p>Y la ni\u00f1a levant\u00f3 la medalla, y dando gracias a Mar\u00eda Auxiliadora y a Don Bosco, sali\u00f3 corriendo hacia Vinovo.<\/p>\n","protected":false},"excerpt":{"rendered":"<p>En la tarde de la v\u00edspera de Pentecost\u00e9s, muchos j\u00f3venes hab\u00edan ido a la sacrist\u00eda con la intenci\u00f3n de confesarse con Don Bosco. Una se\u00f1ora de bastante edad bajaba llevando de la mano a una ni\u00f1ita de diez o doce a\u00f1os, con los ojos vendados. Se llamaba Mar\u00eda Stardero, y ven\u00eda de Vinovo con la &#8230; <a title=\"\u00bfPara qu\u00e9 usas tus ojos?\" class=\"read-more\" href=\"https:\/\/quechilero.com\/blog\/2014\/10\/04\/para-que-usas-tus-ojos\/\" aria-label=\"Leer m\u00e1s sobre \u00bfPara qu\u00e9 usas tus ojos?\">Leer m\u00e1s<\/a><\/p>\n","protected":false},"author":1,"featured_media":0,"comment_status":"open","ping_status":"open","sticky":false,"template":"","format":"standard","meta":{"advanced_seo_description":"","jetpack_seo_html_title":"","jetpack_seo_noindex":false,"jetpack_seo_schema_type":"","episode_type":"","audio_file":"","podmotor_file_id":"","podmotor_episode_id":"","cover_image":"","cover_image_id":"","duration":"","filesize":"","filesize_raw":"","date_recorded":"","explicit":"","block":"","_jetpack_newsletter_access":"","_jetpack_dont_email_post_to_subs":false,"_jetpack_newsletter_tier_id":0,"_jetpack_memberships_contains_paywalled_content":false,"_jetpack_feature_clip_id":0,"_jetpack_memberships_contains_paid_content":false,"footnotes":"","jetpack_publicize_message":"","jetpack_publicize_feature_enabled":true,"jetpack_social_post_already_shared":true,"jetpack_social_options":{"image_generator_settings":{"template":"highway","default_image_id":0,"font":"","enabled":false},"version":2},"jetpack_post_was_ever_published":false},"categories":[2],"tags":[45,49,22,5],"series":[],"class_list":["post-19505","post","type-post","status-publish","format-standard","hentry","category-limones","tag-deseo","tag-esfuerzo","tag-respuesta","tag-tiempo"],"episode_featured_image":false,"episode_player_image":"https:\/\/i0.wp.com\/quechilero.com\/blog\/imagenes\/podcast.png?fit=1831%2C1831&ssl=1","download_link":"","player_link":"","audio_player":false,"episode_data":{"playerMode":"dark","subscribeUrls":{"amazon":{"key":"amazon","url":"","label":"Amazon","class":"amazon","icon":"amazon.png"},"apple_podcasts":{"key":"apple_podcasts","url":"","label":"Apple Podcasts","class":"apple_podcasts","icon":"apple-podcasts.png"},"castbox":{"key":"castbox","url":"","label":"CastBox","class":"castbox","icon":"castbox.png"},"deezer":{"key":"deezer","url":"","label":"Deezer","class":"deezer","icon":"deezer.png"},"google_podcasts":{"key":"google_podcasts","url":"","label":"Google Podcasts","class":"google_podcasts","icon":"google-podcasts.png"},"listen_notes":{"key":"listen_notes","url":"","label":"Listen Notes","class":"listen_notes","icon":"listen-notes.png"},"pandora":{"key":"pandora","url":"","label":"Pandora","class":"pandora","icon":"pandora.png"},"podbean":{"key":"podbean","url":"","label":"Podbean","class":"podbean","icon":"podbean.png"},"podcast_republic":{"key":"podcast_republic","url":"","label":"Podcast Republic","class":"podcast_republic","icon":"podcast-republic.png"},"rss":{"key":"rss","url":"","label":"RSS","class":"rss","icon":"rss.png"},"spotify":{"key":"spotify","url":"","label":"Spotify","class":"spotify","icon":"spotify.png"},"stitcher":{"key":"stitcher","url":"","label":"Stitcher","class":"stitcher","icon":"stitcher.png"},"tunein":{"key":"tunein","url":"","label":"TuneIn","class":"tunein","icon":"tunein.png"},"youtube":{"key":"youtube","url":"","label":"YouTube","class":"youtube","icon":"youtube.png"},"iheartradio":{"key":"iheartradio","url":"","label":"iHeartRadio","class":"iheartradio","icon":"iheartradio.png"},"ivoox":{"key":"ivoox","url":"","label":"iVoox","class":"ivoox","icon":"ivoox.png"}},"rssFeedUrl":"https:\/\/quechilero.com\/blog\/feed\/podcast\/si-la-vida-nos-da-limones","embedCode":"<blockquote class=\"wp-embedded-content\" data-secret=\"8b2rI5rLbK\"><a href=\"https:\/\/quechilero.com\/blog\/2014\/10\/04\/para-que-usas-tus-ojos\/\">\u00bfPara qu\u00e9 usas tus ojos?<\/a><\/blockquote><iframe sandbox=\"allow-scripts\" security=\"restricted\" src=\"https:\/\/quechilero.com\/blog\/2014\/10\/04\/para-que-usas-tus-ojos\/embed\/#?secret=8b2rI5rLbK\" width=\"500\" height=\"350\" title=\"\u00ab\u00bfPara qu\u00e9 usas tus ojos?\u00bb \u2014 Si la Vida nos da Limones...\" data-secret=\"8b2rI5rLbK\" frameborder=\"0\" marginwidth=\"0\" marginheight=\"0\" scrolling=\"no\" class=\"wp-embedded-content\"><\/iframe><script>\n\/*! This file is auto-generated *\/\n!function(d,l){\"use strict\";l.querySelector&&d.addEventListener&&\"undefined\"!=typeof URL&&(d.wp=d.wp||{},d.wp.receiveEmbedMessage||(d.wp.receiveEmbedMessage=function(e){var t=e.data;if((t||t.secret||t.message||t.value)&&!\/[^a-zA-Z0-9]\/.test(t.secret)){for(var s,r,n,a=l.querySelectorAll('iframe[data-secret=\"'+t.secret+'\"]'),o=l.querySelectorAll('blockquote[data-secret=\"'+t.secret+'\"]'),c=new RegExp(\"^https?:$\",\"i\"),i=0;i<o.length;i++)o[i].style.display=\"none\";for(i=0;i<a.length;i++)s=a[i],e.source===s.contentWindow&&(s.removeAttribute(\"style\"),\"height\"===t.message?(1e3<(r=parseInt(t.value,10))?r=1e3:~~r<200&&(r=200),s.height=r):\"link\"===t.message&&(r=new URL(s.getAttribute(\"src\")),n=new URL(t.value),c.test(n.protocol))&&n.host===r.host&&l.activeElement===s&&(d.top.location.href=t.value))}},d.addEventListener(\"message\",d.wp.receiveEmbedMessage,!1),l.addEventListener(\"DOMContentLoaded\",function(){for(var e,t,s=l.querySelectorAll(\"iframe.wp-embedded-content\"),r=0;r<s.length;r++)(t=(e=s[r]).getAttribute(\"data-secret\"))||(t=Math.random().toString(36).substring(2,12),e.src+=\"#?secret=\"+t,e.setAttribute(\"data-secret\",t)),e.contentWindow.postMessage({message:\"ready\",secret:t},\"*\")},!1)))}(window,document);\n\/\/# sourceURL=https:\/\/quechilero.com\/blog\/wp-includes\/js\/wp-embed.min.js\n<\/script>\n"},"jetpack_publicize_connections":[],"jetpack_shortlink":"https:\/\/wp.me\/pDKli-54B","jetpack_sharing_enabled":true,"jetpack-related-posts":[{"id":3721,"url":"https:\/\/quechilero.com\/blog\/2009\/10\/16\/el-cielo-lo-arregla-todo\/","url_meta":{"origin":19505,"position":0},"title":"El Cielo lo arregla todo","author":"Pepe Barrascout Ortiz","date":"16 octubre 2009","format":false,"excerpt":"Un d\u00eda, San Juan Bosco fue a visitar a Cottolengo. Buscaba un consejo: \"\u00bfQu\u00e9 remedio debo recomendar a las personas aburridas de la vida, desesperadas y llenas de mal genio y de depresi\u00f3n por la pobreza, las enfermedades y problemas de la vida o por el mal trato que les\u2026","rel":"","context":"En \u00abLimones\u00bb","block_context":{"text":"Limones","link":"https:\/\/quechilero.com\/blog\/category\/limones\/"},"img":{"alt_text":"","src":"","width":0,"height":0},"classes":[]},{"id":16703,"url":"https:\/\/quechilero.com\/blog\/2013\/05\/24\/san-juan-bosco-y-%ef%bb%bfmaria-auxiliadora\/","url_meta":{"origin":19505,"position":1},"title":"San Juan Bosco y \ufeffMar\u00eda Auxiliadora","author":"Pepe Barrascout Ortiz","date":"24 mayo 2013","format":false,"excerpt":"El 9 de junio de 1868, se consagr\u00f3 en Tur\u00edn, Italia, la Bas\u00edlica de Mar\u00eda Auxiliadora. La historia de esta Bas\u00edlica es una cadena de favores de la Madre de Dios. Su constructor fue San Juan Bosco, humilde campesino nacido el 16 de agosto de 1815, de padres muy pobres.\u2026","rel":"","context":"En \u00abLimones\u00bb","block_context":{"text":"Limones","link":"https:\/\/quechilero.com\/blog\/category\/limones\/"},"img":{"alt_text":"","src":"","width":0,"height":0},"classes":[]},{"id":22596,"url":"https:\/\/quechilero.com\/blog\/2017\/08\/04\/limonada-430\/","url_meta":{"origin":19505,"position":2},"title":"Limonada # 430","author":"Pepe Barrascout Ortiz","date":"4 agosto 2017","format":false,"excerpt":"No le pidas a Dios una mujer, hasta que no le demuestres que eres un hombre. San Juan Bosco.","rel":"","context":"En \u00abLimonadas\u00bb","block_context":{"text":"Limonadas","link":"https:\/\/quechilero.com\/blog\/category\/limonadas\/"},"img":{"alt_text":"","src":"","width":0,"height":0},"classes":[]},{"id":14395,"url":"https:\/\/quechilero.com\/blog\/2012\/09\/11\/la-devocion-a-maria-auxiliadora\/","url_meta":{"origin":19505,"position":3},"title":"La devoci\u00f3n a Mar\u00eda Auxiliadora","author":"Pepe Barrascout Ortiz","date":"11 septiembre 2012","format":false,"excerpt":"El emperador Napole\u00f3n llevado por la ambici\u00f3n y el orgullo se atrevi\u00f3 a poner prisionero al Sumo Pont\u00edfice, el Papa P\u00edo VII. Varios a\u00f1os llevaba en prisi\u00f3n el Vicario de Cristo y no se ve\u00edan esperanzas de obtener la libertad, pues el emperador era el m\u00e1s poderoso gobernante de ese\u2026","rel":"","context":"En \u00abLimones\u00bb","block_context":{"text":"Limones","link":"https:\/\/quechilero.com\/blog\/category\/limones\/"},"img":{"alt_text":"","src":"","width":0,"height":0},"classes":[]},{"id":14379,"url":"https:\/\/quechilero.com\/blog\/2012\/08\/25\/la-alegria-de-la-resurreccion\/","url_meta":{"origin":19505,"position":4},"title":"La alegr\u00eda de la Resurrecci\u00f3n","author":"Pepe Barrascout Ortiz","date":"25 agosto 2012","format":false,"excerpt":"El Se\u00f1or ha resucitado de entre los muertos, como lo hab\u00eda dicho, alegr\u00e9monos y regocij\u00e9monos todos, porque reina para siempre. \u00a1Aleluya! Nuestra Madre la Iglesia nos introduce en estos d\u00edas en la alegr\u00eda pascual a trav\u00e9s de los textos de la liturgia; nos pide que esta alegr\u00eda sea anticipo y\u2026","rel":"","context":"En \u00abLimones\u00bb","block_context":{"text":"Limones","link":"https:\/\/quechilero.com\/blog\/category\/limones\/"},"img":{"alt_text":"","src":"","width":0,"height":0},"classes":[]},{"id":2797,"url":"https:\/\/quechilero.com\/blog\/2009\/06\/13\/alegre-a-pesar-de-todo\/","url_meta":{"origin":19505,"position":5},"title":"Alegre, a pesar de todo","author":"Pepe Barrascout Ortiz","date":"13 junio 2009","format":false,"excerpt":"Cuando los j\u00f3venes ve\u00edan m\u00e1s alegre y charlador a San Juan Bosco, dec\u00edan: \"Hoy debe haber tenido un problema inmenso, porque est\u00e1 m\u00e1s sonriente que de costumbre.\" Y as\u00ed suced\u00eda en verdad. Un d\u00eda su sacerdote le dijo: - Comentan sus amigos que nunca lo hab\u00edan visto tan alegre y\u2026","rel":"","context":"En \u00abLimones\u00bb","block_context":{"text":"Limones","link":"https:\/\/quechilero.com\/blog\/category\/limones\/"},"img":{"alt_text":"","src":"","width":0,"height":0},"classes":[]}],"jetpack_featured_media_url":"","_links":{"self":[{"href":"https:\/\/quechilero.com\/blog\/wp-json\/wp\/v2\/posts\/19505","targetHints":{"allow":["GET"]}}],"collection":[{"href":"https:\/\/quechilero.com\/blog\/wp-json\/wp\/v2\/posts"}],"about":[{"href":"https:\/\/quechilero.com\/blog\/wp-json\/wp\/v2\/types\/post"}],"author":[{"embeddable":true,"href":"https:\/\/quechilero.com\/blog\/wp-json\/wp\/v2\/users\/1"}],"replies":[{"embeddable":true,"href":"https:\/\/quechilero.com\/blog\/wp-json\/wp\/v2\/comments?post=19505"}],"version-history":[{"count":0,"href":"https:\/\/quechilero.com\/blog\/wp-json\/wp\/v2\/posts\/19505\/revisions"}],"wp:attachment":[{"href":"https:\/\/quechilero.com\/blog\/wp-json\/wp\/v2\/media?parent=19505"}],"wp:term":[{"taxonomy":"category","embeddable":true,"href":"https:\/\/quechilero.com\/blog\/wp-json\/wp\/v2\/categories?post=19505"},{"taxonomy":"post_tag","embeddable":true,"href":"https:\/\/quechilero.com\/blog\/wp-json\/wp\/v2\/tags?post=19505"},{"taxonomy":"series","embeddable":true,"href":"https:\/\/quechilero.com\/blog\/wp-json\/wp\/v2\/series?post=19505"}],"curies":[{"name":"wp","href":"https:\/\/api.w.org\/{rel}","templated":true}]}}