{"id":19396,"date":"2014-09-29T08:00:35","date_gmt":"2014-09-29T14:00:35","guid":{"rendered":"http:\/\/quechilero.com\/blog\/?p=19396"},"modified":"2014-10-08T18:00:52","modified_gmt":"2014-10-09T00:00:52","slug":"vivir-libre-de-temor","status":"publish","type":"post","link":"https:\/\/quechilero.com\/blog\/2014\/09\/29\/vivir-libre-de-temor\/","title":{"rendered":"Vivir libre de temor"},"content":{"rendered":"<p>\u00abEl que habita al abrigo del Alt\u00edsimo morar\u00e1 bajo la sombra del Omnipotente. Dir\u00e9 yo a Jehov\u00e1: Esperanza m\u00eda, y castillo m\u00edo; mi Dios, en quien confiar\u00e9\u00bb. (Salmo 91:1-3)<\/p>\n<p>\u00bfSer\u00e1 posible vivir libre de temor en este mundo tan peligroso e incierto? \u00a1S\u00ed, definitivamente es posible! Porque la protecci\u00f3n es una promesa firme de Dios.<\/p>\n<p>Pero no es una promesa para cualquiera, sino que es para los que moran a la sombra del Se\u00f1or. Morar significa \u00abhabitar o residir habitualmente en un lugar\u00bb. Morar bajo la sombra del Omnipotente significa vivir en constante uni\u00f3n con \u00c9l, guardando su Palabra y obedeciendo su voz. Los que permanecen en el Se\u00f1or pueden vivir sin temor de lo que el diablo pueda hacer.<\/p>\n<p>Sin embargo, perm\u00edtame aclarar algo: la promesa de protecci\u00f3n de Dios no garantiza que el diablo le dejar\u00e1 tranquilo a usted. Significa que Dios le dar\u00e1 una v\u00eda de escape cada vez que el diablo levante su cara fea contra usted.<\/p>\n<p>Si tiene temor de los peligros a su alrededor, pase m\u00e1s tiempo en la Palabra y en la oraci\u00f3n hasta que su confianza en Dios venza su temor. Ac\u00e9rquese al Se\u00f1or hasta que usted est\u00e9 morando bajo la sombra del Omnipotente, y no importa lo peligroso que este mundo se ponga, ciertamente Dios lo librar\u00e1.<\/p>\n","protected":false},"excerpt":{"rendered":"<p>\u00abEl que habita al abrigo del Alt\u00edsimo morar\u00e1 bajo la sombra del Omnipotente. Dir\u00e9 yo a Jehov\u00e1: Esperanza m\u00eda, y castillo m\u00edo; mi Dios, en quien confiar\u00e9\u00bb. (Salmo 91:1-3) \u00bfSer\u00e1 posible vivir libre de temor en este mundo tan peligroso e incierto? \u00a1S\u00ed, definitivamente es posible! Porque la protecci\u00f3n es una promesa firme de Dios. &#8230; <a title=\"Vivir libre de temor\" class=\"read-more\" href=\"https:\/\/quechilero.com\/blog\/2014\/09\/29\/vivir-libre-de-temor\/\" aria-label=\"Leer m\u00e1s sobre Vivir libre de temor\">Leer m\u00e1s<\/a><\/p>\n","protected":false},"author":1,"featured_media":0,"comment_status":"open","ping_status":"open","sticky":false,"template":"","format":"standard","meta":{"advanced_seo_description":"","jetpack_seo_html_title":"","jetpack_seo_noindex":false,"jetpack_seo_schema_type":"","episode_type":"","audio_file":"","podmotor_file_id":"","podmotor_episode_id":"","cover_image":"","cover_image_id":"","duration":"","filesize":"","filesize_raw":"","date_recorded":"","explicit":"","block":"","_jetpack_newsletter_access":"","_jetpack_dont_email_post_to_subs":false,"_jetpack_newsletter_tier_id":0,"_jetpack_memberships_contains_paywalled_content":false,"_jetpack_feature_clip_id":0,"_jetpack_memberships_contains_paid_content":false,"footnotes":"","jetpack_publicize_message":"","jetpack_publicize_feature_enabled":true,"jetpack_social_post_already_shared":true,"jetpack_social_options":{"image_generator_settings":{"template":"highway","default_image_id":0,"font":"","enabled":false},"version":2},"jetpack_post_was_ever_published":false},"categories":[2],"tags":[38,51,86,42,5],"series":[],"class_list":["post-19396","post","type-post","status-publish","format-standard","hentry","category-limones","tag-confianza","tag-dios","tag-oracion","tag-palabra","tag-tiempo"],"episode_featured_image":false,"episode_player_image":"https:\/\/i0.wp.com\/quechilero.com\/blog\/imagenes\/podcast.png?fit=1831%2C1831&ssl=1","download_link":"","player_link":"","audio_player":false,"episode_data":{"playerMode":"dark","subscribeUrls":{"amazon":{"key":"amazon","url":"","label":"Amazon","class":"amazon","icon":"amazon.png"},"apple_podcasts":{"key":"apple_podcasts","url":"","label":"Apple Podcasts","class":"apple_podcasts","icon":"apple-podcasts.png"},"castbox":{"key":"castbox","url":"","label":"CastBox","class":"castbox","icon":"castbox.png"},"deezer":{"key":"deezer","url":"","label":"Deezer","class":"deezer","icon":"deezer.png"},"google_podcasts":{"key":"google_podcasts","url":"","label":"Google Podcasts","class":"google_podcasts","icon":"google-podcasts.png"},"listen_notes":{"key":"listen_notes","url":"","label":"Listen Notes","class":"listen_notes","icon":"listen-notes.png"},"pandora":{"key":"pandora","url":"","label":"Pandora","class":"pandora","icon":"pandora.png"},"podbean":{"key":"podbean","url":"","label":"Podbean","class":"podbean","icon":"podbean.png"},"podcast_republic":{"key":"podcast_republic","url":"","label":"Podcast Republic","class":"podcast_republic","icon":"podcast-republic.png"},"rss":{"key":"rss","url":"","label":"RSS","class":"rss","icon":"rss.png"},"spotify":{"key":"spotify","url":"","label":"Spotify","class":"spotify","icon":"spotify.png"},"stitcher":{"key":"stitcher","url":"","label":"Stitcher","class":"stitcher","icon":"stitcher.png"},"tunein":{"key":"tunein","url":"","label":"TuneIn","class":"tunein","icon":"tunein.png"},"youtube":{"key":"youtube","url":"","label":"YouTube","class":"youtube","icon":"youtube.png"},"iheartradio":{"key":"iheartradio","url":"","label":"iHeartRadio","class":"iheartradio","icon":"iheartradio.png"},"ivoox":{"key":"ivoox","url":"","label":"iVoox","class":"ivoox","icon":"ivoox.png"}},"rssFeedUrl":"https:\/\/quechilero.com\/blog\/feed\/podcast\/si-la-vida-nos-da-limones","embedCode":"<blockquote class=\"wp-embedded-content\" data-secret=\"B2bJb23XCw\"><a href=\"https:\/\/quechilero.com\/blog\/2014\/09\/29\/vivir-libre-de-temor\/\">Vivir libre de temor<\/a><\/blockquote><iframe sandbox=\"allow-scripts\" security=\"restricted\" src=\"https:\/\/quechilero.com\/blog\/2014\/09\/29\/vivir-libre-de-temor\/embed\/#?secret=B2bJb23XCw\" width=\"500\" height=\"350\" title=\"\u00abVivir libre de temor\u00bb \u2014 Si la Vida nos da Limones...\" data-secret=\"B2bJb23XCw\" frameborder=\"0\" marginwidth=\"0\" marginheight=\"0\" scrolling=\"no\" class=\"wp-embedded-content\"><\/iframe><script>\n\/*! This file is auto-generated *\/\n!function(d,l){\"use strict\";l.querySelector&&d.addEventListener&&\"undefined\"!=typeof URL&&(d.wp=d.wp||{},d.wp.receiveEmbedMessage||(d.wp.receiveEmbedMessage=function(e){var t=e.data;if((t||t.secret||t.message||t.value)&&!\/[^a-zA-Z0-9]\/.test(t.secret)){for(var s,r,n,a=l.querySelectorAll('iframe[data-secret=\"'+t.secret+'\"]'),o=l.querySelectorAll('blockquote[data-secret=\"'+t.secret+'\"]'),c=new RegExp(\"^https?:$\",\"i\"),i=0;i<o.length;i++)o[i].style.display=\"none\";for(i=0;i<a.length;i++)s=a[i],e.source===s.contentWindow&&(s.removeAttribute(\"style\"),\"height\"===t.message?(1e3<(r=parseInt(t.value,10))?r=1e3:~~r<200&&(r=200),s.height=r):\"link\"===t.message&&(r=new URL(s.getAttribute(\"src\")),n=new URL(t.value),c.test(n.protocol))&&n.host===r.host&&l.activeElement===s&&(d.top.location.href=t.value))}},d.addEventListener(\"message\",d.wp.receiveEmbedMessage,!1),l.addEventListener(\"DOMContentLoaded\",function(){for(var e,t,s=l.querySelectorAll(\"iframe.wp-embedded-content\"),r=0;r<s.length;r++)(t=(e=s[r]).getAttribute(\"data-secret\"))||(t=Math.random().toString(36).substring(2,12),e.src+=\"#?secret=\"+t,e.setAttribute(\"data-secret\",t)),e.contentWindow.postMessage({message:\"ready\",secret:t},\"*\")},!1)))}(window,document);\n\/\/# sourceURL=https:\/\/quechilero.com\/blog\/wp-includes\/js\/wp-embed.min.js\n<\/script>\n"},"jetpack_publicize_connections":[],"jetpack_shortlink":"https:\/\/wp.me\/pDKli-52Q","jetpack_sharing_enabled":true,"jetpack-related-posts":[{"id":417,"url":"https:\/\/quechilero.com\/blog\/2007\/01\/22\/dulces-suenos\/","url_meta":{"origin":19396,"position":0},"title":"Dulces sue\u00f1os","author":"Pepe Barrascout Ortiz","date":"22 enero 2007","format":false,"excerpt":"Si te levantas por la ma\u00f1ana tan agotado como cuando te acostaste la noche anterior, intenta recordar en qu\u00e9 estabas pensando los \u00faltimos cinco minutos antes de dormirte. Lo que pienses durante esos cinco minutos, va a impactar tu dormir y esto determinar\u00e1 c\u00f3mo ser\u00e1 el pr\u00f3ximo d\u00eda. Cuando duermes,\u2026","rel":"","context":"En \u00abLimones\u00bb","block_context":{"text":"Limones","link":"https:\/\/quechilero.com\/blog\/category\/limones\/"},"img":{"alt_text":"","src":"","width":0,"height":0},"classes":[]},{"id":492,"url":"https:\/\/quechilero.com\/blog\/2007\/03\/15\/morir-es-volver-a-casa\/","url_meta":{"origin":19396,"position":1},"title":"Morir es volver a casa","author":"Pepe Barrascout Ortiz","date":"15 marzo 2007","format":false,"excerpt":"La muerte significa volver a casa, y sin embargo la gente le teme a lo que vendr\u00e1 despu\u00e9s, y por eso nadie quiere morir. Si sabemos qu\u00e9 es lo que nos espera, si no hay interrogante alguno, el temor desaparecer\u00e1. Es, pu\u00e9s, una pregunta de conciencia: \u00bfQu\u00e9 hemos hecho en\u2026","rel":"","context":"En \u00abLimones\u00bb","block_context":{"text":"Limones","link":"https:\/\/quechilero.com\/blog\/category\/limones\/"},"img":{"alt_text":"","src":"","width":0,"height":0},"classes":[]},{"id":7585,"url":"https:\/\/quechilero.com\/blog\/2011\/03\/17\/reflexiones-de-cuaresma-dia-9\/","url_meta":{"origin":19396,"position":2},"title":"Reflexiones de Cuaresma d\u00eda 9","author":"Pepe Barrascout Ortiz","date":"17 marzo 2011","format":false,"excerpt":"Oraci\u00f3n inicial Se\u00f1or m\u00edo, Jesucristo, creo firmemente que est\u00e1s aqu\u00ed; en estos pocos minutos de oraci\u00f3n que empiezo ahora quiero pedirte y agradecerte. Pedirte\u00a0la gracia de darme m\u00e1s cuenta de que T\u00fa vives, me escuchas y me amas; tanto, que has querido morir libremente por m\u00ed en la cruz y\u2026","rel":"","context":"En \u00abLimones por mano\u00bb","block_context":{"text":"Limones por mano","link":"https:\/\/quechilero.com\/blog\/category\/limones-por-mano\/"},"img":{"alt_text":"","src":"","width":0,"height":0},"classes":[]},{"id":21681,"url":"https:\/\/quechilero.com\/blog\/2015\/10\/16\/marque-el-911\/","url_meta":{"origin":19396,"position":3},"title":"Marque el 91:1","author":"Pepe Barrascout Ortiz","date":"16 octubre 2015","format":false,"excerpt":"La mayor\u00eda de la gente en los Estados Unidos sabe que si uno marca en el tel\u00e9fono los n\u00fameros 911 obtiene ayuda en una emergencia. Es tan simple que hasta los ni\u00f1os en edad preescolar han salvado vidas marc\u00e1ndolos. Tres n\u00fameros lo hacen todo. En una emergencia, la ayuda est\u00e1\u2026","rel":"","context":"En \u00abLimones\u00bb","block_context":{"text":"Limones","link":"https:\/\/quechilero.com\/blog\/category\/limones\/"},"img":{"alt_text":"","src":"","width":0,"height":0},"classes":[]},{"id":13916,"url":"https:\/\/quechilero.com\/blog\/2012\/12\/25\/hallelujah\/","url_meta":{"origin":19396,"position":4},"title":"Hallelujah","author":"Pepe Barrascout Ortiz","date":"25 diciembre 2012","format":false,"excerpt":"https:\/\/youtu.be\/d_psFfD9Ib4 Es muy c\u00e9lebre el Aleluya (Hallelujah) compuesto por H\u00e4ndel para su oratorio El Mes\u00edas. Se trata de una pieza coral que concluye la segunda parte de las tres que posee la obra. La letra proviene de tres pasajes del Libro del Apocalipsis. Hoy celebramos el nacimiento de Jes\u00fas y\u2026","rel":"","context":"En \u00abLimones\u00bb","block_context":{"text":"Limones","link":"https:\/\/quechilero.com\/blog\/category\/limones\/"},"img":{"alt_text":"","src":"https:\/\/i0.wp.com\/img.youtube.com\/vi\/d_psFfD9Ib4\/0.jpg?resize=350%2C200","width":350,"height":200},"classes":[]},{"id":5041,"url":"https:\/\/quechilero.com\/blog\/2010\/07\/11\/se-negaba-a-ceder-ante-el-temor\/","url_meta":{"origin":19396,"position":5},"title":"Se negaba a ceder ante el temor","author":"Pepe Barrascout Ortiz","date":"11 julio 2010","format":false,"excerpt":"Martin Luther King fue y sigue siendo para m\u00ed una figura inspiradora. La fe que ten\u00eda en la causa de la justicia era inconmovible y parec\u00eda no tener ning\u00fan miedo, a pesar de ser odiado por tantos y amenazado con tanta frecuencia, por lo que la muerte debi\u00f3 de haberle\u2026","rel":"","context":"En \u00abLimones\u00bb","block_context":{"text":"Limones","link":"https:\/\/quechilero.com\/blog\/category\/limones\/"},"img":{"alt_text":"","src":"","width":0,"height":0},"classes":[]}],"jetpack_featured_media_url":"","_links":{"self":[{"href":"https:\/\/quechilero.com\/blog\/wp-json\/wp\/v2\/posts\/19396","targetHints":{"allow":["GET"]}}],"collection":[{"href":"https:\/\/quechilero.com\/blog\/wp-json\/wp\/v2\/posts"}],"about":[{"href":"https:\/\/quechilero.com\/blog\/wp-json\/wp\/v2\/types\/post"}],"author":[{"embeddable":true,"href":"https:\/\/quechilero.com\/blog\/wp-json\/wp\/v2\/users\/1"}],"replies":[{"embeddable":true,"href":"https:\/\/quechilero.com\/blog\/wp-json\/wp\/v2\/comments?post=19396"}],"version-history":[{"count":0,"href":"https:\/\/quechilero.com\/blog\/wp-json\/wp\/v2\/posts\/19396\/revisions"}],"wp:attachment":[{"href":"https:\/\/quechilero.com\/blog\/wp-json\/wp\/v2\/media?parent=19396"}],"wp:term":[{"taxonomy":"category","embeddable":true,"href":"https:\/\/quechilero.com\/blog\/wp-json\/wp\/v2\/categories?post=19396"},{"taxonomy":"post_tag","embeddable":true,"href":"https:\/\/quechilero.com\/blog\/wp-json\/wp\/v2\/tags?post=19396"},{"taxonomy":"series","embeddable":true,"href":"https:\/\/quechilero.com\/blog\/wp-json\/wp\/v2\/series?post=19396"}],"curies":[{"name":"wp","href":"https:\/\/api.w.org\/{rel}","templated":true}]}}