{"id":19346,"date":"2014-09-15T08:00:54","date_gmt":"2014-09-15T14:00:54","guid":{"rendered":"http:\/\/quechilero.com\/blog\/?p=19346"},"modified":"2014-09-12T19:01:36","modified_gmt":"2014-09-13T01:01:36","slug":"mi-bella-guatemala","status":"publish","type":"post","link":"https:\/\/quechilero.com\/blog\/2014\/09\/15\/mi-bella-guatemala\/","title":{"rendered":"Mi bella Guatemala"},"content":{"rendered":"<p><span class=\"embed-youtube\" style=\"text-align:center; display: block;\"><iframe loading=\"lazy\" class=\"youtube-player\" width=\"1200\" height=\"675\" src=\"https:\/\/www.youtube.com\/embed\/DIxL6KX-I1s?version=3&#038;rel=1&#038;showsearch=0&#038;showinfo=1&#038;iv_load_policy=1&#038;fs=1&#038;hl=es-ES&#038;autohide=2&#038;wmode=transparent\" allowfullscreen=\"true\" style=\"border:0;\" sandbox=\"allow-scripts allow-same-origin allow-popups allow-presentation allow-popups-to-escape-sandbox\"><\/iframe><\/span><\/p>\n<p>Es mi bella Guatemala un gran pa\u00eds, que en la Am\u00e9rica del Centro puso Dios&#8230; hoy celebramos un aniversario mas de la\u00a0<em>independencia de centroamericana<\/em> de Espa\u00f1a, all\u00e1 por el a\u00f1o de 1821. En Guatemala particularmente se celebra de una forma muy colorida y con un gran sincretismo de tradiciones, que con el paso del tiempo se han ido mezclando una con otra, hasta formar esa amalgama que hoy llamamos celebraci\u00f3n.<\/p>\n<p>B\u00e1sicamente la actividad principal, todav\u00eda la conforma lo que por a\u00f1os he llamado\u00a0<em>\u00abla somatadera de botes\u00bb<\/em>, aunque poco a poco han ido logrando su espacio otras actividades como\u00a0<em>\u00ablas antorchas\u00bb<\/em>, que son igual de sosas que los desfiles, pero al menos obliga a sus participantes a realizar un poco de deporte.<\/p>\n<p>En el 2009 escrib\u00ed un texto que en esa \u00e9poca llam\u00e9 \u00ab&#8230;<a title=\"No profane jam\u00e1s el verdugo\" href=\"http:\/\/quechilero.com\/blog\/2009\/09\/15\/no-profane-jamas-el-verdugo\/\" target=\"_blank\">no profane jam\u00e1s el verdugo<\/a>&#8230;\u00bb haciendo alusi\u00f3n al verso del Himno Nacional y ahora que lo vuelvo a leer, me doy cuenta que sigue tan vigente, como si lo hubiera escrito hoy mismo. En cinco a\u00f1os, no ha cambiado para bien, ni un cent\u00edmetro, los argumentos que ah\u00ed expuse en esa ocasi\u00f3n.<\/p>\n<p>Sin embargo, es bonito ver, como surgen alternativas a\u00a0<em>las somataderas de botes<\/em>, como la del video en la parte superior, donde el <em>Cuarteto Asturias<\/em>, como homenaje al primer premio Nobel de Literatura en Guatemala. Me gusta que sean j\u00f3venes, que sean emprendedores, que piensen fuera de lo que hace el mont\u00f3n y que\u00a0<em>exalten el amor patrio<\/em>, con sus interpretaciones musicales.<\/p>\n<p><strong>Mi Bella Guatemala<\/strong><\/p>\n<p>Es mi bella Guatemala<br \/>\nun gran pa\u00eds,<br \/>\nque en la Am\u00e9rica<br \/>\ndel centro puso Dios,<br \/>\nes su suelo para\u00edso, do anida<br \/>\nla paz, la libertad.<\/p>\n<p>Sus floridas tierras maravilla son,<br \/>\npor su flores y sus frutos un ed\u00e9n,<br \/>\nes la bella Guatemala,<br \/>\nmi patria querida<br \/>\ntierra del amor.<br \/>\nSus altas monta\u00f1as,<br \/>\nsus m\u00e1gicos volcanes<br \/>\nsus lindas praderas,<br \/>\nencanto son sin par.<\/p>\n<p>El sol que en su suelo fulgura,<br \/>\ndora sus trigales<br \/>\ny da granos al ma\u00edz<br \/>\nlas palmas y los pinares<br \/>\ncrecen en sus bosques<br \/>\ndonde anida el colibr\u00ed.<\/p>\n<p>Tierra de mis mayores,<br \/>\nmi bella Guatemala<br \/>\nsalve patria querida<br \/>\nque en el mundo entero<br \/>\nno tiene igual.<\/p>\n<p><em>Autor: Germ\u00e1n Alc\u00e1ntara<br \/>\nInterpreta: Cuarteto Asturias<\/em><\/p>\n","protected":false},"excerpt":{"rendered":"<p>Es mi bella Guatemala un gran pa\u00eds, que en la Am\u00e9rica del Centro puso Dios&#8230; hoy celebramos un aniversario mas de la\u00a0independencia de centroamericana de Espa\u00f1a, all\u00e1 por el a\u00f1o de 1821. En Guatemala particularmente se celebra de una forma muy colorida y con un gran sincretismo de tradiciones, que con el paso del tiempo &#8230; <a title=\"Mi bella Guatemala\" class=\"read-more\" href=\"https:\/\/quechilero.com\/blog\/2014\/09\/15\/mi-bella-guatemala\/\" aria-label=\"Leer m\u00e1s sobre Mi bella Guatemala\">Leer m\u00e1s<\/a><\/p>\n","protected":false},"author":1,"featured_media":0,"comment_status":"open","ping_status":"open","sticky":false,"template":"","format":"standard","meta":{"advanced_seo_description":"","jetpack_seo_html_title":"","jetpack_seo_noindex":false,"jetpack_seo_schema_type":"","episode_type":"","audio_file":"","podmotor_file_id":"","podmotor_episode_id":"","cover_image":"","cover_image_id":"","duration":"","filesize":"","filesize_raw":"","date_recorded":"","explicit":"","block":"","_jetpack_newsletter_access":"","_jetpack_dont_email_post_to_subs":false,"_jetpack_newsletter_tier_id":0,"_jetpack_memberships_contains_paywalled_content":false,"_jetpack_feature_clip_id":0,"_jetpack_memberships_contains_paid_content":false,"footnotes":"","jetpack_publicize_message":"","jetpack_publicize_feature_enabled":true,"jetpack_social_post_already_shared":true,"jetpack_social_options":{"image_generator_settings":{"template":"highway","default_image_id":0,"font":"","enabled":false},"version":2},"jetpack_post_was_ever_published":false},"categories":[113],"tags":[15,51,88,10,40,5,25,53],"series":[],"class_list":["post-19346","post","type-post","status-publish","format-standard","hentry","category-videoblog","tag-amor","tag-dios","tag-flores","tag-guatemala","tag-paz","tag-tiempo","tag-video","tag-youtube"],"episode_featured_image":false,"episode_player_image":"https:\/\/i0.wp.com\/quechilero.com\/blog\/imagenes\/podcast.png?fit=1831%2C1831&ssl=1","download_link":"","player_link":"","audio_player":false,"episode_data":{"playerMode":"dark","subscribeUrls":{"amazon":{"key":"amazon","url":"","label":"Amazon","class":"amazon","icon":"amazon.png"},"apple_podcasts":{"key":"apple_podcasts","url":"","label":"Apple Podcasts","class":"apple_podcasts","icon":"apple-podcasts.png"},"castbox":{"key":"castbox","url":"","label":"CastBox","class":"castbox","icon":"castbox.png"},"deezer":{"key":"deezer","url":"","label":"Deezer","class":"deezer","icon":"deezer.png"},"google_podcasts":{"key":"google_podcasts","url":"","label":"Google Podcasts","class":"google_podcasts","icon":"google-podcasts.png"},"listen_notes":{"key":"listen_notes","url":"","label":"Listen Notes","class":"listen_notes","icon":"listen-notes.png"},"pandora":{"key":"pandora","url":"","label":"Pandora","class":"pandora","icon":"pandora.png"},"podbean":{"key":"podbean","url":"","label":"Podbean","class":"podbean","icon":"podbean.png"},"podcast_republic":{"key":"podcast_republic","url":"","label":"Podcast Republic","class":"podcast_republic","icon":"podcast-republic.png"},"rss":{"key":"rss","url":"","label":"RSS","class":"rss","icon":"rss.png"},"spotify":{"key":"spotify","url":"","label":"Spotify","class":"spotify","icon":"spotify.png"},"stitcher":{"key":"stitcher","url":"","label":"Stitcher","class":"stitcher","icon":"stitcher.png"},"tunein":{"key":"tunein","url":"","label":"TuneIn","class":"tunein","icon":"tunein.png"},"youtube":{"key":"youtube","url":"","label":"YouTube","class":"youtube","icon":"youtube.png"},"iheartradio":{"key":"iheartradio","url":"","label":"iHeartRadio","class":"iheartradio","icon":"iheartradio.png"},"ivoox":{"key":"ivoox","url":"","label":"iVoox","class":"ivoox","icon":"ivoox.png"}},"rssFeedUrl":"https:\/\/quechilero.com\/blog\/feed\/podcast\/si-la-vida-nos-da-limones","embedCode":"<blockquote class=\"wp-embedded-content\" data-secret=\"FGpHMEK3C0\"><a href=\"https:\/\/quechilero.com\/blog\/2014\/09\/15\/mi-bella-guatemala\/\">Mi bella Guatemala<\/a><\/blockquote><iframe sandbox=\"allow-scripts\" security=\"restricted\" src=\"https:\/\/quechilero.com\/blog\/2014\/09\/15\/mi-bella-guatemala\/embed\/#?secret=FGpHMEK3C0\" width=\"500\" height=\"350\" title=\"\u00abMi bella Guatemala\u00bb \u2014 Si la Vida nos da Limones...\" data-secret=\"FGpHMEK3C0\" frameborder=\"0\" marginwidth=\"0\" marginheight=\"0\" scrolling=\"no\" class=\"wp-embedded-content\"><\/iframe><script>\n\/*! This file is auto-generated *\/\n!function(d,l){\"use strict\";l.querySelector&&d.addEventListener&&\"undefined\"!=typeof URL&&(d.wp=d.wp||{},d.wp.receiveEmbedMessage||(d.wp.receiveEmbedMessage=function(e){var t=e.data;if((t||t.secret||t.message||t.value)&&!\/[^a-zA-Z0-9]\/.test(t.secret)){for(var s,r,n,a=l.querySelectorAll('iframe[data-secret=\"'+t.secret+'\"]'),o=l.querySelectorAll('blockquote[data-secret=\"'+t.secret+'\"]'),c=new RegExp(\"^https?:$\",\"i\"),i=0;i<o.length;i++)o[i].style.display=\"none\";for(i=0;i<a.length;i++)s=a[i],e.source===s.contentWindow&&(s.removeAttribute(\"style\"),\"height\"===t.message?(1e3<(r=parseInt(t.value,10))?r=1e3:~~r<200&&(r=200),s.height=r):\"link\"===t.message&&(r=new URL(s.getAttribute(\"src\")),n=new URL(t.value),c.test(n.protocol))&&n.host===r.host&&l.activeElement===s&&(d.top.location.href=t.value))}},d.addEventListener(\"message\",d.wp.receiveEmbedMessage,!1),l.addEventListener(\"DOMContentLoaded\",function(){for(var e,t,s=l.querySelectorAll(\"iframe.wp-embedded-content\"),r=0;r<s.length;r++)(t=(e=s[r]).getAttribute(\"data-secret\"))||(t=Math.random().toString(36).substring(2,12),e.src+=\"#?secret=\"+t,e.setAttribute(\"data-secret\",t)),e.contentWindow.postMessage({message:\"ready\",secret:t},\"*\")},!1)))}(window,document);\n\/\/# sourceURL=https:\/\/quechilero.com\/blog\/wp-includes\/js\/wp-embed.min.js\n<\/script>\n"},"jetpack_publicize_connections":[],"jetpack_shortlink":"https:\/\/wp.me\/pDKli-522","jetpack_sharing_enabled":true,"jetpack-related-posts":[{"id":19229,"url":"https:\/\/quechilero.com\/blog\/2014\/08\/16\/gracias-mis-amigos\/","url_meta":{"origin":19346,"position":0},"title":"Gracias mis amigos","author":"Pepe Barrascout Ortiz","date":"16 agosto 2014","format":false,"excerpt":"Gracias mis amigos, a todos y cada uno de ustedes que me han manifestado sus muestras de aprecio y cari\u00f1o de las mas distintas formas, con las mas diferentes tecnolog\u00edas y con los estilos propios de cada uno, les agradezco profundamente el tiempo y la molestia que se tomaron, en\u2026","rel":"","context":"En \u00abLimones\u00bb","block_context":{"text":"Limones","link":"https:\/\/quechilero.com\/blog\/category\/limones\/"},"img":{"alt_text":"Gracias mis amigos","src":"https:\/\/i0.wp.com\/lh5.googleusercontent.com\/-RpS6pfoWehM\/U-6vWpl4kKI\/AAAAAAAADLY\/NacLjVERaX0\/s800\/cumplea%2525C3%2525B1os2014-01.jpg?resize=350%2C200&ssl=1","width":350,"height":200,"srcset":"https:\/\/i0.wp.com\/lh5.googleusercontent.com\/-RpS6pfoWehM\/U-6vWpl4kKI\/AAAAAAAADLY\/NacLjVERaX0\/s800\/cumplea%2525C3%2525B1os2014-01.jpg?resize=350%2C200&ssl=1 1x, https:\/\/i0.wp.com\/lh5.googleusercontent.com\/-RpS6pfoWehM\/U-6vWpl4kKI\/AAAAAAAADLY\/NacLjVERaX0\/s800\/cumplea%2525C3%2525B1os2014-01.jpg?resize=525%2C300&ssl=1 1.5x"},"classes":[]},{"id":647,"url":"https:\/\/quechilero.com\/blog\/2007\/08\/03\/blogs-de-guatemala-un-punado-de-volcanes\/","url_meta":{"origin":19346,"position":1},"title":"Marat\u00f3n de Blogs &#8211; Un pu\u00f1ado de volcanes","author":"Pepe Barrascout Ortiz","date":"3 agosto 2007","format":false,"excerpt":"Seguimos el Marat\u00f3n de Blogs, con este texto publicado originalmente en Historias y Opiniones, el art\u00edculo es una bonita remembranza de algunos de los principales volcanes que tenemos en Guatemala, para quien ya ha subido uno, sabe que es una de las mejores experiencias que uno puede tener en la\u2026","rel":"","context":"En \u00abLimones\u00bb","block_context":{"text":"Limones","link":"https:\/\/quechilero.com\/blog\/category\/limones\/"},"img":{"alt_text":"","src":"","width":0,"height":0},"classes":[]},{"id":3263,"url":"https:\/\/quechilero.com\/blog\/2009\/08\/21\/maraton-de-blogs-blog-guatemala\/","url_meta":{"origin":19346,"position":2},"title":"Marat\u00f3n de Blogs: Blog Guatemala","author":"Pepe Barrascout Ortiz","date":"21 agosto 2009","format":false,"excerpt":"Con mas de 3 a\u00f1os de actividad (febrero 2006) y de la mano de Hugo M\u00e9ndez, Blog Guatemala se ha dedicado a presentar el lado bonito de nuestro pa\u00eds, los temas de inter\u00e9s no se hacen esperar y d\u00eda a d\u00eda, son muchos los art\u00edculos de fondo que podemos leer\u2026","rel":"","context":"En \u00abBlogs de Guatemala\u00bb","block_context":{"text":"Blogs de Guatemala","link":"https:\/\/quechilero.com\/blog\/category\/blogs-de-guatemala\/"},"img":{"alt_text":"Marat\u00f3n de Blogs 2009","src":"https:\/\/i0.wp.com\/i392.photobucket.com\/albums\/pp7\/pepejaguar\/maraton2009\/maraton2009.jpg?resize=350%2C200","width":350,"height":200,"srcset":"https:\/\/i0.wp.com\/i392.photobucket.com\/albums\/pp7\/pepejaguar\/maraton2009\/maraton2009.jpg?resize=350%2C200 1x, https:\/\/i0.wp.com\/i392.photobucket.com\/albums\/pp7\/pepejaguar\/maraton2009\/maraton2009.jpg?resize=525%2C300 1.5x"},"classes":[]},{"id":372,"url":"https:\/\/quechilero.com\/blog\/2006\/11\/19\/baile-de-la-conquista\/","url_meta":{"origin":19346,"position":3},"title":"Baile de la Conquista","author":"Pepe Barrascout Ortiz","date":"19 noviembre 2006","format":false,"excerpt":"Guatemala es un pa\u00eds de tradiciones, algunas muy arraigadas y que se practican desde hace muchos a\u00f1os. En Rabinal, Baja Verapaz se realiza desde hace medio siglo, la representaci\u00f3n del Baile de la Conquista de Guatemala, con el cual se celebra la fiesta de la Virgen del Patrocinio. Del 25\u2026","rel":"","context":"En \u00abLimones\u00bb","block_context":{"text":"Limones","link":"https:\/\/quechilero.com\/blog\/category\/limones\/"},"img":{"alt_text":"Mario Abigail Valdiz\u00f3n Ayala","src":"https:\/\/i0.wp.com\/static.flickr.com\/109\/299786342_c3ed42e689_o.gif?resize=350%2C200","width":350,"height":200},"classes":[]},{"id":787,"url":"https:\/\/quechilero.com\/blog\/2007\/11\/15\/impresionantes-presentaciones-del-baile-de-la-conquista-de-guatemala\/","url_meta":{"origin":19346,"position":4},"title":"Impresionantes presentaciones del baile de La Conquista de Guatemala","author":"Pepe Barrascout Ortiz","date":"15 noviembre 2007","format":false,"excerpt":"Rabinal, Baja Verapaz Impresionantes presentaciones del baile de La Conquista de Guatemala El municipio de Rabinal, Baja Verapaz, se destaca el \u00faltimo fin de semana de noviembre, por la impresionante presentaci\u00f3n de la danza de enmascarados \"La Conquista de Guatemala\". Esta representaci\u00f3n folcl\u00f3rica se efect\u00faa en la fiesta de la\u2026","rel":"","context":"En \u00abLimones\u00bb","block_context":{"text":"Limones","link":"https:\/\/quechilero.com\/blog\/category\/limones\/"},"img":{"alt_text":"Rabinal","src":"https:\/\/i0.wp.com\/farm1.static.flickr.com\/128\/322378090_b43dfc3518.jpg?resize=350%2C200","width":350,"height":200},"classes":[]},{"id":5485,"url":"https:\/\/quechilero.com\/blog\/2010\/08\/15\/virgen-de-la-asuncion-2\/","url_meta":{"origin":19346,"position":5},"title":"Virgen de la Asunci\u00f3n","author":"Pepe Barrascout Ortiz","date":"15 agosto 2010","format":false,"excerpt":"Hoy 15 de agosto, celebramos el d\u00eda de La Virgen de la Asunci\u00f3n, hagamos una oraci\u00f3n, con nuestras peticiones personales, pero en especial, por la paz de Guatemala, para que nos proteja, como Madre de Dios y Madre Nuestra, interceda por todos nosotros, para que recibamos la dicha de ver\u2026","rel":"","context":"En \u00abLimones\u00bb","block_context":{"text":"Limones","link":"https:\/\/quechilero.com\/blog\/category\/limones\/"},"img":{"alt_text":"","src":"https:\/\/i0.wp.com\/i392.photobucket.com\/albums\/pp7\/pepejaguar\/blog\/AsunciondelaVirgen.jpg?resize=350%2C200","width":350,"height":200},"classes":[]}],"jetpack_featured_media_url":"","_links":{"self":[{"href":"https:\/\/quechilero.com\/blog\/wp-json\/wp\/v2\/posts\/19346","targetHints":{"allow":["GET"]}}],"collection":[{"href":"https:\/\/quechilero.com\/blog\/wp-json\/wp\/v2\/posts"}],"about":[{"href":"https:\/\/quechilero.com\/blog\/wp-json\/wp\/v2\/types\/post"}],"author":[{"embeddable":true,"href":"https:\/\/quechilero.com\/blog\/wp-json\/wp\/v2\/users\/1"}],"replies":[{"embeddable":true,"href":"https:\/\/quechilero.com\/blog\/wp-json\/wp\/v2\/comments?post=19346"}],"version-history":[{"count":0,"href":"https:\/\/quechilero.com\/blog\/wp-json\/wp\/v2\/posts\/19346\/revisions"}],"wp:attachment":[{"href":"https:\/\/quechilero.com\/blog\/wp-json\/wp\/v2\/media?parent=19346"}],"wp:term":[{"taxonomy":"category","embeddable":true,"href":"https:\/\/quechilero.com\/blog\/wp-json\/wp\/v2\/categories?post=19346"},{"taxonomy":"post_tag","embeddable":true,"href":"https:\/\/quechilero.com\/blog\/wp-json\/wp\/v2\/tags?post=19346"},{"taxonomy":"series","embeddable":true,"href":"https:\/\/quechilero.com\/blog\/wp-json\/wp\/v2\/series?post=19346"}],"curies":[{"name":"wp","href":"https:\/\/api.w.org\/{rel}","templated":true}]}}