{"id":19315,"date":"2014-09-10T08:00:03","date_gmt":"2014-09-10T14:00:03","guid":{"rendered":"http:\/\/quechilero.com\/blog\/?p=19315"},"modified":"2014-09-05T21:31:13","modified_gmt":"2014-09-06T03:31:13","slug":"el-idolo-dentro-del-corazon","status":"publish","type":"post","link":"https:\/\/quechilero.com\/blog\/2014\/09\/10\/el-idolo-dentro-del-corazon\/","title":{"rendered":"El \u00eddolo dentro del coraz\u00f3n"},"content":{"rendered":"<p>La tradici\u00f3n de Tailandia ha considerado al elefante blanco como un animal muy sagrado. Le adoraban y le serv\u00edan como a un \u00eddolo. Hace mucho tiempo, estos elefantes eran utilizados por los reyes tailandeses como medio para destruir a sus enemigos pol\u00edticos. Enviaban uno de estos animales, como regalo, a la casa de la persona a quien deseaban el mal. A partir de ese d\u00eda, esa persona deb\u00eda cuidar y proteger al elefante con sumo cuidado. No pod\u00edan tratarlo as\u00ed nom\u00e1s, ya que era el regalo del rey y un animal muy sagrado.<\/p>\n<p>Deb\u00eda alimentar al elefante con lo m\u00e1s caro y ponerle accesorios muy lujosos. Deb\u00eda hacerle dormir y vestirlo como un ni\u00f1o. Si se llegaba a enfermar, era un problema muy grande. En conclusi\u00f3n, aquella persona que hab\u00eda causado disgusto al rey y hab\u00eda recibido un elefante como regalo, invert\u00eda todo su tiempo y bienes materiales en cuidar al elefante hasta que se quedaba en bancarrota. El elefante, que era un objeto de adoraci\u00f3n, se convert\u00eda en una maldici\u00f3n que lo llegaba a la destrucci\u00f3n.<\/p>\n<p>Quiz\u00e1s todos criamos un elefante blanco en nuestro coraz\u00f3n. La codicia por las cosas materiales, la lujuria, la vanagloria, la mala inversi\u00f3n de tiempo y bienes materiales, todas estas cosas constituyen nuestros \u00eddolos. Y no son otra cosa m\u00e1s que&#8230; elefantes blancos.<\/p>\n","protected":false},"excerpt":{"rendered":"<p>La tradici\u00f3n de Tailandia ha considerado al elefante blanco como un animal muy sagrado. Le adoraban y le serv\u00edan como a un \u00eddolo. Hace mucho tiempo, estos elefantes eran utilizados por los reyes tailandeses como medio para destruir a sus enemigos pol\u00edticos. Enviaban uno de estos animales, como regalo, a la casa de la persona &#8230; <a title=\"El \u00eddolo dentro del coraz\u00f3n\" class=\"read-more\" href=\"https:\/\/quechilero.com\/blog\/2014\/09\/10\/el-idolo-dentro-del-corazon\/\" aria-label=\"Leer m\u00e1s sobre El \u00eddolo dentro del coraz\u00f3n\">Leer m\u00e1s<\/a><\/p>\n","protected":false},"author":1,"featured_media":0,"comment_status":"open","ping_status":"open","sticky":false,"template":"","format":"standard","meta":{"advanced_seo_description":"","jetpack_seo_html_title":"","jetpack_seo_noindex":false,"jetpack_seo_schema_type":"","episode_type":"","audio_file":"","podmotor_file_id":"","podmotor_episode_id":"","cover_image":"","cover_image_id":"","duration":"","filesize":"","filesize_raw":"","date_recorded":"","explicit":"","block":"","_jetpack_newsletter_access":"","_jetpack_dont_email_post_to_subs":false,"_jetpack_newsletter_tier_id":0,"_jetpack_memberships_contains_paywalled_content":false,"_jetpack_feature_clip_id":0,"_jetpack_memberships_contains_paid_content":false,"footnotes":"","jetpack_publicize_message":"","jetpack_publicize_feature_enabled":true,"jetpack_social_post_already_shared":true,"jetpack_social_options":{"image_generator_settings":{"template":"highway","default_image_id":0,"font":"","enabled":false},"version":2},"jetpack_post_was_ever_published":false},"categories":[2],"tags":[28,12,21,5],"series":[],"class_list":["post-19315","post","type-post","status-publish","format-standard","hentry","category-limones","tag-animales","tag-cosas","tag-problema","tag-tiempo"],"episode_featured_image":false,"episode_player_image":"https:\/\/i0.wp.com\/quechilero.com\/blog\/imagenes\/podcast.png?fit=1831%2C1831&ssl=1","download_link":"","player_link":"","audio_player":false,"episode_data":{"playerMode":"dark","subscribeUrls":{"amazon":{"key":"amazon","url":"","label":"Amazon","class":"amazon","icon":"amazon.png"},"apple_podcasts":{"key":"apple_podcasts","url":"","label":"Apple Podcasts","class":"apple_podcasts","icon":"apple-podcasts.png"},"castbox":{"key":"castbox","url":"","label":"CastBox","class":"castbox","icon":"castbox.png"},"deezer":{"key":"deezer","url":"","label":"Deezer","class":"deezer","icon":"deezer.png"},"google_podcasts":{"key":"google_podcasts","url":"","label":"Google Podcasts","class":"google_podcasts","icon":"google-podcasts.png"},"listen_notes":{"key":"listen_notes","url":"","label":"Listen Notes","class":"listen_notes","icon":"listen-notes.png"},"pandora":{"key":"pandora","url":"","label":"Pandora","class":"pandora","icon":"pandora.png"},"podbean":{"key":"podbean","url":"","label":"Podbean","class":"podbean","icon":"podbean.png"},"podcast_republic":{"key":"podcast_republic","url":"","label":"Podcast Republic","class":"podcast_republic","icon":"podcast-republic.png"},"rss":{"key":"rss","url":"","label":"RSS","class":"rss","icon":"rss.png"},"spotify":{"key":"spotify","url":"","label":"Spotify","class":"spotify","icon":"spotify.png"},"stitcher":{"key":"stitcher","url":"","label":"Stitcher","class":"stitcher","icon":"stitcher.png"},"tunein":{"key":"tunein","url":"","label":"TuneIn","class":"tunein","icon":"tunein.png"},"youtube":{"key":"youtube","url":"","label":"YouTube","class":"youtube","icon":"youtube.png"},"iheartradio":{"key":"iheartradio","url":"","label":"iHeartRadio","class":"iheartradio","icon":"iheartradio.png"},"ivoox":{"key":"ivoox","url":"","label":"iVoox","class":"ivoox","icon":"ivoox.png"}},"rssFeedUrl":"https:\/\/quechilero.com\/blog\/feed\/podcast\/si-la-vida-nos-da-limones","embedCode":"<blockquote class=\"wp-embedded-content\" data-secret=\"pQeTnAj12J\"><a href=\"https:\/\/quechilero.com\/blog\/2014\/09\/10\/el-idolo-dentro-del-corazon\/\">El \u00eddolo dentro del coraz\u00f3n<\/a><\/blockquote><iframe sandbox=\"allow-scripts\" security=\"restricted\" src=\"https:\/\/quechilero.com\/blog\/2014\/09\/10\/el-idolo-dentro-del-corazon\/embed\/#?secret=pQeTnAj12J\" width=\"500\" height=\"350\" title=\"\u00abEl \u00eddolo dentro del coraz\u00f3n\u00bb \u2014 Si la Vida nos da Limones...\" data-secret=\"pQeTnAj12J\" frameborder=\"0\" marginwidth=\"0\" marginheight=\"0\" scrolling=\"no\" class=\"wp-embedded-content\"><\/iframe><script>\n\/*! This file is auto-generated *\/\n!function(d,l){\"use strict\";l.querySelector&&d.addEventListener&&\"undefined\"!=typeof URL&&(d.wp=d.wp||{},d.wp.receiveEmbedMessage||(d.wp.receiveEmbedMessage=function(e){var t=e.data;if((t||t.secret||t.message||t.value)&&!\/[^a-zA-Z0-9]\/.test(t.secret)){for(var s,r,n,a=l.querySelectorAll('iframe[data-secret=\"'+t.secret+'\"]'),o=l.querySelectorAll('blockquote[data-secret=\"'+t.secret+'\"]'),c=new RegExp(\"^https?:$\",\"i\"),i=0;i<o.length;i++)o[i].style.display=\"none\";for(i=0;i<a.length;i++)s=a[i],e.source===s.contentWindow&&(s.removeAttribute(\"style\"),\"height\"===t.message?(1e3<(r=parseInt(t.value,10))?r=1e3:~~r<200&&(r=200),s.height=r):\"link\"===t.message&&(r=new URL(s.getAttribute(\"src\")),n=new URL(t.value),c.test(n.protocol))&&n.host===r.host&&l.activeElement===s&&(d.top.location.href=t.value))}},d.addEventListener(\"message\",d.wp.receiveEmbedMessage,!1),l.addEventListener(\"DOMContentLoaded\",function(){for(var e,t,s=l.querySelectorAll(\"iframe.wp-embedded-content\"),r=0;r<s.length;r++)(t=(e=s[r]).getAttribute(\"data-secret\"))||(t=Math.random().toString(36).substring(2,12),e.src+=\"#?secret=\"+t,e.setAttribute(\"data-secret\",t)),e.contentWindow.postMessage({message:\"ready\",secret:t},\"*\")},!1)))}(window,document);\n\/\/# sourceURL=https:\/\/quechilero.com\/blog\/wp-includes\/js\/wp-embed.min.js\n<\/script>\n"},"jetpack_publicize_connections":[],"jetpack_shortlink":"https:\/\/wp.me\/pDKli-51x","jetpack_sharing_enabled":true,"jetpack-related-posts":[{"id":19951,"url":"https:\/\/quechilero.com\/blog\/2015\/04\/04\/habilidades-para-resolver-problemas\/","url_meta":{"origin":19315,"position":0},"title":"Habilidades para resolver problemas","author":"Pepe Barrascout Ortiz","date":"4 abril 2015","format":false,"excerpt":"\u00bfC\u00f3mo resuelve los problemas en su trabajo? Este breve cuestionario le ayudar\u00e1 a evaluar (y mejorar) su habilidad para resolver problemas. Las respuestas parecen simples, pero piense con cuidado antes de responder. \u00bfC\u00f3mo pone una jirafa dentro de un refrigerador? \u00bfC\u00f3mo pone un elefante dentro de un refrigerador? El rey\u2026","rel":"","context":"En \u00abLimones\u00bb","block_context":{"text":"Limones","link":"https:\/\/quechilero.com\/blog\/category\/limones\/"},"img":{"alt_text":"","src":"","width":0,"height":0},"classes":[]},{"id":9218,"url":"https:\/\/quechilero.com\/blog\/2011\/06\/27\/animales-carinosos-elefantes\/","url_meta":{"origin":19315,"position":1},"title":"Animales cari\u00f1osos: Elefantes","author":"Pepe Barrascout Ortiz","date":"27 junio 2011","format":false,"excerpt":"Los elefantes o elef\u00e1ntidos (Elephantidae) son una familia de mam\u00edferos placentarios del orden Proboscidea. Antiguamente se clasificaban, junto con otros animales de piel gruesa, en el orden, ahora inv\u00e1lido, de los paquidermos (Pachydermata). Existen hoy en d\u00eda tres especies y diversas subespecies. Entre los g\u00e9neros extintos destaca Mammuthus que inclu\u00eda\u2026","rel":"","context":"En \u00abLimones por mano\u00bb","block_context":{"text":"Limones por mano","link":"https:\/\/quechilero.com\/blog\/category\/limones-por-mano\/"},"img":{"alt_text":"","src":"","width":0,"height":0},"classes":[]},{"id":552,"url":"https:\/\/quechilero.com\/blog\/2007\/05\/19\/el-elefante-y-la-alondra\/","url_meta":{"origin":19315,"position":2},"title":"El elefante y la alondra","author":"Pepe Barrascout Ortiz","date":"19 mayo 2007","format":false,"excerpt":"El elefante y la alondra eran amigos. La alondra le se\u00f1alaba al elefante los rincones m\u00e1s sombreados de la selva, y el elefante proteg\u00eda con su presencia nocturna el nido de la alondra de serpientes voraces y ardillas rapaces. Un d\u00eda, el elefante le dijo a la alondra que le\u2026","rel":"","context":"En \u00abLimones\u00bb","block_context":{"text":"Limones","link":"https:\/\/quechilero.com\/blog\/category\/limones\/"},"img":{"alt_text":"","src":"","width":0,"height":0},"classes":[]},{"id":833,"url":"https:\/\/quechilero.com\/blog\/2008\/01\/10\/el-elefante-y-la-alondra-2\/","url_meta":{"origin":19315,"position":3},"title":"El elefante y la alondra","author":"Pepe Barrascout Ortiz","date":"10 enero 2008","format":false,"excerpt":"El elefante y la alondra eran amigos. La alondra le se\u00f1alaba al elefante los rincones m\u00e1s sombreados de la selva, y el elefante proteg\u00eda con su presencia nocturna el nido de la alondra de serpientes voraces y ardillas rapaces. Un d\u00eda, el elefante le dijo a la alondra que le\u2026","rel":"","context":"En \u00abLimones\u00bb","block_context":{"text":"Limones","link":"https:\/\/quechilero.com\/blog\/category\/limones\/"},"img":{"alt_text":"","src":"","width":0,"height":0},"classes":[]},{"id":17139,"url":"https:\/\/quechilero.com\/blog\/2013\/09\/17\/el-confitero\/","url_meta":{"origin":19315,"position":4},"title":"El confitero","author":"Pepe Barrascout Ortiz","date":"17 septiembre 2013","format":false,"excerpt":"\u00c9rase una vez un confitero que fabricaba unos dulces en forma de animales y p\u00e1jaros de diferentes colores y tama\u00f1os. Cuando vend\u00eda sus dulces a los ni\u00f1os, \u00e9stos sol\u00edan disputar entre s\u00ed en t\u00e9rminos m\u00e1s o menos parecidos a \u00e9stos: \"Mi conejo es mejor que tu tigre\"... \"Puede que mi\u2026","rel":"","context":"En \u00abLimones\u00bb","block_context":{"text":"Limones","link":"https:\/\/quechilero.com\/blog\/category\/limones\/"},"img":{"alt_text":"","src":"","width":0,"height":0},"classes":[]},{"id":66,"url":"https:\/\/quechilero.com\/blog\/2006\/07\/30\/porque-mtv-no-es-bueno-para-los-padres\/","url_meta":{"origin":19315,"position":5},"title":"Porqu\u00e9 MTv no es bueno para los padres.","author":"Pepe Barrascout Ortiz","date":"30 julio 2006","format":false,"excerpt":"Interesante relato urbano adaptado que encontr\u00e9 navegano por la red: Fragemento de una charla en autobus en Argentina: Ana: No s\u00e9 que hacer. Mi vieja lleg\u00f3 ri\u00e9ndose mientras me dec\u00eda que hab\u00eda visto un programa en Mtv que seg\u00fan ella se llama ?Cuidado que tu cuarto te invado? Vicky: tu\u2026","rel":"","context":"En \u00abLimones\u00bb","block_context":{"text":"Limones","link":"https:\/\/quechilero.com\/blog\/category\/limones\/"},"img":{"alt_text":"","src":"","width":0,"height":0},"classes":[]}],"jetpack_featured_media_url":"","_links":{"self":[{"href":"https:\/\/quechilero.com\/blog\/wp-json\/wp\/v2\/posts\/19315","targetHints":{"allow":["GET"]}}],"collection":[{"href":"https:\/\/quechilero.com\/blog\/wp-json\/wp\/v2\/posts"}],"about":[{"href":"https:\/\/quechilero.com\/blog\/wp-json\/wp\/v2\/types\/post"}],"author":[{"embeddable":true,"href":"https:\/\/quechilero.com\/blog\/wp-json\/wp\/v2\/users\/1"}],"replies":[{"embeddable":true,"href":"https:\/\/quechilero.com\/blog\/wp-json\/wp\/v2\/comments?post=19315"}],"version-history":[{"count":0,"href":"https:\/\/quechilero.com\/blog\/wp-json\/wp\/v2\/posts\/19315\/revisions"}],"wp:attachment":[{"href":"https:\/\/quechilero.com\/blog\/wp-json\/wp\/v2\/media?parent=19315"}],"wp:term":[{"taxonomy":"category","embeddable":true,"href":"https:\/\/quechilero.com\/blog\/wp-json\/wp\/v2\/categories?post=19315"},{"taxonomy":"post_tag","embeddable":true,"href":"https:\/\/quechilero.com\/blog\/wp-json\/wp\/v2\/tags?post=19315"},{"taxonomy":"series","embeddable":true,"href":"https:\/\/quechilero.com\/blog\/wp-json\/wp\/v2\/series?post=19315"}],"curies":[{"name":"wp","href":"https:\/\/api.w.org\/{rel}","templated":true}]}}