{"id":19309,"date":"2014-09-07T08:00:29","date_gmt":"2014-09-07T14:00:29","guid":{"rendered":"http:\/\/quechilero.com\/blog\/?p=19309"},"modified":"2014-09-05T21:23:33","modified_gmt":"2014-09-06T03:23:33","slug":"la-expectacion-del-parto","status":"publish","type":"post","link":"https:\/\/quechilero.com\/blog\/2014\/09\/07\/la-expectacion-del-parto\/","title":{"rendered":"La Expectaci\u00f3n del Parto"},"content":{"rendered":"<p>Cuando se espera alg\u00fan acontecimiento importante que trae consigo tristeza y pena la reacci\u00f3n espont\u00e1nea de la persona normal es de temor acompa\u00f1ado a veces por la congoja y angustia que tiende a aumentarse por la fantas\u00eda ante la consideraci\u00f3n de los males futuros previsibles. Cuando por el contrario se prev\u00e9 la llegada de un bien que tiene una entidad considerable se vive en una espera atenta y presurosa que va desde el anhelo y la ansiedad hasta la euforia acompa\u00f1ada de una prisa impaciente. A mayor mal futuro, m\u00e1s miedo; a mejor bien futuro, m\u00e1s esperanza gozosa.<\/p>\n<p>Algo de esto pas\u00f3 al Pueblo de Israel que conoc\u00eda su car\u00e1cter de transitoriedad funcional, al menos en los c\u00edrculos m\u00e1s creyentes o especializados en la espiritualidad premesi\u00e1nica. El convencimiento de que la llegada del Mes\u00edas Salvador era inminente hizo que muchos jud\u00edos piadosos vivieran en una tensi\u00f3n de anhelo creciente -basta pensar en el anciano Sime\u00f3n- hasta poder descubrir en Jes\u00fas al Mes\u00edas que se hab\u00eda prometido a la humanidad desde los primeros tiempos posteriores al Pecado. Era todo un Adviento.<\/p>\n<p>Y como el Mes\u00edas llega por la Madre Virgen, es imposible preparar la Navidad prescindiendo de la contemplaci\u00f3n del indecible gozo esperanzado que posey\u00f3 Santa Mar\u00eda por el futuro pr\u00f3ximo inmediato de su parto. Eso es lo que se quiere expresar con \u00abLa Expectaci\u00f3n del Parto\u00bb, o \u00abEl d\u00eda de Santa Mar\u00eda\u00bb como se le llam\u00f3 tambi\u00e9n en otro tiempo, o \u00abNuestra Se\u00f1ora de la O\u00bb como popularmente tambi\u00e9n se le denomina hoy.<\/p>\n","protected":false},"excerpt":{"rendered":"<p>Cuando se espera alg\u00fan acontecimiento importante que trae consigo tristeza y pena la reacci\u00f3n espont\u00e1nea de la persona normal es de temor acompa\u00f1ado a veces por la congoja y angustia que tiende a aumentarse por la fantas\u00eda ante la consideraci\u00f3n de los males futuros previsibles. Cuando por el contrario se prev\u00e9 la llegada de un &#8230; <a title=\"La Expectaci\u00f3n del Parto\" class=\"read-more\" href=\"https:\/\/quechilero.com\/blog\/2014\/09\/07\/la-expectacion-del-parto\/\" aria-label=\"Leer m\u00e1s sobre La Expectaci\u00f3n del Parto\">Leer m\u00e1s<\/a><\/p>\n","protected":false},"author":1,"featured_media":0,"comment_status":"open","ping_status":"open","sticky":false,"template":"","format":"standard","meta":{"advanced_seo_description":"","jetpack_seo_html_title":"","jetpack_seo_noindex":false,"jetpack_seo_schema_type":"","episode_type":"","audio_file":"","podmotor_file_id":"","podmotor_episode_id":"","cover_image":"","cover_image_id":"","duration":"","filesize":"","filesize_raw":"","date_recorded":"","explicit":"","block":"","_jetpack_newsletter_access":"","_jetpack_dont_email_post_to_subs":false,"_jetpack_newsletter_tier_id":0,"_jetpack_memberships_contains_paywalled_content":false,"_jetpack_feature_clip_id":0,"_jetpack_memberships_contains_paid_content":false,"footnotes":"","jetpack_publicize_message":"","jetpack_publicize_feature_enabled":true,"jetpack_social_post_already_shared":true,"jetpack_social_options":{"image_generator_settings":{"template":"highway","default_image_id":0,"font":"","enabled":false},"version":2},"jetpack_post_was_ever_published":false},"categories":[2],"tags":[74,39,5],"series":[],"class_list":["post-19309","post","type-post","status-publish","format-standard","hentry","category-limones","tag-jesus","tag-madre","tag-tiempo"],"episode_featured_image":false,"episode_player_image":"https:\/\/i0.wp.com\/quechilero.com\/blog\/imagenes\/podcast.png?fit=1831%2C1831&ssl=1","download_link":"","player_link":"","audio_player":false,"episode_data":{"playerMode":"dark","subscribeUrls":{"amazon":{"key":"amazon","url":"","label":"Amazon","class":"amazon","icon":"amazon.png"},"apple_podcasts":{"key":"apple_podcasts","url":"","label":"Apple Podcasts","class":"apple_podcasts","icon":"apple-podcasts.png"},"castbox":{"key":"castbox","url":"","label":"CastBox","class":"castbox","icon":"castbox.png"},"deezer":{"key":"deezer","url":"","label":"Deezer","class":"deezer","icon":"deezer.png"},"google_podcasts":{"key":"google_podcasts","url":"","label":"Google Podcasts","class":"google_podcasts","icon":"google-podcasts.png"},"listen_notes":{"key":"listen_notes","url":"","label":"Listen Notes","class":"listen_notes","icon":"listen-notes.png"},"pandora":{"key":"pandora","url":"","label":"Pandora","class":"pandora","icon":"pandora.png"},"podbean":{"key":"podbean","url":"","label":"Podbean","class":"podbean","icon":"podbean.png"},"podcast_republic":{"key":"podcast_republic","url":"","label":"Podcast Republic","class":"podcast_republic","icon":"podcast-republic.png"},"rss":{"key":"rss","url":"","label":"RSS","class":"rss","icon":"rss.png"},"spotify":{"key":"spotify","url":"","label":"Spotify","class":"spotify","icon":"spotify.png"},"stitcher":{"key":"stitcher","url":"","label":"Stitcher","class":"stitcher","icon":"stitcher.png"},"tunein":{"key":"tunein","url":"","label":"TuneIn","class":"tunein","icon":"tunein.png"},"youtube":{"key":"youtube","url":"","label":"YouTube","class":"youtube","icon":"youtube.png"},"iheartradio":{"key":"iheartradio","url":"","label":"iHeartRadio","class":"iheartradio","icon":"iheartradio.png"},"ivoox":{"key":"ivoox","url":"","label":"iVoox","class":"ivoox","icon":"ivoox.png"}},"rssFeedUrl":"https:\/\/quechilero.com\/blog\/feed\/podcast\/si-la-vida-nos-da-limones","embedCode":"<blockquote class=\"wp-embedded-content\" data-secret=\"BAeXkIBEsd\"><a href=\"https:\/\/quechilero.com\/blog\/2014\/09\/07\/la-expectacion-del-parto\/\">La Expectaci\u00f3n del Parto<\/a><\/blockquote><iframe sandbox=\"allow-scripts\" security=\"restricted\" src=\"https:\/\/quechilero.com\/blog\/2014\/09\/07\/la-expectacion-del-parto\/embed\/#?secret=BAeXkIBEsd\" width=\"500\" height=\"350\" title=\"\u00abLa Expectaci\u00f3n del Parto\u00bb \u2014 Si la Vida nos da Limones...\" data-secret=\"BAeXkIBEsd\" frameborder=\"0\" marginwidth=\"0\" marginheight=\"0\" scrolling=\"no\" class=\"wp-embedded-content\"><\/iframe><script>\n\/*! This file is auto-generated *\/\n!function(d,l){\"use strict\";l.querySelector&&d.addEventListener&&\"undefined\"!=typeof URL&&(d.wp=d.wp||{},d.wp.receiveEmbedMessage||(d.wp.receiveEmbedMessage=function(e){var t=e.data;if((t||t.secret||t.message||t.value)&&!\/[^a-zA-Z0-9]\/.test(t.secret)){for(var s,r,n,a=l.querySelectorAll('iframe[data-secret=\"'+t.secret+'\"]'),o=l.querySelectorAll('blockquote[data-secret=\"'+t.secret+'\"]'),c=new RegExp(\"^https?:$\",\"i\"),i=0;i<o.length;i++)o[i].style.display=\"none\";for(i=0;i<a.length;i++)s=a[i],e.source===s.contentWindow&&(s.removeAttribute(\"style\"),\"height\"===t.message?(1e3<(r=parseInt(t.value,10))?r=1e3:~~r<200&&(r=200),s.height=r):\"link\"===t.message&&(r=new URL(s.getAttribute(\"src\")),n=new URL(t.value),c.test(n.protocol))&&n.host===r.host&&l.activeElement===s&&(d.top.location.href=t.value))}},d.addEventListener(\"message\",d.wp.receiveEmbedMessage,!1),l.addEventListener(\"DOMContentLoaded\",function(){for(var e,t,s=l.querySelectorAll(\"iframe.wp-embedded-content\"),r=0;r<s.length;r++)(t=(e=s[r]).getAttribute(\"data-secret\"))||(t=Math.random().toString(36).substring(2,12),e.src+=\"#?secret=\"+t,e.setAttribute(\"data-secret\",t)),e.contentWindow.postMessage({message:\"ready\",secret:t},\"*\")},!1)))}(window,document);\n\/\/# sourceURL=https:\/\/quechilero.com\/blog\/wp-includes\/js\/wp-embed.min.js\n<\/script>\n"},"jetpack_publicize_connections":[],"jetpack_shortlink":"https:\/\/wp.me\/pDKli-51r","jetpack_sharing_enabled":true,"jetpack-related-posts":[{"id":16355,"url":"https:\/\/quechilero.com\/blog\/2013\/03\/26\/resucito-cristo-mi-esperanza\/","url_meta":{"origin":19309,"position":0},"title":"Resucit\u00f3 Cristo, mi esperanza","author":"Pepe Barrascout Ortiz","date":"26 marzo 2013","format":false,"excerpt":"Llegue a todos vosotros la voz exultante de la Iglesia, con las palabras que el antiguo himno pone en labios de Mar\u00eda Magdalena, la primera en encontrar en la ma\u00f1a de Pascua a Jes\u00fas resucitado. \"Ella corri\u00f3 hacia los otros disc\u00edpulos y, con el coraz\u00f3n sobrecogido, les anunci\u00f3: He visto\u2026","rel":"","context":"En \u00abLimones\u00bb","block_context":{"text":"Limones","link":"https:\/\/quechilero.com\/blog\/category\/limones\/"},"img":{"alt_text":"","src":"","width":0,"height":0},"classes":[]},{"id":934,"url":"https:\/\/quechilero.com\/blog\/2008\/04\/12\/el-bien-en-medio-del-mal\/","url_meta":{"origin":19309,"position":1},"title":"El bien en medio del mal","author":"Pepe Barrascout Ortiz","date":"12 abril 2008","format":false,"excerpt":"Andr\u00e9s era un buen actor, pero un mal nadador. Sin embargo, cuando vio que se ahogaba una mujer en un r\u00edo en Grenoble, Francia, salt\u00f3 al agua y despu\u00e9s de un rato de lucha, logr\u00f3 salvarla. El esposo de esa mujer le qued\u00f3 tan agradecido que trat\u00f3 de conseguir que\u2026","rel":"","context":"En \u00abLimones\u00bb","block_context":{"text":"Limones","link":"https:\/\/quechilero.com\/blog\/category\/limones\/"},"img":{"alt_text":"","src":"","width":0,"height":0},"classes":[]},{"id":210,"url":"https:\/\/quechilero.com\/blog\/2006\/08\/30\/distribuciones-gnulinux\/","url_meta":{"origin":19309,"position":2},"title":"Distribuciones GNU\/Linux","author":"Pepe Barrascout Ortiz","date":"30 agosto 2006","format":false,"excerpt":"Este diagarama, muy bien elaborado, muestra el proceso que han tenido las diversas distribuciones GNU\/Linux que han habido desde el inicio de la misma, la forma en la que se ha ido evolucionando y lo que podemos llegar a esperar en un futuro. Un documento bastante interesante. Para ver la\u2026","rel":"","context":"En \u00abLimones\u00bb","block_context":{"text":"Limones","link":"https:\/\/quechilero.com\/blog\/category\/limones\/"},"img":{"alt_text":"Linux Distribuciones","src":"https:\/\/i0.wp.com\/static.flickr.com\/88\/228593786_a0690e929d.jpg?resize=350%2C200","width":350,"height":200},"classes":[]},{"id":4522,"url":"https:\/\/quechilero.com\/blog\/2010\/04\/12\/temor-globalizado\/","url_meta":{"origin":19309,"position":3},"title":"Temor globalizado","author":"Pepe Barrascout Ortiz","date":"12 abril 2010","format":false,"excerpt":"Desde hace unos a\u00f1os los medios pol\u00edticos e informativos se han confabulado para meter miedo al ciudadano de a pie: desde las vacas locas a la gripe aviar pasando por el virus \u00c9bola, se han sucedido innumerables profec\u00edas catastrofistas que anudaban un futuro siniestro para el hombre. Los \"sin esperanza\"\u2026","rel":"","context":"En \u00abLimones\u00bb","block_context":{"text":"Limones","link":"https:\/\/quechilero.com\/blog\/category\/limones\/"},"img":{"alt_text":"","src":"","width":0,"height":0},"classes":[]},{"id":10385,"url":"https:\/\/quechilero.com\/blog\/2011\/09\/10\/nunca-subestimes-a-un-pendejo\/","url_meta":{"origin":19309,"position":4},"title":"Nunca subestimes a un pendejo","author":"Pepe Barrascout Ortiz","date":"10 septiembre 2011","format":false,"excerpt":"Ahora que estamos a la v\u00edspera del proceso de elecciones 2011, en el que todos los guatemaltecos, elegiremos con nuestro voto, a las personas que administrar\u00e1n el pa\u00eds, en los pr\u00f3ximos a\u00f1os, es un buen momento para recordar una frase de Facundo Cabral: Nunca subestimes a un pendejo, porque al\u2026","rel":"","context":"En \u00abLimones\u00bb","block_context":{"text":"Limones","link":"https:\/\/quechilero.com\/blog\/category\/limones\/"},"img":{"alt_text":"","src":"https:\/\/i0.wp.com\/lh5.googleusercontent.com\/-gFYuacEUrCw\/TmEZ-6ModMI\/AAAAAAAAA-k\/kcxp04Jrr58\/s800\/nosubestimes.jpg?resize=350%2C200&ssl=1","width":350,"height":200},"classes":[]},{"id":4199,"url":"https:\/\/quechilero.com\/blog\/2010\/01\/23\/y-si-el-futuro-de-las-revistas-fuera-asi\/","url_meta":{"origin":19309,"position":5},"title":"Y si el futuro de las revistas fuera as\u00ed","author":"Pepe Barrascout Ortiz","date":"23 enero 2010","format":false,"excerpt":"Es innegable el gran avance que han tenido los medios de comunicaci\u00f3n digitales y que le han sacado una gran ventaja competitiva a los medios de comunicaci\u00f3n tradicionales. Una muestra de esto, es ver como desde hace muchos meses, Prensa Libre por ejemplo, saca p\u00e1ginas completas e incontables pautas en\u2026","rel":"","context":"En \u00abLimones\u00bb","block_context":{"text":"Limones","link":"https:\/\/quechilero.com\/blog\/category\/limones\/"},"img":{"alt_text":"","src":"","width":0,"height":0},"classes":[]}],"jetpack_featured_media_url":"","_links":{"self":[{"href":"https:\/\/quechilero.com\/blog\/wp-json\/wp\/v2\/posts\/19309","targetHints":{"allow":["GET"]}}],"collection":[{"href":"https:\/\/quechilero.com\/blog\/wp-json\/wp\/v2\/posts"}],"about":[{"href":"https:\/\/quechilero.com\/blog\/wp-json\/wp\/v2\/types\/post"}],"author":[{"embeddable":true,"href":"https:\/\/quechilero.com\/blog\/wp-json\/wp\/v2\/users\/1"}],"replies":[{"embeddable":true,"href":"https:\/\/quechilero.com\/blog\/wp-json\/wp\/v2\/comments?post=19309"}],"version-history":[{"count":0,"href":"https:\/\/quechilero.com\/blog\/wp-json\/wp\/v2\/posts\/19309\/revisions"}],"wp:attachment":[{"href":"https:\/\/quechilero.com\/blog\/wp-json\/wp\/v2\/media?parent=19309"}],"wp:term":[{"taxonomy":"category","embeddable":true,"href":"https:\/\/quechilero.com\/blog\/wp-json\/wp\/v2\/categories?post=19309"},{"taxonomy":"post_tag","embeddable":true,"href":"https:\/\/quechilero.com\/blog\/wp-json\/wp\/v2\/tags?post=19309"},{"taxonomy":"series","embeddable":true,"href":"https:\/\/quechilero.com\/blog\/wp-json\/wp\/v2\/series?post=19309"}],"curies":[{"name":"wp","href":"https:\/\/api.w.org\/{rel}","templated":true}]}}