{"id":19303,"date":"2014-09-06T08:00:28","date_gmt":"2014-09-06T14:00:28","guid":{"rendered":"http:\/\/quechilero.com\/blog\/?p=19303"},"modified":"2014-09-05T21:18:21","modified_gmt":"2014-09-06T03:18:21","slug":"senor-de-los-sencillos","status":"publish","type":"post","link":"https:\/\/quechilero.com\/blog\/2014\/09\/06\/senor-de-los-sencillos\/","title":{"rendered":"Se\u00f1or de los sencillos"},"content":{"rendered":"<p style=\"text-align: center;\">Se\u00f1or, los poderosos esperaban encontrarte<br \/>\nlleno de riquezas y viviendo en casas lujosas&#8230;<br \/>\ny T\u00fa apareciste humilde y sencillo<br \/>\ncomo un peque\u00f1o<br \/>\nen la humilde pobreza de un portal.<\/p>\n<p style=\"text-align: center;\">Se\u00f1or, los poderosos esperaban hallarte<br \/>\nlleno de luces, regalos y vestidos caros&#8230;<br \/>\ny T\u00fa apareciste en medio de la noche<br \/>\nd\u00e9bil y recostado en un pesebre;<br \/>\nlleno del amor y la ternura de una madre.<\/p>\n<p style=\"text-align: center;\">Se\u00f1or, los poderosos esperaban hallarte<br \/>\nal frente de poderosos ej\u00e9rcitos,<br \/>\ncomo un rey vencedor en mil batallas&#8230;<br \/>\ny T\u00fa apareciste como un beb\u00e9 indefenso<br \/>\npara ense\u00f1arnos la fuerza de las cosas sencillas.<\/p>\n<p style=\"text-align: center;\">Se\u00f1or, T\u00fa apareciste en el llanto de un Ni\u00f1o;<br \/>\nesperanza de vida y de verdad.<\/p>\n<p style=\"text-align: center;\">Se\u00f1or, ens\u00e9\u00f1anos a descubrir<br \/>\nla sencillez y la humildad de la Navidad<\/p>\n","protected":false},"excerpt":{"rendered":"<p>Se\u00f1or, los poderosos esperaban encontrarte lleno de riquezas y viviendo en casas lujosas&#8230; y T\u00fa apareciste humilde y sencillo como un peque\u00f1o en la humilde pobreza de un portal. Se\u00f1or, los poderosos esperaban hallarte lleno de luces, regalos y vestidos caros&#8230; y T\u00fa apareciste en medio de la noche d\u00e9bil y recostado en un pesebre; &#8230; <a title=\"Se\u00f1or de los sencillos\" class=\"read-more\" href=\"https:\/\/quechilero.com\/blog\/2014\/09\/06\/senor-de-los-sencillos\/\" aria-label=\"Leer m\u00e1s sobre Se\u00f1or de los sencillos\">Leer m\u00e1s<\/a><\/p>\n","protected":false},"author":1,"featured_media":0,"comment_status":"open","ping_status":"open","sticky":false,"template":"","format":"standard","meta":{"advanced_seo_description":"","jetpack_seo_html_title":"","jetpack_seo_noindex":false,"jetpack_seo_schema_type":"","episode_type":"","audio_file":"","podmotor_file_id":"","podmotor_episode_id":"","cover_image":"","cover_image_id":"","duration":"","filesize":"","filesize_raw":"","date_recorded":"","explicit":"","block":"","_jetpack_newsletter_access":"","_jetpack_dont_email_post_to_subs":false,"_jetpack_newsletter_tier_id":0,"_jetpack_memberships_contains_paywalled_content":false,"_jetpack_feature_clip_id":0,"_jetpack_memberships_contains_paid_content":false,"footnotes":"","jetpack_publicize_message":"","jetpack_publicize_feature_enabled":true,"jetpack_social_post_already_shared":true,"jetpack_social_options":{"image_generator_settings":{"template":"highway","default_image_id":0,"font":"","enabled":false},"version":2},"jetpack_post_was_ever_published":false},"categories":[2],"tags":[15,12,39,41,24],"series":[],"class_list":["post-19303","post","type-post","status-publish","format-standard","hentry","category-limones","tag-amor","tag-cosas","tag-madre","tag-verdad","tag-vida"],"episode_featured_image":false,"episode_player_image":"https:\/\/i0.wp.com\/quechilero.com\/blog\/imagenes\/podcast.png?fit=1831%2C1831&ssl=1","download_link":"","player_link":"","audio_player":false,"episode_data":{"playerMode":"dark","subscribeUrls":{"amazon":{"key":"amazon","url":"","label":"Amazon","class":"amazon","icon":"amazon.png"},"apple_podcasts":{"key":"apple_podcasts","url":"","label":"Apple Podcasts","class":"apple_podcasts","icon":"apple-podcasts.png"},"castbox":{"key":"castbox","url":"","label":"CastBox","class":"castbox","icon":"castbox.png"},"deezer":{"key":"deezer","url":"","label":"Deezer","class":"deezer","icon":"deezer.png"},"google_podcasts":{"key":"google_podcasts","url":"","label":"Google Podcasts","class":"google_podcasts","icon":"google-podcasts.png"},"listen_notes":{"key":"listen_notes","url":"","label":"Listen Notes","class":"listen_notes","icon":"listen-notes.png"},"pandora":{"key":"pandora","url":"","label":"Pandora","class":"pandora","icon":"pandora.png"},"podbean":{"key":"podbean","url":"","label":"Podbean","class":"podbean","icon":"podbean.png"},"podcast_republic":{"key":"podcast_republic","url":"","label":"Podcast Republic","class":"podcast_republic","icon":"podcast-republic.png"},"rss":{"key":"rss","url":"","label":"RSS","class":"rss","icon":"rss.png"},"spotify":{"key":"spotify","url":"","label":"Spotify","class":"spotify","icon":"spotify.png"},"stitcher":{"key":"stitcher","url":"","label":"Stitcher","class":"stitcher","icon":"stitcher.png"},"tunein":{"key":"tunein","url":"","label":"TuneIn","class":"tunein","icon":"tunein.png"},"youtube":{"key":"youtube","url":"","label":"YouTube","class":"youtube","icon":"youtube.png"},"iheartradio":{"key":"iheartradio","url":"","label":"iHeartRadio","class":"iheartradio","icon":"iheartradio.png"},"ivoox":{"key":"ivoox","url":"","label":"iVoox","class":"ivoox","icon":"ivoox.png"}},"rssFeedUrl":"https:\/\/quechilero.com\/blog\/feed\/podcast\/si-la-vida-nos-da-limones","embedCode":"<blockquote class=\"wp-embedded-content\" data-secret=\"d0ydRcyySO\"><a href=\"https:\/\/quechilero.com\/blog\/2014\/09\/06\/senor-de-los-sencillos\/\">Se\u00f1or de los sencillos<\/a><\/blockquote><iframe sandbox=\"allow-scripts\" security=\"restricted\" src=\"https:\/\/quechilero.com\/blog\/2014\/09\/06\/senor-de-los-sencillos\/embed\/#?secret=d0ydRcyySO\" width=\"500\" height=\"350\" title=\"\u00abSe\u00f1or de los sencillos\u00bb \u2014 Si la Vida nos da Limones...\" data-secret=\"d0ydRcyySO\" frameborder=\"0\" marginwidth=\"0\" marginheight=\"0\" scrolling=\"no\" class=\"wp-embedded-content\"><\/iframe><script>\n\/*! This file is auto-generated *\/\n!function(d,l){\"use strict\";l.querySelector&&d.addEventListener&&\"undefined\"!=typeof URL&&(d.wp=d.wp||{},d.wp.receiveEmbedMessage||(d.wp.receiveEmbedMessage=function(e){var t=e.data;if((t||t.secret||t.message||t.value)&&!\/[^a-zA-Z0-9]\/.test(t.secret)){for(var s,r,n,a=l.querySelectorAll('iframe[data-secret=\"'+t.secret+'\"]'),o=l.querySelectorAll('blockquote[data-secret=\"'+t.secret+'\"]'),c=new RegExp(\"^https?:$\",\"i\"),i=0;i<o.length;i++)o[i].style.display=\"none\";for(i=0;i<a.length;i++)s=a[i],e.source===s.contentWindow&&(s.removeAttribute(\"style\"),\"height\"===t.message?(1e3<(r=parseInt(t.value,10))?r=1e3:~~r<200&&(r=200),s.height=r):\"link\"===t.message&&(r=new URL(s.getAttribute(\"src\")),n=new URL(t.value),c.test(n.protocol))&&n.host===r.host&&l.activeElement===s&&(d.top.location.href=t.value))}},d.addEventListener(\"message\",d.wp.receiveEmbedMessage,!1),l.addEventListener(\"DOMContentLoaded\",function(){for(var e,t,s=l.querySelectorAll(\"iframe.wp-embedded-content\"),r=0;r<s.length;r++)(t=(e=s[r]).getAttribute(\"data-secret\"))||(t=Math.random().toString(36).substring(2,12),e.src+=\"#?secret=\"+t,e.setAttribute(\"data-secret\",t)),e.contentWindow.postMessage({message:\"ready\",secret:t},\"*\")},!1)))}(window,document);\n\/\/# sourceURL=https:\/\/quechilero.com\/blog\/wp-includes\/js\/wp-embed.min.js\n<\/script>\n"},"jetpack_publicize_connections":[],"jetpack_shortlink":"https:\/\/wp.me\/pDKli-51l","jetpack_sharing_enabled":true,"jetpack-related-posts":[{"id":5780,"url":"https:\/\/quechilero.com\/blog\/2010\/10\/07\/que-es-el-santo-rosario\/","url_meta":{"origin":19303,"position":0},"title":"\u00bfQu\u00e9 es el Santo Rosario?","author":"Pepe Barrascout Ortiz","date":"7 octubre 2010","format":false,"excerpt":"Hasta ahora se ha considerado como la mejor definici\u00f3n del Rosario, la que dio el Sumo Pont\u00edfice San P\u00edo V en su \"Bula\" de 1569: \"El Rosario o salterio de la Sma. Virgen, es un modo piados\u00edsimo de oraci\u00f3n, al alcance de todos, que consiste en ir repitiendo el saludo\u2026","rel":"","context":"En \u00abLimones\u00bb","block_context":{"text":"Limones","link":"https:\/\/quechilero.com\/blog\/category\/limones\/"},"img":{"alt_text":"","src":"","width":0,"height":0},"classes":[]},{"id":816,"url":"https:\/\/quechilero.com\/blog\/2007\/12\/20\/la-habilidad-mas-valiosa-es-la-disponibilidad\/","url_meta":{"origin":19303,"position":1},"title":"La habilidad m\u00e1s valiosa es la disponibilidad","author":"Pepe Barrascout Ortiz","date":"20 diciembre 2007","format":false,"excerpt":"Dios no crea santos de la nada, sino a partir de personas corrientes de carne y hueso que lo aman y le permiten que se valga de ellas. En general, los m\u00e1s grandes santos han sido personas sencillas que se limitaron a hacer lo que consideraron necesario, en muchos casos\u2026","rel":"","context":"En \u00abLimones\u00bb","block_context":{"text":"Limones","link":"https:\/\/quechilero.com\/blog\/category\/limones\/"},"img":{"alt_text":"","src":"","width":0,"height":0},"classes":[]},{"id":10232,"url":"https:\/\/quechilero.com\/blog\/2011\/08\/15\/solemnidad-de-la-asuncion-de-la-virgen-maria\/","url_meta":{"origin":19303,"position":2},"title":"Solemnidad de la Asunci\u00f3n de la Virgen Mar\u00eda","author":"Pepe Barrascout Ortiz","date":"15 agosto 2011","format":false,"excerpt":"Hermanos, la Iglesia quiere comunicarnos una Buena Noticia: la Asunci\u00f3n de Mar\u00eda en cuerpo y alma a los cielos. 1.- Proclamaci\u00f3n del misterio de la Asunci\u00f3n de Mar\u00eda El d\u00eda 1 de Noviembre de 1950,P\u00edo XII defini\u00f3 solemnemente el dogma de la Asunci\u00f3n de Mar\u00eda a los cielos con estas\u2026","rel":"","context":"En \u00abLimones\u00bb","block_context":{"text":"Limones","link":"https:\/\/quechilero.com\/blog\/category\/limones\/"},"img":{"alt_text":"","src":"https:\/\/i0.wp.com\/lh3.googleusercontent.com\/-hoNf0XlCGas\/TknhhNXlY_I\/AAAAAAAAA4E\/TkOHPATlRSk\/s640\/VIRGEN%252520MAR%2525C3%25258DA%252520-%252520ASUNCI%2525C3%252593N%252520-%252520ITALIA%252520-%252520assunzione.jpg?resize=350%2C200&ssl=1","width":350,"height":200},"classes":[]},{"id":17611,"url":"https:\/\/quechilero.com\/blog\/2013\/12\/29\/quedate-senor-conmigo\/","url_meta":{"origin":19303,"position":3},"title":"Qu\u00e9date, Se\u00f1or, conmigo","author":"Pepe Barrascout Ortiz","date":"29 diciembre 2013","format":false,"excerpt":"Se\u00f1or, qu\u00e9date conmigo durante este d\u00eda, y gu\u00eda mis pensamientos y deseos, mis acciones y mis proyectos, gu\u00eda mis pasos para que caminen ligeros al encuentro de los cansados y desanimados. Gu\u00eda mis manos, para que acompa\u00f1en a aquellos que se perdieron en el camino. Abre mis brazos, para que\u2026","rel":"","context":"En \u00abLimones\u00bb","block_context":{"text":"Limones","link":"https:\/\/quechilero.com\/blog\/category\/limones\/"},"img":{"alt_text":"","src":"","width":0,"height":0},"classes":[]},{"id":27328,"url":"https:\/\/quechilero.com\/blog\/2010\/10\/02\/el-santo-rosario-misterios-gozosos\/","url_meta":{"origin":19303,"position":4},"title":"El Santo Rosario: Misterios Gozosos","author":"Pepe Barrascout Ortiz","date":"2 octubre 2010","format":false,"excerpt":"Los Misterios Gozosos los rezamos los Lunes y S\u00e1bados \u00a0 En el nombre del Padre, y del Hijo, y del Esp\u00edritu Santo. Am\u00e9n. Dios m\u00edo, ven en mi auxilio. Se\u00f1or, date prisa en socorrerme. Gloria al Padre, Gloria al Hijo y Gloria al Esp\u00edritu Santo, Am\u00e9n. Primer Misterio Gozoso. La\u2026","rel":"","context":"En \u00abEl Santo Rosario\u00bb","block_context":{"text":"El Santo Rosario","link":"https:\/\/quechilero.com\/blog\/category\/podcast\/el-santo-rosario\/"},"img":{"alt_text":"Misterios Gozosos","src":"https:\/\/i0.wp.com\/i392.photobucket.com\/albums\/pp7\/pepejaguar\/blog\/Misterios-Gozosos_zps4a26ae91.jpg?resize=350%2C200","width":350,"height":200,"srcset":"https:\/\/i0.wp.com\/i392.photobucket.com\/albums\/pp7\/pepejaguar\/blog\/Misterios-Gozosos_zps4a26ae91.jpg?resize=350%2C200 1x, https:\/\/i0.wp.com\/i392.photobucket.com\/albums\/pp7\/pepejaguar\/blog\/Misterios-Gozosos_zps4a26ae91.jpg?resize=525%2C300 1.5x"},"classes":[]},{"id":5748,"url":"https:\/\/quechilero.com\/blog\/2010\/10\/08\/el-valor-de-la-amistad\/","url_meta":{"origin":19303,"position":5},"title":"El valor de la Amistad","author":"Pepe Barrascout Ortiz","date":"8 octubre 2010","format":false,"excerpt":"Las hermanas de L\u00e1zaro no encuentran mejor t\u00edtulo que el de la amistad para solicitar la presencia del Se\u00f1or: Tu amigo est\u00e1 enfermo (Juan 11, 3) le mandan decir. Es el mejor argumento que tienen a mano. Jes\u00fas busc\u00f3 y facilit\u00f3 la amistad a todos aquellos que encontr\u00f3 por los\u2026","rel":"","context":"En \u00abLimones\u00bb","block_context":{"text":"Limones","link":"https:\/\/quechilero.com\/blog\/category\/limones\/"},"img":{"alt_text":"","src":"","width":0,"height":0},"classes":[]}],"jetpack_featured_media_url":"","_links":{"self":[{"href":"https:\/\/quechilero.com\/blog\/wp-json\/wp\/v2\/posts\/19303","targetHints":{"allow":["GET"]}}],"collection":[{"href":"https:\/\/quechilero.com\/blog\/wp-json\/wp\/v2\/posts"}],"about":[{"href":"https:\/\/quechilero.com\/blog\/wp-json\/wp\/v2\/types\/post"}],"author":[{"embeddable":true,"href":"https:\/\/quechilero.com\/blog\/wp-json\/wp\/v2\/users\/1"}],"replies":[{"embeddable":true,"href":"https:\/\/quechilero.com\/blog\/wp-json\/wp\/v2\/comments?post=19303"}],"version-history":[{"count":0,"href":"https:\/\/quechilero.com\/blog\/wp-json\/wp\/v2\/posts\/19303\/revisions"}],"wp:attachment":[{"href":"https:\/\/quechilero.com\/blog\/wp-json\/wp\/v2\/media?parent=19303"}],"wp:term":[{"taxonomy":"category","embeddable":true,"href":"https:\/\/quechilero.com\/blog\/wp-json\/wp\/v2\/categories?post=19303"},{"taxonomy":"post_tag","embeddable":true,"href":"https:\/\/quechilero.com\/blog\/wp-json\/wp\/v2\/tags?post=19303"},{"taxonomy":"series","embeddable":true,"href":"https:\/\/quechilero.com\/blog\/wp-json\/wp\/v2\/series?post=19303"}],"curies":[{"name":"wp","href":"https:\/\/api.w.org\/{rel}","templated":true}]}}