{"id":19302,"date":"2014-09-03T08:00:37","date_gmt":"2014-09-03T14:00:37","guid":{"rendered":"http:\/\/quechilero.com\/blog\/?p=19302"},"modified":"2014-09-05T21:07:51","modified_gmt":"2014-09-06T03:07:51","slug":"mira-hacia-arriba","status":"publish","type":"post","link":"https:\/\/quechilero.com\/blog\/2014\/09\/03\/mira-hacia-arriba\/","title":{"rendered":"\u00a1Mira hacia arriba!"},"content":{"rendered":"<p>Al salir del puerto, un capit\u00e1n pregunt\u00f3 a un nuevo grumete: \u00ab\u00bfTambi\u00e9n sabes escalar?\u00bb \u00abPues, claro\u00bb, contest\u00f3 el muchacho. Pensaba poder hacerlo porque en el jard\u00edn de su casa a menudo se hab\u00eda subido a los \u00e1rboles. Entonces el capit\u00e1n lo hizo trepar en el m\u00e1stil. Debido a las olas, el barco se inclinaba de un lado a otro y el m\u00e1stil se balanceaba. El grumete se atemoriz\u00f3 y estaba en peligro de caerse. Entonces el capit\u00e1n le grit\u00f3: \u00ab\u00a1Mira hacia arriba!\u00bb El joven le hizo caso y esto lo salv\u00f3. Como se sent\u00eda mareado, habr\u00eda ca\u00eddo si hubiese seguido mirando las olas. Al mirar hacia arriba, el malestar desapareci\u00f3.<\/p>\n<p>Como creyentes, muchas veces tenemos toda clase de inconvenientes. Quiz\u00e1 tenemos dificultades en la familia, el trabajo o en las relaciones con otros. Tal vez nos parezcan insolubles y nos depriman al punto de hacernos perder el \u00e1nimo. \u00bfTe sucede esto? Mira hacia arriba y dile al Se\u00f1or todo lo que te agobia.<\/p>\n<p>\u00abBusqu\u00e9 al Se\u00f1or, y \u00c9l me respondi\u00f3, y me libr\u00f3 de todos mis temores. Los que miraron a \u00c9l fueron iluminados; sus rostros jam\u00e1s ser\u00e1n avergonzados. Este pobre clam\u00f3, y el Se\u00f1or le oy\u00f3, y lo salv\u00f3 de todas sus angustias.\u00bb (Salmo 34:4-6)<\/p>\n","protected":false},"excerpt":{"rendered":"<p>Al salir del puerto, un capit\u00e1n pregunt\u00f3 a un nuevo grumete: \u00ab\u00bfTambi\u00e9n sabes escalar?\u00bb \u00abPues, claro\u00bb, contest\u00f3 el muchacho. Pensaba poder hacerlo porque en el jard\u00edn de su casa a menudo se hab\u00eda subido a los \u00e1rboles. Entonces el capit\u00e1n lo hizo trepar en el m\u00e1stil. Debido a las olas, el barco se inclinaba de &#8230; <a title=\"\u00a1Mira hacia arriba!\" class=\"read-more\" href=\"https:\/\/quechilero.com\/blog\/2014\/09\/03\/mira-hacia-arriba\/\" aria-label=\"Leer m\u00e1s sobre \u00a1Mira hacia arriba!\">Leer m\u00e1s<\/a><\/p>\n","protected":false},"author":1,"featured_media":0,"comment_status":"open","ping_status":"open","sticky":false,"template":"","format":"standard","meta":{"advanced_seo_description":"","jetpack_seo_html_title":"","jetpack_seo_noindex":false,"jetpack_seo_schema_type":"","episode_type":"","audio_file":"","podmotor_file_id":"","podmotor_episode_id":"","cover_image":"","cover_image_id":"","duration":"","filesize":"","filesize_raw":"","date_recorded":"","explicit":"","block":"","_jetpack_newsletter_access":"","_jetpack_dont_email_post_to_subs":false,"_jetpack_newsletter_tier_id":0,"_jetpack_memberships_contains_paywalled_content":false,"_jetpack_feature_clip_id":0,"_jetpack_memberships_contains_paid_content":false,"footnotes":"","jetpack_publicize_message":"","jetpack_publicize_feature_enabled":true,"jetpack_social_post_already_shared":true,"jetpack_social_options":{"image_generator_settings":{"template":"highway","default_image_id":0,"font":"","enabled":false},"version":2},"jetpack_post_was_ever_published":false},"categories":[2],"tags":[36],"series":[],"class_list":["post-19302","post","type-post","status-publish","format-standard","hentry","category-limones","tag-trabajo"],"episode_featured_image":false,"episode_player_image":"https:\/\/i0.wp.com\/quechilero.com\/blog\/imagenes\/podcast.png?fit=1831%2C1831&ssl=1","download_link":"","player_link":"","audio_player":false,"episode_data":{"playerMode":"dark","subscribeUrls":{"amazon":{"key":"amazon","url":"","label":"Amazon","class":"amazon","icon":"amazon.png"},"apple_podcasts":{"key":"apple_podcasts","url":"","label":"Apple Podcasts","class":"apple_podcasts","icon":"apple-podcasts.png"},"castbox":{"key":"castbox","url":"","label":"CastBox","class":"castbox","icon":"castbox.png"},"deezer":{"key":"deezer","url":"","label":"Deezer","class":"deezer","icon":"deezer.png"},"google_podcasts":{"key":"google_podcasts","url":"","label":"Google Podcasts","class":"google_podcasts","icon":"google-podcasts.png"},"listen_notes":{"key":"listen_notes","url":"","label":"Listen Notes","class":"listen_notes","icon":"listen-notes.png"},"pandora":{"key":"pandora","url":"","label":"Pandora","class":"pandora","icon":"pandora.png"},"podbean":{"key":"podbean","url":"","label":"Podbean","class":"podbean","icon":"podbean.png"},"podcast_republic":{"key":"podcast_republic","url":"","label":"Podcast Republic","class":"podcast_republic","icon":"podcast-republic.png"},"rss":{"key":"rss","url":"","label":"RSS","class":"rss","icon":"rss.png"},"spotify":{"key":"spotify","url":"","label":"Spotify","class":"spotify","icon":"spotify.png"},"stitcher":{"key":"stitcher","url":"","label":"Stitcher","class":"stitcher","icon":"stitcher.png"},"tunein":{"key":"tunein","url":"","label":"TuneIn","class":"tunein","icon":"tunein.png"},"youtube":{"key":"youtube","url":"","label":"YouTube","class":"youtube","icon":"youtube.png"},"iheartradio":{"key":"iheartradio","url":"","label":"iHeartRadio","class":"iheartradio","icon":"iheartradio.png"},"ivoox":{"key":"ivoox","url":"","label":"iVoox","class":"ivoox","icon":"ivoox.png"}},"rssFeedUrl":"https:\/\/quechilero.com\/blog\/feed\/podcast\/si-la-vida-nos-da-limones","embedCode":"<blockquote class=\"wp-embedded-content\" data-secret=\"Iub5Bohd4p\"><a href=\"https:\/\/quechilero.com\/blog\/2014\/09\/03\/mira-hacia-arriba\/\">\u00a1Mira hacia arriba!<\/a><\/blockquote><iframe sandbox=\"allow-scripts\" security=\"restricted\" src=\"https:\/\/quechilero.com\/blog\/2014\/09\/03\/mira-hacia-arriba\/embed\/#?secret=Iub5Bohd4p\" width=\"500\" height=\"350\" title=\"\u00ab\u00a1Mira hacia arriba!\u00bb \u2014 Si la Vida nos da Limones...\" data-secret=\"Iub5Bohd4p\" frameborder=\"0\" marginwidth=\"0\" marginheight=\"0\" scrolling=\"no\" class=\"wp-embedded-content\"><\/iframe><script>\n\/*! This file is auto-generated *\/\n!function(d,l){\"use strict\";l.querySelector&&d.addEventListener&&\"undefined\"!=typeof URL&&(d.wp=d.wp||{},d.wp.receiveEmbedMessage||(d.wp.receiveEmbedMessage=function(e){var t=e.data;if((t||t.secret||t.message||t.value)&&!\/[^a-zA-Z0-9]\/.test(t.secret)){for(var s,r,n,a=l.querySelectorAll('iframe[data-secret=\"'+t.secret+'\"]'),o=l.querySelectorAll('blockquote[data-secret=\"'+t.secret+'\"]'),c=new RegExp(\"^https?:$\",\"i\"),i=0;i<o.length;i++)o[i].style.display=\"none\";for(i=0;i<a.length;i++)s=a[i],e.source===s.contentWindow&&(s.removeAttribute(\"style\"),\"height\"===t.message?(1e3<(r=parseInt(t.value,10))?r=1e3:~~r<200&&(r=200),s.height=r):\"link\"===t.message&&(r=new URL(s.getAttribute(\"src\")),n=new URL(t.value),c.test(n.protocol))&&n.host===r.host&&l.activeElement===s&&(d.top.location.href=t.value))}},d.addEventListener(\"message\",d.wp.receiveEmbedMessage,!1),l.addEventListener(\"DOMContentLoaded\",function(){for(var e,t,s=l.querySelectorAll(\"iframe.wp-embedded-content\"),r=0;r<s.length;r++)(t=(e=s[r]).getAttribute(\"data-secret\"))||(t=Math.random().toString(36).substring(2,12),e.src+=\"#?secret=\"+t,e.setAttribute(\"data-secret\",t)),e.contentWindow.postMessage({message:\"ready\",secret:t},\"*\")},!1)))}(window,document);\n\/\/# sourceURL=https:\/\/quechilero.com\/blog\/wp-includes\/js\/wp-embed.min.js\n<\/script>\n"},"jetpack_publicize_connections":[],"jetpack_shortlink":"https:\/\/wp.me\/pDKli-51k","jetpack_sharing_enabled":true,"jetpack-related-posts":[{"id":19248,"url":"https:\/\/quechilero.com\/blog\/2014\/08\/22\/mira-el-faro\/","url_meta":{"origin":19302,"position":0},"title":"Mira el Faro","author":"Pepe Barrascout Ortiz","date":"22 agosto 2014","format":false,"excerpt":"Luego de varios d\u00edas en alta mar, un capit\u00e1n y su tripulaci\u00f3n viajaban en medio de una terrible tormenta durante una oscura noche. El peque\u00f1o barco era golpeado insistentemente por las olas y el viento, y se mec\u00eda casi hasta volcarse mientras toda la estructura cruj\u00eda y se retorc\u00eda hasta\u2026","rel":"","context":"En \u00abLimones\u00bb","block_context":{"text":"Limones","link":"https:\/\/quechilero.com\/blog\/category\/limones\/"},"img":{"alt_text":"","src":"","width":0,"height":0},"classes":[]},{"id":20057,"url":"https:\/\/quechilero.com\/blog\/2015\/04\/19\/mira-el-faro-2\/","url_meta":{"origin":19302,"position":1},"title":"Mira el Faro","author":"Pepe Barrascout Ortiz","date":"19 abril 2015","format":false,"excerpt":"Un capit\u00e1n y su tripulaci\u00f3n viajaban en medio de una terrible tormenta durante una oscura noche, luego de varios d\u00edas en alta mar. El peque\u00f1o barco era golpeado insistentemente por las olas y el viento, y se mec\u00eda casi hasta volcarse mientras toda la estructura cruj\u00eda y se retorc\u00eda hasta\u2026","rel":"","context":"En \u00abLimones\u00bb","block_context":{"text":"Limones","link":"https:\/\/quechilero.com\/blog\/category\/limones\/"},"img":{"alt_text":"","src":"","width":0,"height":0},"classes":[]},{"id":19629,"url":"https:\/\/quechilero.com\/blog\/2015\/01\/01\/el-capitan\/","url_meta":{"origin":19302,"position":2},"title":"El capit\u00e1n","author":"Pepe Barrascout Ortiz","date":"1 enero 2015","format":false,"excerpt":"El capit\u00e1n del barco miraba, a lo lejos, luces tenues en la oscuridad de la noche. De inmediato, orden\u00f3 a su guardav\u00eda a enviar el siguiente mensaje: \"Altere su rumbo diez grados hacia el sur\". Enseguida, fue recibida la r\u00e9plica: \"Altere el suyo diez grados hacia el norte\". Se enfad\u00f3\u2026","rel":"","context":"En \u00abLimones\u00bb","block_context":{"text":"Limones","link":"https:\/\/quechilero.com\/blog\/category\/limones\/"},"img":{"alt_text":"","src":"","width":0,"height":0},"classes":[]},{"id":12439,"url":"https:\/\/quechilero.com\/blog\/2012\/06\/05\/bordado\/","url_meta":{"origin":19302,"position":3},"title":"Bordado","author":"Pepe Barrascout Ortiz","date":"5 junio 2012","format":false,"excerpt":"Cuando yo era peque\u00f1o, mi mam\u00e1 sol\u00eda coser mucho. Yo me sentaba cerca de ella y le preguntaba qu\u00e9 estaba haciendo. Ella me respond\u00eda que estaba bordando. Yo observaba el trabajo de mi mam\u00e1 desde una posici\u00f3n m\u00e1s baja que donde estaba sentada ella, as\u00ed que siempre me quejaba dici\u00e9ndole\u2026","rel":"","context":"En \u00abLimones\u00bb","block_context":{"text":"Limones","link":"https:\/\/quechilero.com\/blog\/category\/limones\/"},"img":{"alt_text":"","src":"","width":0,"height":0},"classes":[]},{"id":19683,"url":"https:\/\/quechilero.com\/blog\/2015\/01\/28\/el-canto-de-las-sirenas\/","url_meta":{"origin":19302,"position":4},"title":"El canto de las Sirenas","author":"Pepe Barrascout Ortiz","date":"28 enero 2015","format":false,"excerpt":"El Canto XII de la Odisea, Homero nos relata la historia de Ulises y las Sirenas: \"Advertido por la diosa Circe de lo peligroso que era el canto de las Sirenas, Ulises orden\u00f3 tapar con cera los o\u00eddos de sus remeros y se hizo atar al m\u00e1stil del nav\u00edo. Si\u2026","rel":"","context":"En \u00abLimones\u00bb","block_context":{"text":"Limones","link":"https:\/\/quechilero.com\/blog\/category\/limones\/"},"img":{"alt_text":"","src":"","width":0,"height":0},"classes":[]},{"id":13018,"url":"https:\/\/quechilero.com\/blog\/2012\/04\/11\/el-burro\/","url_meta":{"origin":19302,"position":5},"title":"El Burro","author":"Pepe Barrascout Ortiz","date":"11 abril 2012","format":false,"excerpt":"Un d\u00eda, el burro de una campesina se cay\u00f3 en un pozo. El animal llor\u00f3 durante horas, mientras la campesina trataba de averiguar qu\u00e9 hacer. Finalmente la campesina decidi\u00f3 que el animal ya estaba viejo, el pozo estaba seco, y necesitaba ser tapado de todas formas y que realmente no\u2026","rel":"","context":"En \u00abLimones\u00bb","block_context":{"text":"Limones","link":"https:\/\/quechilero.com\/blog\/category\/limones\/"},"img":{"alt_text":"","src":"","width":0,"height":0},"classes":[]}],"jetpack_featured_media_url":"","_links":{"self":[{"href":"https:\/\/quechilero.com\/blog\/wp-json\/wp\/v2\/posts\/19302","targetHints":{"allow":["GET"]}}],"collection":[{"href":"https:\/\/quechilero.com\/blog\/wp-json\/wp\/v2\/posts"}],"about":[{"href":"https:\/\/quechilero.com\/blog\/wp-json\/wp\/v2\/types\/post"}],"author":[{"embeddable":true,"href":"https:\/\/quechilero.com\/blog\/wp-json\/wp\/v2\/users\/1"}],"replies":[{"embeddable":true,"href":"https:\/\/quechilero.com\/blog\/wp-json\/wp\/v2\/comments?post=19302"}],"version-history":[{"count":0,"href":"https:\/\/quechilero.com\/blog\/wp-json\/wp\/v2\/posts\/19302\/revisions"}],"wp:attachment":[{"href":"https:\/\/quechilero.com\/blog\/wp-json\/wp\/v2\/media?parent=19302"}],"wp:term":[{"taxonomy":"category","embeddable":true,"href":"https:\/\/quechilero.com\/blog\/wp-json\/wp\/v2\/categories?post=19302"},{"taxonomy":"post_tag","embeddable":true,"href":"https:\/\/quechilero.com\/blog\/wp-json\/wp\/v2\/tags?post=19302"},{"taxonomy":"series","embeddable":true,"href":"https:\/\/quechilero.com\/blog\/wp-json\/wp\/v2\/series?post=19302"}],"curies":[{"name":"wp","href":"https:\/\/api.w.org\/{rel}","templated":true}]}}