{"id":19297,"date":"2014-09-02T08:00:55","date_gmt":"2014-09-02T14:00:55","guid":{"rendered":"http:\/\/quechilero.com\/blog\/?p=19297"},"modified":"2014-09-05T21:04:24","modified_gmt":"2014-09-06T03:04:24","slug":"la-grandeza-de-lo-pequeno","status":"publish","type":"post","link":"https:\/\/quechilero.com\/blog\/2014\/09\/02\/la-grandeza-de-lo-pequeno\/","title":{"rendered":"La grandeza de lo peque\u00f1o"},"content":{"rendered":"<p>\u00abYo te alabo, Padre, porque has ocultado estas cosas a los sabios y entendidos, y las revelaste a los peque\u00f1os.\u00bb (Lc. 10:21)<\/p>\n<p>Estas palabras encierran un misterio y una paradoja para la l\u00f3gica humana. Los m\u00e1s grandes acontecimientos de su vida, Cristo no los quiso revelar a quienes, seg\u00fan el mundo, son \u00ablos sabios y prudentes\u00bb. \u00c9l tiene una manera diferente para calificar a los hombres.<\/p>\n<p>Para Dios no existen los instruidos y los iletrados, los fuertes y los d\u00e9biles, los conocedores y los ignorantes. No busca a las personas m\u00e1s capaces de la tierra para darse a conocer, sino a las m\u00e1s peque\u00f1as, pues s\u00f3lo estas poseen la \u00fanica sabidur\u00eda que tiene valor: la humildad.<\/p>\n<p>Las almas humildes son aquellas que saben descubrir la mano amorosa de Dios en todos los momentos de su vida, y que con amor y resignaci\u00f3n se abandonan con todas sus fuerzas a la Providencia divina, conscientes de que son hijos amados de Dios y que jam\u00e1s se ver\u00e1n defraudadas por \u00c9l. La humildad es la llave maestra que abre la puerta de los secretos de Dios, es la gran ciencia que nos permite conocerle y amarle como Padre, como Hermano, como Amigo.<\/p>\n<p>El adviento es tiempo de preparaci\u00f3n, un momento fuerte de ajuste en nuestras vidas. Esforc\u00e9monos, pues, por ser almas sencillas, almas humildes que sean la alegr\u00eda y la recreaci\u00f3n de Dios. Cristo ni\u00f1o volver\u00e1 a nacer en medio de la m\u00e1s profunda humildad como lo hiciera hace m\u00e1s de dos mil a\u00f1os. Un par de peregrinos tocar\u00e1n a la puerta de nuestro coraz\u00f3n pidiendo un lugar para que el Hijo de Dios pueda nacer. \u00bfC\u00f3mo podremos negarle nuestro coraz\u00f3n a Dios, que nos pide un coraz\u00f3n humilde y sencillo en el cual pueda nacer?<\/p>\n","protected":false},"excerpt":{"rendered":"<p>\u00abYo te alabo, Padre, porque has ocultado estas cosas a los sabios y entendidos, y las revelaste a los peque\u00f1os.\u00bb (Lc. 10:21) Estas palabras encierran un misterio y una paradoja para la l\u00f3gica humana. Los m\u00e1s grandes acontecimientos de su vida, Cristo no los quiso revelar a quienes, seg\u00fan el mundo, son \u00ablos sabios y &#8230; <a title=\"La grandeza de lo peque\u00f1o\" class=\"read-more\" href=\"https:\/\/quechilero.com\/blog\/2014\/09\/02\/la-grandeza-de-lo-pequeno\/\" aria-label=\"Leer m\u00e1s sobre La grandeza de lo peque\u00f1o\">Leer m\u00e1s<\/a><\/p>\n","protected":false},"author":1,"featured_media":0,"comment_status":"open","ping_status":"open","sticky":false,"template":"","format":"standard","meta":{"advanced_seo_description":"","jetpack_seo_html_title":"","jetpack_seo_noindex":false,"jetpack_seo_schema_type":"","episode_type":"","audio_file":"","podmotor_file_id":"","podmotor_episode_id":"","cover_image":"","cover_image_id":"","duration":"","filesize":"","filesize_raw":"","date_recorded":"","explicit":"","block":"","_jetpack_newsletter_access":"","_jetpack_dont_email_post_to_subs":false,"_jetpack_newsletter_tier_id":0,"_jetpack_memberships_contains_paywalled_content":false,"_jetpack_feature_clip_id":0,"_jetpack_memberships_contains_paid_content":false,"footnotes":"","jetpack_publicize_message":"","jetpack_publicize_feature_enabled":true,"jetpack_social_post_already_shared":true,"jetpack_social_options":{"image_generator_settings":{"template":"highway","default_image_id":0,"font":"","enabled":false},"version":2},"jetpack_post_was_ever_published":false},"categories":[2],"tags":[87,11,15,12,51,5,24],"series":[],"class_list":["post-19297","post","type-post","status-publish","format-standard","hentry","category-limones","tag-alegria","tag-amigo","tag-amor","tag-cosas","tag-dios","tag-tiempo","tag-vida"],"episode_featured_image":false,"episode_player_image":"https:\/\/i0.wp.com\/quechilero.com\/blog\/imagenes\/podcast.png?fit=1831%2C1831&ssl=1","download_link":"","player_link":"","audio_player":false,"episode_data":{"playerMode":"dark","subscribeUrls":{"amazon":{"key":"amazon","url":"","label":"Amazon","class":"amazon","icon":"amazon.png"},"apple_podcasts":{"key":"apple_podcasts","url":"","label":"Apple Podcasts","class":"apple_podcasts","icon":"apple-podcasts.png"},"castbox":{"key":"castbox","url":"","label":"CastBox","class":"castbox","icon":"castbox.png"},"deezer":{"key":"deezer","url":"","label":"Deezer","class":"deezer","icon":"deezer.png"},"google_podcasts":{"key":"google_podcasts","url":"","label":"Google Podcasts","class":"google_podcasts","icon":"google-podcasts.png"},"listen_notes":{"key":"listen_notes","url":"","label":"Listen Notes","class":"listen_notes","icon":"listen-notes.png"},"pandora":{"key":"pandora","url":"","label":"Pandora","class":"pandora","icon":"pandora.png"},"podbean":{"key":"podbean","url":"","label":"Podbean","class":"podbean","icon":"podbean.png"},"podcast_republic":{"key":"podcast_republic","url":"","label":"Podcast Republic","class":"podcast_republic","icon":"podcast-republic.png"},"rss":{"key":"rss","url":"","label":"RSS","class":"rss","icon":"rss.png"},"spotify":{"key":"spotify","url":"","label":"Spotify","class":"spotify","icon":"spotify.png"},"stitcher":{"key":"stitcher","url":"","label":"Stitcher","class":"stitcher","icon":"stitcher.png"},"tunein":{"key":"tunein","url":"","label":"TuneIn","class":"tunein","icon":"tunein.png"},"youtube":{"key":"youtube","url":"","label":"YouTube","class":"youtube","icon":"youtube.png"},"iheartradio":{"key":"iheartradio","url":"","label":"iHeartRadio","class":"iheartradio","icon":"iheartradio.png"},"ivoox":{"key":"ivoox","url":"","label":"iVoox","class":"ivoox","icon":"ivoox.png"}},"rssFeedUrl":"https:\/\/quechilero.com\/blog\/feed\/podcast\/si-la-vida-nos-da-limones","embedCode":"<blockquote class=\"wp-embedded-content\" data-secret=\"YqzcNyvVog\"><a href=\"https:\/\/quechilero.com\/blog\/2014\/09\/02\/la-grandeza-de-lo-pequeno\/\">La grandeza de lo peque\u00f1o<\/a><\/blockquote><iframe sandbox=\"allow-scripts\" security=\"restricted\" src=\"https:\/\/quechilero.com\/blog\/2014\/09\/02\/la-grandeza-de-lo-pequeno\/embed\/#?secret=YqzcNyvVog\" width=\"500\" height=\"350\" title=\"\u00abLa grandeza de lo peque\u00f1o\u00bb \u2014 Si la Vida nos da Limones...\" data-secret=\"YqzcNyvVog\" frameborder=\"0\" marginwidth=\"0\" marginheight=\"0\" scrolling=\"no\" class=\"wp-embedded-content\"><\/iframe><script>\n\/*! This file is auto-generated *\/\n!function(d,l){\"use strict\";l.querySelector&&d.addEventListener&&\"undefined\"!=typeof URL&&(d.wp=d.wp||{},d.wp.receiveEmbedMessage||(d.wp.receiveEmbedMessage=function(e){var t=e.data;if((t||t.secret||t.message||t.value)&&!\/[^a-zA-Z0-9]\/.test(t.secret)){for(var s,r,n,a=l.querySelectorAll('iframe[data-secret=\"'+t.secret+'\"]'),o=l.querySelectorAll('blockquote[data-secret=\"'+t.secret+'\"]'),c=new RegExp(\"^https?:$\",\"i\"),i=0;i<o.length;i++)o[i].style.display=\"none\";for(i=0;i<a.length;i++)s=a[i],e.source===s.contentWindow&&(s.removeAttribute(\"style\"),\"height\"===t.message?(1e3<(r=parseInt(t.value,10))?r=1e3:~~r<200&&(r=200),s.height=r):\"link\"===t.message&&(r=new URL(s.getAttribute(\"src\")),n=new URL(t.value),c.test(n.protocol))&&n.host===r.host&&l.activeElement===s&&(d.top.location.href=t.value))}},d.addEventListener(\"message\",d.wp.receiveEmbedMessage,!1),l.addEventListener(\"DOMContentLoaded\",function(){for(var e,t,s=l.querySelectorAll(\"iframe.wp-embedded-content\"),r=0;r<s.length;r++)(t=(e=s[r]).getAttribute(\"data-secret\"))||(t=Math.random().toString(36).substring(2,12),e.src+=\"#?secret=\"+t,e.setAttribute(\"data-secret\",t)),e.contentWindow.postMessage({message:\"ready\",secret:t},\"*\")},!1)))}(window,document);\n\/\/# sourceURL=https:\/\/quechilero.com\/blog\/wp-includes\/js\/wp-embed.min.js\n<\/script>\n"},"jetpack_publicize_connections":[],"jetpack_shortlink":"https:\/\/wp.me\/pDKli-51f","jetpack_sharing_enabled":true,"jetpack-related-posts":[{"id":17119,"url":"https:\/\/quechilero.com\/blog\/2013\/09\/11\/el-domingo-ya-empieza-el-adviento\/","url_meta":{"origin":19297,"position":0},"title":"\u00a1El domingo ya empieza el Adviento!","author":"Pepe Barrascout Ortiz","date":"11 septiembre 2013","format":false,"excerpt":"Cuatro domingos de Adviento tendr\u00e1n que pasar para que ya, una vez m\u00e1s, estemos en Navidad. Es tiempo de preparaci\u00f3n puesto que siempre que esperamos recibir a una persona importante, nos preparamos. La Iglesia nos invita a que introduzcamos en nuestro esp\u00edritu y en nuestro cotidiano vivir un nuevo aspecto\u2026","rel":"","context":"En \u00abLimones\u00bb","block_context":{"text":"Limones","link":"https:\/\/quechilero.com\/blog\/category\/limones\/"},"img":{"alt_text":"","src":"","width":0,"height":0},"classes":[]},{"id":282,"url":"https:\/\/quechilero.com\/blog\/2006\/10\/20\/que-nos-ensena-la-vida-de-san-francisco-de-asis\/","url_meta":{"origin":19297,"position":1},"title":"\u00bfQue nos ense\u00f1a la vida de San Francisco de As\u00eds?","author":"Pepe Barrascout Ortiz","date":"20 octubre 2006","format":false,"excerpt":"Nos ense\u00f1a a vivir la virtud de la humildad. San Francisco tuvo un coraz\u00f3n alegre y humilde. Supo dejar no s\u00f3lo el dinero de su padre sino que tambi\u00e9n supo aceptar la voluntad de Dios en su vida. Fue capaz de ver la grandeza de Dios y la peque\u00f1ez del\u2026","rel":"","context":"En \u00abLimones\u00bb","block_context":{"text":"Limones","link":"https:\/\/quechilero.com\/blog\/category\/limones\/"},"img":{"alt_text":"","src":"","width":0,"height":0},"classes":[]},{"id":17405,"url":"https:\/\/quechilero.com\/blog\/2013\/11\/17\/ropas-solo-ropas\/","url_meta":{"origin":19297,"position":2},"title":"Ropas, s\u00f3lo ropas","author":"Pepe Barrascout Ortiz","date":"17 noviembre 2013","format":false,"excerpt":"El era un joven ejemplar. Todav\u00eda recuerdo los comentarios que hac\u00edan respecto de \u00e9l: excelente hijo, excelente amigo, buen estudiante, cristiano, consagrado. \u00bfQu\u00e9 madre no se alegrar\u00eda de tenerlo como yerno? \u00bfQu\u00e9 pastor no se sentir\u00eda contento de tenerlo como l\u00edder de su iglesia? \u00bfQui\u00e9n no gustar\u00eda de llamarlo su\u2026","rel":"","context":"En \u00abLimones\u00bb","block_context":{"text":"Limones","link":"https:\/\/quechilero.com\/blog\/category\/limones\/"},"img":{"alt_text":"","src":"","width":0,"height":0},"classes":[]},{"id":16348,"url":"https:\/\/quechilero.com\/blog\/2013\/03\/19\/un-momento-de-silencio-como-san-jose\/","url_meta":{"origin":19297,"position":3},"title":"Un momento de silencio&#8230; como San Jos\u00e9","author":"Pepe Barrascout Ortiz","date":"19 marzo 2013","format":false,"excerpt":"As\u00ed como hay dolor y alegr\u00eda, as\u00ed como hay inquietud y paz; as\u00ed el hombre tiene en su vida dos cauces por donde transcurre su existencia: La palabra y el silencio. La palabra, del lat\u00edn par\u00e1bola, es la facultad natural de hablar. Solo el hombre disfruta de la palabra. La\u2026","rel":"","context":"En \u00abLimones\u00bb","block_context":{"text":"Limones","link":"https:\/\/quechilero.com\/blog\/category\/limones\/"},"img":{"alt_text":"","src":"","width":0,"height":0},"classes":[]},{"id":11468,"url":"https:\/\/quechilero.com\/blog\/2011\/12\/29\/quiero-ser-esa-humilde-morada\/","url_meta":{"origin":19297,"position":4},"title":"Quiero ser esa humilde morada","author":"Pepe Barrascout Ortiz","date":"29 diciembre 2011","format":false,"excerpt":"Esta tienda de campa\u00f1a que es nuestra vida, la m\u00e1s de las veces nos olvidamos de su temporalidad, actuando como si fuera \u00e9sta, algo definitivo. Nos empe\u00f1amos equivocadamente, por hacer del aqu\u00ed y ahora lo trascendente y esencial. As\u00ed es como nos disipamos perdiendo la noci\u00f3n de qui\u00e9n es la\u2026","rel":"","context":"En \u00abLimones\u00bb","block_context":{"text":"Limones","link":"https:\/\/quechilero.com\/blog\/category\/limones\/"},"img":{"alt_text":"","src":"","width":0,"height":0},"classes":[]},{"id":22551,"url":"https:\/\/quechilero.com\/blog\/2017\/05\/08\/es-posible-alcanzar-la-santidad\/","url_meta":{"origin":19297,"position":5},"title":"Es posible alcanzar la santidad","author":"Pepe Barrascout Ortiz","date":"8 mayo 2017","format":false,"excerpt":"Hoy, confiando en Jes\u00fas resucitado, hemos de redescubrir el Evangelio como una \u201cbuena nueva\u201d. El Evangelio no es una ley que nos oprime. Alguna vez hemos podido caer en la tentaci\u00f3n de pensar que los que no son cristianos est\u00e1n m\u00e1s tranquilos que nosotros y hacen lo que quieren, mientras\u2026","rel":"","context":"En \u00abLimones\u00bb","block_context":{"text":"Limones","link":"https:\/\/quechilero.com\/blog\/category\/limones\/"},"img":{"alt_text":"","src":"","width":0,"height":0},"classes":[]}],"jetpack_featured_media_url":"","_links":{"self":[{"href":"https:\/\/quechilero.com\/blog\/wp-json\/wp\/v2\/posts\/19297","targetHints":{"allow":["GET"]}}],"collection":[{"href":"https:\/\/quechilero.com\/blog\/wp-json\/wp\/v2\/posts"}],"about":[{"href":"https:\/\/quechilero.com\/blog\/wp-json\/wp\/v2\/types\/post"}],"author":[{"embeddable":true,"href":"https:\/\/quechilero.com\/blog\/wp-json\/wp\/v2\/users\/1"}],"replies":[{"embeddable":true,"href":"https:\/\/quechilero.com\/blog\/wp-json\/wp\/v2\/comments?post=19297"}],"version-history":[{"count":0,"href":"https:\/\/quechilero.com\/blog\/wp-json\/wp\/v2\/posts\/19297\/revisions"}],"wp:attachment":[{"href":"https:\/\/quechilero.com\/blog\/wp-json\/wp\/v2\/media?parent=19297"}],"wp:term":[{"taxonomy":"category","embeddable":true,"href":"https:\/\/quechilero.com\/blog\/wp-json\/wp\/v2\/categories?post=19297"},{"taxonomy":"post_tag","embeddable":true,"href":"https:\/\/quechilero.com\/blog\/wp-json\/wp\/v2\/tags?post=19297"},{"taxonomy":"series","embeddable":true,"href":"https:\/\/quechilero.com\/blog\/wp-json\/wp\/v2\/series?post=19297"}],"curies":[{"name":"wp","href":"https:\/\/api.w.org\/{rel}","templated":true}]}}