{"id":19248,"date":"2014-08-22T08:00:24","date_gmt":"2014-08-22T14:00:24","guid":{"rendered":"http:\/\/quechilero.com\/blog\/?p=19248"},"modified":"2015-04-08T11:33:19","modified_gmt":"2015-04-08T17:33:19","slug":"mira-el-faro","status":"publish","type":"post","link":"https:\/\/quechilero.com\/blog\/2014\/08\/22\/mira-el-faro\/","title":{"rendered":"Mira el Faro"},"content":{"rendered":"<p>Luego de varios d\u00edas en alta mar, un capit\u00e1n y su tripulaci\u00f3n viajaban en medio de una terrible tormenta durante una oscura noche. El peque\u00f1o barco era golpeado insistentemente por las olas y el viento, y se mec\u00eda casi hasta volcarse mientras toda la estructura cruj\u00eda y se retorc\u00eda hasta que parec\u00eda despedazarse. Hab\u00edan perdido los instrumentos y no sab\u00eda ni siquiera d\u00f3nde se encontraban.<\/p>\n<p>En medio de todo esto el capit\u00e1n no hac\u00eda m\u00e1s que gritar y maldecir, gritando a Dios y reproch\u00e1ndole todo lo que pasaba y que hab\u00edan sido abandonados por \u00c9l. Tomado firmemente del tim\u00f3n en la proa gritaba a los truenos, los rel\u00e1mpagos y el cielo al saberse perdido.<\/p>\n<p>En ese momento, un marinero dej\u00f3 su puesto y corri\u00f3 donde el capit\u00e1n, quien le reprendi\u00f3 fuertemente en medio de la tormenta y la lluvia.<\/p>\n<p>&#8211; \u00a1\u00a1\u00a1Por qu\u00e9 dejas tu puesto!!! -le grit\u00f3.<\/p>\n<p>A lo que el marinero contesta:<\/p>\n<p>&#8211; \u00a1Se\u00f1or! \u00a1Hace m\u00e1s de 10 minutos se vislumbra la luz del faro del puerto! Pero usted no la ha visto por estar gritando.<\/p>\n<p>Cu\u00e1ntas veces no vemos la ayuda de Dios por quejarnos constantemente de todo lo que tenemos. Talvez Dios no te de una vida sin tormentas, pero puedes estar seguro de que siempre, en medio de la m\u00e1s cruel y feroz tormenta que puedas imaginar, \u00c9l estar\u00e1 presente con su luz, mostr\u00e1ndote el camino y record\u00e1ndote que se encuentra siempre a tu lado.<\/p>\n","protected":false},"excerpt":{"rendered":"<p>Luego de varios d\u00edas en alta mar, un capit\u00e1n y su tripulaci\u00f3n viajaban en medio de una terrible tormenta durante una oscura noche. El peque\u00f1o barco era golpeado insistentemente por las olas y el viento, y se mec\u00eda casi hasta volcarse mientras toda la estructura cruj\u00eda y se retorc\u00eda hasta que parec\u00eda despedazarse. Hab\u00edan perdido &#8230; <a title=\"Mira el Faro\" class=\"read-more\" href=\"https:\/\/quechilero.com\/blog\/2014\/08\/22\/mira-el-faro\/\" aria-label=\"Leer m\u00e1s sobre Mira el Faro\">Leer m\u00e1s<\/a><\/p>\n","protected":false},"author":1,"featured_media":0,"comment_status":"open","ping_status":"open","sticky":false,"template":"","format":"standard","meta":{"advanced_seo_description":"","jetpack_seo_html_title":"","jetpack_seo_noindex":false,"jetpack_seo_schema_type":"","episode_type":"","audio_file":"","podmotor_file_id":"","podmotor_episode_id":"","cover_image":"","cover_image_id":"","duration":"","filesize":"","filesize_raw":"","date_recorded":"","explicit":"","block":"","_jetpack_newsletter_access":"","_jetpack_dont_email_post_to_subs":false,"_jetpack_newsletter_tier_id":0,"_jetpack_memberships_contains_paywalled_content":false,"_jetpack_feature_clip_id":0,"_jetpack_memberships_contains_paid_content":false,"footnotes":"","jetpack_publicize_message":"","jetpack_publicize_feature_enabled":true,"jetpack_social_post_already_shared":true,"jetpack_social_options":{"image_generator_settings":{"template":"highway","default_image_id":0,"font":"","enabled":false},"version":2},"jetpack_post_was_ever_published":false},"categories":[2],"tags":[37,51,24],"series":[],"class_list":["post-19248","post","type-post","status-publish","format-standard","hentry","category-limones","tag-ayuda","tag-dios","tag-vida"],"episode_featured_image":false,"episode_player_image":"https:\/\/i0.wp.com\/quechilero.com\/blog\/imagenes\/podcast.png?fit=1831%2C1831&ssl=1","download_link":"","player_link":"","audio_player":false,"episode_data":{"playerMode":"dark","subscribeUrls":{"amazon":{"key":"amazon","url":"","label":"Amazon","class":"amazon","icon":"amazon.png"},"apple_podcasts":{"key":"apple_podcasts","url":"","label":"Apple Podcasts","class":"apple_podcasts","icon":"apple-podcasts.png"},"castbox":{"key":"castbox","url":"","label":"CastBox","class":"castbox","icon":"castbox.png"},"deezer":{"key":"deezer","url":"","label":"Deezer","class":"deezer","icon":"deezer.png"},"google_podcasts":{"key":"google_podcasts","url":"","label":"Google Podcasts","class":"google_podcasts","icon":"google-podcasts.png"},"listen_notes":{"key":"listen_notes","url":"","label":"Listen Notes","class":"listen_notes","icon":"listen-notes.png"},"pandora":{"key":"pandora","url":"","label":"Pandora","class":"pandora","icon":"pandora.png"},"podbean":{"key":"podbean","url":"","label":"Podbean","class":"podbean","icon":"podbean.png"},"podcast_republic":{"key":"podcast_republic","url":"","label":"Podcast Republic","class":"podcast_republic","icon":"podcast-republic.png"},"rss":{"key":"rss","url":"","label":"RSS","class":"rss","icon":"rss.png"},"spotify":{"key":"spotify","url":"","label":"Spotify","class":"spotify","icon":"spotify.png"},"stitcher":{"key":"stitcher","url":"","label":"Stitcher","class":"stitcher","icon":"stitcher.png"},"tunein":{"key":"tunein","url":"","label":"TuneIn","class":"tunein","icon":"tunein.png"},"youtube":{"key":"youtube","url":"","label":"YouTube","class":"youtube","icon":"youtube.png"},"iheartradio":{"key":"iheartradio","url":"","label":"iHeartRadio","class":"iheartradio","icon":"iheartradio.png"},"ivoox":{"key":"ivoox","url":"","label":"iVoox","class":"ivoox","icon":"ivoox.png"}},"rssFeedUrl":"https:\/\/quechilero.com\/blog\/feed\/podcast\/si-la-vida-nos-da-limones","embedCode":"<blockquote class=\"wp-embedded-content\" data-secret=\"xv1DthMz2V\"><a href=\"https:\/\/quechilero.com\/blog\/2014\/08\/22\/mira-el-faro\/\">Mira el Faro<\/a><\/blockquote><iframe sandbox=\"allow-scripts\" security=\"restricted\" src=\"https:\/\/quechilero.com\/blog\/2014\/08\/22\/mira-el-faro\/embed\/#?secret=xv1DthMz2V\" width=\"500\" height=\"350\" title=\"\u00abMira el Faro\u00bb \u2014 Si la Vida nos da Limones...\" data-secret=\"xv1DthMz2V\" frameborder=\"0\" marginwidth=\"0\" marginheight=\"0\" scrolling=\"no\" class=\"wp-embedded-content\"><\/iframe><script>\n\/*! This file is auto-generated *\/\n!function(d,l){\"use strict\";l.querySelector&&d.addEventListener&&\"undefined\"!=typeof URL&&(d.wp=d.wp||{},d.wp.receiveEmbedMessage||(d.wp.receiveEmbedMessage=function(e){var t=e.data;if((t||t.secret||t.message||t.value)&&!\/[^a-zA-Z0-9]\/.test(t.secret)){for(var s,r,n,a=l.querySelectorAll('iframe[data-secret=\"'+t.secret+'\"]'),o=l.querySelectorAll('blockquote[data-secret=\"'+t.secret+'\"]'),c=new RegExp(\"^https?:$\",\"i\"),i=0;i<o.length;i++)o[i].style.display=\"none\";for(i=0;i<a.length;i++)s=a[i],e.source===s.contentWindow&&(s.removeAttribute(\"style\"),\"height\"===t.message?(1e3<(r=parseInt(t.value,10))?r=1e3:~~r<200&&(r=200),s.height=r):\"link\"===t.message&&(r=new URL(s.getAttribute(\"src\")),n=new URL(t.value),c.test(n.protocol))&&n.host===r.host&&l.activeElement===s&&(d.top.location.href=t.value))}},d.addEventListener(\"message\",d.wp.receiveEmbedMessage,!1),l.addEventListener(\"DOMContentLoaded\",function(){for(var e,t,s=l.querySelectorAll(\"iframe.wp-embedded-content\"),r=0;r<s.length;r++)(t=(e=s[r]).getAttribute(\"data-secret\"))||(t=Math.random().toString(36).substring(2,12),e.src+=\"#?secret=\"+t,e.setAttribute(\"data-secret\",t)),e.contentWindow.postMessage({message:\"ready\",secret:t},\"*\")},!1)))}(window,document);\n\/\/# sourceURL=https:\/\/quechilero.com\/blog\/wp-includes\/js\/wp-embed.min.js\n<\/script>\n"},"jetpack_publicize_connections":[],"jetpack_shortlink":"https:\/\/wp.me\/pDKli-50s","jetpack_sharing_enabled":true,"jetpack-related-posts":[{"id":20057,"url":"https:\/\/quechilero.com\/blog\/2015\/04\/19\/mira-el-faro-2\/","url_meta":{"origin":19248,"position":0},"title":"Mira el Faro","author":"Pepe Barrascout Ortiz","date":"19 abril 2015","format":false,"excerpt":"Un capit\u00e1n y su tripulaci\u00f3n viajaban en medio de una terrible tormenta durante una oscura noche, luego de varios d\u00edas en alta mar. El peque\u00f1o barco era golpeado insistentemente por las olas y el viento, y se mec\u00eda casi hasta volcarse mientras toda la estructura cruj\u00eda y se retorc\u00eda hasta\u2026","rel":"","context":"En \u00abLimones\u00bb","block_context":{"text":"Limones","link":"https:\/\/quechilero.com\/blog\/category\/limones\/"},"img":{"alt_text":"","src":"","width":0,"height":0},"classes":[]},{"id":19629,"url":"https:\/\/quechilero.com\/blog\/2015\/01\/01\/el-capitan\/","url_meta":{"origin":19248,"position":1},"title":"El capit\u00e1n","author":"Pepe Barrascout Ortiz","date":"1 enero 2015","format":false,"excerpt":"El capit\u00e1n del barco miraba, a lo lejos, luces tenues en la oscuridad de la noche. De inmediato, orden\u00f3 a su guardav\u00eda a enviar el siguiente mensaje: \"Altere su rumbo diez grados hacia el sur\". Enseguida, fue recibida la r\u00e9plica: \"Altere el suyo diez grados hacia el norte\". Se enfad\u00f3\u2026","rel":"","context":"En \u00abLimones\u00bb","block_context":{"text":"Limones","link":"https:\/\/quechilero.com\/blog\/category\/limones\/"},"img":{"alt_text":"","src":"","width":0,"height":0},"classes":[]},{"id":15271,"url":"https:\/\/quechilero.com\/blog\/2012\/12\/28\/en-sus-manos\/","url_meta":{"origin":19248,"position":2},"title":"En sus manos","author":"Pepe Barrascout Ortiz","date":"28 diciembre 2012","format":false,"excerpt":"Durante una fuerte tormenta en alta mar, una mujer muy nerviosa que viajaba en un trasatl\u00e1ntico acudi\u00f3 al capit\u00e1n en busca de tranquilidad. - \"Capit\u00e1n\", le pregunt\u00f3 temblorosa, \"\u00bfEstamos en gran peligro?\" - \"No se preocupe, Se\u00f1ora\", le respondi\u00f3. \"Despu\u00e9s de todo, estamos en manos de Dios.\" - \"\u00bfTan mala\u2026","rel":"","context":"En \u00abLimones\u00bb","block_context":{"text":"Limones","link":"https:\/\/quechilero.com\/blog\/category\/limones\/"},"img":{"alt_text":"","src":"","width":0,"height":0},"classes":[]},{"id":19302,"url":"https:\/\/quechilero.com\/blog\/2014\/09\/03\/mira-hacia-arriba\/","url_meta":{"origin":19248,"position":3},"title":"\u00a1Mira hacia arriba!","author":"Pepe Barrascout Ortiz","date":"3 septiembre 2014","format":false,"excerpt":"Al salir del puerto, un capit\u00e1n pregunt\u00f3 a un nuevo grumete: \"\u00bfTambi\u00e9n sabes escalar?\" \"Pues, claro\", contest\u00f3 el muchacho. Pensaba poder hacerlo porque en el jard\u00edn de su casa a menudo se hab\u00eda subido a los \u00e1rboles. Entonces el capit\u00e1n lo hizo trepar en el m\u00e1stil. Debido a las olas,\u2026","rel":"","context":"En \u00abLimones\u00bb","block_context":{"text":"Limones","link":"https:\/\/quechilero.com\/blog\/category\/limones\/"},"img":{"alt_text":"","src":"","width":0,"height":0},"classes":[]},{"id":17927,"url":"https:\/\/quechilero.com\/blog\/2014\/06\/25\/la-fe-de-jorge-muller\/","url_meta":{"origin":19248,"position":4},"title":"La fe de Jorge M\u00fcller","author":"Pepe Barrascout Ortiz","date":"25 junio 2014","format":false,"excerpt":"El capit\u00e1n de un barco cont\u00f3 la siguiente historia: La \u00faltima vez que navegu\u00e9 por aqu\u00ed, hace cinco semanas, me aconteci\u00f3 algo extraordinario que revolucion\u00f3 mi vida por completo. Ten\u00edamos a bordo a Jorge M\u00fcller, de Bristol. Durante veinticuatro horas yo no hab\u00eda abandonado el puente de mando, cuando se\u2026","rel":"","context":"En \u00abLimones\u00bb","block_context":{"text":"Limones","link":"https:\/\/quechilero.com\/blog\/category\/limones\/"},"img":{"alt_text":"","src":"","width":0,"height":0},"classes":[]},{"id":17701,"url":"https:\/\/quechilero.com\/blog\/2014\/01\/28\/levantalo\/","url_meta":{"origin":19248,"position":5},"title":"\u00a1Lev\u00e1ntalo!","author":"Pepe Barrascout Ortiz","date":"28 enero 2014","format":false,"excerpt":"Cuando Colin Powell era un joven oficial de infanter\u00eda, sirvi\u00f3 en Frankfurt, Alemania. Un d\u00eda su pelot\u00f3n fue asignado para custodiar un ca\u00f1\u00f3n at\u00f3mico de 280 mil\u00edmetros. Powell alert\u00f3 a sus hombres, carg\u00f3 su pistola calibre 45 y salt\u00f3 dentro de su jeep. Despu\u00e9s de un peque\u00f1o recorrido, se percat\u00f3\u2026","rel":"","context":"En \u00abLimones\u00bb","block_context":{"text":"Limones","link":"https:\/\/quechilero.com\/blog\/category\/limones\/"},"img":{"alt_text":"","src":"","width":0,"height":0},"classes":[]}],"jetpack_featured_media_url":"","_links":{"self":[{"href":"https:\/\/quechilero.com\/blog\/wp-json\/wp\/v2\/posts\/19248","targetHints":{"allow":["GET"]}}],"collection":[{"href":"https:\/\/quechilero.com\/blog\/wp-json\/wp\/v2\/posts"}],"about":[{"href":"https:\/\/quechilero.com\/blog\/wp-json\/wp\/v2\/types\/post"}],"author":[{"embeddable":true,"href":"https:\/\/quechilero.com\/blog\/wp-json\/wp\/v2\/users\/1"}],"replies":[{"embeddable":true,"href":"https:\/\/quechilero.com\/blog\/wp-json\/wp\/v2\/comments?post=19248"}],"version-history":[{"count":0,"href":"https:\/\/quechilero.com\/blog\/wp-json\/wp\/v2\/posts\/19248\/revisions"}],"wp:attachment":[{"href":"https:\/\/quechilero.com\/blog\/wp-json\/wp\/v2\/media?parent=19248"}],"wp:term":[{"taxonomy":"category","embeddable":true,"href":"https:\/\/quechilero.com\/blog\/wp-json\/wp\/v2\/categories?post=19248"},{"taxonomy":"post_tag","embeddable":true,"href":"https:\/\/quechilero.com\/blog\/wp-json\/wp\/v2\/tags?post=19248"},{"taxonomy":"series","embeddable":true,"href":"https:\/\/quechilero.com\/blog\/wp-json\/wp\/v2\/series?post=19248"}],"curies":[{"name":"wp","href":"https:\/\/api.w.org\/{rel}","templated":true}]}}