{"id":18741,"date":"2014-08-15T08:00:35","date_gmt":"2014-08-15T14:00:35","guid":{"rendered":"http:\/\/quechilero.com\/blog\/?p=18741"},"modified":"2014-08-07T12:39:54","modified_gmt":"2014-08-07T18:39:54","slug":"la-mision","status":"publish","type":"post","link":"https:\/\/quechilero.com\/blog\/2014\/08\/15\/la-mision\/","title":{"rendered":"La misi\u00f3n"},"content":{"rendered":"<p>Los te\u00f3logos antiguos dec\u00edan: el alma es una especie de barca de vela; el Esp\u00edritu Santo es el viento que sopla la vela para hacerla avanzar; la fuerza y el \u00edmpetu del viento son los dones del Esp\u00edritu. Sin su fuerza, sin su gracia, no ir\u00edamos adelante.<\/p>\n<p>El Esp\u00edritu Santo nos introduce en el misterio del Dios vivo, y nos salvaguarda del peligro de una Iglesia gn\u00f3stica y de una Iglesia autorreferencial, cerrada en su recinto; nos impulsa a abrir las puertas para salir, para anunciar y dar testimonio de la bondad del Evangelio, para comunicar el gozo de la fe, del encuentro con Cristo. El Esp\u00edritu Santo es el alma de la misi\u00f3n.<\/p>\n<p>Lo que sucedi\u00f3 en Jerusal\u00e9n hace casi dos mil a\u00f1os no es un hecho lejano, es algo que llega hasta nosotros, que cada uno de nosotros podemos experimentar. El Pentecost\u00e9s del cen\u00e1culo de Jerusal\u00e9n es el inicio, un inicio que se prolonga. El Esp\u00edritu Santo es el don por excelencia de Cristo resucitado a sus Ap\u00f3stoles, pero \u00c9l quiere que llegue a todos. Jes\u00fas, como hemos escuchado en el Evangelio, dice: \u00abYo le pedir\u00e9 al Padre que os d\u00e9 otro Par\u00e1clito, que est\u00e9 siempre con vosotros\u00bb (Jn 14,16). Es el Esp\u00edritu Par\u00e1clito, el Consolador, que da el valor para recorrer los caminos del mundo llevando el Evangelio.<\/p>\n<p>El Esp\u00edritu Santo nos muestra el horizonte y nos impulsa a las periferias existenciales para anunciar la vida de Jesucristo. Pregunt\u00e9monos si tenemos la tendencia a cerrarnos en nosotros mismos, en nuestro grupo, o si dejamos que el Esp\u00edritu Santo nos conduzca a la misi\u00f3n.<\/p>\n<p><em><strong>Tomado de la Homil\u00eda del Santo Padre Francisco<\/strong><\/em><br \/>\n<em><strong>Santa misa con los Movimientos Eclesiales en la solemnidad de Pentecost\u00e9s<\/strong><\/em><\/p>\n","protected":false},"excerpt":{"rendered":"<p>Los te\u00f3logos antiguos dec\u00edan: el alma es una especie de barca de vela; el Esp\u00edritu Santo es el viento que sopla la vela para hacerla avanzar; la fuerza y el \u00edmpetu del viento son los dones del Esp\u00edritu. Sin su fuerza, sin su gracia, no ir\u00edamos adelante. El Esp\u00edritu Santo nos introduce en el misterio &#8230; <a title=\"La misi\u00f3n\" class=\"read-more\" href=\"https:\/\/quechilero.com\/blog\/2014\/08\/15\/la-mision\/\" aria-label=\"Leer m\u00e1s sobre La misi\u00f3n\">Leer m\u00e1s<\/a><\/p>\n","protected":false},"author":1,"featured_media":0,"comment_status":"open","ping_status":"open","sticky":false,"template":"","format":"standard","meta":{"advanced_seo_description":"","jetpack_seo_html_title":"","jetpack_seo_noindex":false,"episode_type":"","audio_file":"","cover_image":"","cover_image_id":"","duration":"","filesize":"","date_recorded":"","explicit":"","block":"","filesize_raw":"","jetpack_post_was_ever_published":false,"_jetpack_newsletter_access":"","_jetpack_dont_email_post_to_subs":false,"_jetpack_newsletter_tier_id":0,"_jetpack_memberships_contains_paywalled_content":false,"_jetpack_memberships_contains_paid_content":false,"footnotes":"","jetpack_publicize_message":"","jetpack_publicize_feature_enabled":true,"jetpack_social_post_already_shared":true,"jetpack_social_options":{"image_generator_settings":{"template":"highway","enabled":false},"version":2}},"categories":[2],"tags":[51,90,74,24],"series":[],"class_list":["post-18741","post","type-post","status-publish","format-standard","hentry","category-limones","tag-dios","tag-evangelio","tag-jesus","tag-vida"],"episode_featured_image":false,"episode_player_image":"https:\/\/i0.wp.com\/quechilero.com\/blog\/imagenes\/podcast.png?fit=1831%2C1831&ssl=1","download_link":"","player_link":"","audio_player":false,"episode_data":{"playerMode":"dark","subscribeUrls":{"amazon":{"key":"amazon","url":"","label":"Amazon","class":"amazon","icon":"amazon.png"},"apple_podcasts":{"key":"apple_podcasts","url":"","label":"Apple Podcasts","class":"apple_podcasts","icon":"apple-podcasts.png"},"castbox":{"key":"castbox","url":"","label":"CastBox","class":"castbox","icon":"castbox.png"},"deezer":{"key":"deezer","url":"","label":"Deezer","class":"deezer","icon":"deezer.png"},"google_podcasts":{"key":"google_podcasts","url":"","label":"Google Podcasts","class":"google_podcasts","icon":"google-podcasts.png"},"listen_notes":{"key":"listen_notes","url":"","label":"Listen Notes","class":"listen_notes","icon":"listen-notes.png"},"pandora":{"key":"pandora","url":"","label":"Pandora","class":"pandora","icon":"pandora.png"},"podbean":{"key":"podbean","url":"","label":"Podbean","class":"podbean","icon":"podbean.png"},"podcast_republic":{"key":"podcast_republic","url":"","label":"Podcast Republic","class":"podcast_republic","icon":"podcast-republic.png"},"rss":{"key":"rss","url":"","label":"RSS","class":"rss","icon":"rss.png"},"spotify":{"key":"spotify","url":"","label":"Spotify","class":"spotify","icon":"spotify.png"},"stitcher":{"key":"stitcher","url":"","label":"Stitcher","class":"stitcher","icon":"stitcher.png"},"tunein":{"key":"tunein","url":"","label":"TuneIn","class":"tunein","icon":"tunein.png"},"youtube":{"key":"youtube","url":"","label":"YouTube","class":"youtube","icon":"youtube.png"},"iheartradio":{"key":"iheartradio","url":"","label":"iHeartRadio","class":"iheartradio","icon":"iheartradio.png"},"ivoox":{"key":"ivoox","url":"","label":"iVoox","class":"ivoox","icon":"ivoox.png"}},"rssFeedUrl":"https:\/\/quechilero.com\/blog\/feed\/podcast\/si-la-vida-nos-da-limones","embedCode":"<blockquote class=\"wp-embedded-content\" data-secret=\"MEYGKOmfHu\"><a href=\"https:\/\/quechilero.com\/blog\/2014\/08\/15\/la-mision\/\">La misi\u00f3n<\/a><\/blockquote><iframe sandbox=\"allow-scripts\" security=\"restricted\" src=\"https:\/\/quechilero.com\/blog\/2014\/08\/15\/la-mision\/embed\/#?secret=MEYGKOmfHu\" width=\"500\" height=\"350\" title=\"\u00abLa misi\u00f3n\u00bb \u2014 Si la Vida nos da Limones...\" data-secret=\"MEYGKOmfHu\" frameborder=\"0\" marginwidth=\"0\" marginheight=\"0\" scrolling=\"no\" class=\"wp-embedded-content\"><\/iframe><script>\n\/*! This file is auto-generated *\/\n!function(d,l){\"use strict\";l.querySelector&&d.addEventListener&&\"undefined\"!=typeof URL&&(d.wp=d.wp||{},d.wp.receiveEmbedMessage||(d.wp.receiveEmbedMessage=function(e){var t=e.data;if((t||t.secret||t.message||t.value)&&!\/[^a-zA-Z0-9]\/.test(t.secret)){for(var s,r,n,a=l.querySelectorAll('iframe[data-secret=\"'+t.secret+'\"]'),o=l.querySelectorAll('blockquote[data-secret=\"'+t.secret+'\"]'),c=new RegExp(\"^https?:$\",\"i\"),i=0;i<o.length;i++)o[i].style.display=\"none\";for(i=0;i<a.length;i++)s=a[i],e.source===s.contentWindow&&(s.removeAttribute(\"style\"),\"height\"===t.message?(1e3<(r=parseInt(t.value,10))?r=1e3:~~r<200&&(r=200),s.height=r):\"link\"===t.message&&(r=new URL(s.getAttribute(\"src\")),n=new URL(t.value),c.test(n.protocol))&&n.host===r.host&&l.activeElement===s&&(d.top.location.href=t.value))}},d.addEventListener(\"message\",d.wp.receiveEmbedMessage,!1),l.addEventListener(\"DOMContentLoaded\",function(){for(var e,t,s=l.querySelectorAll(\"iframe.wp-embedded-content\"),r=0;r<s.length;r++)(t=(e=s[r]).getAttribute(\"data-secret\"))||(t=Math.random().toString(36).substring(2,12),e.src+=\"#?secret=\"+t,e.setAttribute(\"data-secret\",t)),e.contentWindow.postMessage({message:\"ready\",secret:t},\"*\")},!1)))}(window,document);\n\/\/# sourceURL=https:\/\/quechilero.com\/blog\/wp-includes\/js\/wp-embed.min.js\n<\/script>\n"},"jetpack_publicize_connections":[],"jetpack_featured_media_url":"","jetpack_shortlink":"https:\/\/wp.me\/pDKli-4Sh","jetpack_sharing_enabled":true,"jetpack-related-posts":[],"_links":{"self":[{"href":"https:\/\/quechilero.com\/blog\/wp-json\/wp\/v2\/posts\/18741","targetHints":{"allow":["GET"]}}],"collection":[{"href":"https:\/\/quechilero.com\/blog\/wp-json\/wp\/v2\/posts"}],"about":[{"href":"https:\/\/quechilero.com\/blog\/wp-json\/wp\/v2\/types\/post"}],"author":[{"embeddable":true,"href":"https:\/\/quechilero.com\/blog\/wp-json\/wp\/v2\/users\/1"}],"replies":[{"embeddable":true,"href":"https:\/\/quechilero.com\/blog\/wp-json\/wp\/v2\/comments?post=18741"}],"version-history":[{"count":0,"href":"https:\/\/quechilero.com\/blog\/wp-json\/wp\/v2\/posts\/18741\/revisions"}],"wp:attachment":[{"href":"https:\/\/quechilero.com\/blog\/wp-json\/wp\/v2\/media?parent=18741"}],"wp:term":[{"taxonomy":"category","embeddable":true,"href":"https:\/\/quechilero.com\/blog\/wp-json\/wp\/v2\/categories?post=18741"},{"taxonomy":"post_tag","embeddable":true,"href":"https:\/\/quechilero.com\/blog\/wp-json\/wp\/v2\/tags?post=18741"},{"taxonomy":"series","embeddable":true,"href":"https:\/\/quechilero.com\/blog\/wp-json\/wp\/v2\/series?post=18741"}],"curies":[{"name":"wp","href":"https:\/\/api.w.org\/{rel}","templated":true}]}}