{"id":18729,"date":"2014-08-07T08:00:11","date_gmt":"2014-08-07T14:00:11","guid":{"rendered":"http:\/\/quechilero.com\/blog\/?p=18729"},"modified":"2014-08-07T11:29:31","modified_gmt":"2014-08-07T17:29:31","slug":"alegres-y-tristes","status":"publish","type":"post","link":"https:\/\/quechilero.com\/blog\/2014\/08\/07\/alegres-y-tristes\/","title":{"rendered":"Alegres y tristes"},"content":{"rendered":"<p>Cuenta una vieja leyenda que tres hombres estaban una vez cruzando un desierto a caballo durante la noche. Cuando se acercaban a un riachuelo seco escucharon una voz que les orden\u00f3 desmontarse, recoger unas piedras, pon\u00e9rselas en los bolsillos, y no mirarlas hasta la ma\u00f1ana siguiente. A los hombres se les prometi\u00f3 que si obedec\u00edan, iban a estar alegres y tristes a la vez. Luego de hacer lo que les indicaron, los tres montaron en sus caballos y siguieron su camino.<\/p>\n<p>Cuando empezaron a salir los primeros rayos de sol, los hombres se metieron la mano en los bolsillos para sacar las piedras. Para su gran sorpresa, se hab\u00edan transformado en diamantes, rub\u00edes y otras gemas preciosas. Fue entonces cuando se dieron cuenta del significado de la promesa de que estar\u00edan alegres y tristes a la vez. Estaban alegres por haber escogido la cantidad de piedras que recogieron, pero tristes -muy tristes- por no haber recogido m\u00e1s.<\/p>\n<p>Yo me pregunto si nosotros vamos a sentir lo mismo cuando lleguemos al cielo. Estaremos contentos con el tesoro que nos acumulamos en el cielo mientras est\u00e1bamos en la tierra, y gozosos por las recompensas que Cristo nos dar\u00e1, pero tambi\u00e9n lamentaremos no haber hecho m\u00e1s para servirle.<\/p>\n<p>Saquemos el m\u00e1ximo provecho a nuestras oportunidades para que estemos m\u00e1s alegres que tristes.<\/p>\n","protected":false},"excerpt":{"rendered":"<p>Cuenta una vieja leyenda que tres hombres estaban una vez cruzando un desierto a caballo durante la noche. Cuando se acercaban a un riachuelo seco escucharon una voz que les orden\u00f3 desmontarse, recoger unas piedras, pon\u00e9rselas en los bolsillos, y no mirarlas hasta la ma\u00f1ana siguiente. A los hombres se les prometi\u00f3 que si obedec\u00edan, &#8230; <a title=\"Alegres y tristes\" class=\"read-more\" href=\"https:\/\/quechilero.com\/blog\/2014\/08\/07\/alegres-y-tristes\/\" aria-label=\"Leer m\u00e1s sobre Alegres y tristes\">Leer m\u00e1s<\/a><\/p>\n","protected":false},"author":1,"featured_media":0,"comment_status":"open","ping_status":"open","sticky":false,"template":"","format":"standard","meta":{"advanced_seo_description":"","jetpack_seo_html_title":"","jetpack_seo_noindex":false,"jetpack_seo_schema_type":"","episode_type":"","audio_file":"","podmotor_file_id":"","podmotor_episode_id":"","cover_image":"","cover_image_id":"","duration":"","filesize":"","filesize_raw":"","date_recorded":"","explicit":"","block":"","_jetpack_newsletter_access":"","_jetpack_dont_email_post_to_subs":false,"_jetpack_newsletter_tier_id":0,"_jetpack_memberships_contains_paywalled_content":false,"_jetpack_feature_clip_id":0,"_jetpack_memberships_contains_paid_content":false,"footnotes":"","jetpack_publicize_message":"","jetpack_publicize_feature_enabled":true,"jetpack_social_post_already_shared":true,"jetpack_social_options":{"image_generator_settings":{"template":"highway","default_image_id":0,"font":"","enabled":false},"version":2},"jetpack_post_was_ever_published":false},"categories":[2],"tags":[],"series":[],"class_list":["post-18729","post","type-post","status-publish","format-standard","hentry","category-limones"],"episode_featured_image":false,"episode_player_image":"https:\/\/i0.wp.com\/quechilero.com\/blog\/imagenes\/podcast.png?fit=1831%2C1831&ssl=1","download_link":"","player_link":"","audio_player":false,"episode_data":{"playerMode":"dark","subscribeUrls":{"amazon":{"key":"amazon","url":"","label":"Amazon","class":"amazon","icon":"amazon.png"},"apple_podcasts":{"key":"apple_podcasts","url":"","label":"Apple Podcasts","class":"apple_podcasts","icon":"apple-podcasts.png"},"castbox":{"key":"castbox","url":"","label":"CastBox","class":"castbox","icon":"castbox.png"},"deezer":{"key":"deezer","url":"","label":"Deezer","class":"deezer","icon":"deezer.png"},"google_podcasts":{"key":"google_podcasts","url":"","label":"Google Podcasts","class":"google_podcasts","icon":"google-podcasts.png"},"listen_notes":{"key":"listen_notes","url":"","label":"Listen Notes","class":"listen_notes","icon":"listen-notes.png"},"pandora":{"key":"pandora","url":"","label":"Pandora","class":"pandora","icon":"pandora.png"},"podbean":{"key":"podbean","url":"","label":"Podbean","class":"podbean","icon":"podbean.png"},"podcast_republic":{"key":"podcast_republic","url":"","label":"Podcast Republic","class":"podcast_republic","icon":"podcast-republic.png"},"rss":{"key":"rss","url":"","label":"RSS","class":"rss","icon":"rss.png"},"spotify":{"key":"spotify","url":"","label":"Spotify","class":"spotify","icon":"spotify.png"},"stitcher":{"key":"stitcher","url":"","label":"Stitcher","class":"stitcher","icon":"stitcher.png"},"tunein":{"key":"tunein","url":"","label":"TuneIn","class":"tunein","icon":"tunein.png"},"youtube":{"key":"youtube","url":"","label":"YouTube","class":"youtube","icon":"youtube.png"},"iheartradio":{"key":"iheartradio","url":"","label":"iHeartRadio","class":"iheartradio","icon":"iheartradio.png"},"ivoox":{"key":"ivoox","url":"","label":"iVoox","class":"ivoox","icon":"ivoox.png"}},"rssFeedUrl":"https:\/\/quechilero.com\/blog\/feed\/podcast\/si-la-vida-nos-da-limones","embedCode":"<blockquote class=\"wp-embedded-content\" data-secret=\"UeWMpIBqda\"><a href=\"https:\/\/quechilero.com\/blog\/2014\/08\/07\/alegres-y-tristes\/\">Alegres y tristes<\/a><\/blockquote><iframe sandbox=\"allow-scripts\" security=\"restricted\" src=\"https:\/\/quechilero.com\/blog\/2014\/08\/07\/alegres-y-tristes\/embed\/#?secret=UeWMpIBqda\" width=\"500\" height=\"350\" title=\"\u00abAlegres y tristes\u00bb \u2014 Si la Vida nos da Limones...\" data-secret=\"UeWMpIBqda\" frameborder=\"0\" marginwidth=\"0\" marginheight=\"0\" scrolling=\"no\" class=\"wp-embedded-content\"><\/iframe><script>\n\/*! This file is auto-generated *\/\n!function(d,l){\"use strict\";l.querySelector&&d.addEventListener&&\"undefined\"!=typeof URL&&(d.wp=d.wp||{},d.wp.receiveEmbedMessage||(d.wp.receiveEmbedMessage=function(e){var t=e.data;if((t||t.secret||t.message||t.value)&&!\/[^a-zA-Z0-9]\/.test(t.secret)){for(var s,r,n,a=l.querySelectorAll('iframe[data-secret=\"'+t.secret+'\"]'),o=l.querySelectorAll('blockquote[data-secret=\"'+t.secret+'\"]'),c=new RegExp(\"^https?:$\",\"i\"),i=0;i<o.length;i++)o[i].style.display=\"none\";for(i=0;i<a.length;i++)s=a[i],e.source===s.contentWindow&&(s.removeAttribute(\"style\"),\"height\"===t.message?(1e3<(r=parseInt(t.value,10))?r=1e3:~~r<200&&(r=200),s.height=r):\"link\"===t.message&&(r=new URL(s.getAttribute(\"src\")),n=new URL(t.value),c.test(n.protocol))&&n.host===r.host&&l.activeElement===s&&(d.top.location.href=t.value))}},d.addEventListener(\"message\",d.wp.receiveEmbedMessage,!1),l.addEventListener(\"DOMContentLoaded\",function(){for(var e,t,s=l.querySelectorAll(\"iframe.wp-embedded-content\"),r=0;r<s.length;r++)(t=(e=s[r]).getAttribute(\"data-secret\"))||(t=Math.random().toString(36).substring(2,12),e.src+=\"#?secret=\"+t,e.setAttribute(\"data-secret\",t)),e.contentWindow.postMessage({message:\"ready\",secret:t},\"*\")},!1)))}(window,document);\n\/\/# sourceURL=https:\/\/quechilero.com\/blog\/wp-includes\/js\/wp-embed.min.js\n<\/script>\n"},"jetpack_publicize_connections":[],"jetpack_shortlink":"https:\/\/wp.me\/pDKli-4S5","jetpack_sharing_enabled":true,"jetpack-related-posts":[{"id":21356,"url":"https:\/\/quechilero.com\/blog\/2015\/07\/12\/parabola-de-la-educacion\/","url_meta":{"origin":18729,"position":0},"title":"Par\u00e1bola de la educaci\u00f3n","author":"Pepe Barrascout Ortiz","date":"12 julio 2015","format":false,"excerpt":"Iba un hombre caminando por el desierto cuando oy\u00f3 una voz que le dijo: Levanta unos pu\u00f1os de piedritas, m\u00e9telos a tu bolsillo y ma\u00f1ana te sentir\u00e1s a la vez triste y contento. Aquel hombre obedeci\u00f3. Se inclin\u00f3, recogi\u00f3 un pu\u00f1ado de piedritas y se los meti\u00f3 en el bolsillo.\u2026","rel":"","context":"En \u00abLimones\u00bb","block_context":{"text":"Limones","link":"https:\/\/quechilero.com\/blog\/category\/limones\/"},"img":{"alt_text":"","src":"","width":0,"height":0},"classes":[]},{"id":14366,"url":"https:\/\/quechilero.com\/blog\/2012\/08\/15\/santisima-virgen-de-la-asuncion\/","url_meta":{"origin":18729,"position":1},"title":"Sant\u00edsima Virgen de la Asunci\u00f3n","author":"Pepe Barrascout Ortiz","date":"15 agosto 2012","format":false,"excerpt":"Al cielo vais, Se\u00f1ora, y alla os reciben con alegre canto. \u00a1Oh quien pudiera ahora asirse a vuestro manto para subir con vos al monte santo! De angeles sois llevada de quien servida sois desde la cuna, de estrellas coronada: \u00a1 Tal Reina habra ninguna, pues os calza los pies\u2026","rel":"","context":"En \u00abLimones\u00bb","block_context":{"text":"Limones","link":"https:\/\/quechilero.com\/blog\/category\/limones\/"},"img":{"alt_text":"","src":"","width":0,"height":0},"classes":[]},{"id":17907,"url":"https:\/\/quechilero.com\/blog\/2014\/06\/22\/querido-gatito\/","url_meta":{"origin":18729,"position":2},"title":"Querido gatito","author":"Pepe Barrascout Ortiz","date":"22 junio 2014","format":false,"excerpt":"https:\/\/youtu.be\/G4Sn91t1V4g Me gustan los gatitos, he tenido muchos de ellos, de todos los tama\u00f1os, colores, personalidades. En general me gustan las mascotas, perritos, gatitos y cualquier otro animalito que nos da su cari\u00f1o y compa\u00f1\u00eda. En los \u00faltimos a\u00f1os he tenido varios gatitos que me han acompa\u00f1ado en los muchos\u2026","rel":"","context":"En \u00abVideoBlog\u00bb","block_context":{"text":"VideoBlog","link":"https:\/\/quechilero.com\/blog\/category\/videoblog\/"},"img":{"alt_text":"","src":"https:\/\/i0.wp.com\/img.youtube.com\/vi\/G4Sn91t1V4g\/0.jpg?resize=350%2C200","width":350,"height":200},"classes":[]},{"id":5672,"url":"https:\/\/quechilero.com\/blog\/2010\/12\/09\/clasificado\/","url_meta":{"origin":18729,"position":3},"title":"Clasificado","author":"Pepe Barrascout Ortiz","date":"9 diciembre 2010","format":false,"excerpt":"En el peri\u00f3dico local de mi cuidad sali\u00f3 el siguiente anuncio clasificado: \"\u00bfExiste alg\u00fan lugar en el que podamos pedir prestado a un ni\u00f1ito de tres o cuatro a\u00f1os de edad para las fiestas de Navidad? Tenemos un lindo hogar y nos ocupar\u00edamos muy bien de \u00e9l, devolvi\u00e9ndolo sano y\u2026","rel":"","context":"En \u00abLimones\u00bb","block_context":{"text":"Limones","link":"https:\/\/quechilero.com\/blog\/category\/limones\/"},"img":{"alt_text":"","src":"","width":0,"height":0},"classes":[]},{"id":13345,"url":"https:\/\/quechilero.com\/blog\/2012\/05\/17\/la-piedra-de-toque\/","url_meta":{"origin":18729,"position":4},"title":"La Piedra de Toque","author":"Pepe Barrascout Ortiz","date":"17 mayo 2012","format":false,"excerpt":"Cuando la gran biblioteca de Alejandr\u00eda se quem\u00f3, dice la leyenda, que un libro se salv\u00f3. Pero no era un libro valioso; as\u00ed que un hombre pobre que pod\u00eda leer un poco, lo compr\u00f3 por unos cuantos centavos. El libro no era muy interesante, pero entre sus p\u00e1ginas hab\u00eda algo\u2026","rel":"","context":"En \u00abLimones\u00bb","block_context":{"text":"Limones","link":"https:\/\/quechilero.com\/blog\/category\/limones\/"},"img":{"alt_text":"","src":"","width":0,"height":0},"classes":[]},{"id":14376,"url":"https:\/\/quechilero.com\/blog\/2012\/08\/22\/escondido-en-una-piedra-ruda\/","url_meta":{"origin":18729,"position":5},"title":"Escondido en una piedra ruda","author":"Pepe Barrascout Ortiz","date":"22 agosto 2012","format":false,"excerpt":"Ten\u00eda toda la apariencia de una piedra com\u00fan. Estaba redondeada, y era de color gris. Parec\u00eda una papa, y por cierto, papa la llamaban. La piedra estaba de venta en una exposici\u00f3n de minerales poco comunes en Plano, Texas. Un hombre la compr\u00f3 por diez d\u00f3lares, se la llev\u00f3 a\u2026","rel":"","context":"En \u00abLimones\u00bb","block_context":{"text":"Limones","link":"https:\/\/quechilero.com\/blog\/category\/limones\/"},"img":{"alt_text":"","src":"","width":0,"height":0},"classes":[]}],"jetpack_featured_media_url":"","_links":{"self":[{"href":"https:\/\/quechilero.com\/blog\/wp-json\/wp\/v2\/posts\/18729","targetHints":{"allow":["GET"]}}],"collection":[{"href":"https:\/\/quechilero.com\/blog\/wp-json\/wp\/v2\/posts"}],"about":[{"href":"https:\/\/quechilero.com\/blog\/wp-json\/wp\/v2\/types\/post"}],"author":[{"embeddable":true,"href":"https:\/\/quechilero.com\/blog\/wp-json\/wp\/v2\/users\/1"}],"replies":[{"embeddable":true,"href":"https:\/\/quechilero.com\/blog\/wp-json\/wp\/v2\/comments?post=18729"}],"version-history":[{"count":0,"href":"https:\/\/quechilero.com\/blog\/wp-json\/wp\/v2\/posts\/18729\/revisions"}],"wp:attachment":[{"href":"https:\/\/quechilero.com\/blog\/wp-json\/wp\/v2\/media?parent=18729"}],"wp:term":[{"taxonomy":"category","embeddable":true,"href":"https:\/\/quechilero.com\/blog\/wp-json\/wp\/v2\/categories?post=18729"},{"taxonomy":"post_tag","embeddable":true,"href":"https:\/\/quechilero.com\/blog\/wp-json\/wp\/v2\/tags?post=18729"},{"taxonomy":"series","embeddable":true,"href":"https:\/\/quechilero.com\/blog\/wp-json\/wp\/v2\/series?post=18729"}],"curies":[{"name":"wp","href":"https:\/\/api.w.org\/{rel}","templated":true}]}}