{"id":18284,"date":"2014-07-14T08:00:42","date_gmt":"2014-07-14T14:00:42","guid":{"rendered":"http:\/\/quechilero.com\/blog\/?p=18284"},"modified":"2014-08-03T16:09:20","modified_gmt":"2014-08-03T22:09:20","slug":"accion-de-gracias","status":"publish","type":"post","link":"https:\/\/quechilero.com\/blog\/2014\/07\/14\/accion-de-gracias\/","title":{"rendered":"Acci\u00f3n de Gracias"},"content":{"rendered":"<p><span class=\"embed-youtube\" style=\"text-align:center; display: block;\"><iframe loading=\"lazy\" class=\"youtube-player\" width=\"1200\" height=\"675\" src=\"https:\/\/www.youtube.com\/embed\/xvauf3d5Yi8?version=3&#038;rel=1&#038;showsearch=0&#038;showinfo=1&#038;iv_load_policy=1&#038;fs=1&#038;hl=es-ES&#038;autohide=2&#038;wmode=transparent\" allowfullscreen=\"true\" style=\"border:0;\" sandbox=\"allow-scripts allow-same-origin allow-popups allow-presentation allow-popups-to-escape-sandbox\"><\/iframe><\/span><\/p>\n<p>Misa de Acci\u00f3n de Gracias, por el cumplea\u00f1os de Sandrita Castillo Barrantes. Encomendando a Dios y a la Virgen Mar\u00eda su protecci\u00f3n y cuidado, agradeciendo por un a\u00f1o mas de vida y dichosa existencia.<\/p>\n<p>Se\u00f1or m\u00edo y Dios m\u00edo, te pido que cuides de Sandrita, bendice su vida, aparta de su camino el peligro y librala de la tentaci\u00f3n del pecado. Santa Mar\u00eda, Madre de Dios, te encomiendo a Sandrita para que la protejas, la bendigas y que intercedas por ella, ante Dios nuestro se\u00f1or. T\u00f3mala de su mano y no permitas que se aparte nunca del camino que la lleva a Dios, mant\u00e9n siempre puro, noble y santa su alma.<\/p>\n<p>Am\u00e9n.<\/p>\n<p>*** *** ***<\/p>\n<p><img data-recalc-dims=\"1\" decoding=\"async\" class=\"margin-right: 10px; alignleft\" title=\"Misa de Acci\u00f3n de Gracias - Sandrita Castillo Barrantes\" src=\"https:\/\/i0.wp.com\/img.youtube.com\/vi\/xvauf3d5Yi8\/hqdefault.jpg?w=250\" alt=\"Misa de Acci\u00f3n de Gracias - Sandrita Castillo Barrantes\"  \/>Misa de Acci\u00f3n de Gracias &#8211; Sandrita Castillo Barrantes.<br \/>\nEncomendando bajo el amparo de la Santa Madre de Dios, la Virgen Mar\u00eda.<\/p>\n<p>14 de julio 2014 &#8211; <a title=\"Catedral de Escuintla\" href=\"http:\/\/catedraldeescuintla.com\" target=\"_blank\">Catedral de Escuintla<\/a>, Guatemala.<br \/>\nPadre V\u00edctor Hugo Villatoro Montenegro.<\/p>\n","protected":false},"excerpt":{"rendered":"<p>Misa de Acci\u00f3n de Gracias, por el cumplea\u00f1os de Sandrita Castillo Barrantes. Encomendando a Dios y a la Virgen Mar\u00eda su protecci\u00f3n y cuidado, agradeciendo por un a\u00f1o mas de vida y dichosa existencia. Se\u00f1or m\u00edo y Dios m\u00edo, te pido que cuides de Sandrita, bendice su vida, aparta de su camino el peligro y &#8230; <a title=\"Acci\u00f3n de Gracias\" class=\"read-more\" href=\"https:\/\/quechilero.com\/blog\/2014\/07\/14\/accion-de-gracias\/\" aria-label=\"Leer m\u00e1s sobre Acci\u00f3n de Gracias\">Leer m\u00e1s<\/a><\/p>\n","protected":false},"author":1,"featured_media":0,"comment_status":"open","ping_status":"open","sticky":false,"template":"","format":"standard","meta":{"advanced_seo_description":"","jetpack_seo_html_title":"","jetpack_seo_noindex":false,"jetpack_seo_schema_type":"","episode_type":"","audio_file":"","podmotor_file_id":"","podmotor_episode_id":"","cover_image":"","cover_image_id":"","duration":"","filesize":"","filesize_raw":"","date_recorded":"","explicit":"","block":"","_jetpack_newsletter_access":"","_jetpack_dont_email_post_to_subs":false,"_jetpack_newsletter_tier_id":0,"_jetpack_memberships_contains_paywalled_content":false,"_jetpack_feature_clip_id":0,"_jetpack_memberships_contains_paid_content":false,"footnotes":"","jetpack_publicize_message":"","jetpack_publicize_feature_enabled":true,"jetpack_social_post_already_shared":true,"jetpack_social_options":{"image_generator_settings":{"template":"highway","default_image_id":0,"font":"","enabled":false},"version":2},"jetpack_post_was_ever_published":false},"categories":[113],"tags":[14,51,10,39,24,80,53],"series":[],"class_list":["post-18284","post","type-post","status-publish","format-standard","hentry","category-videoblog","tag-accion","tag-dios","tag-guatemala","tag-madre","tag-vida","tag-virgen-maria","tag-youtube"],"episode_featured_image":false,"episode_player_image":"https:\/\/i0.wp.com\/quechilero.com\/blog\/imagenes\/podcast.png?fit=1831%2C1831&ssl=1","download_link":"","player_link":"","audio_player":false,"episode_data":{"playerMode":"dark","subscribeUrls":{"amazon":{"key":"amazon","url":"","label":"Amazon","class":"amazon","icon":"amazon.png"},"apple_podcasts":{"key":"apple_podcasts","url":"","label":"Apple Podcasts","class":"apple_podcasts","icon":"apple-podcasts.png"},"castbox":{"key":"castbox","url":"","label":"CastBox","class":"castbox","icon":"castbox.png"},"deezer":{"key":"deezer","url":"","label":"Deezer","class":"deezer","icon":"deezer.png"},"google_podcasts":{"key":"google_podcasts","url":"","label":"Google Podcasts","class":"google_podcasts","icon":"google-podcasts.png"},"listen_notes":{"key":"listen_notes","url":"","label":"Listen Notes","class":"listen_notes","icon":"listen-notes.png"},"pandora":{"key":"pandora","url":"","label":"Pandora","class":"pandora","icon":"pandora.png"},"podbean":{"key":"podbean","url":"","label":"Podbean","class":"podbean","icon":"podbean.png"},"podcast_republic":{"key":"podcast_republic","url":"","label":"Podcast Republic","class":"podcast_republic","icon":"podcast-republic.png"},"rss":{"key":"rss","url":"","label":"RSS","class":"rss","icon":"rss.png"},"spotify":{"key":"spotify","url":"","label":"Spotify","class":"spotify","icon":"spotify.png"},"stitcher":{"key":"stitcher","url":"","label":"Stitcher","class":"stitcher","icon":"stitcher.png"},"tunein":{"key":"tunein","url":"","label":"TuneIn","class":"tunein","icon":"tunein.png"},"youtube":{"key":"youtube","url":"","label":"YouTube","class":"youtube","icon":"youtube.png"},"iheartradio":{"key":"iheartradio","url":"","label":"iHeartRadio","class":"iheartradio","icon":"iheartradio.png"},"ivoox":{"key":"ivoox","url":"","label":"iVoox","class":"ivoox","icon":"ivoox.png"}},"rssFeedUrl":"https:\/\/quechilero.com\/blog\/feed\/podcast\/si-la-vida-nos-da-limones","embedCode":"<blockquote class=\"wp-embedded-content\" data-secret=\"S257BhXrdz\"><a href=\"https:\/\/quechilero.com\/blog\/2014\/07\/14\/accion-de-gracias\/\">Acci\u00f3n de Gracias<\/a><\/blockquote><iframe sandbox=\"allow-scripts\" security=\"restricted\" src=\"https:\/\/quechilero.com\/blog\/2014\/07\/14\/accion-de-gracias\/embed\/#?secret=S257BhXrdz\" width=\"500\" height=\"350\" title=\"\u00abAcci\u00f3n de Gracias\u00bb \u2014 Si la Vida nos da Limones...\" data-secret=\"S257BhXrdz\" frameborder=\"0\" marginwidth=\"0\" marginheight=\"0\" scrolling=\"no\" class=\"wp-embedded-content\"><\/iframe><script>\n\/*! This file is auto-generated *\/\n!function(d,l){\"use strict\";l.querySelector&&d.addEventListener&&\"undefined\"!=typeof URL&&(d.wp=d.wp||{},d.wp.receiveEmbedMessage||(d.wp.receiveEmbedMessage=function(e){var t=e.data;if((t||t.secret||t.message||t.value)&&!\/[^a-zA-Z0-9]\/.test(t.secret)){for(var s,r,n,a=l.querySelectorAll('iframe[data-secret=\"'+t.secret+'\"]'),o=l.querySelectorAll('blockquote[data-secret=\"'+t.secret+'\"]'),c=new RegExp(\"^https?:$\",\"i\"),i=0;i<o.length;i++)o[i].style.display=\"none\";for(i=0;i<a.length;i++)s=a[i],e.source===s.contentWindow&&(s.removeAttribute(\"style\"),\"height\"===t.message?(1e3<(r=parseInt(t.value,10))?r=1e3:~~r<200&&(r=200),s.height=r):\"link\"===t.message&&(r=new URL(s.getAttribute(\"src\")),n=new URL(t.value),c.test(n.protocol))&&n.host===r.host&&l.activeElement===s&&(d.top.location.href=t.value))}},d.addEventListener(\"message\",d.wp.receiveEmbedMessage,!1),l.addEventListener(\"DOMContentLoaded\",function(){for(var e,t,s=l.querySelectorAll(\"iframe.wp-embedded-content\"),r=0;r<s.length;r++)(t=(e=s[r]).getAttribute(\"data-secret\"))||(t=Math.random().toString(36).substring(2,12),e.src+=\"#?secret=\"+t,e.setAttribute(\"data-secret\",t)),e.contentWindow.postMessage({message:\"ready\",secret:t},\"*\")},!1)))}(window,document);\n\/\/# sourceURL=https:\/\/quechilero.com\/blog\/wp-includes\/js\/wp-embed.min.js\n<\/script>\n"},"jetpack_publicize_connections":[],"jetpack_shortlink":"https:\/\/wp.me\/pDKli-4KU","jetpack_sharing_enabled":true,"jetpack-related-posts":[{"id":212,"url":"https:\/\/quechilero.com\/blog\/2006\/09\/08\/feliz-cumpleanos-virgen-maria\/","url_meta":{"origin":18284,"position":0},"title":"Feliz Cumplea\u00f1os Virgen Mar\u00eda","author":"Pepe Barrascout Ortiz","date":"8 septiembre 2006","format":false,"excerpt":"La Virgen Mar\u00eda fue la Madre de Jes\u00fas y, con este hecho, se cumplieron las Escrituras y todo lo dicho por los profetas. Dios escogi\u00f3 a esta mujer para ser la Madre de su Hijo. Con ella se aproxim\u00f3 la hora de la salvaci\u00f3n. Por esta raz\u00f3n la Iglesia celebra\u2026","rel":"","context":"En \u00abLimones\u00bb","block_context":{"text":"Limones","link":"https:\/\/quechilero.com\/blog\/category\/limones\/"},"img":{"alt_text":"Virgen Mar\u00eda y Jes\u00fas","src":"https:\/\/i0.wp.com\/static.flickr.com\/80\/237816042_af63aaefeb.jpg?resize=350%2C200","width":350,"height":200},"classes":[]},{"id":18113,"url":"https:\/\/quechilero.com\/blog\/2014\/08\/02\/nuestra-senora-de-los-angeles\/","url_meta":{"origin":18284,"position":1},"title":"Nuestra Se\u00f1ora de los \u00c1ngeles","author":"Pepe Barrascout Ortiz","date":"2 agosto 2014","format":false,"excerpt":"Nuestra Se\u00f1ora de los \u00c1ngeles, es la advocaci\u00f3n\u00a0que recibe la Virgen Mar\u00eda, como Reina de todos los \u00e1ngeles. Los franciscanos lo celebran el 2 de agosto. En Cartago (Costa Rica), existe una Bas\u00edlica Menor, en su honor, es la patrona de Costa Rica y es venerada por muchas personas que\u2026","rel":"","context":"En \u00abLimones\u00bb","block_context":{"text":"Limones","link":"https:\/\/quechilero.com\/blog\/category\/limones\/"},"img":{"alt_text":"","src":"","width":0,"height":0},"classes":[]},{"id":10232,"url":"https:\/\/quechilero.com\/blog\/2011\/08\/15\/solemnidad-de-la-asuncion-de-la-virgen-maria\/","url_meta":{"origin":18284,"position":2},"title":"Solemnidad de la Asunci\u00f3n de la Virgen Mar\u00eda","author":"Pepe Barrascout Ortiz","date":"15 agosto 2011","format":false,"excerpt":"Hermanos, la Iglesia quiere comunicarnos una Buena Noticia: la Asunci\u00f3n de Mar\u00eda en cuerpo y alma a los cielos. 1.- Proclamaci\u00f3n del misterio de la Asunci\u00f3n de Mar\u00eda El d\u00eda 1 de Noviembre de 1950,P\u00edo XII defini\u00f3 solemnemente el dogma de la Asunci\u00f3n de Mar\u00eda a los cielos con estas\u2026","rel":"","context":"En \u00abLimones\u00bb","block_context":{"text":"Limones","link":"https:\/\/quechilero.com\/blog\/category\/limones\/"},"img":{"alt_text":"","src":"https:\/\/i0.wp.com\/lh3.googleusercontent.com\/-hoNf0XlCGas\/TknhhNXlY_I\/AAAAAAAAA4E\/TkOHPATlRSk\/s640\/VIRGEN%252520MAR%2525C3%25258DA%252520-%252520ASUNCI%2525C3%252593N%252520-%252520ITALIA%252520-%252520assunzione.jpg?resize=350%2C200&ssl=1","width":350,"height":200},"classes":[]},{"id":7591,"url":"https:\/\/quechilero.com\/blog\/2011\/03\/23\/reflexiones-de-cuaresma-dia-15\/","url_meta":{"origin":18284,"position":3},"title":"Reflexiones de Cuaresma d\u00eda 15","author":"Pepe Barrascout Ortiz","date":"23 marzo 2011","format":false,"excerpt":"Oraci\u00f3n inicial Se\u00f1or m\u00edo, Jesucristo, creo firmemente que est\u00e1s aqu\u00ed; en estos pocos minutos de oraci\u00f3n que empiezo ahora quiero pedirte y agradecerte. Pedirte\u00a0la gracia de darme m\u00e1s cuenta de que T\u00fa vives, me escuchas y me amas; tanto, que has querido morir libremente por m\u00ed en la cruz y\u2026","rel":"","context":"En \u00abLimones por mano\u00bb","block_context":{"text":"Limones por mano","link":"https:\/\/quechilero.com\/blog\/category\/limones-por-mano\/"},"img":{"alt_text":"","src":"","width":0,"height":0},"classes":[]},{"id":17357,"url":"https:\/\/quechilero.com\/blog\/2013\/10\/27\/una-figura-sencilla-y-humilde\/","url_meta":{"origin":18284,"position":4},"title":"Una figura sencilla y humilde","author":"Pepe Barrascout Ortiz","date":"27 octubre 2013","format":false,"excerpt":"San Jos\u00e9 era una figura sencilla y humilde, silenciosa y pobre en apariencia, pero Dios le ha encomendado una misi\u00f3n \u00fanica y maravillosa. Este hombre del silencio es un hombre aparte, a\u00fan en medio de los bienaventurados. Era de estirpe real, de la familia de David. Dios le muestra un\u2026","rel":"","context":"En \u00abLimones\u00bb","block_context":{"text":"Limones","link":"https:\/\/quechilero.com\/blog\/category\/limones\/"},"img":{"alt_text":"","src":"","width":0,"height":0},"classes":[]},{"id":2066,"url":"https:\/\/quechilero.com\/blog\/2008\/12\/08\/inmaculada-concepcion-de-maria\/","url_meta":{"origin":18284,"position":5},"title":"Inmaculada Concepci\u00f3n de Mar\u00eda","author":"Pepe Barrascout Ortiz","date":"8 diciembre 2008","format":false,"excerpt":"Hoy 8 de diciembre, celebramos la fiesta de la Inmaculada Concepci\u00f3n de la Virgen Mar\u00eda, madre de Dios y madre nuestra. Junto a la celebraci\u00f3n del Adviento, que empez\u00f3 hace dos domingos, esta otra festividad nos prepara para la conmemoraci\u00f3n de la Natividad de Jes\u00fas. M\u00e9ritos: Mar\u00eda es libre de\u2026","rel":"","context":"En \u00abLimones\u00bb","block_context":{"text":"Limones","link":"https:\/\/quechilero.com\/blog\/category\/limones\/"},"img":{"alt_text":"","src":"https:\/\/i0.wp.com\/img505.imageshack.us\/img505\/5422\/zinmaculadamurillonv9.jpg?resize=350%2C200","width":350,"height":200},"classes":[]}],"jetpack_featured_media_url":"","_links":{"self":[{"href":"https:\/\/quechilero.com\/blog\/wp-json\/wp\/v2\/posts\/18284","targetHints":{"allow":["GET"]}}],"collection":[{"href":"https:\/\/quechilero.com\/blog\/wp-json\/wp\/v2\/posts"}],"about":[{"href":"https:\/\/quechilero.com\/blog\/wp-json\/wp\/v2\/types\/post"}],"author":[{"embeddable":true,"href":"https:\/\/quechilero.com\/blog\/wp-json\/wp\/v2\/users\/1"}],"replies":[{"embeddable":true,"href":"https:\/\/quechilero.com\/blog\/wp-json\/wp\/v2\/comments?post=18284"}],"version-history":[{"count":0,"href":"https:\/\/quechilero.com\/blog\/wp-json\/wp\/v2\/posts\/18284\/revisions"}],"wp:attachment":[{"href":"https:\/\/quechilero.com\/blog\/wp-json\/wp\/v2\/media?parent=18284"}],"wp:term":[{"taxonomy":"category","embeddable":true,"href":"https:\/\/quechilero.com\/blog\/wp-json\/wp\/v2\/categories?post=18284"},{"taxonomy":"post_tag","embeddable":true,"href":"https:\/\/quechilero.com\/blog\/wp-json\/wp\/v2\/tags?post=18284"},{"taxonomy":"series","embeddable":true,"href":"https:\/\/quechilero.com\/blog\/wp-json\/wp\/v2\/series?post=18284"}],"curies":[{"name":"wp","href":"https:\/\/api.w.org\/{rel}","templated":true}]}}