{"id":18113,"date":"2014-08-02T08:00:56","date_gmt":"2014-08-02T14:00:56","guid":{"rendered":"http:\/\/quechilero.com\/blog\/?p=18113"},"modified":"2014-08-02T18:57:17","modified_gmt":"2014-08-03T00:57:17","slug":"nuestra-senora-de-los-angeles","status":"publish","type":"post","link":"https:\/\/quechilero.com\/blog\/2014\/08\/02\/nuestra-senora-de-los-angeles\/","title":{"rendered":"Nuestra Se\u00f1ora de los \u00c1ngeles"},"content":{"rendered":"<p><img data-recalc-dims=\"1\" decoding=\"async\" class=\"alignnone\" title=\"Nuestra Se\u00f1ora de los \u00c1ngeles - Costa Rica\" src=\"https:\/\/i0.wp.com\/i392.photobucket.com\/albums\/pp7\/pepejaguar\/blog\/Cartago-04_zps7bfaab80.jpg?w=600\" alt=\"Nuestra Se\u00f1ora de los \u00c1ngeles - Costa Rica\"  \/><\/p>\n<p>Nuestra Se\u00f1ora de los \u00c1ngeles, es la advocaci\u00f3n\u00a0que recibe la Virgen Mar\u00eda, como Reina de todos los \u00e1ngeles. Los franciscanos lo celebran el 2 de agosto. En Cartago (Costa Rica), existe una Bas\u00edlica Menor, en su honor, es la patrona de Costa Rica y es venerada por muchas personas que recurren a su auxilio, para que interceda ante Dios por ellos.<\/p>\n<p>Fue en la primera mitad de la d\u00e9cada de los a\u00f1os 90, cuando por primera vez fui a visitar la Bas\u00edlica de Nuestra Se\u00f1ora de los \u00c1ngeles y no pude quedar mas impresionado por tantas cosas bonitas que vi en el lugar. La mas evidente fue el sincretismo popular, pero tambi\u00e9n la devoci\u00f3n y fe con la que muchas personas ofrecen sus penas y alegr\u00edas, sus \u00e9xitos y fracasos y los ponen a los pies de la Virgen Mar\u00eda, para que sea ella quien acuda a su auxilio.<\/p>\n<p>Cuando entr\u00e9 por primera vez al templo, fue una tarea imposible evitar derramar l\u00e1grimas de emoci\u00f3n, de alegr\u00eda y experimentar un sentimiento de tranquilidad y seguridad, al estar bajo el amparo de la Madre de Dios. Recuerdo que entre sollozos hice mis oraciones, me daba pena llorar en p\u00fablico, pero me di cuenta que no era el \u00fanico, todos a mi alrededor, hombres y mujeres, emocionados al igual que yo, no pod\u00edan contener las l\u00e1grimas y \u00e9stas como perlas preciosas, se derramaban a sus pies, formando un gran tributo de valor incalculable. Luego me dirig\u00ed a la parte posterior, para llevar agua bendita de la Bas\u00edlica y llevar esa muestra de fe a la\u00a0casa.<\/p>\n<p><img data-recalc-dims=\"1\" decoding=\"async\" class=\"alignnone\" title=\"Nuestra Se\u00f1ora de los \u00c1ngeles - Costa Rica\" src=\"https:\/\/i0.wp.com\/i392.photobucket.com\/albums\/pp7\/pepejaguar\/blog\/Cartago-03_zps62534c8e.jpg?w=600\" alt=\"\"  \/><\/p>\n<p>Con el paso de los a\u00f1os, tuve la oportunidad por las mas variopintas razones,\u00a0de viajar muchas veces a Costa Rica y sin falta, la visita a la Bas\u00edlica se convirti\u00f3 en parte de mi\u00a0<em>romer\u00eda personal<\/em>. Todas y cada una de las veces que he ido, no puedo evitar llorar al hacer mis oraciones, es mucha la emoci\u00f3n que lo\u00a0embarga a uno en esos momentos, es inevitable, es incontrolable y no vale la pena tratar de resistirse a no llorar, pero a su\u00a0vez se experimenta\u00a0la sensaci\u00f3n de sentirse querido y protegido por la Virgen Mar\u00eda \u00bfy que mejor protecci\u00f3n podr\u00eda tener uno?, solo la de Dios.<\/p>\n<p>Ante su altar le he presentado mis preocupaciones, temores, penas, alegr\u00edas, proyectos, tristezas, desilusiones, \u00e9xitos y fracasos. Siempre he obtenido respuesta, siempre he recibido consuelo y siempre he disfrutado de\u00a0esa paz que solo la Madre de Dios nos puede dar, a trav\u00e9s de su ejemplo de humildad ante Dios, de la que dej\u00f3 todo para ser la esclava del Se\u00f1or.<\/p>\n<p>A excepci\u00f3n de la primera vez, que fui como parte de una excursi\u00f3n, todas las dem\u00e1s veces hab\u00eda ido siempre solo, hasta\u00a0principios de este a\u00f1o, cuando pude ir acompa\u00f1ado de la persona mas importante de mi vida, cumpliendo una promesa que le hab\u00eda hecho a la Virgen. Una vez mas le agradec\u00ed por las bendiciones recibidas, por la oportunidad de estar ah\u00ed ante su presencia, acompa\u00f1ado de alguien que llena mis pensamientos y que me inspira siempre. Una vez mas las l\u00e1grimas afloraron, de alegr\u00eda esta vez, al ver cumplido uno de mis mas grandes sue\u00f1os.<\/p>\n<p>Gracias Virgen Mar\u00eda, gracias por interceder por mi, ante Dios nuestro Se\u00f1or, gracias por protegerme, cuidarme y velar por mi. Hoy, el d\u00eda de tu fiesta estoy a 1,300 kil\u00f3metros de distancia, pero desde ac\u00e1, te pido que nos tomes de tu mano y no dejes que nos apartemos nunca de tu lado, ll\u00e9vanos por el buen camino, por el camino que nos lleva a Dios, ens\u00e9\u00f1anos a ser como tu, a decirle si al Se\u00f1or, por favor bend\u00edcenos y si es la voluntad de Dios, que pueda nuevamente ir a tu Bas\u00edlica a\u00a0implorar tu protecci\u00f3n y cuidado, seguro que ah\u00ed estar\u00e9 y volver\u00e9 a derramar l\u00e1grimas de alegr\u00eda, como las que derramo ahora al escribir este texto.<\/p>\n<p>Muchas gracias Virgen Mar\u00eda, Santa Madre de Dios y Se\u00f1ora de los \u00c1ngeles.<\/p>\n<p>Para conocer un poco mas sobre <a title=\"Nuestra Se\u00f1ora de los \u00c1ngeles\" href=\"http:\/\/www.santuarionacional.org\/\" target=\"_blank\">Nuestra Se\u00f1ora de los \u00c1ngeles, pueden visitar el sitio web de la Bas\u00edlica<\/a>.<\/p>\n<p><img data-recalc-dims=\"1\" decoding=\"async\" class=\"alignnone\" title=\"Nuestra Se\u00f1ora de los \u00c1ngeles - Costa Rica\" src=\"https:\/\/i0.wp.com\/i392.photobucket.com\/albums\/pp7\/pepejaguar\/blog\/Cartago-02_zps8ffb2bf8.jpg?w=600\" alt=\"\"  \/><\/p>\n<p><img data-recalc-dims=\"1\" decoding=\"async\" class=\"alignnone\" title=\"Nuestra Se\u00f1ora de los \u00c1ngeles - Costa Rica\" src=\"https:\/\/i0.wp.com\/i392.photobucket.com\/albums\/pp7\/pepejaguar\/blog\/Cartago-01_zps9bb4234d.jpg?w=600\" alt=\"\"  \/><\/p>\n","protected":false},"excerpt":{"rendered":"<p>Nuestra Se\u00f1ora de los \u00c1ngeles, es la advocaci\u00f3n\u00a0que recibe la Virgen Mar\u00eda, como Reina de todos los \u00e1ngeles. Los franciscanos lo celebran el 2 de agosto. En Cartago (Costa Rica), existe una Bas\u00edlica Menor, en su honor, es la patrona de Costa Rica y es venerada por muchas personas que recurren a su auxilio, para &#8230; <a title=\"Nuestra Se\u00f1ora de los \u00c1ngeles\" class=\"read-more\" href=\"https:\/\/quechilero.com\/blog\/2014\/08\/02\/nuestra-senora-de-los-angeles\/\" aria-label=\"Leer m\u00e1s sobre Nuestra Se\u00f1ora de los \u00c1ngeles\">Leer m\u00e1s<\/a><\/p>\n","protected":false},"author":1,"featured_media":0,"comment_status":"open","ping_status":"open","sticky":false,"template":"","format":"standard","meta":{"advanced_seo_description":"","jetpack_seo_html_title":"","jetpack_seo_noindex":false,"jetpack_seo_schema_type":"","episode_type":"","audio_file":"","podmotor_file_id":"","podmotor_episode_id":"","cover_image":"","cover_image_id":"","duration":"","filesize":"","filesize_raw":"","date_recorded":"","explicit":"","block":"","_jetpack_newsletter_access":"","_jetpack_dont_email_post_to_subs":false,"_jetpack_newsletter_tier_id":0,"_jetpack_memberships_contains_paywalled_content":false,"_jetpack_feature_clip_id":0,"_jetpack_memberships_contains_paid_content":false,"footnotes":"","jetpack_publicize_message":"","jetpack_publicize_feature_enabled":true,"jetpack_social_post_already_shared":true,"jetpack_social_options":{"image_generator_settings":{"template":"highway","default_image_id":0,"font":"","enabled":false},"version":2},"jetpack_post_was_ever_published":false},"categories":[2],"tags":[87,12,51,39,40,22,82,24,80],"series":[],"class_list":["post-18113","post","type-post","status-publish","format-standard","hentry","category-limones","tag-alegria","tag-cosas","tag-dios","tag-madre","tag-paz","tag-respuesta","tag-sentimiento","tag-vida","tag-virgen-maria"],"episode_featured_image":false,"episode_player_image":"https:\/\/i0.wp.com\/quechilero.com\/blog\/imagenes\/podcast.png?fit=1831%2C1831&ssl=1","download_link":"","player_link":"","audio_player":false,"episode_data":{"playerMode":"dark","subscribeUrls":{"amazon":{"key":"amazon","url":"","label":"Amazon","class":"amazon","icon":"amazon.png"},"apple_podcasts":{"key":"apple_podcasts","url":"","label":"Apple Podcasts","class":"apple_podcasts","icon":"apple-podcasts.png"},"castbox":{"key":"castbox","url":"","label":"CastBox","class":"castbox","icon":"castbox.png"},"deezer":{"key":"deezer","url":"","label":"Deezer","class":"deezer","icon":"deezer.png"},"google_podcasts":{"key":"google_podcasts","url":"","label":"Google Podcasts","class":"google_podcasts","icon":"google-podcasts.png"},"listen_notes":{"key":"listen_notes","url":"","label":"Listen Notes","class":"listen_notes","icon":"listen-notes.png"},"pandora":{"key":"pandora","url":"","label":"Pandora","class":"pandora","icon":"pandora.png"},"podbean":{"key":"podbean","url":"","label":"Podbean","class":"podbean","icon":"podbean.png"},"podcast_republic":{"key":"podcast_republic","url":"","label":"Podcast Republic","class":"podcast_republic","icon":"podcast-republic.png"},"rss":{"key":"rss","url":"","label":"RSS","class":"rss","icon":"rss.png"},"spotify":{"key":"spotify","url":"","label":"Spotify","class":"spotify","icon":"spotify.png"},"stitcher":{"key":"stitcher","url":"","label":"Stitcher","class":"stitcher","icon":"stitcher.png"},"tunein":{"key":"tunein","url":"","label":"TuneIn","class":"tunein","icon":"tunein.png"},"youtube":{"key":"youtube","url":"","label":"YouTube","class":"youtube","icon":"youtube.png"},"iheartradio":{"key":"iheartradio","url":"","label":"iHeartRadio","class":"iheartradio","icon":"iheartradio.png"},"ivoox":{"key":"ivoox","url":"","label":"iVoox","class":"ivoox","icon":"ivoox.png"}},"rssFeedUrl":"https:\/\/quechilero.com\/blog\/feed\/podcast\/si-la-vida-nos-da-limones","embedCode":"<blockquote class=\"wp-embedded-content\" data-secret=\"g5uH7S78oC\"><a href=\"https:\/\/quechilero.com\/blog\/2014\/08\/02\/nuestra-senora-de-los-angeles\/\">Nuestra Se\u00f1ora de los \u00c1ngeles<\/a><\/blockquote><iframe sandbox=\"allow-scripts\" security=\"restricted\" src=\"https:\/\/quechilero.com\/blog\/2014\/08\/02\/nuestra-senora-de-los-angeles\/embed\/#?secret=g5uH7S78oC\" width=\"500\" height=\"350\" title=\"\u00abNuestra Se\u00f1ora de los \u00c1ngeles\u00bb \u2014 Si la Vida nos da Limones...\" data-secret=\"g5uH7S78oC\" frameborder=\"0\" marginwidth=\"0\" marginheight=\"0\" scrolling=\"no\" class=\"wp-embedded-content\"><\/iframe><script>\n\/*! This file is auto-generated *\/\n!function(d,l){\"use strict\";l.querySelector&&d.addEventListener&&\"undefined\"!=typeof URL&&(d.wp=d.wp||{},d.wp.receiveEmbedMessage||(d.wp.receiveEmbedMessage=function(e){var t=e.data;if((t||t.secret||t.message||t.value)&&!\/[^a-zA-Z0-9]\/.test(t.secret)){for(var s,r,n,a=l.querySelectorAll('iframe[data-secret=\"'+t.secret+'\"]'),o=l.querySelectorAll('blockquote[data-secret=\"'+t.secret+'\"]'),c=new RegExp(\"^https?:$\",\"i\"),i=0;i<o.length;i++)o[i].style.display=\"none\";for(i=0;i<a.length;i++)s=a[i],e.source===s.contentWindow&&(s.removeAttribute(\"style\"),\"height\"===t.message?(1e3<(r=parseInt(t.value,10))?r=1e3:~~r<200&&(r=200),s.height=r):\"link\"===t.message&&(r=new URL(s.getAttribute(\"src\")),n=new URL(t.value),c.test(n.protocol))&&n.host===r.host&&l.activeElement===s&&(d.top.location.href=t.value))}},d.addEventListener(\"message\",d.wp.receiveEmbedMessage,!1),l.addEventListener(\"DOMContentLoaded\",function(){for(var e,t,s=l.querySelectorAll(\"iframe.wp-embedded-content\"),r=0;r<s.length;r++)(t=(e=s[r]).getAttribute(\"data-secret\"))||(t=Math.random().toString(36).substring(2,12),e.src+=\"#?secret=\"+t,e.setAttribute(\"data-secret\",t)),e.contentWindow.postMessage({message:\"ready\",secret:t},\"*\")},!1)))}(window,document);\n\/\/# sourceURL=https:\/\/quechilero.com\/blog\/wp-includes\/js\/wp-embed.min.js\n<\/script>\n"},"jetpack_publicize_connections":[],"jetpack_shortlink":"https:\/\/wp.me\/pDKli-4I9","jetpack_sharing_enabled":true,"jetpack-related-posts":[{"id":16840,"url":"https:\/\/quechilero.com\/blog\/2013\/09\/07\/fiesta-de-la-natividad-de-la-%ef%bb%bfsantisima-virgen\/","url_meta":{"origin":18113,"position":0},"title":"Fiesta de la Natividad de la \ufeffSant\u00edsima Virgen","author":"Pepe Barrascout Ortiz","date":"7 septiembre 2013","format":false,"excerpt":"Un anticipo y anuncio inmediato de la redenci\u00f3n obrada por Jesucristo es el nacimiento de su Madre la Virgen Mar\u00eda, concebida sin mancha de pecado, llena de gracia y bendita entre todas las mujeres. Seg\u00fan la tradici\u00f3n, la Virgen Madre de Dios naci\u00f3 en Jerusal\u00e9n, junto a la piscina de\u2026","rel":"","context":"En \u00abLimones\u00bb","block_context":{"text":"Limones","link":"https:\/\/quechilero.com\/blog\/category\/limones\/"},"img":{"alt_text":"","src":"","width":0,"height":0},"classes":[]},{"id":807,"url":"https:\/\/quechilero.com\/blog\/2007\/12\/08\/virgen-de-concepcion\/","url_meta":{"origin":18113,"position":1},"title":"Virgen de Concepci\u00f3n","author":"Pepe Barrascout Ortiz","date":"8 diciembre 2007","format":false,"excerpt":"Desde 1854, cada 8 de diciembre se conmemora el D\u00eda de la Inmaculada Concepci\u00f3n de Mar\u00eda. La importancia de esta fecha para los cat\u00f3licos es muy grande. Formalmente, el D\u00eda de la Inmaculada Concepci\u00f3n fue declarado el 8 de diciembre de 1854, por el Papa en ejercicio en este entonces,\u2026","rel":"","context":"En \u00abLimones\u00bb","block_context":{"text":"Limones","link":"https:\/\/quechilero.com\/blog\/category\/limones\/"},"img":{"alt_text":"Virgen de Concepci\u00f3n","src":"https:\/\/i0.wp.com\/img141.imageshack.us\/img141\/3083\/3167152484a8214dec0ag4.jpg?resize=350%2C200","width":350,"height":200},"classes":[]},{"id":16703,"url":"https:\/\/quechilero.com\/blog\/2013\/05\/24\/san-juan-bosco-y-%ef%bb%bfmaria-auxiliadora\/","url_meta":{"origin":18113,"position":2},"title":"San Juan Bosco y \ufeffMar\u00eda Auxiliadora","author":"Pepe Barrascout Ortiz","date":"24 mayo 2013","format":false,"excerpt":"El 9 de junio de 1868, se consagr\u00f3 en Tur\u00edn, Italia, la Bas\u00edlica de Mar\u00eda Auxiliadora. La historia de esta Bas\u00edlica es una cadena de favores de la Madre de Dios. Su constructor fue San Juan Bosco, humilde campesino nacido el 16 de agosto de 1815, de padres muy pobres.\u2026","rel":"","context":"En \u00abLimones\u00bb","block_context":{"text":"Limones","link":"https:\/\/quechilero.com\/blog\/category\/limones\/"},"img":{"alt_text":"","src":"","width":0,"height":0},"classes":[]},{"id":27328,"url":"https:\/\/quechilero.com\/blog\/2010\/10\/02\/el-santo-rosario-misterios-gozosos\/","url_meta":{"origin":18113,"position":3},"title":"El Santo Rosario: Misterios Gozosos","author":"Pepe Barrascout Ortiz","date":"2 octubre 2010","format":false,"excerpt":"Los Misterios Gozosos los rezamos los Lunes y S\u00e1bados \u00a0 En el nombre del Padre, y del Hijo, y del Esp\u00edritu Santo. Am\u00e9n. Dios m\u00edo, ven en mi auxilio. Se\u00f1or, date prisa en socorrerme. Gloria al Padre, Gloria al Hijo y Gloria al Esp\u00edritu Santo, Am\u00e9n. Primer Misterio Gozoso. La\u2026","rel":"","context":"En \u00abEl Santo Rosario\u00bb","block_context":{"text":"El Santo Rosario","link":"https:\/\/quechilero.com\/blog\/category\/podcast\/el-santo-rosario\/"},"img":{"alt_text":"Misterios Gozosos","src":"https:\/\/i0.wp.com\/i392.photobucket.com\/albums\/pp7\/pepejaguar\/blog\/Misterios-Gozosos_zps4a26ae91.jpg?resize=350%2C200","width":350,"height":200,"srcset":"https:\/\/i0.wp.com\/i392.photobucket.com\/albums\/pp7\/pepejaguar\/blog\/Misterios-Gozosos_zps4a26ae91.jpg?resize=350%2C200 1x, https:\/\/i0.wp.com\/i392.photobucket.com\/albums\/pp7\/pepejaguar\/blog\/Misterios-Gozosos_zps4a26ae91.jpg?resize=525%2C300 1.5x"},"classes":[]},{"id":14395,"url":"https:\/\/quechilero.com\/blog\/2012\/09\/11\/la-devocion-a-maria-auxiliadora\/","url_meta":{"origin":18113,"position":4},"title":"La devoci\u00f3n a Mar\u00eda Auxiliadora","author":"Pepe Barrascout Ortiz","date":"11 septiembre 2012","format":false,"excerpt":"El emperador Napole\u00f3n llevado por la ambici\u00f3n y el orgullo se atrevi\u00f3 a poner prisionero al Sumo Pont\u00edfice, el Papa P\u00edo VII. Varios a\u00f1os llevaba en prisi\u00f3n el Vicario de Cristo y no se ve\u00edan esperanzas de obtener la libertad, pues el emperador era el m\u00e1s poderoso gobernante de ese\u2026","rel":"","context":"En \u00abLimones\u00bb","block_context":{"text":"Limones","link":"https:\/\/quechilero.com\/blog\/category\/limones\/"},"img":{"alt_text":"","src":"","width":0,"height":0},"classes":[]},{"id":17575,"url":"https:\/\/quechilero.com\/blog\/2013\/12\/12\/la-virgen-de-guadalupe\/","url_meta":{"origin":18113,"position":5},"title":"La Virgen de Guadalupe","author":"Pepe Barrascout Ortiz","date":"12 diciembre 2013","format":false,"excerpt":"En el a\u00f1o de 1531 en M\u00e9xico, caminaba un indito de nombre Juan Diego por la orilla del cerro que se llamaba Tepeyac, y de pronto oy\u00f3 una dulce voz, volte\u00f3 la cabeza y vio una bell\u00edsima se\u00f1ora que lo ve\u00eda tiernamente y le dijo: - Yo soy la siempre\u2026","rel":"","context":"En \u00abLimones\u00bb","block_context":{"text":"Limones","link":"https:\/\/quechilero.com\/blog\/category\/limones\/"},"img":{"alt_text":"","src":"","width":0,"height":0},"classes":[]}],"jetpack_featured_media_url":"","_links":{"self":[{"href":"https:\/\/quechilero.com\/blog\/wp-json\/wp\/v2\/posts\/18113","targetHints":{"allow":["GET"]}}],"collection":[{"href":"https:\/\/quechilero.com\/blog\/wp-json\/wp\/v2\/posts"}],"about":[{"href":"https:\/\/quechilero.com\/blog\/wp-json\/wp\/v2\/types\/post"}],"author":[{"embeddable":true,"href":"https:\/\/quechilero.com\/blog\/wp-json\/wp\/v2\/users\/1"}],"replies":[{"embeddable":true,"href":"https:\/\/quechilero.com\/blog\/wp-json\/wp\/v2\/comments?post=18113"}],"version-history":[{"count":0,"href":"https:\/\/quechilero.com\/blog\/wp-json\/wp\/v2\/posts\/18113\/revisions"}],"wp:attachment":[{"href":"https:\/\/quechilero.com\/blog\/wp-json\/wp\/v2\/media?parent=18113"}],"wp:term":[{"taxonomy":"category","embeddable":true,"href":"https:\/\/quechilero.com\/blog\/wp-json\/wp\/v2\/categories?post=18113"},{"taxonomy":"post_tag","embeddable":true,"href":"https:\/\/quechilero.com\/blog\/wp-json\/wp\/v2\/tags?post=18113"},{"taxonomy":"series","embeddable":true,"href":"https:\/\/quechilero.com\/blog\/wp-json\/wp\/v2\/series?post=18113"}],"curies":[{"name":"wp","href":"https:\/\/api.w.org\/{rel}","templated":true}]}}