{"id":18086,"date":"2014-08-05T08:00:47","date_gmt":"2014-08-05T14:00:47","guid":{"rendered":"http:\/\/quechilero.com\/blog\/?p=18086"},"modified":"2014-08-03T15:40:41","modified_gmt":"2014-08-03T21:40:41","slug":"guatemala-desde-el-aire","status":"publish","type":"post","link":"https:\/\/quechilero.com\/blog\/2014\/08\/05\/guatemala-desde-el-aire\/","title":{"rendered":"Guatemala desde el aire"},"content":{"rendered":"<p><img data-recalc-dims=\"1\" decoding=\"async\" class=\"alignnone\" src=\"https:\/\/i0.wp.com\/img.youtube.com\/vi\/4oZ31aDRfrU\/hqdefault.jpg?w=600\" alt=\"Guatemala desde el Aire\"  \/><\/p>\n<p>La Ciudad de Guatemala es la mas grande, moderna y cosmopolita de Centroam\u00e9rica y desde el aire es a\u00fan mas impresionante. Junto a Antigua Guatemala, son emblem\u00e1ticas en su arquitectura e influencia art\u00edstica, cultural y pol\u00edtica para el pa\u00eds y Centroam\u00e9rica. Ver a Guatemala desde el aire es ver el progreso y desarrollo que ha tenido nuestro pa\u00eds y que nos pone al frente de las dem\u00e1s capitales de la regi\u00f3n.<\/p>\n<p>Este video muestra una peque\u00f1a porci\u00f3n de Ciudad de Guatemala y de Antigua Guatemala, donde se pueden ver algunos de los mas emblem\u00e1ticos y representativos edificios de estas dos importantes ciudades del pa\u00eds.<\/p>\n<p>Al ver a Guatemala desde el aire, la vemos desde un punto de vista muy diferente al acostumbrado, que nos motiva y enorgullece y es muestra viva de la capacidad que tienen los guatemaltecos para desarrollar proyectos de gran envergadura. Este video es una producci\u00f3n de <a title=\"Guatemala desde el aire\" href=\"https:\/\/www.youtube.com\/watch?v=4oZ31aDRfrU\" target=\"_blank\">Sky Cam Guatemala<\/a>.<\/p>\n<p><span class=\"embed-youtube\" style=\"text-align:center; display: block;\"><iframe loading=\"lazy\" class=\"youtube-player\" width=\"1200\" height=\"675\" src=\"https:\/\/www.youtube.com\/embed\/4oZ31aDRfrU?version=3&#038;rel=1&#038;showsearch=0&#038;showinfo=1&#038;iv_load_policy=1&#038;fs=1&#038;hl=es-ES&#038;autohide=2&#038;wmode=transparent\" allowfullscreen=\"true\" style=\"border:0;\" sandbox=\"allow-scripts allow-same-origin allow-popups allow-presentation allow-popups-to-escape-sandbox\"><\/iframe><\/span><\/p>\n","protected":false},"excerpt":{"rendered":"<p>La Ciudad de Guatemala es la mas grande, moderna y cosmopolita de Centroam\u00e9rica y desde el aire es a\u00fan mas impresionante. Junto a Antigua Guatemala, son emblem\u00e1ticas en su arquitectura e influencia art\u00edstica, cultural y pol\u00edtica para el pa\u00eds y Centroam\u00e9rica. Ver a Guatemala desde el aire es ver el progreso y desarrollo que ha &#8230; <a title=\"Guatemala desde el aire\" class=\"read-more\" href=\"https:\/\/quechilero.com\/blog\/2014\/08\/05\/guatemala-desde-el-aire\/\" aria-label=\"Leer m\u00e1s sobre Guatemala desde el aire\">Leer m\u00e1s<\/a><\/p>\n","protected":false},"author":1,"featured_media":0,"comment_status":"open","ping_status":"open","sticky":false,"template":"","format":"standard","meta":{"advanced_seo_description":"","jetpack_seo_html_title":"","jetpack_seo_noindex":false,"jetpack_seo_schema_type":"","episode_type":"","audio_file":"","podmotor_file_id":"","podmotor_episode_id":"","cover_image":"","cover_image_id":"","duration":"","filesize":"","filesize_raw":"","date_recorded":"","explicit":"","block":"","_jetpack_newsletter_access":"","_jetpack_dont_email_post_to_subs":false,"_jetpack_newsletter_tier_id":0,"_jetpack_memberships_contains_paywalled_content":false,"_jetpack_feature_clip_id":0,"_jetpack_memberships_contains_paid_content":false,"footnotes":"","jetpack_publicize_message":"","jetpack_publicize_feature_enabled":true,"jetpack_social_post_already_shared":true,"jetpack_social_options":{"image_generator_settings":{"template":"highway","default_image_id":0,"font":"","enabled":false},"version":2},"jetpack_post_was_ever_published":false},"categories":[113],"tags":[10,25,53],"series":[],"class_list":["post-18086","post","type-post","status-publish","format-standard","hentry","category-videoblog","tag-guatemala","tag-video","tag-youtube"],"episode_featured_image":false,"episode_player_image":"https:\/\/i0.wp.com\/quechilero.com\/blog\/imagenes\/podcast.png?fit=1831%2C1831&ssl=1","download_link":"","player_link":"","audio_player":false,"episode_data":{"playerMode":"dark","subscribeUrls":{"amazon":{"key":"amazon","url":"","label":"Amazon","class":"amazon","icon":"amazon.png"},"apple_podcasts":{"key":"apple_podcasts","url":"","label":"Apple Podcasts","class":"apple_podcasts","icon":"apple-podcasts.png"},"castbox":{"key":"castbox","url":"","label":"CastBox","class":"castbox","icon":"castbox.png"},"deezer":{"key":"deezer","url":"","label":"Deezer","class":"deezer","icon":"deezer.png"},"google_podcasts":{"key":"google_podcasts","url":"","label":"Google Podcasts","class":"google_podcasts","icon":"google-podcasts.png"},"listen_notes":{"key":"listen_notes","url":"","label":"Listen Notes","class":"listen_notes","icon":"listen-notes.png"},"pandora":{"key":"pandora","url":"","label":"Pandora","class":"pandora","icon":"pandora.png"},"podbean":{"key":"podbean","url":"","label":"Podbean","class":"podbean","icon":"podbean.png"},"podcast_republic":{"key":"podcast_republic","url":"","label":"Podcast Republic","class":"podcast_republic","icon":"podcast-republic.png"},"rss":{"key":"rss","url":"","label":"RSS","class":"rss","icon":"rss.png"},"spotify":{"key":"spotify","url":"","label":"Spotify","class":"spotify","icon":"spotify.png"},"stitcher":{"key":"stitcher","url":"","label":"Stitcher","class":"stitcher","icon":"stitcher.png"},"tunein":{"key":"tunein","url":"","label":"TuneIn","class":"tunein","icon":"tunein.png"},"youtube":{"key":"youtube","url":"","label":"YouTube","class":"youtube","icon":"youtube.png"},"iheartradio":{"key":"iheartradio","url":"","label":"iHeartRadio","class":"iheartradio","icon":"iheartradio.png"},"ivoox":{"key":"ivoox","url":"","label":"iVoox","class":"ivoox","icon":"ivoox.png"}},"rssFeedUrl":"https:\/\/quechilero.com\/blog\/feed\/podcast\/si-la-vida-nos-da-limones","embedCode":"<blockquote class=\"wp-embedded-content\" data-secret=\"GguXGlTuKh\"><a href=\"https:\/\/quechilero.com\/blog\/2014\/08\/05\/guatemala-desde-el-aire\/\">Guatemala desde el aire<\/a><\/blockquote><iframe sandbox=\"allow-scripts\" security=\"restricted\" src=\"https:\/\/quechilero.com\/blog\/2014\/08\/05\/guatemala-desde-el-aire\/embed\/#?secret=GguXGlTuKh\" width=\"500\" height=\"350\" title=\"\u00abGuatemala desde el aire\u00bb \u2014 Si la Vida nos da Limones...\" data-secret=\"GguXGlTuKh\" frameborder=\"0\" marginwidth=\"0\" marginheight=\"0\" scrolling=\"no\" class=\"wp-embedded-content\"><\/iframe><script>\n\/*! This file is auto-generated *\/\n!function(d,l){\"use strict\";l.querySelector&&d.addEventListener&&\"undefined\"!=typeof URL&&(d.wp=d.wp||{},d.wp.receiveEmbedMessage||(d.wp.receiveEmbedMessage=function(e){var t=e.data;if((t||t.secret||t.message||t.value)&&!\/[^a-zA-Z0-9]\/.test(t.secret)){for(var s,r,n,a=l.querySelectorAll('iframe[data-secret=\"'+t.secret+'\"]'),o=l.querySelectorAll('blockquote[data-secret=\"'+t.secret+'\"]'),c=new RegExp(\"^https?:$\",\"i\"),i=0;i<o.length;i++)o[i].style.display=\"none\";for(i=0;i<a.length;i++)s=a[i],e.source===s.contentWindow&&(s.removeAttribute(\"style\"),\"height\"===t.message?(1e3<(r=parseInt(t.value,10))?r=1e3:~~r<200&&(r=200),s.height=r):\"link\"===t.message&&(r=new URL(s.getAttribute(\"src\")),n=new URL(t.value),c.test(n.protocol))&&n.host===r.host&&l.activeElement===s&&(d.top.location.href=t.value))}},d.addEventListener(\"message\",d.wp.receiveEmbedMessage,!1),l.addEventListener(\"DOMContentLoaded\",function(){for(var e,t,s=l.querySelectorAll(\"iframe.wp-embedded-content\"),r=0;r<s.length;r++)(t=(e=s[r]).getAttribute(\"data-secret\"))||(t=Math.random().toString(36).substring(2,12),e.src+=\"#?secret=\"+t,e.setAttribute(\"data-secret\",t)),e.contentWindow.postMessage({message:\"ready\",secret:t},\"*\")},!1)))}(window,document);\n\/\/# sourceURL=https:\/\/quechilero.com\/blog\/wp-includes\/js\/wp-embed.min.js\n<\/script>\n"},"jetpack_publicize_connections":[],"jetpack_shortlink":"https:\/\/wp.me\/pDKli-4HI","jetpack_sharing_enabled":true,"jetpack-related-posts":[{"id":13802,"url":"https:\/\/quechilero.com\/blog\/2012\/08\/01\/nueva-guatemala-de-la-asuncion\/","url_meta":{"origin":18086,"position":0},"title":"Nueva Guatemala de la Asunci\u00f3n","author":"Pepe Barrascout Ortiz","date":"1 agosto 2012","format":false,"excerpt":"La Ciudad de Guatemala, cuyo nombre oficial es Nueva Guatemala de la Asunci\u00f3n (ahora casi en desuso), es la capital de la Rep\u00fablica de Guatemala. La ciudad se encuentra localizada en el \u00e1rea sur-centro del pa\u00eds y cuenta con una gran cantidad de \u00e1reas verdes. De acuerdo con el \u00faltimo\u2026","rel":"","context":"En \u00abLimones\u00bb","block_context":{"text":"Limones","link":"https:\/\/quechilero.com\/blog\/category\/limones\/"},"img":{"alt_text":"","src":"https:\/\/i0.wp.com\/i392.photobucket.com\/albums\/pp7\/pepejaguar\/blog\/AuZZ9IQCEAEFij2.jpg?resize=350%2C200","width":350,"height":200},"classes":[]},{"id":9918,"url":"https:\/\/quechilero.com\/blog\/2011\/08\/07\/maraton-de-blogs-que-el-azar-te-acompane\/","url_meta":{"origin":18086,"position":1},"title":"Marat\u00f3n de Blogs: Que el Azar te Acompa\u00f1e","author":"Pepe Barrascout Ortiz","date":"7 agosto 2011","format":false,"excerpt":"El Azar Cultural es una revista cultural, donde se muestran en cartelera, los eventos de mas renombre que se desarrollan en Ciudad de Guatemala y de Antigua Guatemala, lastimosamente no hay informaci\u00f3n de las actividades culturales que se desarrollan en el interior del pa\u00eds. A pesar de eso,\u00a0El Azar Cultural\u00a0es\u2026","rel":"","context":"En \u00abBlogs de Guatemala\u00bb","block_context":{"text":"Blogs de Guatemala","link":"https:\/\/quechilero.com\/blog\/category\/blogs-de-guatemala\/"},"img":{"alt_text":"","src":"https:\/\/i0.wp.com\/i392.photobucket.com\/albums\/pp7\/pepejaguar\/maraton\/azar-te-acompae.png?resize=350%2C200","width":350,"height":200,"srcset":"https:\/\/i0.wp.com\/i392.photobucket.com\/albums\/pp7\/pepejaguar\/maraton\/azar-te-acompae.png?resize=350%2C200 1x, https:\/\/i0.wp.com\/i392.photobucket.com\/albums\/pp7\/pepejaguar\/maraton\/azar-te-acompae.png?resize=525%2C300 1.5x"},"classes":[]},{"id":5244,"url":"https:\/\/quechilero.com\/blog\/2010\/08\/14\/maraton-de-blogs-bellezas-de-guatemala\/","url_meta":{"origin":18086,"position":2},"title":"Marat\u00f3n de Blogs: Bellezas de Guatemala","author":"Pepe Barrascout Ortiz","date":"14 agosto 2010","format":false,"excerpt":"Bellezas de Guatemala, es un blog dedicado completamente a informar, promover y dar a conocer, de forma completa y bastante profesional, los distintos cert\u00e1menes de belleza que se realizan en Guatemala y en especial en la regi\u00f3n oriental del pa\u00eds. Bellezas de Guatemala, tiene casi un a\u00f1o de publicaciones, a\u2026","rel":"","context":"En \u00abBlogs de Guatemala\u00bb","block_context":{"text":"Blogs de Guatemala","link":"https:\/\/quechilero.com\/blog\/category\/blogs-de-guatemala\/"},"img":{"alt_text":"","src":"https:\/\/i0.wp.com\/i392.photobucket.com\/albums\/pp7\/pepejaguar\/maraton\/bellezasdeguatemala.png?resize=350%2C200","width":350,"height":200,"srcset":"https:\/\/i0.wp.com\/i392.photobucket.com\/albums\/pp7\/pepejaguar\/maraton\/bellezasdeguatemala.png?resize=350%2C200 1x, https:\/\/i0.wp.com\/i392.photobucket.com\/albums\/pp7\/pepejaguar\/maraton\/bellezasdeguatemala.png?resize=525%2C300 1.5x"},"classes":[]},{"id":4745,"url":"https:\/\/quechilero.com\/blog\/2010\/05\/14\/viaje-a-guatemala-video-viral\/","url_meta":{"origin":18086,"position":3},"title":"Viaje a Guatemala: Video Viral","author":"Pepe Barrascout Ortiz","date":"14 mayo 2010","format":false,"excerpt":"No es precisamente un video viral, ni uno publicitario como tal, propiamente dicho, pero cumple con esa funci\u00f3n y mas a\u00fan. El video muestra un resumen, del reciente viaje realizado por un joven estadounidense y su mam\u00e1 a nuestro pa\u00eds. En poco mas de tres minutos y medio, se condensa\u2026","rel":"","context":"En \u00abLimones\u00bb","block_context":{"text":"Limones","link":"https:\/\/quechilero.com\/blog\/category\/limones\/"},"img":{"alt_text":"","src":"","width":0,"height":0},"classes":[]},{"id":17634,"url":"https:\/\/quechilero.com\/blog\/2014\/02\/01\/guatemala-en-los-ojos-de-un-turista\/","url_meta":{"origin":18086,"position":4},"title":"Guatemala en los ojos de un turista","author":"Pepe Barrascout Ortiz","date":"1 febrero 2014","format":false,"excerpt":"https:\/\/youtu.be\/VjAsv9pXmSo Estamos muy acostumbrados a ver los videos institucionales del INGUAT, haciendo promoci\u00f3n tur\u00edstica, con sus im\u00e1genes ya gastadas sus paisajes de\u00a0postal, como queriendo\u00a0convencer de que en Guatemala todo es lindo y que es el mejor lugar del mundo para visitar. Pero cuando el turista, local o extranjero, visita Guatemala,\u2026","rel":"","context":"En \u00abLimones\u00bb","block_context":{"text":"Limones","link":"https:\/\/quechilero.com\/blog\/category\/limones\/"},"img":{"alt_text":"","src":"https:\/\/i0.wp.com\/img.youtube.com\/vi\/VjAsv9pXmSo\/0.jpg?resize=350%2C200","width":350,"height":200},"classes":[]},{"id":9916,"url":"https:\/\/quechilero.com\/blog\/2011\/08\/04\/maraton-de-blogs-el-centro-histerico\/","url_meta":{"origin":18086,"position":5},"title":"Marat\u00f3n de Blogs: El Centro Hist\u00e9rico","author":"Pepe Barrascout Ortiz","date":"4 agosto 2011","format":false,"excerpt":"Todas las ciudades que fueron fundadas a ra\u00edz de la colonizaci\u00f3n espa\u00f1ola, cuentan con algo a lo que le han dado un nombre cool, \"El Centro Hist\u00f3rico\", en algunos pa\u00edses un poco mas avanzados, es otra la historia, pero en Guatemala es un verdadero Centro Hist\u00e9rico. Durante una muy buena\u2026","rel":"","context":"En \u00abBlogs de Guatemala\u00bb","block_context":{"text":"Blogs de Guatemala","link":"https:\/\/quechilero.com\/blog\/category\/blogs-de-guatemala\/"},"img":{"alt_text":"","src":"https:\/\/i0.wp.com\/i392.photobucket.com\/albums\/pp7\/pepejaguar\/maraton\/centro-histerico.jpg?resize=350%2C200","width":350,"height":200,"srcset":"https:\/\/i0.wp.com\/i392.photobucket.com\/albums\/pp7\/pepejaguar\/maraton\/centro-histerico.jpg?resize=350%2C200 1x, https:\/\/i0.wp.com\/i392.photobucket.com\/albums\/pp7\/pepejaguar\/maraton\/centro-histerico.jpg?resize=525%2C300 1.5x"},"classes":[]}],"jetpack_featured_media_url":"","_links":{"self":[{"href":"https:\/\/quechilero.com\/blog\/wp-json\/wp\/v2\/posts\/18086","targetHints":{"allow":["GET"]}}],"collection":[{"href":"https:\/\/quechilero.com\/blog\/wp-json\/wp\/v2\/posts"}],"about":[{"href":"https:\/\/quechilero.com\/blog\/wp-json\/wp\/v2\/types\/post"}],"author":[{"embeddable":true,"href":"https:\/\/quechilero.com\/blog\/wp-json\/wp\/v2\/users\/1"}],"replies":[{"embeddable":true,"href":"https:\/\/quechilero.com\/blog\/wp-json\/wp\/v2\/comments?post=18086"}],"version-history":[{"count":0,"href":"https:\/\/quechilero.com\/blog\/wp-json\/wp\/v2\/posts\/18086\/revisions"}],"wp:attachment":[{"href":"https:\/\/quechilero.com\/blog\/wp-json\/wp\/v2\/media?parent=18086"}],"wp:term":[{"taxonomy":"category","embeddable":true,"href":"https:\/\/quechilero.com\/blog\/wp-json\/wp\/v2\/categories?post=18086"},{"taxonomy":"post_tag","embeddable":true,"href":"https:\/\/quechilero.com\/blog\/wp-json\/wp\/v2\/tags?post=18086"},{"taxonomy":"series","embeddable":true,"href":"https:\/\/quechilero.com\/blog\/wp-json\/wp\/v2\/series?post=18086"}],"curies":[{"name":"wp","href":"https:\/\/api.w.org\/{rel}","templated":true}]}}