{"id":18072,"date":"2014-07-31T08:00:04","date_gmt":"2014-07-31T14:00:04","guid":{"rendered":"http:\/\/quechilero.com\/blog\/?p=18072"},"modified":"2014-07-26T19:10:27","modified_gmt":"2014-07-27T01:10:27","slug":"el-valor-de-una-visita","status":"publish","type":"post","link":"https:\/\/quechilero.com\/blog\/2014\/07\/31\/el-valor-de-una-visita\/","title":{"rendered":"El valor de una visita"},"content":{"rendered":"<p>Cuando me visitaron dos hermanos de la iglesia yo hab\u00eda tomado ya una decisi\u00f3n: quitarme la vida. Hab\u00eda probado los placeres del mundo y nada me hab\u00eda satisfecho. Me hallaba harto de vivir y me parec\u00eda que la muerte me sacar\u00eda de aquella tragedia.<\/p>\n<p>Estos hermanos abrieron su Biblia y me hablaron de Jesucristo y de la salvaci\u00f3n que \u00c9l ofrece gratuitamente a los que creen. Yo me di cuenta de que era un pecador perdido, por lo que tom\u00e9 la decisi\u00f3n de entregarme a Cristo.<\/p>\n<p>Hoy me encuentro gozoso, sabiendo que la vida tiene verdaderos valores -y en Cristo Jes\u00fas, valores eternos. Agradezco de todo coraz\u00f3n a quienes me visitaron tray\u00e9ndome la paz y la salvaci\u00f3n y un sentido nuevo de la vida que antes no conoc\u00eda y que solamente Cristo pudo darme.<\/p>\n<p><em>An\u00f3nimo<\/em><\/p>\n","protected":false},"excerpt":{"rendered":"<p>Cuando me visitaron dos hermanos de la iglesia yo hab\u00eda tomado ya una decisi\u00f3n: quitarme la vida. Hab\u00eda probado los placeres del mundo y nada me hab\u00eda satisfecho. Me hallaba harto de vivir y me parec\u00eda que la muerte me sacar\u00eda de aquella tragedia. Estos hermanos abrieron su Biblia y me hablaron de Jesucristo y &#8230; <a title=\"El valor de una visita\" class=\"read-more\" href=\"https:\/\/quechilero.com\/blog\/2014\/07\/31\/el-valor-de-una-visita\/\" aria-label=\"Leer m\u00e1s sobre El valor de una visita\">Leer m\u00e1s<\/a><\/p>\n","protected":false},"author":1,"featured_media":0,"comment_status":"open","ping_status":"open","sticky":false,"template":"","format":"standard","meta":{"advanced_seo_description":"","jetpack_seo_html_title":"","jetpack_seo_noindex":false,"jetpack_seo_schema_type":"","episode_type":"","audio_file":"","podmotor_file_id":"","podmotor_episode_id":"","cover_image":"","cover_image_id":"","duration":"","filesize":"","filesize_raw":"","date_recorded":"","explicit":"","block":"","_jetpack_newsletter_access":"","_jetpack_dont_email_post_to_subs":false,"_jetpack_newsletter_tier_id":0,"_jetpack_memberships_contains_paywalled_content":false,"_jetpack_feature_clip_id":0,"_jetpack_memberships_contains_paid_content":false,"footnotes":"","jetpack_publicize_message":"","jetpack_publicize_feature_enabled":true,"jetpack_social_post_already_shared":true,"jetpack_social_options":{"image_generator_settings":{"template":"highway","default_image_id":0,"font":"","enabled":false},"version":2},"jetpack_post_was_ever_published":false},"categories":[2],"tags":[74,50,40,24],"series":[],"class_list":["post-18072","post","type-post","status-publish","format-standard","hentry","category-limones","tag-jesus","tag-muerte","tag-paz","tag-vida"],"episode_featured_image":false,"episode_player_image":"https:\/\/i0.wp.com\/quechilero.com\/blog\/imagenes\/podcast.png?fit=1831%2C1831&ssl=1","download_link":"","player_link":"","audio_player":false,"episode_data":{"playerMode":"dark","subscribeUrls":{"amazon":{"key":"amazon","url":"","label":"Amazon","class":"amazon","icon":"amazon.png"},"apple_podcasts":{"key":"apple_podcasts","url":"","label":"Apple Podcasts","class":"apple_podcasts","icon":"apple-podcasts.png"},"castbox":{"key":"castbox","url":"","label":"CastBox","class":"castbox","icon":"castbox.png"},"deezer":{"key":"deezer","url":"","label":"Deezer","class":"deezer","icon":"deezer.png"},"google_podcasts":{"key":"google_podcasts","url":"","label":"Google Podcasts","class":"google_podcasts","icon":"google-podcasts.png"},"listen_notes":{"key":"listen_notes","url":"","label":"Listen Notes","class":"listen_notes","icon":"listen-notes.png"},"pandora":{"key":"pandora","url":"","label":"Pandora","class":"pandora","icon":"pandora.png"},"podbean":{"key":"podbean","url":"","label":"Podbean","class":"podbean","icon":"podbean.png"},"podcast_republic":{"key":"podcast_republic","url":"","label":"Podcast Republic","class":"podcast_republic","icon":"podcast-republic.png"},"rss":{"key":"rss","url":"","label":"RSS","class":"rss","icon":"rss.png"},"spotify":{"key":"spotify","url":"","label":"Spotify","class":"spotify","icon":"spotify.png"},"stitcher":{"key":"stitcher","url":"","label":"Stitcher","class":"stitcher","icon":"stitcher.png"},"tunein":{"key":"tunein","url":"","label":"TuneIn","class":"tunein","icon":"tunein.png"},"youtube":{"key":"youtube","url":"","label":"YouTube","class":"youtube","icon":"youtube.png"},"iheartradio":{"key":"iheartradio","url":"","label":"iHeartRadio","class":"iheartradio","icon":"iheartradio.png"},"ivoox":{"key":"ivoox","url":"","label":"iVoox","class":"ivoox","icon":"ivoox.png"}},"rssFeedUrl":"https:\/\/quechilero.com\/blog\/feed\/podcast\/si-la-vida-nos-da-limones","embedCode":"<blockquote class=\"wp-embedded-content\" data-secret=\"VVYklJ4MXt\"><a href=\"https:\/\/quechilero.com\/blog\/2014\/07\/31\/el-valor-de-una-visita\/\">El valor de una visita<\/a><\/blockquote><iframe sandbox=\"allow-scripts\" security=\"restricted\" src=\"https:\/\/quechilero.com\/blog\/2014\/07\/31\/el-valor-de-una-visita\/embed\/#?secret=VVYklJ4MXt\" width=\"500\" height=\"350\" title=\"\u00abEl valor de una visita\u00bb \u2014 Si la Vida nos da Limones...\" data-secret=\"VVYklJ4MXt\" frameborder=\"0\" marginwidth=\"0\" marginheight=\"0\" scrolling=\"no\" class=\"wp-embedded-content\"><\/iframe><script>\n\/*! This file is auto-generated *\/\n!function(d,l){\"use strict\";l.querySelector&&d.addEventListener&&\"undefined\"!=typeof URL&&(d.wp=d.wp||{},d.wp.receiveEmbedMessage||(d.wp.receiveEmbedMessage=function(e){var t=e.data;if((t||t.secret||t.message||t.value)&&!\/[^a-zA-Z0-9]\/.test(t.secret)){for(var s,r,n,a=l.querySelectorAll('iframe[data-secret=\"'+t.secret+'\"]'),o=l.querySelectorAll('blockquote[data-secret=\"'+t.secret+'\"]'),c=new RegExp(\"^https?:$\",\"i\"),i=0;i<o.length;i++)o[i].style.display=\"none\";for(i=0;i<a.length;i++)s=a[i],e.source===s.contentWindow&&(s.removeAttribute(\"style\"),\"height\"===t.message?(1e3<(r=parseInt(t.value,10))?r=1e3:~~r<200&&(r=200),s.height=r):\"link\"===t.message&&(r=new URL(s.getAttribute(\"src\")),n=new URL(t.value),c.test(n.protocol))&&n.host===r.host&&l.activeElement===s&&(d.top.location.href=t.value))}},d.addEventListener(\"message\",d.wp.receiveEmbedMessage,!1),l.addEventListener(\"DOMContentLoaded\",function(){for(var e,t,s=l.querySelectorAll(\"iframe.wp-embedded-content\"),r=0;r<s.length;r++)(t=(e=s[r]).getAttribute(\"data-secret\"))||(t=Math.random().toString(36).substring(2,12),e.src+=\"#?secret=\"+t,e.setAttribute(\"data-secret\",t)),e.contentWindow.postMessage({message:\"ready\",secret:t},\"*\")},!1)))}(window,document);\n\/\/# sourceURL=https:\/\/quechilero.com\/blog\/wp-includes\/js\/wp-embed.min.js\n<\/script>\n"},"jetpack_publicize_connections":[],"jetpack_shortlink":"https:\/\/wp.me\/pDKli-4Hu","jetpack_sharing_enabled":true,"jetpack-related-posts":[{"id":15359,"url":"https:\/\/quechilero.com\/blog\/2012\/12\/09\/segundo-domingo-de-adviento\/","url_meta":{"origin":18072,"position":0},"title":"Segundo Domingo de Adviento","author":"Pepe Barrascout Ortiz","date":"9 diciembre 2012","format":false,"excerpt":"Segundo Domingo de Adviento (ciclo B) Reunida la familia o el grupo de personas, se encienden: la vela del primer domingo y la que corresponde al segundo domingo. Hermanos: Al introducirnos m\u00e1s de lleno en el tiempo de Adviento, la Palabra de Dios nos urge a una reflexi\u00f3n m\u00e1s profunda.\u2026","rel":"","context":"En \u00abLimones\u00bb","block_context":{"text":"Limones","link":"https:\/\/quechilero.com\/blog\/category\/limones\/"},"img":{"alt_text":"","src":"https:\/\/i0.wp.com\/i392.photobucket.com\/albums\/pp7\/pepejaguar\/blog\/2-domingo-adviento.png?resize=350%2C200","width":350,"height":200,"srcset":"https:\/\/i0.wp.com\/i392.photobucket.com\/albums\/pp7\/pepejaguar\/blog\/2-domingo-adviento.png?resize=350%2C200 1x, https:\/\/i0.wp.com\/i392.photobucket.com\/albums\/pp7\/pepejaguar\/blog\/2-domingo-adviento.png?resize=525%2C300 1.5x"},"classes":[]},{"id":4614,"url":"https:\/\/quechilero.com\/blog\/2010\/04\/02\/viernes-santo\/","url_meta":{"origin":18072,"position":1},"title":"Viernes Santo","author":"Pepe Barrascout Ortiz","date":"2 abril 2010","format":false,"excerpt":"La tarde del Viernes Santo presenta el drama inmenso de la muerte de Cristo en el Calvario. La cruz erguida sobre el mundo sigue en pie como signo de salvaci\u00f3n y de esperanza. Con la Pasi\u00f3n de Jes\u00fas seg\u00fan el\u00a0Evangelio de Juan contemplamos el misterio del Crucificado, con el coraz\u00f3n\u2026","rel":"","context":"En \u00abLimones\u00bb","block_context":{"text":"Limones","link":"https:\/\/quechilero.com\/blog\/category\/limones\/"},"img":{"alt_text":"","src":"","width":0,"height":0},"classes":[]},{"id":11460,"url":"https:\/\/quechilero.com\/blog\/2011\/12\/26\/una-navidad-sin-cristo-o-un-cristo-sin-navidad\/","url_meta":{"origin":18072,"position":2},"title":"\u00bfUna Navidad sin Cristo o un Cristo sin Navidad?","author":"Pepe Barrascout Ortiz","date":"26 diciembre 2011","format":false,"excerpt":"Cristo vino porque Dios nos ama y porque quiere hacer sentir su amor entre nosotros. Yo me siento orgulloso porque mi Buen Padre Dios me ama. \u00bfUna Navidad sin Cristo o un Cristo sin Navidad? Cristo en su Navidad es el puente tendido por Dios para acercarse a los hombres\u2026","rel":"","context":"En \u00abLimones\u00bb","block_context":{"text":"Limones","link":"https:\/\/quechilero.com\/blog\/category\/limones\/"},"img":{"alt_text":"","src":"","width":0,"height":0},"classes":[]},{"id":20020,"url":"https:\/\/quechilero.com\/blog\/2015\/04\/03\/viernes-santo-oracion-a-jesus\/","url_meta":{"origin":18072,"position":3},"title":"Viernes Santo &#8211; Oraci\u00f3n a Jes\u00fas","author":"Pepe Barrascout Ortiz","date":"3 abril 2015","format":false,"excerpt":"Oraci\u00f3n de Viernes Santo A Jes\u00fas, en el momento de su muerte. Oh Se\u00f1or Jes\u00fas, hoy no vengo a pedirte nada. Hoy vengo a acompa\u00f1arte como aqu\u00e9l d\u00eda tu muerte, a tratar de sentir, al menos un poco, todo el sufrimiento de tu agon\u00eda. Pues \u00bfqui\u00e9n soy yo Se\u00f1or para\u2026","rel":"","context":"En \u00abLimones\u00bb","block_context":{"text":"Limones","link":"https:\/\/quechilero.com\/blog\/category\/limones\/"},"img":{"alt_text":"","src":"http:\/\/i392.photobucket.com\/albums\/pp7\/pepejaguar\/blog\/Jesuacutes%20Crucificado%20-%20Velaacutesquez_zps2d6usr4u.jpg~original","width":350,"height":200},"classes":[]},{"id":5953,"url":"https:\/\/quechilero.com\/blog\/2010\/11\/07\/nacido-para-morir\/","url_meta":{"origin":18072,"position":4},"title":"Nacido para Morir","author":"Pepe Barrascout Ortiz","date":"7 noviembre 2010","format":false,"excerpt":"Aunque millones de personas celebran el nacimiento de Cristo, pocas parecen ser conscientes de su verdadero significado. Reconocemos que su nacimiento fue inusitado porque naci\u00f3 de una Virgen. Su vida tambi\u00e9n fue singular porque fue el \u00fanico que vivi\u00f3 sin pecar. Su muerte tambi\u00e9n fue inusual. Jes\u00fas no fue un\u2026","rel":"","context":"En \u00abLimones\u00bb","block_context":{"text":"Limones","link":"https:\/\/quechilero.com\/blog\/category\/limones\/"},"img":{"alt_text":"","src":"","width":0,"height":0},"classes":[]},{"id":12302,"url":"https:\/\/quechilero.com\/blog\/2012\/01\/20\/san-sebastian\/","url_meta":{"origin":18072,"position":5},"title":"San Sebasti\u00e1n","author":"Pepe Barrascout Ortiz","date":"20 enero 2012","format":false,"excerpt":"San Sebasti\u00e1n, que alcanzaste de Dios tanta fe y caridad, que llegaste a sacrificar tu vida por obedecer a Dios, y socorrer a tus hermanos cristianos. Ahora que vives junto a Dios, escucha las plegarias y s\u00faplicas que con gratitud, fe y devoci\u00f3n, acuden a t\u00ed desde los campos, pueblos\u2026","rel":"","context":"En \u00abLimones\u00bb","block_context":{"text":"Limones","link":"https:\/\/quechilero.com\/blog\/category\/limones\/"},"img":{"alt_text":"","src":"https:\/\/i0.wp.com\/i392.photobucket.com\/albums\/pp7\/pepejaguar\/blog\/401528_10150486307648931_541353930_8752916_638264961_n.jpg?resize=350%2C200","width":350,"height":200},"classes":[]}],"jetpack_featured_media_url":"","_links":{"self":[{"href":"https:\/\/quechilero.com\/blog\/wp-json\/wp\/v2\/posts\/18072","targetHints":{"allow":["GET"]}}],"collection":[{"href":"https:\/\/quechilero.com\/blog\/wp-json\/wp\/v2\/posts"}],"about":[{"href":"https:\/\/quechilero.com\/blog\/wp-json\/wp\/v2\/types\/post"}],"author":[{"embeddable":true,"href":"https:\/\/quechilero.com\/blog\/wp-json\/wp\/v2\/users\/1"}],"replies":[{"embeddable":true,"href":"https:\/\/quechilero.com\/blog\/wp-json\/wp\/v2\/comments?post=18072"}],"version-history":[{"count":0,"href":"https:\/\/quechilero.com\/blog\/wp-json\/wp\/v2\/posts\/18072\/revisions"}],"wp:attachment":[{"href":"https:\/\/quechilero.com\/blog\/wp-json\/wp\/v2\/media?parent=18072"}],"wp:term":[{"taxonomy":"category","embeddable":true,"href":"https:\/\/quechilero.com\/blog\/wp-json\/wp\/v2\/categories?post=18072"},{"taxonomy":"post_tag","embeddable":true,"href":"https:\/\/quechilero.com\/blog\/wp-json\/wp\/v2\/tags?post=18072"},{"taxonomy":"series","embeddable":true,"href":"https:\/\/quechilero.com\/blog\/wp-json\/wp\/v2\/series?post=18072"}],"curies":[{"name":"wp","href":"https:\/\/api.w.org\/{rel}","templated":true}]}}