{"id":18071,"date":"2014-07-30T08:00:00","date_gmt":"2014-07-30T14:00:00","guid":{"rendered":"http:\/\/quechilero.com\/blog\/?p=18071"},"modified":"2014-07-26T19:08:29","modified_gmt":"2014-07-27T01:08:29","slug":"la-armonia","status":"publish","type":"post","link":"https:\/\/quechilero.com\/blog\/2014\/07\/30\/la-armonia\/","title":{"rendered":"La armon\u00eda"},"content":{"rendered":"<p>El Esp\u00edritu Santo, aparentemente, crea desorden en el Iglesia, porque produce diversidad de carismas, de dones; sin embargo, bajo su acci\u00f3n, todo esto es una gran riqueza, porque el Esp\u00edritu Santo es el Esp\u00edritu de unidad, que no significa uniformidad, sino reconducir todo a la armon\u00eda.<\/p>\n<p>En la Iglesia, la armon\u00eda la hace el Esp\u00edritu Santo. Un Padre de la Iglesia tiene una expresi\u00f3n que me gusta mucho: el Esp\u00edritu Santo \u00abipse harmonia est\u00bb. \u00c9l es precisamente la armon\u00eda. S\u00f3lo \u00c9l puede suscitar la diversidad, la pluralidad, la multiplicidad y, al mismo tiempo, realizar la unidad.<\/p>\n<p>En cambio, cuando somos nosotros los que pretendemos la diversidad y nos encerramos en nuestros particularismos, en nuestros exclusivismos, provocamos la divisi\u00f3n; y cuando somos nosotros los que queremos construir la unidad con nuestros planes humanos, terminamos por imponer la uniformidad, la homologaci\u00f3n. Si, por el contrario, nos dejamos guiar por el Esp\u00edritu, la riqueza, la variedad, la diversidad nunca provocan conflicto, porque \u00c9l nos impulsa a vivir la variedad en la comuni\u00f3n de la Iglesia.<\/p>\n<p>Caminar juntos en la Iglesia, guiados por los Pastores, que tienen un especial carisma y ministerio, es signo de la acci\u00f3n del Esp\u00edritu Santo; la eclesialidad es una caracter\u00edstica fundamental para los cristianos, para cada comunidad, para todo movimiento.<\/p>\n<p>La Iglesia es quien me trae a Cristo y me lleva a Cristo; los caminos paralelos son muy peligrosos. Cuando nos aventuramos a ir m\u00e1s all\u00e1 de la doctrina y de la Comunidad eclesial -dice el Ap\u00f3stol Juan en la segunda lectura- y no permanecemos en ellas, no estamos unidos al Dios de Jesucristo (cf. 2Jn v. 9).<\/p>\n<p>As\u00ed, pues, pregunt\u00e9monos: \u00bfEstoy abierto a la armon\u00eda del Esp\u00edritu Santo, superando todo exclusivismo? \u00bfMe dejo guiar por \u00c9l viviendo en la Iglesia y con la Iglesia?<\/p>\n<p><em><strong>Tomado de la Homil\u00eda del Su Santidad el Papa Francisco<\/strong><\/em><br \/>\n<em><strong>Santa misa con los Movimientos Eclesiales en la solemnidad de Pentecost\u00e9s<\/strong><\/em><\/p>\n","protected":false},"excerpt":{"rendered":"<p>El Esp\u00edritu Santo, aparentemente, crea desorden en el Iglesia, porque produce diversidad de carismas, de dones; sin embargo, bajo su acci\u00f3n, todo esto es una gran riqueza, porque el Esp\u00edritu Santo es el Esp\u00edritu de unidad, que no significa uniformidad, sino reconducir todo a la armon\u00eda. En la Iglesia, la armon\u00eda la hace el Esp\u00edritu &#8230; <a title=\"La armon\u00eda\" class=\"read-more\" href=\"https:\/\/quechilero.com\/blog\/2014\/07\/30\/la-armonia\/\" aria-label=\"Leer m\u00e1s sobre La armon\u00eda\">Leer m\u00e1s<\/a><\/p>\n","protected":false},"author":1,"featured_media":0,"comment_status":"open","ping_status":"open","sticky":false,"template":"","format":"standard","meta":{"advanced_seo_description":"","jetpack_seo_html_title":"","jetpack_seo_noindex":false,"jetpack_seo_schema_type":"","episode_type":"","audio_file":"","podmotor_file_id":"","podmotor_episode_id":"","cover_image":"","cover_image_id":"","duration":"","filesize":"","filesize_raw":"","date_recorded":"","explicit":"","block":"","_jetpack_newsletter_access":"","_jetpack_dont_email_post_to_subs":false,"_jetpack_newsletter_tier_id":0,"_jetpack_memberships_contains_paywalled_content":false,"_jetpack_feature_clip_id":0,"_jetpack_memberships_contains_paid_content":false,"footnotes":"","jetpack_publicize_message":"","jetpack_publicize_feature_enabled":true,"jetpack_social_post_already_shared":true,"jetpack_social_options":{"image_generator_settings":{"template":"highway","default_image_id":0,"font":"","enabled":false},"version":2},"jetpack_post_was_ever_published":false},"categories":[2],"tags":[14,94,51,32,33,81,5],"series":[],"class_list":["post-18071","post","type-post","status-publish","format-standard","hentry","category-limones","tag-accion","tag-comunion","tag-dios","tag-especial","tag-humanos","tag-lectura","tag-tiempo"],"episode_featured_image":false,"episode_player_image":"https:\/\/i0.wp.com\/quechilero.com\/blog\/imagenes\/podcast.png?fit=1831%2C1831&ssl=1","download_link":"","player_link":"","audio_player":false,"episode_data":{"playerMode":"dark","subscribeUrls":{"amazon":{"key":"amazon","url":"","label":"Amazon","class":"amazon","icon":"amazon.png"},"apple_podcasts":{"key":"apple_podcasts","url":"","label":"Apple Podcasts","class":"apple_podcasts","icon":"apple-podcasts.png"},"castbox":{"key":"castbox","url":"","label":"CastBox","class":"castbox","icon":"castbox.png"},"deezer":{"key":"deezer","url":"","label":"Deezer","class":"deezer","icon":"deezer.png"},"google_podcasts":{"key":"google_podcasts","url":"","label":"Google Podcasts","class":"google_podcasts","icon":"google-podcasts.png"},"listen_notes":{"key":"listen_notes","url":"","label":"Listen Notes","class":"listen_notes","icon":"listen-notes.png"},"pandora":{"key":"pandora","url":"","label":"Pandora","class":"pandora","icon":"pandora.png"},"podbean":{"key":"podbean","url":"","label":"Podbean","class":"podbean","icon":"podbean.png"},"podcast_republic":{"key":"podcast_republic","url":"","label":"Podcast Republic","class":"podcast_republic","icon":"podcast-republic.png"},"rss":{"key":"rss","url":"","label":"RSS","class":"rss","icon":"rss.png"},"spotify":{"key":"spotify","url":"","label":"Spotify","class":"spotify","icon":"spotify.png"},"stitcher":{"key":"stitcher","url":"","label":"Stitcher","class":"stitcher","icon":"stitcher.png"},"tunein":{"key":"tunein","url":"","label":"TuneIn","class":"tunein","icon":"tunein.png"},"youtube":{"key":"youtube","url":"","label":"YouTube","class":"youtube","icon":"youtube.png"},"iheartradio":{"key":"iheartradio","url":"","label":"iHeartRadio","class":"iheartradio","icon":"iheartradio.png"},"ivoox":{"key":"ivoox","url":"","label":"iVoox","class":"ivoox","icon":"ivoox.png"}},"rssFeedUrl":"https:\/\/quechilero.com\/blog\/feed\/podcast\/si-la-vida-nos-da-limones","embedCode":"<blockquote class=\"wp-embedded-content\" data-secret=\"hH49rXSroO\"><a href=\"https:\/\/quechilero.com\/blog\/2014\/07\/30\/la-armonia\/\">La armon\u00eda<\/a><\/blockquote><iframe sandbox=\"allow-scripts\" security=\"restricted\" src=\"https:\/\/quechilero.com\/blog\/2014\/07\/30\/la-armonia\/embed\/#?secret=hH49rXSroO\" width=\"500\" height=\"350\" title=\"\u00abLa armon\u00eda\u00bb \u2014 Si la Vida nos da Limones...\" data-secret=\"hH49rXSroO\" frameborder=\"0\" marginwidth=\"0\" marginheight=\"0\" scrolling=\"no\" class=\"wp-embedded-content\"><\/iframe><script>\n\/*! This file is auto-generated *\/\n!function(d,l){\"use strict\";l.querySelector&&d.addEventListener&&\"undefined\"!=typeof URL&&(d.wp=d.wp||{},d.wp.receiveEmbedMessage||(d.wp.receiveEmbedMessage=function(e){var t=e.data;if((t||t.secret||t.message||t.value)&&!\/[^a-zA-Z0-9]\/.test(t.secret)){for(var s,r,n,a=l.querySelectorAll('iframe[data-secret=\"'+t.secret+'\"]'),o=l.querySelectorAll('blockquote[data-secret=\"'+t.secret+'\"]'),c=new RegExp(\"^https?:$\",\"i\"),i=0;i<o.length;i++)o[i].style.display=\"none\";for(i=0;i<a.length;i++)s=a[i],e.source===s.contentWindow&&(s.removeAttribute(\"style\"),\"height\"===t.message?(1e3<(r=parseInt(t.value,10))?r=1e3:~~r<200&&(r=200),s.height=r):\"link\"===t.message&&(r=new URL(s.getAttribute(\"src\")),n=new URL(t.value),c.test(n.protocol))&&n.host===r.host&&l.activeElement===s&&(d.top.location.href=t.value))}},d.addEventListener(\"message\",d.wp.receiveEmbedMessage,!1),l.addEventListener(\"DOMContentLoaded\",function(){for(var e,t,s=l.querySelectorAll(\"iframe.wp-embedded-content\"),r=0;r<s.length;r++)(t=(e=s[r]).getAttribute(\"data-secret\"))||(t=Math.random().toString(36).substring(2,12),e.src+=\"#?secret=\"+t,e.setAttribute(\"data-secret\",t)),e.contentWindow.postMessage({message:\"ready\",secret:t},\"*\")},!1)))}(window,document);\n\/\/# sourceURL=https:\/\/quechilero.com\/blog\/wp-includes\/js\/wp-embed.min.js\n<\/script>\n"},"jetpack_publicize_connections":[],"jetpack_shortlink":"https:\/\/wp.me\/pDKli-4Ht","jetpack_sharing_enabled":true,"jetpack-related-posts":[{"id":18741,"url":"https:\/\/quechilero.com\/blog\/2014\/08\/15\/la-mision\/","url_meta":{"origin":18071,"position":0},"title":"La misi\u00f3n","author":"Pepe Barrascout Ortiz","date":"15 agosto 2014","format":false,"excerpt":"Los te\u00f3logos antiguos dec\u00edan: el alma es una especie de barca de vela; el Esp\u00edritu Santo es el viento que sopla la vela para hacerla avanzar; la fuerza y el \u00edmpetu del viento son los dones del Esp\u00edritu. Sin su fuerza, sin su gracia, no ir\u00edamos adelante. El Esp\u00edritu Santo\u2026","rel":"","context":"En \u00abLimones\u00bb","block_context":{"text":"Limones","link":"https:\/\/quechilero.com\/blog\/category\/limones\/"},"img":{"alt_text":"","src":"","width":0,"height":0},"classes":[]},{"id":27327,"url":"https:\/\/quechilero.com\/blog\/2010\/10\/03\/el-santo-rosario-misterios-gloriosos\/","url_meta":{"origin":18071,"position":1},"title":"El Santo Rosario: Misterios Gloriosos","author":"Pepe Barrascout Ortiz","date":"3 octubre 2010","format":false,"excerpt":"Los Misterios Gloriosos los rezamos los Domingos y Martes \u00a0 En el nombre del Padre, y del Hijo, y del Esp\u00edritu Santo. Am\u00e9n. Dios m\u00edo, ven en mi auxilio. Se\u00f1or, date prisa en socorrerme. Gloria al Padre, Gloria al Hijo y Gloria al Esp\u00edritu Santo, Am\u00e9n. Primer Misterio Glorioso. La\u2026","rel":"","context":"En \u00abEl Santo Rosario\u00bb","block_context":{"text":"El Santo Rosario","link":"https:\/\/quechilero.com\/blog\/category\/podcast\/el-santo-rosario\/"},"img":{"alt_text":"Misterios Gloriosos","src":"https:\/\/i0.wp.com\/i392.photobucket.com\/albums\/pp7\/pepejaguar\/blog\/Misterios-Gloriosos_zps93f1b8d6.jpg?resize=350%2C200","width":350,"height":200,"srcset":"https:\/\/i0.wp.com\/i392.photobucket.com\/albums\/pp7\/pepejaguar\/blog\/Misterios-Gloriosos_zps93f1b8d6.jpg?resize=350%2C200 1x, https:\/\/i0.wp.com\/i392.photobucket.com\/albums\/pp7\/pepejaguar\/blog\/Misterios-Gloriosos_zps93f1b8d6.jpg?resize=525%2C300 1.5x"},"classes":[]},{"id":16707,"url":"https:\/\/quechilero.com\/blog\/2013\/05\/16\/quien-es-el-espiritu-santo\/","url_meta":{"origin":18071,"position":2},"title":"\u00bfQui\u00e9n es el Esp\u00edritu Santo?","author":"Pepe Barrascout Ortiz","date":"16 mayo 2013","format":false,"excerpt":"El Esp\u00edritu Santo es el agua fr\u00eda, es la sombra, la brisa fresca y nuestra fuente de agua viva junto al camino de la vida. Santa Teresa llama a nuestra alma un castillo interior, un palacio. En ese castillo, palacio o templo vive \"El dulce hu\u00e9sped del alma\": El Esp\u00edritu\u2026","rel":"","context":"En \u00abLimones\u00bb","block_context":{"text":"Limones","link":"https:\/\/quechilero.com\/blog\/category\/limones\/"},"img":{"alt_text":"","src":"","width":0,"height":0},"classes":[]},{"id":15361,"url":"https:\/\/quechilero.com\/blog\/2012\/12\/23\/cuarto-domingo-de-adviento\/","url_meta":{"origin":18071,"position":3},"title":"Cuarto Domingo de Adviento","author":"Pepe Barrascout Ortiz","date":"23 diciembre 2012","format":false,"excerpt":"Cuarto Domingo de Adviento (ciclo B) Reunidos todos, se encienden las cuatro velas de la corona en el orden acostumbrado (este d\u00eda lo puede hacer uno de los ni\u00f1os mas peque\u00f1os). Hermanos: A pocos d\u00edas de la Navidad, la Liturgia se une al simbolismo popular de esta fiesta, y nos\u2026","rel":"","context":"En \u00abLimones\u00bb","block_context":{"text":"Limones","link":"https:\/\/quechilero.com\/blog\/category\/limones\/"},"img":{"alt_text":"","src":"https:\/\/i0.wp.com\/i392.photobucket.com\/albums\/pp7\/pepejaguar\/blog\/4-domingo-adviento.png?resize=350%2C200","width":350,"height":200,"srcset":"https:\/\/i0.wp.com\/i392.photobucket.com\/albums\/pp7\/pepejaguar\/blog\/4-domingo-adviento.png?resize=350%2C200 1x, https:\/\/i0.wp.com\/i392.photobucket.com\/albums\/pp7\/pepejaguar\/blog\/4-domingo-adviento.png?resize=525%2C300 1.5x"},"classes":[]},{"id":5553,"url":"https:\/\/quechilero.com\/blog\/2010\/12\/01\/ruega-por-nosotros\/","url_meta":{"origin":18071,"position":4},"title":"Ruega por Nosotros","author":"Pepe Barrascout Ortiz","date":"1 diciembre 2010","format":false,"excerpt":"Oh, Dios, Creador del universo, que extiendes tu preocupaci\u00f3n paternal sobre cada criatura y que gu\u00edas los eventos de la historia a la meta de la salvaci\u00f3n; reconocemos tu amor paternal que a pesar de la resistencia de la humanidad y, en un mundo dividido por la disputa y la\u2026","rel":"","context":"En \u00abLimones\u00bb","block_context":{"text":"Limones","link":"https:\/\/quechilero.com\/blog\/category\/limones\/"},"img":{"alt_text":"","src":"","width":0,"height":0},"classes":[]},{"id":1106,"url":"https:\/\/quechilero.com\/blog\/2008\/10\/24\/dejar-obrar-al-espiritu\/","url_meta":{"origin":18071,"position":5},"title":"Dejar obrar al esp\u00edritu","author":"Pepe Barrascout Ortiz","date":"24 octubre 2008","format":false,"excerpt":"A San Vicente Ferrer le comunicaron que en la reuni\u00f3n en la que ten\u00eda que predicar estar\u00edan presentes varios personajes muy importantes. Vicente se afligi\u00f3: se puso a preparar con mucho esmero su serm\u00f3n. A muchos no les gust\u00f3 ese serm\u00f3n. Vicente no hab\u00eda estado tan profundo como en otras\u2026","rel":"","context":"En \u00abLimones\u00bb","block_context":{"text":"Limones","link":"https:\/\/quechilero.com\/blog\/category\/limones\/"},"img":{"alt_text":"","src":"","width":0,"height":0},"classes":[]}],"jetpack_featured_media_url":"","_links":{"self":[{"href":"https:\/\/quechilero.com\/blog\/wp-json\/wp\/v2\/posts\/18071","targetHints":{"allow":["GET"]}}],"collection":[{"href":"https:\/\/quechilero.com\/blog\/wp-json\/wp\/v2\/posts"}],"about":[{"href":"https:\/\/quechilero.com\/blog\/wp-json\/wp\/v2\/types\/post"}],"author":[{"embeddable":true,"href":"https:\/\/quechilero.com\/blog\/wp-json\/wp\/v2\/users\/1"}],"replies":[{"embeddable":true,"href":"https:\/\/quechilero.com\/blog\/wp-json\/wp\/v2\/comments?post=18071"}],"version-history":[{"count":0,"href":"https:\/\/quechilero.com\/blog\/wp-json\/wp\/v2\/posts\/18071\/revisions"}],"wp:attachment":[{"href":"https:\/\/quechilero.com\/blog\/wp-json\/wp\/v2\/media?parent=18071"}],"wp:term":[{"taxonomy":"category","embeddable":true,"href":"https:\/\/quechilero.com\/blog\/wp-json\/wp\/v2\/categories?post=18071"},{"taxonomy":"post_tag","embeddable":true,"href":"https:\/\/quechilero.com\/blog\/wp-json\/wp\/v2\/tags?post=18071"},{"taxonomy":"series","embeddable":true,"href":"https:\/\/quechilero.com\/blog\/wp-json\/wp\/v2\/series?post=18071"}],"curies":[{"name":"wp","href":"https:\/\/api.w.org\/{rel}","templated":true}]}}