{"id":18043,"date":"2014-08-27T08:00:30","date_gmt":"2014-08-27T14:00:30","guid":{"rendered":"http:\/\/quechilero.com\/blog\/?p=18043"},"modified":"2014-07-23T13:36:00","modified_gmt":"2014-07-23T19:36:00","slug":"amar-y-ser-amado","status":"publish","type":"post","link":"https:\/\/quechilero.com\/blog\/2014\/08\/27\/amar-y-ser-amado\/","title":{"rendered":"Amar y ser amado"},"content":{"rendered":"<p>Buscar y encontrar, amar y ser correspondido en el amor, es el deseo mas hondo del coraz\u00f3n humano. Quien ha experimentado este regalo sabe de su fuerza dinamizadora, de su poder transformante, de su capacidad de generar entusiasmo, de generar vida.<\/p>\n<p>Dios me ama, no deja de decirlo, mostrado de mil maneras. \u00bfQu\u00e9 me impide salir de prisa a donde \u00c9l est\u00e1?. Me llama y quiere encontrarme.<\/p>\n<p><strong>\u00abBuscar\u00e9 al amado de mi coraz\u00f3n\u00bb<\/strong><\/p>\n<p>La virgen es aquella que busca con todas sus fuerzas alcanzar a aquel Dios al cual se ha consagrado. Ella es guiada por<br \/>\nun amor tan grande que nada puede impedir la comuni\u00f3n con el Amado.<\/p>\n<p><em>Lectura del Cantar de los Cantares 4, 1-4a; 8, 6-7<\/em><\/p>\n<p>Dice la esposa: En mi cama, por la noche, buscaba al amor de mi alma: lo busqu\u00e9 y no lo encontr\u00e9. Me levant\u00e9 y recorr\u00ed la ciudad por las calles y las plazas, buscando al amor de mi alma; lo busqu\u00e9 y no lo encontr\u00e9. Me han encontrado los guardias que rondan por la ciudad. \u00bfViste al amor de mi alma? Pero apenas los pas\u00e9, encontr\u00e9 al amor de mi alma.<\/p>\n<p>Gr\u00e1bame como un sello en tu brazo, como un sello en tu coraz\u00f3n, porque es fuerte el amor como la muerte, es cruel la pasi\u00f3n como el abismo; es centella de fuego, llamarada divina; las aguas torrenciales no podr\u00e1n apagar el amor ni anegarlo los r\u00edos. Si alguien quisiera comprar el amor con todas las riquezas de su casa, se har\u00eda despreciable.<\/p>\n<p><em>Esta es palabra de Dios.<\/em><\/p>\n<p>El amor mas puro, el amor mas grande, el amor de Dios, \u00c9l siempre nos ama de forma incondicional a pesar de nosotros mismos, a pesar de lo que somos y hacemos. Depende de nosotros, merecernos y ganarnos ese amor.<\/p>\n","protected":false},"excerpt":{"rendered":"<p>Buscar y encontrar, amar y ser correspondido en el amor, es el deseo mas hondo del coraz\u00f3n humano. Quien ha experimentado este regalo sabe de su fuerza dinamizadora, de su poder transformante, de su capacidad de generar entusiasmo, de generar vida. Dios me ama, no deja de decirlo, mostrado de mil maneras. \u00bfQu\u00e9 me impide &#8230; <a title=\"Amar y ser amado\" class=\"read-more\" href=\"https:\/\/quechilero.com\/blog\/2014\/08\/27\/amar-y-ser-amado\/\" aria-label=\"Leer m\u00e1s sobre Amar y ser amado\">Leer m\u00e1s<\/a><\/p>\n","protected":false},"author":1,"featured_media":0,"comment_status":"open","ping_status":"open","sticky":false,"template":"","format":"standard","meta":{"advanced_seo_description":"","jetpack_seo_html_title":"","jetpack_seo_noindex":false,"jetpack_seo_schema_type":"","episode_type":"","audio_file":"","podmotor_file_id":"","podmotor_episode_id":"","cover_image":"","cover_image_id":"","duration":"","filesize":"","filesize_raw":"","date_recorded":"","explicit":"","block":"","_jetpack_newsletter_access":"","_jetpack_dont_email_post_to_subs":false,"_jetpack_newsletter_tier_id":0,"_jetpack_memberships_contains_paywalled_content":false,"_jetpack_feature_clip_id":0,"_jetpack_memberships_contains_paid_content":false,"footnotes":"","jetpack_publicize_message":"","jetpack_publicize_feature_enabled":true,"jetpack_social_post_already_shared":true,"jetpack_social_options":{"image_generator_settings":{"template":"highway","default_image_id":0,"font":"","enabled":false},"version":2},"jetpack_post_was_ever_published":false},"categories":[2],"tags":[15,94,45,51,81,50,42,52,24],"series":[],"class_list":["post-18043","post","type-post","status-publish","format-standard","hentry","category-limones","tag-amor","tag-comunion","tag-deseo","tag-dios","tag-lectura","tag-muerte","tag-palabra","tag-pasion","tag-vida"],"episode_featured_image":false,"episode_player_image":"https:\/\/i0.wp.com\/quechilero.com\/blog\/imagenes\/podcast.png?fit=1831%2C1831&ssl=1","download_link":"","player_link":"","audio_player":false,"episode_data":{"playerMode":"dark","subscribeUrls":{"amazon":{"key":"amazon","url":"","label":"Amazon","class":"amazon","icon":"amazon.png"},"apple_podcasts":{"key":"apple_podcasts","url":"","label":"Apple Podcasts","class":"apple_podcasts","icon":"apple-podcasts.png"},"castbox":{"key":"castbox","url":"","label":"CastBox","class":"castbox","icon":"castbox.png"},"deezer":{"key":"deezer","url":"","label":"Deezer","class":"deezer","icon":"deezer.png"},"google_podcasts":{"key":"google_podcasts","url":"","label":"Google Podcasts","class":"google_podcasts","icon":"google-podcasts.png"},"listen_notes":{"key":"listen_notes","url":"","label":"Listen Notes","class":"listen_notes","icon":"listen-notes.png"},"pandora":{"key":"pandora","url":"","label":"Pandora","class":"pandora","icon":"pandora.png"},"podbean":{"key":"podbean","url":"","label":"Podbean","class":"podbean","icon":"podbean.png"},"podcast_republic":{"key":"podcast_republic","url":"","label":"Podcast Republic","class":"podcast_republic","icon":"podcast-republic.png"},"rss":{"key":"rss","url":"","label":"RSS","class":"rss","icon":"rss.png"},"spotify":{"key":"spotify","url":"","label":"Spotify","class":"spotify","icon":"spotify.png"},"stitcher":{"key":"stitcher","url":"","label":"Stitcher","class":"stitcher","icon":"stitcher.png"},"tunein":{"key":"tunein","url":"","label":"TuneIn","class":"tunein","icon":"tunein.png"},"youtube":{"key":"youtube","url":"","label":"YouTube","class":"youtube","icon":"youtube.png"},"iheartradio":{"key":"iheartradio","url":"","label":"iHeartRadio","class":"iheartradio","icon":"iheartradio.png"},"ivoox":{"key":"ivoox","url":"","label":"iVoox","class":"ivoox","icon":"ivoox.png"}},"rssFeedUrl":"https:\/\/quechilero.com\/blog\/feed\/podcast\/si-la-vida-nos-da-limones","embedCode":"<blockquote class=\"wp-embedded-content\" data-secret=\"jeo3vuNatg\"><a href=\"https:\/\/quechilero.com\/blog\/2014\/08\/27\/amar-y-ser-amado\/\">Amar y ser amado<\/a><\/blockquote><iframe sandbox=\"allow-scripts\" security=\"restricted\" src=\"https:\/\/quechilero.com\/blog\/2014\/08\/27\/amar-y-ser-amado\/embed\/#?secret=jeo3vuNatg\" width=\"500\" height=\"350\" title=\"\u00abAmar y ser amado\u00bb \u2014 Si la Vida nos da Limones...\" data-secret=\"jeo3vuNatg\" frameborder=\"0\" marginwidth=\"0\" marginheight=\"0\" scrolling=\"no\" class=\"wp-embedded-content\"><\/iframe><script>\n\/*! This file is auto-generated *\/\n!function(d,l){\"use strict\";l.querySelector&&d.addEventListener&&\"undefined\"!=typeof URL&&(d.wp=d.wp||{},d.wp.receiveEmbedMessage||(d.wp.receiveEmbedMessage=function(e){var t=e.data;if((t||t.secret||t.message||t.value)&&!\/[^a-zA-Z0-9]\/.test(t.secret)){for(var s,r,n,a=l.querySelectorAll('iframe[data-secret=\"'+t.secret+'\"]'),o=l.querySelectorAll('blockquote[data-secret=\"'+t.secret+'\"]'),c=new RegExp(\"^https?:$\",\"i\"),i=0;i<o.length;i++)o[i].style.display=\"none\";for(i=0;i<a.length;i++)s=a[i],e.source===s.contentWindow&&(s.removeAttribute(\"style\"),\"height\"===t.message?(1e3<(r=parseInt(t.value,10))?r=1e3:~~r<200&&(r=200),s.height=r):\"link\"===t.message&&(r=new URL(s.getAttribute(\"src\")),n=new URL(t.value),c.test(n.protocol))&&n.host===r.host&&l.activeElement===s&&(d.top.location.href=t.value))}},d.addEventListener(\"message\",d.wp.receiveEmbedMessage,!1),l.addEventListener(\"DOMContentLoaded\",function(){for(var e,t,s=l.querySelectorAll(\"iframe.wp-embedded-content\"),r=0;r<s.length;r++)(t=(e=s[r]).getAttribute(\"data-secret\"))||(t=Math.random().toString(36).substring(2,12),e.src+=\"#?secret=\"+t,e.setAttribute(\"data-secret\",t)),e.contentWindow.postMessage({message:\"ready\",secret:t},\"*\")},!1)))}(window,document);\n\/\/# sourceURL=https:\/\/quechilero.com\/blog\/wp-includes\/js\/wp-embed.min.js\n<\/script>\n"},"jetpack_publicize_connections":[],"jetpack_shortlink":"https:\/\/wp.me\/pDKli-4H1","jetpack_sharing_enabled":true,"jetpack-related-posts":[{"id":19814,"url":"https:\/\/quechilero.com\/blog\/2015\/02\/07\/maria-eres-mi-madre-y-mi-maestra\/","url_meta":{"origin":18043,"position":0},"title":"Mar\u00eda, eres mi madre y mi maestra","author":"Pepe Barrascout Ortiz","date":"7 febrero 2015","format":false,"excerpt":"\u00a1Oh, Mar\u00eda, no s\u00f3lo eres mi madre, sino tambi\u00e9n mi maestra, y quiero ser una obra maestra en tus manos! Alfarera divina, estoy ante ti como un cantarillo roto, pero con mi mismo barro puedes hacer otro a tu gusto. \u00a1Hazlo! Toma mi barro, el barro de mis dificultades, de\u2026","rel":"","context":"En \u00abLimones\u00bb","block_context":{"text":"Limones","link":"https:\/\/quechilero.com\/blog\/category\/limones\/"},"img":{"alt_text":"","src":"","width":0,"height":0},"classes":[]},{"id":21386,"url":"https:\/\/quechilero.com\/blog\/2015\/07\/20\/buscar-lo-mejor\/","url_meta":{"origin":18043,"position":1},"title":"Buscar lo mejor","author":"Pepe Barrascout Ortiz","date":"20 julio 2015","format":false,"excerpt":"Somos lo que elegimos, lo que optamos. Dios no impone nada, solamente ofrece, dejando al hombre la libertad de decidir. Muchos prefieren las joyas, los coches, los caminos f\u00e1ciles. Hay sendas para los m\u00e1s variados deseos, pero hay cosas que la herrumbre no corroe. Son los ideales nobles, el bien,\u2026","rel":"","context":"En \u00abLimones\u00bb","block_context":{"text":"Limones","link":"https:\/\/quechilero.com\/blog\/category\/limones\/"},"img":{"alt_text":"","src":"","width":0,"height":0},"classes":[]},{"id":17118,"url":"https:\/\/quechilero.com\/blog\/2013\/09\/10\/el-amor-nos-da-la-vida\/","url_meta":{"origin":18043,"position":2},"title":"El Amor nos da la Vida","author":"Pepe Barrascout Ortiz","date":"10 septiembre 2013","format":false,"excerpt":"Hay Amor con may\u00fascula y amor con min\u00fascula. Hay amores de primera, segunda y tercera, como en los viejos trenes. El amor es lo m\u00e1s grande del mundo. \"Aunque tuviera el don de hablar en nombre de Dios y conociera todos los misterios y toda la ciencia y aunque mi\u2026","rel":"","context":"En \u00abLimones\u00bb","block_context":{"text":"Limones","link":"https:\/\/quechilero.com\/blog\/category\/limones\/"},"img":{"alt_text":"","src":"","width":0,"height":0},"classes":[]},{"id":15571,"url":"https:\/\/quechilero.com\/blog\/2013\/01\/02\/verdadero-amor-humano\/","url_meta":{"origin":18043,"position":3},"title":"Verdadero Amor Humano","author":"Pepe Barrascout Ortiz","date":"2 enero 2013","format":false,"excerpt":"La Santidad, o el Amor de Dios, no puede separarse del verdadero Amor Humano. \u00bfC\u00f3mo puede aquel que no ama a su pr\u00f3jimo a quien ve, amar a Dios a quien no ve? Esta es la raz\u00f3n por la cual las almas santas conocen y experimentan a fondo el verdadero\u2026","rel":"","context":"En \u00abLimones\u00bb","block_context":{"text":"Limones","link":"https:\/\/quechilero.com\/blog\/category\/limones\/"},"img":{"alt_text":"","src":"","width":0,"height":0},"classes":[]},{"id":19297,"url":"https:\/\/quechilero.com\/blog\/2014\/09\/02\/la-grandeza-de-lo-pequeno\/","url_meta":{"origin":18043,"position":4},"title":"La grandeza de lo peque\u00f1o","author":"Pepe Barrascout Ortiz","date":"2 septiembre 2014","format":false,"excerpt":"\"Yo te alabo, Padre, porque has ocultado estas cosas a los sabios y entendidos, y las revelaste a los peque\u00f1os.\" (Lc. 10:21) Estas palabras encierran un misterio y una paradoja para la l\u00f3gica humana. Los m\u00e1s grandes acontecimientos de su vida, Cristo no los quiso revelar a quienes, seg\u00fan el\u2026","rel":"","context":"En \u00abLimones\u00bb","block_context":{"text":"Limones","link":"https:\/\/quechilero.com\/blog\/category\/limones\/"},"img":{"alt_text":"","src":"","width":0,"height":0},"classes":[]},{"id":17143,"url":"https:\/\/quechilero.com\/blog\/2013\/09\/21\/amor-se-escribe-con-p-2\/","url_meta":{"origin":18043,"position":5},"title":"Amor se escribe con \u00abP\u00bb","author":"Pepe Barrascout Ortiz","date":"21 septiembre 2013","format":false,"excerpt":"Porque para amar se debe tener paciencia en los momentos en que el mismo amor te pone a prueba. Porque para olvidar un mal recuerdo debe existir perd\u00f3n antes que el odio visite a aquellos que se aman. Porque para conseguir lo que quieres, debes perseverar hasta alcanzar lo que\u2026","rel":"","context":"En \u00abLimones\u00bb","block_context":{"text":"Limones","link":"https:\/\/quechilero.com\/blog\/category\/limones\/"},"img":{"alt_text":"","src":"","width":0,"height":0},"classes":[]}],"jetpack_featured_media_url":"","_links":{"self":[{"href":"https:\/\/quechilero.com\/blog\/wp-json\/wp\/v2\/posts\/18043","targetHints":{"allow":["GET"]}}],"collection":[{"href":"https:\/\/quechilero.com\/blog\/wp-json\/wp\/v2\/posts"}],"about":[{"href":"https:\/\/quechilero.com\/blog\/wp-json\/wp\/v2\/types\/post"}],"author":[{"embeddable":true,"href":"https:\/\/quechilero.com\/blog\/wp-json\/wp\/v2\/users\/1"}],"replies":[{"embeddable":true,"href":"https:\/\/quechilero.com\/blog\/wp-json\/wp\/v2\/comments?post=18043"}],"version-history":[{"count":0,"href":"https:\/\/quechilero.com\/blog\/wp-json\/wp\/v2\/posts\/18043\/revisions"}],"wp:attachment":[{"href":"https:\/\/quechilero.com\/blog\/wp-json\/wp\/v2\/media?parent=18043"}],"wp:term":[{"taxonomy":"category","embeddable":true,"href":"https:\/\/quechilero.com\/blog\/wp-json\/wp\/v2\/categories?post=18043"},{"taxonomy":"post_tag","embeddable":true,"href":"https:\/\/quechilero.com\/blog\/wp-json\/wp\/v2\/tags?post=18043"},{"taxonomy":"series","embeddable":true,"href":"https:\/\/quechilero.com\/blog\/wp-json\/wp\/v2\/series?post=18043"}],"curies":[{"name":"wp","href":"https:\/\/api.w.org\/{rel}","templated":true}]}}