{"id":17976,"date":"2014-06-17T11:00:56","date_gmt":"2014-06-17T17:00:56","guid":{"rendered":"http:\/\/quechilero.com\/blog\/?p=17976"},"modified":"2014-06-16T15:57:17","modified_gmt":"2014-06-16T21:57:17","slug":"oracion-para-el-padre","status":"publish","type":"post","link":"https:\/\/quechilero.com\/blog\/2014\/06\/17\/oracion-para-el-padre\/","title":{"rendered":"Oraci\u00f3n para el Padre"},"content":{"rendered":"<p style=\"text-align: center;\">Se\u00f1or Dios, Padre bueno,<br \/>\ncreador del g\u00e9nero humano,<br \/>\nT\u00fa enviaste a tu Hijo Jes\u00fas,<br \/>\npara redimir y salvar a los hombres,<br \/>\nEl quiso nacer en una familia como la nuestra,<br \/>\nle diste a la Virgen Mar\u00eda como madre<br \/>\ny a San Jos\u00e9 como padre;<br \/>\nte pedimos por estos padres<br \/>\npara que, a ejemplo de San Jos\u00e9,<br \/>\namen a sus hijos, los cuiden y protejan,<br \/>\ny sobre todo, les ense\u00f1es a amarte a Ti<br \/>\nque eres nuestro Padre del Cielo,<br \/>\nte sirvan en todo,<br \/>\ny alcancen finalmente la vida eterna.<br \/>\nTe lo pedimos a Ti que vives y reinas por los siglos de los siglos.<br \/>\nAmen<\/p>\n","protected":false},"excerpt":{"rendered":"<p>Se\u00f1or Dios, Padre bueno, creador del g\u00e9nero humano, T\u00fa enviaste a tu Hijo Jes\u00fas, para redimir y salvar a los hombres, El quiso nacer en una familia como la nuestra, le diste a la Virgen Mar\u00eda como madre y a San Jos\u00e9 como padre; te pedimos por estos padres para que, a ejemplo de San &#8230; <a title=\"Oraci\u00f3n para el Padre\" class=\"read-more\" href=\"https:\/\/quechilero.com\/blog\/2014\/06\/17\/oracion-para-el-padre\/\" aria-label=\"Leer m\u00e1s sobre Oraci\u00f3n para el Padre\">Leer m\u00e1s<\/a><\/p>\n","protected":false},"author":1,"featured_media":0,"comment_status":"open","ping_status":"open","sticky":false,"template":"","format":"standard","meta":{"advanced_seo_description":"","jetpack_seo_html_title":"","jetpack_seo_noindex":false,"jetpack_seo_schema_type":"","episode_type":"","audio_file":"","podmotor_file_id":"","podmotor_episode_id":"","cover_image":"","cover_image_id":"","duration":"","filesize":"","filesize_raw":"","date_recorded":"","explicit":"","block":"","_jetpack_newsletter_access":"","_jetpack_dont_email_post_to_subs":false,"_jetpack_newsletter_tier_id":0,"_jetpack_memberships_contains_paywalled_content":false,"_jetpack_feature_clip_id":0,"_jetpack_memberships_contains_paid_content":false,"footnotes":"","jetpack_publicize_message":"","jetpack_publicize_feature_enabled":true,"jetpack_social_post_already_shared":true,"jetpack_social_options":{"image_generator_settings":{"template":"highway","default_image_id":0,"font":"","enabled":false},"version":2},"jetpack_post_was_ever_published":false},"categories":[2],"tags":[51,74,39,86,24,80],"series":[],"class_list":["post-17976","post","type-post","status-publish","format-standard","hentry","category-limones","tag-dios","tag-jesus","tag-madre","tag-oracion","tag-vida","tag-virgen-maria"],"episode_featured_image":false,"episode_player_image":"https:\/\/i0.wp.com\/quechilero.com\/blog\/imagenes\/podcast.png?fit=1831%2C1831&ssl=1","download_link":"","player_link":"","audio_player":false,"episode_data":{"playerMode":"dark","subscribeUrls":{"amazon":{"key":"amazon","url":"","label":"Amazon","class":"amazon","icon":"amazon.png"},"apple_podcasts":{"key":"apple_podcasts","url":"","label":"Apple Podcasts","class":"apple_podcasts","icon":"apple-podcasts.png"},"castbox":{"key":"castbox","url":"","label":"CastBox","class":"castbox","icon":"castbox.png"},"deezer":{"key":"deezer","url":"","label":"Deezer","class":"deezer","icon":"deezer.png"},"google_podcasts":{"key":"google_podcasts","url":"","label":"Google Podcasts","class":"google_podcasts","icon":"google-podcasts.png"},"listen_notes":{"key":"listen_notes","url":"","label":"Listen Notes","class":"listen_notes","icon":"listen-notes.png"},"pandora":{"key":"pandora","url":"","label":"Pandora","class":"pandora","icon":"pandora.png"},"podbean":{"key":"podbean","url":"","label":"Podbean","class":"podbean","icon":"podbean.png"},"podcast_republic":{"key":"podcast_republic","url":"","label":"Podcast Republic","class":"podcast_republic","icon":"podcast-republic.png"},"rss":{"key":"rss","url":"","label":"RSS","class":"rss","icon":"rss.png"},"spotify":{"key":"spotify","url":"","label":"Spotify","class":"spotify","icon":"spotify.png"},"stitcher":{"key":"stitcher","url":"","label":"Stitcher","class":"stitcher","icon":"stitcher.png"},"tunein":{"key":"tunein","url":"","label":"TuneIn","class":"tunein","icon":"tunein.png"},"youtube":{"key":"youtube","url":"","label":"YouTube","class":"youtube","icon":"youtube.png"},"iheartradio":{"key":"iheartradio","url":"","label":"iHeartRadio","class":"iheartradio","icon":"iheartradio.png"},"ivoox":{"key":"ivoox","url":"","label":"iVoox","class":"ivoox","icon":"ivoox.png"}},"rssFeedUrl":"https:\/\/quechilero.com\/blog\/feed\/podcast\/si-la-vida-nos-da-limones","embedCode":"<blockquote class=\"wp-embedded-content\" data-secret=\"HUGjeooYEP\"><a href=\"https:\/\/quechilero.com\/blog\/2014\/06\/17\/oracion-para-el-padre\/\">Oraci\u00f3n para el Padre<\/a><\/blockquote><iframe sandbox=\"allow-scripts\" security=\"restricted\" src=\"https:\/\/quechilero.com\/blog\/2014\/06\/17\/oracion-para-el-padre\/embed\/#?secret=HUGjeooYEP\" width=\"500\" height=\"350\" title=\"\u00abOraci\u00f3n para el Padre\u00bb \u2014 Si la Vida nos da Limones...\" data-secret=\"HUGjeooYEP\" frameborder=\"0\" marginwidth=\"0\" marginheight=\"0\" scrolling=\"no\" class=\"wp-embedded-content\"><\/iframe><script>\n\/*! This file is auto-generated *\/\n!function(d,l){\"use strict\";l.querySelector&&d.addEventListener&&\"undefined\"!=typeof URL&&(d.wp=d.wp||{},d.wp.receiveEmbedMessage||(d.wp.receiveEmbedMessage=function(e){var t=e.data;if((t||t.secret||t.message||t.value)&&!\/[^a-zA-Z0-9]\/.test(t.secret)){for(var s,r,n,a=l.querySelectorAll('iframe[data-secret=\"'+t.secret+'\"]'),o=l.querySelectorAll('blockquote[data-secret=\"'+t.secret+'\"]'),c=new RegExp(\"^https?:$\",\"i\"),i=0;i<o.length;i++)o[i].style.display=\"none\";for(i=0;i<a.length;i++)s=a[i],e.source===s.contentWindow&&(s.removeAttribute(\"style\"),\"height\"===t.message?(1e3<(r=parseInt(t.value,10))?r=1e3:~~r<200&&(r=200),s.height=r):\"link\"===t.message&&(r=new URL(s.getAttribute(\"src\")),n=new URL(t.value),c.test(n.protocol))&&n.host===r.host&&l.activeElement===s&&(d.top.location.href=t.value))}},d.addEventListener(\"message\",d.wp.receiveEmbedMessage,!1),l.addEventListener(\"DOMContentLoaded\",function(){for(var e,t,s=l.querySelectorAll(\"iframe.wp-embedded-content\"),r=0;r<s.length;r++)(t=(e=s[r]).getAttribute(\"data-secret\"))||(t=Math.random().toString(36).substring(2,12),e.src+=\"#?secret=\"+t,e.setAttribute(\"data-secret\",t)),e.contentWindow.postMessage({message:\"ready\",secret:t},\"*\")},!1)))}(window,document);\n\/\/# sourceURL=https:\/\/quechilero.com\/blog\/wp-includes\/js\/wp-embed.min.js\n<\/script>\n"},"jetpack_publicize_connections":[],"jetpack_shortlink":"https:\/\/wp.me\/pDKli-4FW","jetpack_sharing_enabled":true,"jetpack-related-posts":[{"id":15361,"url":"https:\/\/quechilero.com\/blog\/2012\/12\/23\/cuarto-domingo-de-adviento\/","url_meta":{"origin":17976,"position":0},"title":"Cuarto Domingo de Adviento","author":"Pepe Barrascout Ortiz","date":"23 diciembre 2012","format":false,"excerpt":"Cuarto Domingo de Adviento (ciclo B) Reunidos todos, se encienden las cuatro velas de la corona en el orden acostumbrado (este d\u00eda lo puede hacer uno de los ni\u00f1os mas peque\u00f1os). Hermanos: A pocos d\u00edas de la Navidad, la Liturgia se une al simbolismo popular de esta fiesta, y nos\u2026","rel":"","context":"En \u00abLimones\u00bb","block_context":{"text":"Limones","link":"https:\/\/quechilero.com\/blog\/category\/limones\/"},"img":{"alt_text":"","src":"https:\/\/i0.wp.com\/i392.photobucket.com\/albums\/pp7\/pepejaguar\/blog\/4-domingo-adviento.png?resize=350%2C200","width":350,"height":200,"srcset":"https:\/\/i0.wp.com\/i392.photobucket.com\/albums\/pp7\/pepejaguar\/blog\/4-domingo-adviento.png?resize=350%2C200 1x, https:\/\/i0.wp.com\/i392.photobucket.com\/albums\/pp7\/pepejaguar\/blog\/4-domingo-adviento.png?resize=525%2C300 1.5x"},"classes":[]},{"id":461,"url":"https:\/\/quechilero.com\/blog\/2007\/02\/21\/el-santo-rosario\/","url_meta":{"origin":17976,"position":1},"title":"El Santo Rosario","author":"Pepe Barrascout Ortiz","date":"21 febrero 2007","format":false,"excerpt":"Preparaci\u00f3n: * Nos hacemos la se\u00f1al de la Cruz * Nos ponemos en presencia de Dios y para que la oraci\u00f3n llegue al Cielo, pedimos humildemente perd\u00f3n al Se\u00f1or por nuestras faltas (en silencio). Rezamos el Acto de Contrici\u00f3n (el \"P\u00e9same\") * Decimos: \"En el primer misterio recordamos...\" (nombramos el\u2026","rel":"","context":"En \u00abLimones\u00bb","block_context":{"text":"Limones","link":"https:\/\/quechilero.com\/blog\/category\/limones\/"},"img":{"alt_text":"","src":"","width":0,"height":0},"classes":[]},{"id":15359,"url":"https:\/\/quechilero.com\/blog\/2012\/12\/09\/segundo-domingo-de-adviento\/","url_meta":{"origin":17976,"position":2},"title":"Segundo Domingo de Adviento","author":"Pepe Barrascout Ortiz","date":"9 diciembre 2012","format":false,"excerpt":"Segundo Domingo de Adviento (ciclo B) Reunida la familia o el grupo de personas, se encienden: la vela del primer domingo y la que corresponde al segundo domingo. Hermanos: Al introducirnos m\u00e1s de lleno en el tiempo de Adviento, la Palabra de Dios nos urge a una reflexi\u00f3n m\u00e1s profunda.\u2026","rel":"","context":"En \u00abLimones\u00bb","block_context":{"text":"Limones","link":"https:\/\/quechilero.com\/blog\/category\/limones\/"},"img":{"alt_text":"","src":"https:\/\/i0.wp.com\/i392.photobucket.com\/albums\/pp7\/pepejaguar\/blog\/2-domingo-adviento.png?resize=350%2C200","width":350,"height":200,"srcset":"https:\/\/i0.wp.com\/i392.photobucket.com\/albums\/pp7\/pepejaguar\/blog\/2-domingo-adviento.png?resize=350%2C200 1x, https:\/\/i0.wp.com\/i392.photobucket.com\/albums\/pp7\/pepejaguar\/blog\/2-domingo-adviento.png?resize=525%2C300 1.5x"},"classes":[]},{"id":17571,"url":"https:\/\/quechilero.com\/blog\/2013\/12\/08\/inmaculada-concepcion\/","url_meta":{"origin":17976,"position":3},"title":"Inmaculada Concepci\u00f3n","author":"Pepe Barrascout Ortiz","date":"8 diciembre 2013","format":false,"excerpt":"En la Constituci\u00f3n \"Ineffabilis Deus\" del 8 de Diciembre de 1854, P\u00edo IX pronunci\u00f3 y defini\u00f3 que la Sant\u00edsima Virgen Mar\u00eda \"en el primer instante de su concepci\u00f3n, por singular privilegio y gracia concedidos por Dios, en vista de los m\u00e9ritos de Jesucristo, el Salvador del linaje humano, fue preservada\u2026","rel":"","context":"En \u00abLimones\u00bb","block_context":{"text":"Limones","link":"https:\/\/quechilero.com\/blog\/category\/limones\/"},"img":{"alt_text":"","src":"","width":0,"height":0},"classes":[]},{"id":6790,"url":"https:\/\/quechilero.com\/blog\/2011\/01\/15\/senor-de-esquipulas-4\/","url_meta":{"origin":17976,"position":4},"title":"Se\u00f1or de Esquipulas","author":"Pepe Barrascout Ortiz","date":"15 enero 2011","format":false,"excerpt":"Novena al Se\u00f1or de Esquipulas Acto de\u00a0Contrici\u00f3n Jes\u00fas crucificado: postrado a tus pies el m\u00e1s ingrato pecador, te pide perd\u00f3n y misericordia de haberte ofendido con tantas culpas; me pesa, mi Jes\u00fas, haber ofendido a tan soberana Majestad, propongo la enmienda de mi vida; te doy la palabra de confesar\u2026","rel":"","context":"En \u00abLimones\u00bb","block_context":{"text":"Limones","link":"https:\/\/quechilero.com\/blog\/category\/limones\/"},"img":{"alt_text":"","src":"","width":0,"height":0},"classes":[]},{"id":27328,"url":"https:\/\/quechilero.com\/blog\/2010\/10\/02\/el-santo-rosario-misterios-gozosos\/","url_meta":{"origin":17976,"position":5},"title":"El Santo Rosario: Misterios Gozosos","author":"Pepe Barrascout Ortiz","date":"2 octubre 2010","format":false,"excerpt":"Los Misterios Gozosos los rezamos los Lunes y S\u00e1bados \u00a0 En el nombre del Padre, y del Hijo, y del Esp\u00edritu Santo. Am\u00e9n. Dios m\u00edo, ven en mi auxilio. Se\u00f1or, date prisa en socorrerme. Gloria al Padre, Gloria al Hijo y Gloria al Esp\u00edritu Santo, Am\u00e9n. Primer Misterio Gozoso. La\u2026","rel":"","context":"En \u00abEl Santo Rosario\u00bb","block_context":{"text":"El Santo Rosario","link":"https:\/\/quechilero.com\/blog\/category\/podcast\/el-santo-rosario\/"},"img":{"alt_text":"Misterios Gozosos","src":"https:\/\/i0.wp.com\/i392.photobucket.com\/albums\/pp7\/pepejaguar\/blog\/Misterios-Gozosos_zps4a26ae91.jpg?resize=350%2C200","width":350,"height":200,"srcset":"https:\/\/i0.wp.com\/i392.photobucket.com\/albums\/pp7\/pepejaguar\/blog\/Misterios-Gozosos_zps4a26ae91.jpg?resize=350%2C200 1x, https:\/\/i0.wp.com\/i392.photobucket.com\/albums\/pp7\/pepejaguar\/blog\/Misterios-Gozosos_zps4a26ae91.jpg?resize=525%2C300 1.5x"},"classes":[]}],"jetpack_featured_media_url":"","_links":{"self":[{"href":"https:\/\/quechilero.com\/blog\/wp-json\/wp\/v2\/posts\/17976","targetHints":{"allow":["GET"]}}],"collection":[{"href":"https:\/\/quechilero.com\/blog\/wp-json\/wp\/v2\/posts"}],"about":[{"href":"https:\/\/quechilero.com\/blog\/wp-json\/wp\/v2\/types\/post"}],"author":[{"embeddable":true,"href":"https:\/\/quechilero.com\/blog\/wp-json\/wp\/v2\/users\/1"}],"replies":[{"embeddable":true,"href":"https:\/\/quechilero.com\/blog\/wp-json\/wp\/v2\/comments?post=17976"}],"version-history":[{"count":0,"href":"https:\/\/quechilero.com\/blog\/wp-json\/wp\/v2\/posts\/17976\/revisions"}],"wp:attachment":[{"href":"https:\/\/quechilero.com\/blog\/wp-json\/wp\/v2\/media?parent=17976"}],"wp:term":[{"taxonomy":"category","embeddable":true,"href":"https:\/\/quechilero.com\/blog\/wp-json\/wp\/v2\/categories?post=17976"},{"taxonomy":"post_tag","embeddable":true,"href":"https:\/\/quechilero.com\/blog\/wp-json\/wp\/v2\/tags?post=17976"},{"taxonomy":"series","embeddable":true,"href":"https:\/\/quechilero.com\/blog\/wp-json\/wp\/v2\/series?post=17976"}],"curies":[{"name":"wp","href":"https:\/\/api.w.org\/{rel}","templated":true}]}}