{"id":17963,"date":"2014-10-18T08:00:43","date_gmt":"2014-10-18T14:00:43","guid":{"rendered":"http:\/\/quechilero.com\/blog\/?p=17963"},"modified":"2014-06-14T10:57:51","modified_gmt":"2014-06-14T16:57:51","slug":"lucas-nos-dio-a-conocer-a-todos-a-cristo","status":"publish","type":"post","link":"https:\/\/quechilero.com\/blog\/2014\/10\/18\/lucas-nos-dio-a-conocer-a-todos-a-cristo\/","title":{"rendered":"Lucas nos dio a conocer a todos a Cristo"},"content":{"rendered":"<p>La Iglesia celebra hoy a san Lucas poniendo en la liturgia el pasaje de los setenta y dos disc\u00edpulos que salen a predicar la palabra de Dios (Lc 10:1-9). Lucas nos narra aqu\u00ed la alegre partida del primer grupo de predicadores de la historia cristiana. M\u00e1s adelante nos narrar\u00e1, en los Hechos, los frutos imparables de esta primera predicaci\u00f3n.<\/p>\n<p>\u00bfSab\u00eda san Lucas que el Evangelio llegar\u00eda con la velocidad de un reguero de p\u00f3lvora a todo el mundo conocido? \u00bfSab\u00eda que esa locura en la que \u00e9l hab\u00eda cre\u00eddo conquistar\u00eda miles de millones de vidas?<\/p>\n<p>Sabemos, ciertamente, que Lucas crey\u00f3, y crey\u00f3 con tal fuerza que nos quiso escribir los avances incontenibles de la fe por la que hab\u00eda apostado en la vida y por la que hab\u00eda dado todo lo que ten\u00eda. Desde el cielo, Lucas nos mira continuamente y -estoy seguro- arde en deseos de gritarnos que creamos, que confiemos, que estemos seguros de que todo esfuerzo por transmitir la fe tiene a Dios por garant\u00eda infalible y que, por lo tanto, dar\u00e1 su fruto. Pero sin perder de vista que nuestra primera misi\u00f3n somos nosotros mismos.<\/p>\n<p>Cristo, lo fundamental que hizo fue obedecer al Padre respecto a la voluntad que \u00c9ste ten\u00eda para \u00c9l, y as\u00ed consigui\u00f3 para nosotros la salvaci\u00f3n. Pues nosotros, como empresa apost\u00f3lica primera tenemos la salvaci\u00f3n de nuestra alma, y el cumplimiento de la Voluntad de Dios sobre nosotros. No suceda, como dice san Pablo, que habiendo predicado a otros, yo vaya a ser reprobado.<\/p>\n","protected":false},"excerpt":{"rendered":"<p>La Iglesia celebra hoy a san Lucas poniendo en la liturgia el pasaje de los setenta y dos disc\u00edpulos que salen a predicar la palabra de Dios (Lc 10:1-9). Lucas nos narra aqu\u00ed la alegre partida del primer grupo de predicadores de la historia cristiana. M\u00e1s adelante nos narrar\u00e1, en los Hechos, los frutos imparables &#8230; <a title=\"Lucas nos dio a conocer a todos a Cristo\" class=\"read-more\" href=\"https:\/\/quechilero.com\/blog\/2014\/10\/18\/lucas-nos-dio-a-conocer-a-todos-a-cristo\/\" aria-label=\"Leer m\u00e1s sobre Lucas nos dio a conocer a todos a Cristo\">Leer m\u00e1s<\/a><\/p>\n","protected":false},"author":1,"featured_media":0,"comment_status":"open","ping_status":"open","sticky":false,"template":"","format":"standard","meta":{"advanced_seo_description":"","jetpack_seo_html_title":"","jetpack_seo_noindex":false,"jetpack_seo_schema_type":"","episode_type":"","audio_file":"","podmotor_file_id":"","podmotor_episode_id":"","cover_image":"","cover_image_id":"","duration":"","filesize":"","filesize_raw":"","date_recorded":"","explicit":"","block":"","_jetpack_newsletter_access":"","_jetpack_dont_email_post_to_subs":false,"_jetpack_newsletter_tier_id":0,"_jetpack_memberships_contains_paywalled_content":false,"_jetpack_feature_clip_id":0,"_jetpack_memberships_contains_paid_content":false,"footnotes":"","jetpack_publicize_message":"","jetpack_publicize_feature_enabled":true,"jetpack_social_post_already_shared":true,"jetpack_social_options":{"image_generator_settings":{"template":"highway","default_image_id":0,"font":"","enabled":false},"version":2},"jetpack_post_was_ever_published":false},"categories":[2],"tags":[51,49,90,17,42,24],"series":[],"class_list":["post-17963","post","type-post","status-publish","format-standard","hentry","category-limones","tag-dios","tag-esfuerzo","tag-evangelio","tag-historia","tag-palabra","tag-vida"],"episode_featured_image":false,"episode_player_image":"https:\/\/i0.wp.com\/quechilero.com\/blog\/imagenes\/podcast.png?fit=1831%2C1831&ssl=1","download_link":"","player_link":"","audio_player":false,"episode_data":{"playerMode":"dark","subscribeUrls":{"amazon":{"key":"amazon","url":"","label":"Amazon","class":"amazon","icon":"amazon.png"},"apple_podcasts":{"key":"apple_podcasts","url":"","label":"Apple Podcasts","class":"apple_podcasts","icon":"apple-podcasts.png"},"castbox":{"key":"castbox","url":"","label":"CastBox","class":"castbox","icon":"castbox.png"},"deezer":{"key":"deezer","url":"","label":"Deezer","class":"deezer","icon":"deezer.png"},"google_podcasts":{"key":"google_podcasts","url":"","label":"Google Podcasts","class":"google_podcasts","icon":"google-podcasts.png"},"listen_notes":{"key":"listen_notes","url":"","label":"Listen Notes","class":"listen_notes","icon":"listen-notes.png"},"pandora":{"key":"pandora","url":"","label":"Pandora","class":"pandora","icon":"pandora.png"},"podbean":{"key":"podbean","url":"","label":"Podbean","class":"podbean","icon":"podbean.png"},"podcast_republic":{"key":"podcast_republic","url":"","label":"Podcast Republic","class":"podcast_republic","icon":"podcast-republic.png"},"rss":{"key":"rss","url":"","label":"RSS","class":"rss","icon":"rss.png"},"spotify":{"key":"spotify","url":"","label":"Spotify","class":"spotify","icon":"spotify.png"},"stitcher":{"key":"stitcher","url":"","label":"Stitcher","class":"stitcher","icon":"stitcher.png"},"tunein":{"key":"tunein","url":"","label":"TuneIn","class":"tunein","icon":"tunein.png"},"youtube":{"key":"youtube","url":"","label":"YouTube","class":"youtube","icon":"youtube.png"},"iheartradio":{"key":"iheartradio","url":"","label":"iHeartRadio","class":"iheartradio","icon":"iheartradio.png"},"ivoox":{"key":"ivoox","url":"","label":"iVoox","class":"ivoox","icon":"ivoox.png"}},"rssFeedUrl":"https:\/\/quechilero.com\/blog\/feed\/podcast\/si-la-vida-nos-da-limones","embedCode":"<blockquote class=\"wp-embedded-content\" data-secret=\"XZJPCqpiTy\"><a href=\"https:\/\/quechilero.com\/blog\/2014\/10\/18\/lucas-nos-dio-a-conocer-a-todos-a-cristo\/\">Lucas nos dio a conocer a todos a Cristo<\/a><\/blockquote><iframe sandbox=\"allow-scripts\" security=\"restricted\" src=\"https:\/\/quechilero.com\/blog\/2014\/10\/18\/lucas-nos-dio-a-conocer-a-todos-a-cristo\/embed\/#?secret=XZJPCqpiTy\" width=\"500\" height=\"350\" title=\"\u00abLucas nos dio a conocer a todos a Cristo\u00bb \u2014 Si la Vida nos da Limones...\" data-secret=\"XZJPCqpiTy\" frameborder=\"0\" marginwidth=\"0\" marginheight=\"0\" scrolling=\"no\" class=\"wp-embedded-content\"><\/iframe><script>\n\/*! This file is auto-generated *\/\n!function(d,l){\"use strict\";l.querySelector&&d.addEventListener&&\"undefined\"!=typeof URL&&(d.wp=d.wp||{},d.wp.receiveEmbedMessage||(d.wp.receiveEmbedMessage=function(e){var t=e.data;if((t||t.secret||t.message||t.value)&&!\/[^a-zA-Z0-9]\/.test(t.secret)){for(var s,r,n,a=l.querySelectorAll('iframe[data-secret=\"'+t.secret+'\"]'),o=l.querySelectorAll('blockquote[data-secret=\"'+t.secret+'\"]'),c=new RegExp(\"^https?:$\",\"i\"),i=0;i<o.length;i++)o[i].style.display=\"none\";for(i=0;i<a.length;i++)s=a[i],e.source===s.contentWindow&&(s.removeAttribute(\"style\"),\"height\"===t.message?(1e3<(r=parseInt(t.value,10))?r=1e3:~~r<200&&(r=200),s.height=r):\"link\"===t.message&&(r=new URL(s.getAttribute(\"src\")),n=new URL(t.value),c.test(n.protocol))&&n.host===r.host&&l.activeElement===s&&(d.top.location.href=t.value))}},d.addEventListener(\"message\",d.wp.receiveEmbedMessage,!1),l.addEventListener(\"DOMContentLoaded\",function(){for(var e,t,s=l.querySelectorAll(\"iframe.wp-embedded-content\"),r=0;r<s.length;r++)(t=(e=s[r]).getAttribute(\"data-secret\"))||(t=Math.random().toString(36).substring(2,12),e.src+=\"#?secret=\"+t,e.setAttribute(\"data-secret\",t)),e.contentWindow.postMessage({message:\"ready\",secret:t},\"*\")},!1)))}(window,document);\n\/\/# sourceURL=https:\/\/quechilero.com\/blog\/wp-includes\/js\/wp-embed.min.js\n<\/script>\n"},"jetpack_publicize_connections":[],"jetpack_shortlink":"https:\/\/wp.me\/pDKli-4FJ","jetpack_sharing_enabled":true,"jetpack-related-posts":[{"id":862,"url":"https:\/\/quechilero.com\/blog\/2008\/02\/09\/cuaresma-evangelio-del-dia-9-feb-08\/","url_meta":{"origin":17963,"position":0},"title":"Cuaresma &#8211; Evangelio 9 feb 08","author":"Pepe Barrascout Ortiz","date":"9 febrero 2008","format":false,"excerpt":"Evangelio seg\u00fan San Lucas 5,27-32. Despu\u00e9s Jes\u00fas sali\u00f3 y vio a un publicano llamado Lev\u00ed, que estaba sentado junto a la mesa de recaudaci\u00f3n de impuestos, y le dijo: \"S\u00edgueme\". El, dej\u00e1ndolo todo, se levant\u00f3 y lo sigui\u00f3. Lev\u00ed ofreci\u00f3 a Jes\u00fas un gran banquete en su casa. Hab\u00eda numerosos\u2026","rel":"","context":"En \u00abLimones\u00bb","block_context":{"text":"Limones","link":"https:\/\/quechilero.com\/blog\/category\/limones\/"},"img":{"alt_text":"","src":"","width":0,"height":0},"classes":[]},{"id":880,"url":"https:\/\/quechilero.com\/blog\/2008\/02\/25\/cuaresma-evangelio-25-feb-08\/","url_meta":{"origin":17963,"position":1},"title":"Cuaresma &#8211; Evangelio 25 feb 08","author":"Pepe Barrascout Ortiz","date":"25 febrero 2008","format":false,"excerpt":"Evangelio seg\u00fan San Lucas 4,24-30. Despu\u00e9s agreg\u00f3: \"Les aseguro que ning\u00fan profeta es bien recibido en su tierra. Yo les aseguro que hab\u00eda muchas viudas en Israel en el tiempo de El\u00edas, cuando durante tres a\u00f1os y seis meses no hubo lluvia del cielo y el hambre azot\u00f3 a todo\u2026","rel":"","context":"En \u00abLimones\u00bb","block_context":{"text":"Limones","link":"https:\/\/quechilero.com\/blog\/category\/limones\/"},"img":{"alt_text":"","src":"","width":0,"height":0},"classes":[]},{"id":27279,"url":"https:\/\/quechilero.com\/blog\/2014\/02\/20\/podcast-en-la-vida-de-san-agustin-episodio-46\/","url_meta":{"origin":17963,"position":2},"title":"Podcast: En la Vida de San Agust\u00edn, episodio 46","author":"Pepe Barrascout Ortiz","date":"20 febrero 2014","format":false,"excerpt":"Del encuentro culminante con la Palabra de Dios En el comedor se lee el Evangelio de Juan y Agust\u00edn predica. En la sobremesa, Faustino pregunta por la historia de Casiciaco hasta su conversi\u00f3n definitiva. Agust\u00edn y Alipio salen con \u00e9l a la terraza y le cuentan c\u00f3mo aquel, al escuchar\u2026","rel":"","context":"En \u00abPodcast\u00bb","block_context":{"text":"Podcast","link":"https:\/\/quechilero.com\/blog\/category\/podcast\/"},"img":{"alt_text":"Las 6 de la ma\u00f1ana. Podcast","src":"https:\/\/i0.wp.com\/lh3.googleusercontent.com\/-MuDpgG_t8tg\/Uics8DjfI0I\/AAAAAAAACFg\/DQ_9XUG-gUE\/s800\/san-agustin.png?resize=350%2C200&ssl=1","width":350,"height":200,"srcset":"https:\/\/i0.wp.com\/lh3.googleusercontent.com\/-MuDpgG_t8tg\/Uics8DjfI0I\/AAAAAAAACFg\/DQ_9XUG-gUE\/s800\/san-agustin.png?resize=350%2C200&ssl=1 1x, https:\/\/i0.wp.com\/lh3.googleusercontent.com\/-MuDpgG_t8tg\/Uics8DjfI0I\/AAAAAAAACFg\/DQ_9XUG-gUE\/s800\/san-agustin.png?resize=525%2C300&ssl=1 1.5x"},"classes":[]},{"id":887,"url":"https:\/\/quechilero.com\/blog\/2008\/03\/03\/cuaresma-evangelio-03-mar-08\/","url_meta":{"origin":17963,"position":3},"title":"Cuaresma &#8211; Evangelio 03 mar 08","author":"Pepe Barrascout Ortiz","date":"3 marzo 2008","format":false,"excerpt":"Evangelio seg\u00fan San Juan 4,43-54. Transcurridos los dos d\u00edas, Jes\u00fas parti\u00f3 hacia Galilea. El mismo hab\u00eda declarado que un profeta no goza de prestigio en su propio pueblo. Pero cuando lleg\u00f3, los galileos lo recibieron bien, porque hab\u00edan visto todo lo que hab\u00eda hecho en Jerusal\u00e9n durante la Pascua; ellos\u2026","rel":"","context":"En \u00abLimones\u00bb","block_context":{"text":"Limones","link":"https:\/\/quechilero.com\/blog\/category\/limones\/"},"img":{"alt_text":"","src":"","width":0,"height":0},"classes":[]},{"id":873,"url":"https:\/\/quechilero.com\/blog\/2008\/02\/18\/cuaresma-evangelio-18-feb-08\/","url_meta":{"origin":17963,"position":4},"title":"Cuaresma &#8211; Evangelio 18 feb 08","author":"Pepe Barrascout Ortiz","date":"18 febrero 2008","format":false,"excerpt":"Evangelio seg\u00fan San Lucas 6,36-38. Sean misericordiosos, como el Padre de ustedes es misericordioso. No juzguen y no ser\u00e1n juzgados; no condenen y no ser\u00e1n condenados; perdonen y ser\u00e1n perdonados. Den, y se les dar\u00e1. Les volcar\u00e1n sobre el regazo una buena medida, apretada, sacudida y desbordante. \"Porque la medida\u2026","rel":"","context":"En \u00abLimones\u00bb","block_context":{"text":"Limones","link":"https:\/\/quechilero.com\/blog\/category\/limones\/"},"img":{"alt_text":"","src":"","width":0,"height":0},"classes":[]},{"id":11460,"url":"https:\/\/quechilero.com\/blog\/2011\/12\/26\/una-navidad-sin-cristo-o-un-cristo-sin-navidad\/","url_meta":{"origin":17963,"position":5},"title":"\u00bfUna Navidad sin Cristo o un Cristo sin Navidad?","author":"Pepe Barrascout Ortiz","date":"26 diciembre 2011","format":false,"excerpt":"Cristo vino porque Dios nos ama y porque quiere hacer sentir su amor entre nosotros. Yo me siento orgulloso porque mi Buen Padre Dios me ama. \u00bfUna Navidad sin Cristo o un Cristo sin Navidad? Cristo en su Navidad es el puente tendido por Dios para acercarse a los hombres\u2026","rel":"","context":"En \u00abLimones\u00bb","block_context":{"text":"Limones","link":"https:\/\/quechilero.com\/blog\/category\/limones\/"},"img":{"alt_text":"","src":"","width":0,"height":0},"classes":[]}],"jetpack_featured_media_url":"","_links":{"self":[{"href":"https:\/\/quechilero.com\/blog\/wp-json\/wp\/v2\/posts\/17963","targetHints":{"allow":["GET"]}}],"collection":[{"href":"https:\/\/quechilero.com\/blog\/wp-json\/wp\/v2\/posts"}],"about":[{"href":"https:\/\/quechilero.com\/blog\/wp-json\/wp\/v2\/types\/post"}],"author":[{"embeddable":true,"href":"https:\/\/quechilero.com\/blog\/wp-json\/wp\/v2\/users\/1"}],"replies":[{"embeddable":true,"href":"https:\/\/quechilero.com\/blog\/wp-json\/wp\/v2\/comments?post=17963"}],"version-history":[{"count":0,"href":"https:\/\/quechilero.com\/blog\/wp-json\/wp\/v2\/posts\/17963\/revisions"}],"wp:attachment":[{"href":"https:\/\/quechilero.com\/blog\/wp-json\/wp\/v2\/media?parent=17963"}],"wp:term":[{"taxonomy":"category","embeddable":true,"href":"https:\/\/quechilero.com\/blog\/wp-json\/wp\/v2\/categories?post=17963"},{"taxonomy":"post_tag","embeddable":true,"href":"https:\/\/quechilero.com\/blog\/wp-json\/wp\/v2\/tags?post=17963"},{"taxonomy":"series","embeddable":true,"href":"https:\/\/quechilero.com\/blog\/wp-json\/wp\/v2\/series?post=17963"}],"curies":[{"name":"wp","href":"https:\/\/api.w.org\/{rel}","templated":true}]}}