{"id":17899,"date":"2014-06-15T08:00:28","date_gmt":"2014-06-15T14:00:28","guid":{"rendered":"http:\/\/quechilero.com\/blog\/?p=17899"},"modified":"2014-06-12T18:24:51","modified_gmt":"2014-06-13T00:24:51","slug":"que-piensas-de-ti-mismo-y-que-piensan-los-demas-de-ti","status":"publish","type":"post","link":"https:\/\/quechilero.com\/blog\/2014\/06\/15\/que-piensas-de-ti-mismo-y-que-piensan-los-demas-de-ti\/","title":{"rendered":"\u00bfQu\u00e9 piensas de ti mismo y qu\u00e9 piensan los dem\u00e1s de ti?"},"content":{"rendered":"<p><span class=\"embed-youtube\" style=\"text-align:center; display: block;\"><iframe loading=\"lazy\" class=\"youtube-player\" width=\"1200\" height=\"675\" src=\"https:\/\/www.youtube.com\/embed\/qWw6gqkjo_8?version=3&#038;rel=1&#038;showsearch=0&#038;showinfo=1&#038;iv_load_policy=1&#038;fs=1&#038;hl=es-ES&#038;autohide=2&#038;wmode=transparent\" allowfullscreen=\"true\" style=\"border:0;\" sandbox=\"allow-scripts allow-same-origin allow-popups allow-presentation allow-popups-to-escape-sandbox\"><\/iframe><\/span><\/p>\n<p>Ellos se miran a un espejo y dicen todo lo que odian de sus cuerpos. Pero no saben, que hay gente en el otro lado del espejo que tienen una opini\u00f3n completamente diferente. Muchas veces dejamos que nuestra autoestima baje y nos llegamos a considerar inferiores o llenos de defectos.<\/p>\n<p>Este sentimiento de inferioridad es mas com\u00fan de lo que parece o de lo que quisi\u00e9ramos. No es lo mejor ni mas saludable, porque el pensar de esa forma, poco a poco nos lleva a un c\u00edrculo en espiral en el que vamos cayendo mas y mas y no podemos parar.<\/p>\n<p>Sin embargo, por muy mal que nos veamos a nosotros mismos, siempre habr\u00e1n mas personas que ver\u00e1n en nosotros lo que ni nosotros mismos vemos y de tal suerte, es importante sabernos rodear de personas positivas para ser positivos tambi\u00e9n.<\/p>\n<p>Encontrar a esa persona que nos levanta el \u00e1nimo y que siempre est\u00e1 a nuestro lado, aunque sea de lejos, apoy\u00e1ndonos en nuestros sue\u00f1os e ilusiones, por muy lejanos o irrealizables que parezcan. Si encontramos a esa otra persona, que est\u00e1 al otro lado de nuestro espejo de baja autoestima, no dejemos que se vaya, porque es alguien a quien apreciar, ha visto en nosotros, lo que ni nosotros mismos hemos visto.<\/p>\n<p><a title=\"\u00bfQu\u00e9 piensas de ti mismo?\" href=\"https:\/\/www.youtube.com\/watch?v=jg-O7f_1Ngc\">El video original en este enlace<\/a>.<\/p>\n","protected":false},"excerpt":{"rendered":"<p>Ellos se miran a un espejo y dicen todo lo que odian de sus cuerpos. Pero no saben, que hay gente en el otro lado del espejo que tienen una opini\u00f3n completamente diferente. Muchas veces dejamos que nuestra autoestima baje y nos llegamos a considerar inferiores o llenos de defectos. Este sentimiento de inferioridad es &#8230; <a title=\"\u00bfQu\u00e9 piensas de ti mismo y qu\u00e9 piensan los dem\u00e1s de ti?\" class=\"read-more\" href=\"https:\/\/quechilero.com\/blog\/2014\/06\/15\/que-piensas-de-ti-mismo-y-que-piensan-los-demas-de-ti\/\" aria-label=\"Leer m\u00e1s sobre \u00bfQu\u00e9 piensas de ti mismo y qu\u00e9 piensan los dem\u00e1s de ti?\">Leer m\u00e1s<\/a><\/p>\n","protected":false},"author":1,"featured_media":0,"comment_status":"open","ping_status":"open","sticky":false,"template":"","format":"standard","meta":{"advanced_seo_description":"","jetpack_seo_html_title":"","jetpack_seo_noindex":false,"jetpack_seo_schema_type":"","episode_type":"","audio_file":"","podmotor_file_id":"","podmotor_episode_id":"","cover_image":"","cover_image_id":"","duration":"","filesize":"","filesize_raw":"","date_recorded":"","explicit":"","block":"","_jetpack_newsletter_access":"","_jetpack_dont_email_post_to_subs":false,"_jetpack_newsletter_tier_id":0,"_jetpack_memberships_contains_paywalled_content":false,"_jetpack_feature_clip_id":0,"_jetpack_memberships_contains_paid_content":false,"footnotes":"","jetpack_publicize_message":"","jetpack_publicize_feature_enabled":true,"jetpack_social_post_already_shared":true,"jetpack_social_options":{"image_generator_settings":{"template":"highway","default_image_id":0,"font":"","enabled":false},"version":2},"jetpack_post_was_ever_published":false},"categories":[113],"tags":[112,82,25,53],"series":[],"class_list":["post-17899","post","type-post","status-publish","format-standard","hentry","category-videoblog","tag-animo","tag-sentimiento","tag-video","tag-youtube"],"episode_featured_image":false,"episode_player_image":"https:\/\/i0.wp.com\/quechilero.com\/blog\/imagenes\/podcast.png?fit=1831%2C1831&ssl=1","download_link":"","player_link":"","audio_player":false,"episode_data":{"playerMode":"dark","subscribeUrls":{"amazon":{"key":"amazon","url":"","label":"Amazon","class":"amazon","icon":"amazon.png"},"apple_podcasts":{"key":"apple_podcasts","url":"","label":"Apple Podcasts","class":"apple_podcasts","icon":"apple-podcasts.png"},"castbox":{"key":"castbox","url":"","label":"CastBox","class":"castbox","icon":"castbox.png"},"deezer":{"key":"deezer","url":"","label":"Deezer","class":"deezer","icon":"deezer.png"},"google_podcasts":{"key":"google_podcasts","url":"","label":"Google Podcasts","class":"google_podcasts","icon":"google-podcasts.png"},"listen_notes":{"key":"listen_notes","url":"","label":"Listen Notes","class":"listen_notes","icon":"listen-notes.png"},"pandora":{"key":"pandora","url":"","label":"Pandora","class":"pandora","icon":"pandora.png"},"podbean":{"key":"podbean","url":"","label":"Podbean","class":"podbean","icon":"podbean.png"},"podcast_republic":{"key":"podcast_republic","url":"","label":"Podcast Republic","class":"podcast_republic","icon":"podcast-republic.png"},"rss":{"key":"rss","url":"","label":"RSS","class":"rss","icon":"rss.png"},"spotify":{"key":"spotify","url":"","label":"Spotify","class":"spotify","icon":"spotify.png"},"stitcher":{"key":"stitcher","url":"","label":"Stitcher","class":"stitcher","icon":"stitcher.png"},"tunein":{"key":"tunein","url":"","label":"TuneIn","class":"tunein","icon":"tunein.png"},"youtube":{"key":"youtube","url":"","label":"YouTube","class":"youtube","icon":"youtube.png"},"iheartradio":{"key":"iheartradio","url":"","label":"iHeartRadio","class":"iheartradio","icon":"iheartradio.png"},"ivoox":{"key":"ivoox","url":"","label":"iVoox","class":"ivoox","icon":"ivoox.png"}},"rssFeedUrl":"https:\/\/quechilero.com\/blog\/feed\/podcast\/si-la-vida-nos-da-limones","embedCode":"<blockquote class=\"wp-embedded-content\" data-secret=\"XeFou2Cu9i\"><a href=\"https:\/\/quechilero.com\/blog\/2014\/06\/15\/que-piensas-de-ti-mismo-y-que-piensan-los-demas-de-ti\/\">\u00bfQu\u00e9 piensas de ti mismo y qu\u00e9 piensan los dem\u00e1s de ti?<\/a><\/blockquote><iframe sandbox=\"allow-scripts\" security=\"restricted\" src=\"https:\/\/quechilero.com\/blog\/2014\/06\/15\/que-piensas-de-ti-mismo-y-que-piensan-los-demas-de-ti\/embed\/#?secret=XeFou2Cu9i\" width=\"500\" height=\"350\" title=\"\u00ab\u00bfQu\u00e9 piensas de ti mismo y qu\u00e9 piensan los dem\u00e1s de ti?\u00bb \u2014 Si la Vida nos da Limones...\" data-secret=\"XeFou2Cu9i\" frameborder=\"0\" marginwidth=\"0\" marginheight=\"0\" scrolling=\"no\" class=\"wp-embedded-content\"><\/iframe><script>\n\/*! This file is auto-generated *\/\n!function(d,l){\"use strict\";l.querySelector&&d.addEventListener&&\"undefined\"!=typeof URL&&(d.wp=d.wp||{},d.wp.receiveEmbedMessage||(d.wp.receiveEmbedMessage=function(e){var t=e.data;if((t||t.secret||t.message||t.value)&&!\/[^a-zA-Z0-9]\/.test(t.secret)){for(var s,r,n,a=l.querySelectorAll('iframe[data-secret=\"'+t.secret+'\"]'),o=l.querySelectorAll('blockquote[data-secret=\"'+t.secret+'\"]'),c=new RegExp(\"^https?:$\",\"i\"),i=0;i<o.length;i++)o[i].style.display=\"none\";for(i=0;i<a.length;i++)s=a[i],e.source===s.contentWindow&&(s.removeAttribute(\"style\"),\"height\"===t.message?(1e3<(r=parseInt(t.value,10))?r=1e3:~~r<200&&(r=200),s.height=r):\"link\"===t.message&&(r=new URL(s.getAttribute(\"src\")),n=new URL(t.value),c.test(n.protocol))&&n.host===r.host&&l.activeElement===s&&(d.top.location.href=t.value))}},d.addEventListener(\"message\",d.wp.receiveEmbedMessage,!1),l.addEventListener(\"DOMContentLoaded\",function(){for(var e,t,s=l.querySelectorAll(\"iframe.wp-embedded-content\"),r=0;r<s.length;r++)(t=(e=s[r]).getAttribute(\"data-secret\"))||(t=Math.random().toString(36).substring(2,12),e.src+=\"#?secret=\"+t,e.setAttribute(\"data-secret\",t)),e.contentWindow.postMessage({message:\"ready\",secret:t},\"*\")},!1)))}(window,document);\n\/\/# sourceURL=https:\/\/quechilero.com\/blog\/wp-includes\/js\/wp-embed.min.js\n<\/script>\n"},"jetpack_publicize_connections":[],"jetpack_shortlink":"https:\/\/wp.me\/pDKli-4EH","jetpack_sharing_enabled":true,"jetpack-related-posts":[{"id":11484,"url":"https:\/\/quechilero.com\/blog\/2012\/01\/04\/vigorexia\/","url_meta":{"origin":17899,"position":0},"title":"Vigorexia","author":"Pepe Barrascout Ortiz","date":"4 enero 2012","format":false,"excerpt":"\u00bfSabes lo que es eso? Existen personas (generalmente mujeres j\u00f3venes) que sufren de una condici\u00f3n que se llama anorexia nerviosa que presentan una percepci\u00f3n muy diferente de la que les devuelve el espejo: piensan que est\u00e1n muy gordas, cuando en realidad es que est\u00e1n muy delgadas. Del mismo modo, existen\u2026","rel":"","context":"En \u00abLimones\u00bb","block_context":{"text":"Limones","link":"https:\/\/quechilero.com\/blog\/category\/limones\/"},"img":{"alt_text":"","src":"","width":0,"height":0},"classes":[]},{"id":424,"url":"https:\/\/quechilero.com\/blog\/2007\/01\/27\/perdoname-por-favor\/","url_meta":{"origin":17899,"position":1},"title":"Perd\u00f3name&#8230; por favor","author":"Pepe Barrascout Ortiz","date":"27 enero 2007","format":false,"excerpt":"Perd\u00f3name, por favor, cuando hago un espect\u00e1culo provocado por la mucha duda en m\u00ed mismo. Perd\u00f3name, por favor, por mi silencio y por molestarme demasiado por la bulla de otro. Perd\u00f3name, por favor, cuando grito y me quejo, cuando hablo demasiado o cuando airado, maldigo. Perd\u00f3name, por favor, por amar\u2026","rel":"","context":"En \u00abLimones\u00bb","block_context":{"text":"Limones","link":"https:\/\/quechilero.com\/blog\/category\/limones\/"},"img":{"alt_text":"","src":"","width":0,"height":0},"classes":[]},{"id":2891,"url":"https:\/\/quechilero.com\/blog\/2009\/07\/15\/resolviendo-problemas-en-forma-creativa-ii\/","url_meta":{"origin":17899,"position":2},"title":"Resolviendo problemas en forma creativa (II)","author":"Pepe Barrascout Ortiz","date":"15 julio 2009","format":false,"excerpt":"Siguiendo el enlace, se puede leer la primera parte de \"Resolviendo problemas en forma creativa\" Necesitamos los problemas para motivarnos, para aceptar el reto de resolverlos como un modo de vida positivo y la fuente de la que puede fluir el goce.\u00a0 En ocasiones sufrimos problemas y, sin embargo, nos\u2026","rel":"","context":"En \u00abLimones\u00bb","block_context":{"text":"Limones","link":"https:\/\/quechilero.com\/blog\/category\/limones\/"},"img":{"alt_text":"","src":"","width":0,"height":0},"classes":[]},{"id":4756,"url":"https:\/\/quechilero.com\/blog\/2010\/05\/16\/hasta-en-las-mejores-familias\/","url_meta":{"origin":17899,"position":3},"title":"Hasta en las mejores familias&#8230;","author":"Pepe Barrascout Ortiz","date":"16 mayo 2010","format":false,"excerpt":"Esta frase, que antiguamente se utilizaba para justificar, de alguna forma, la mediocridad de algo, compar\u00e1ndolo con otra cosa, que a juicio de la persona, consideraba que era mejor. En cierta forma, se reforzaba el sentimiento de inferioridad, tan arraigado en nuestra cultura, en la que seg\u00fan esta premisa, la\u2026","rel":"","context":"En \u00abLimones\u00bb","block_context":{"text":"Limones","link":"https:\/\/quechilero.com\/blog\/category\/limones\/"},"img":{"alt_text":"","src":"","width":0,"height":0},"classes":[]},{"id":3183,"url":"https:\/\/quechilero.com\/blog\/2009\/08\/14\/piensa-siente-y-vive-positivamente\/","url_meta":{"origin":17899,"position":4},"title":"Piensa, siente y vive positivamente","author":"Pepe Barrascout Ortiz","date":"14 agosto 2009","format":false,"excerpt":"Tu imaginaci\u00f3n puede provocar en tu vida nuevas realidades. Act\u00faa con sensatez y, en vez de elegir usar tu imaginaci\u00f3n negativamente para destruirte, util\u00edzala positivamente para construirte. Con tu capacidad de imaginar, t\u00fa puedes superar progresivamente el sufrimiento que padeces y conquistar la severidad de tu esp\u00edritu. Si te vales\u2026","rel":"","context":"En \u00abLimones\u00bb","block_context":{"text":"Limones","link":"https:\/\/quechilero.com\/blog\/category\/limones\/"},"img":{"alt_text":"","src":"","width":0,"height":0},"classes":[]},{"id":451,"url":"https:\/\/quechilero.com\/blog\/2007\/02\/11\/el-arte-de-no-enfermarse\/","url_meta":{"origin":17899,"position":5},"title":"El arte de no enfermarse","author":"Pepe Barrascout Ortiz","date":"11 febrero 2007","format":false,"excerpt":"Si no se quiere enfermar... hable de sus sentimientos. Las emociones y sentimientos que est\u00e1n escondidos y reprimidos, terminan en enfermedades como: gastritis, \u00falcera, dolores lumbares, dolor en la columna. Con el tiempo, la represi\u00f3n de los sentimientos degenera hasta en c\u00e1ncer. Entonces, vamos a sincerar, confidenciar, compartir nuestra intimidad,\u2026","rel":"","context":"En \u00abLimones\u00bb","block_context":{"text":"Limones","link":"https:\/\/quechilero.com\/blog\/category\/limones\/"},"img":{"alt_text":"","src":"","width":0,"height":0},"classes":[]}],"jetpack_featured_media_url":"","_links":{"self":[{"href":"https:\/\/quechilero.com\/blog\/wp-json\/wp\/v2\/posts\/17899","targetHints":{"allow":["GET"]}}],"collection":[{"href":"https:\/\/quechilero.com\/blog\/wp-json\/wp\/v2\/posts"}],"about":[{"href":"https:\/\/quechilero.com\/blog\/wp-json\/wp\/v2\/types\/post"}],"author":[{"embeddable":true,"href":"https:\/\/quechilero.com\/blog\/wp-json\/wp\/v2\/users\/1"}],"replies":[{"embeddable":true,"href":"https:\/\/quechilero.com\/blog\/wp-json\/wp\/v2\/comments?post=17899"}],"version-history":[{"count":0,"href":"https:\/\/quechilero.com\/blog\/wp-json\/wp\/v2\/posts\/17899\/revisions"}],"wp:attachment":[{"href":"https:\/\/quechilero.com\/blog\/wp-json\/wp\/v2\/media?parent=17899"}],"wp:term":[{"taxonomy":"category","embeddable":true,"href":"https:\/\/quechilero.com\/blog\/wp-json\/wp\/v2\/categories?post=17899"},{"taxonomy":"post_tag","embeddable":true,"href":"https:\/\/quechilero.com\/blog\/wp-json\/wp\/v2\/tags?post=17899"},{"taxonomy":"series","embeddable":true,"href":"https:\/\/quechilero.com\/blog\/wp-json\/wp\/v2\/series?post=17899"}],"curies":[{"name":"wp","href":"https:\/\/api.w.org\/{rel}","templated":true}]}}