{"id":17886,"date":"2014-06-10T08:00:55","date_gmt":"2014-06-10T14:00:55","guid":{"rendered":"http:\/\/quechilero.com\/blog\/?p=17886"},"modified":"2014-06-11T09:54:51","modified_gmt":"2014-06-11T15:54:51","slug":"el-mundo-al-reves","status":"publish","type":"post","link":"https:\/\/quechilero.com\/blog\/2014\/06\/10\/el-mundo-al-reves\/","title":{"rendered":"El mundo al rev\u00e9s"},"content":{"rendered":"<p><span class=\"embed-youtube\" style=\"text-align:center; display: block;\"><iframe loading=\"lazy\" class=\"youtube-player\" width=\"1200\" height=\"675\" src=\"https:\/\/www.youtube.com\/embed\/ma7ffXbqhL0?version=3&#038;rel=1&#038;showsearch=0&#038;showinfo=1&#038;iv_load_policy=1&#038;fs=1&#038;hl=es-ES&#038;autohide=2&#038;wmode=transparent\" allowfullscreen=\"true\" style=\"border:0;\" sandbox=\"allow-scripts allow-same-origin allow-popups allow-presentation allow-popups-to-escape-sandbox\"><\/iframe><\/span><\/p>\n<p>Muchas veces y a cada momento de nuestras vidas, nos encontramos en disyuntivas que nos obligan a elegir cu\u00e1l camino tomar ante determinada situaci\u00f3n. En la mayor\u00eda de las veces, si no en todas, ponemos todo nuestros y esfuerzo y capacidades en intentar por todos los medios, que las cosas funcionen, en el \u00e1mbito familiar, en el laboral y mas que todo en el sentimental.<\/p>\n<p>Las relaciones que guardamos con otras personas, son tan importantes en la vida humana, que muchas veces sin importar cuanto nos esforcemos, invariablemente todo saldr\u00e1 al rev\u00e9s, de la forma contraria a lo planeada y todos los sue\u00f1os, esperanzas e ilusiones, se van en ca\u00edda libre y nos vemos envueltos en una vor\u00e1gine de desesperaci\u00f3n, angustia y desasosiego, que no permite que sigamos avanzando.<\/p>\n<p>Quisi\u00e9ramos que el mundo fuera al rev\u00e9s, quisi\u00e9ramos retroceder a ese punto de inflexi\u00f3n en nuestras vidas, que nos llev\u00f3 a la situaci\u00f3n actual, quisi\u00e9ramos cambiar esa acci\u00f3n, no decir esa palabra o pronunciar la que falt\u00f3, para que las cosas fueran diametralmente opuestas a lo que son actualmente.<\/p>\n<p>Pero no se puede y una vez mas, estamos cual pira ardiente de angustia y temor, eligiendo un nuevo camino, tomando una nueva decisi\u00f3n, queriendo ahora si, tomar esa decisi\u00f3n oportuna y acertada, que no nos lleve al fracaso en el que nos podamos encontrar actualmente.<\/p>\n<p>Si tan s\u00f3lo pudi\u00e9ramos hacer que el mundo fuera al rev\u00e9s y a veces es posible, a veces sentimos que todo gira hacia el lado equivocado, \u00bfo somos nosotros los que estamos solos contra el mundo?.<\/p>\n<p>Solos contra el mundo, toda lucha y batalla se alcanza y se vence en compa\u00f1\u00eda de esa persona en la que depositamos nuestros sue\u00f1os y esperanzas, esa persona que hemos elegido y nos ha elegido como compa\u00f1ero de batalla, para luchar juntos contra el mundo, para hacer que el mundo gire al rev\u00e9s, para lograr que todo sea seg\u00fan nuestros sue\u00f1os compartidos.<\/p>\n<p>Que dif\u00edcil es encontrar a esa persona que nos acompa\u00f1e en la lucha y con la que haremos que nuestro mundo gire al rev\u00e9s.<\/p>\n","protected":false},"excerpt":{"rendered":"<p>Muchas veces y a cada momento de nuestras vidas, nos encontramos en disyuntivas que nos obligan a elegir cu\u00e1l camino tomar ante determinada situaci\u00f3n. En la mayor\u00eda de las veces, si no en todas, ponemos todo nuestros y esfuerzo y capacidades en intentar por todos los medios, que las cosas funcionen, en el \u00e1mbito familiar, &#8230; <a title=\"El mundo al rev\u00e9s\" class=\"read-more\" href=\"https:\/\/quechilero.com\/blog\/2014\/06\/10\/el-mundo-al-reves\/\" aria-label=\"Leer m\u00e1s sobre El mundo al rev\u00e9s\">Leer m\u00e1s<\/a><\/p>\n","protected":false},"author":1,"featured_media":0,"comment_status":"open","ping_status":"open","sticky":false,"template":"","format":"standard","meta":{"advanced_seo_description":"","jetpack_seo_html_title":"","jetpack_seo_noindex":false,"jetpack_seo_schema_type":"","episode_type":"","audio_file":"","podmotor_file_id":"","podmotor_episode_id":"","cover_image":"","cover_image_id":"","duration":"","filesize":"","filesize_raw":"","date_recorded":"","explicit":"","block":"","_jetpack_newsletter_access":"","_jetpack_dont_email_post_to_subs":false,"_jetpack_newsletter_tier_id":0,"_jetpack_memberships_contains_paywalled_content":false,"_jetpack_feature_clip_id":0,"_jetpack_memberships_contains_paid_content":false,"footnotes":"","jetpack_publicize_message":"","jetpack_publicize_feature_enabled":true,"jetpack_social_post_already_shared":true,"jetpack_social_options":{"image_generator_settings":{"template":"highway","default_image_id":0,"font":"","enabled":false},"version":2},"jetpack_post_was_ever_published":false},"categories":[2],"tags":[14,12,49,42,24,53],"series":[],"class_list":["post-17886","post","type-post","status-publish","format-standard","hentry","category-limones","tag-accion","tag-cosas","tag-esfuerzo","tag-palabra","tag-vida","tag-youtube"],"episode_featured_image":false,"episode_player_image":"https:\/\/i0.wp.com\/quechilero.com\/blog\/imagenes\/podcast.png?fit=1831%2C1831&ssl=1","download_link":"","player_link":"","audio_player":false,"episode_data":{"playerMode":"dark","subscribeUrls":{"amazon":{"key":"amazon","url":"","label":"Amazon","class":"amazon","icon":"amazon.png"},"apple_podcasts":{"key":"apple_podcasts","url":"","label":"Apple Podcasts","class":"apple_podcasts","icon":"apple-podcasts.png"},"castbox":{"key":"castbox","url":"","label":"CastBox","class":"castbox","icon":"castbox.png"},"deezer":{"key":"deezer","url":"","label":"Deezer","class":"deezer","icon":"deezer.png"},"google_podcasts":{"key":"google_podcasts","url":"","label":"Google Podcasts","class":"google_podcasts","icon":"google-podcasts.png"},"listen_notes":{"key":"listen_notes","url":"","label":"Listen Notes","class":"listen_notes","icon":"listen-notes.png"},"pandora":{"key":"pandora","url":"","label":"Pandora","class":"pandora","icon":"pandora.png"},"podbean":{"key":"podbean","url":"","label":"Podbean","class":"podbean","icon":"podbean.png"},"podcast_republic":{"key":"podcast_republic","url":"","label":"Podcast Republic","class":"podcast_republic","icon":"podcast-republic.png"},"rss":{"key":"rss","url":"","label":"RSS","class":"rss","icon":"rss.png"},"spotify":{"key":"spotify","url":"","label":"Spotify","class":"spotify","icon":"spotify.png"},"stitcher":{"key":"stitcher","url":"","label":"Stitcher","class":"stitcher","icon":"stitcher.png"},"tunein":{"key":"tunein","url":"","label":"TuneIn","class":"tunein","icon":"tunein.png"},"youtube":{"key":"youtube","url":"","label":"YouTube","class":"youtube","icon":"youtube.png"},"iheartradio":{"key":"iheartradio","url":"","label":"iHeartRadio","class":"iheartradio","icon":"iheartradio.png"},"ivoox":{"key":"ivoox","url":"","label":"iVoox","class":"ivoox","icon":"ivoox.png"}},"rssFeedUrl":"https:\/\/quechilero.com\/blog\/feed\/podcast\/si-la-vida-nos-da-limones","embedCode":"<blockquote class=\"wp-embedded-content\" data-secret=\"J9MVUFDTvR\"><a href=\"https:\/\/quechilero.com\/blog\/2014\/06\/10\/el-mundo-al-reves\/\">El mundo al rev\u00e9s<\/a><\/blockquote><iframe sandbox=\"allow-scripts\" security=\"restricted\" src=\"https:\/\/quechilero.com\/blog\/2014\/06\/10\/el-mundo-al-reves\/embed\/#?secret=J9MVUFDTvR\" width=\"500\" height=\"350\" title=\"\u00abEl mundo al rev\u00e9s\u00bb \u2014 Si la Vida nos da Limones...\" data-secret=\"J9MVUFDTvR\" frameborder=\"0\" marginwidth=\"0\" marginheight=\"0\" scrolling=\"no\" class=\"wp-embedded-content\"><\/iframe><script>\n\/*! This file is auto-generated *\/\n!function(d,l){\"use strict\";l.querySelector&&d.addEventListener&&\"undefined\"!=typeof URL&&(d.wp=d.wp||{},d.wp.receiveEmbedMessage||(d.wp.receiveEmbedMessage=function(e){var t=e.data;if((t||t.secret||t.message||t.value)&&!\/[^a-zA-Z0-9]\/.test(t.secret)){for(var s,r,n,a=l.querySelectorAll('iframe[data-secret=\"'+t.secret+'\"]'),o=l.querySelectorAll('blockquote[data-secret=\"'+t.secret+'\"]'),c=new RegExp(\"^https?:$\",\"i\"),i=0;i<o.length;i++)o[i].style.display=\"none\";for(i=0;i<a.length;i++)s=a[i],e.source===s.contentWindow&&(s.removeAttribute(\"style\"),\"height\"===t.message?(1e3<(r=parseInt(t.value,10))?r=1e3:~~r<200&&(r=200),s.height=r):\"link\"===t.message&&(r=new URL(s.getAttribute(\"src\")),n=new URL(t.value),c.test(n.protocol))&&n.host===r.host&&l.activeElement===s&&(d.top.location.href=t.value))}},d.addEventListener(\"message\",d.wp.receiveEmbedMessage,!1),l.addEventListener(\"DOMContentLoaded\",function(){for(var e,t,s=l.querySelectorAll(\"iframe.wp-embedded-content\"),r=0;r<s.length;r++)(t=(e=s[r]).getAttribute(\"data-secret\"))||(t=Math.random().toString(36).substring(2,12),e.src+=\"#?secret=\"+t,e.setAttribute(\"data-secret\",t)),e.contentWindow.postMessage({message:\"ready\",secret:t},\"*\")},!1)))}(window,document);\n\/\/# sourceURL=https:\/\/quechilero.com\/blog\/wp-includes\/js\/wp-embed.min.js\n<\/script>\n"},"jetpack_publicize_connections":[],"jetpack_shortlink":"https:\/\/wp.me\/pDKli-4Eu","jetpack_sharing_enabled":true,"jetpack-related-posts":[{"id":355,"url":"https:\/\/quechilero.com\/blog\/2006\/12\/22\/ninos-baratos-papas-caros\/","url_meta":{"origin":17886,"position":0},"title":"Ni\u00f1os baratos, pap\u00e1s caros","author":"Pepe Barrascout Ortiz","date":"22 diciembre 2006","format":false,"excerpt":"El peri\u00f3dico estadounidense The Wall Street Journal public\u00f3 recientemente un art\u00edculo titulado: \"Para los ni\u00f1os, 'valioso' no significa 'caro'\". El autor, Jeff Opdyke narra dos hechos que le impresionaron. Estaba pensando qu\u00e9 hacer con su hijo de 7 a\u00f1os durante el fin de semana. Se le ocurri\u00f3 llevarlo a un\u2026","rel":"","context":"En \u00abLimones\u00bb","block_context":{"text":"Limones","link":"https:\/\/quechilero.com\/blog\/category\/limones\/"},"img":{"alt_text":"","src":"","width":0,"height":0},"classes":[]},{"id":11451,"url":"https:\/\/quechilero.com\/blog\/2011\/12\/23\/tolerancia-como-dijo\/","url_meta":{"origin":17886,"position":1},"title":"\u00bfTolerancia? \u00bfC\u00f3mo dijo?","author":"Pepe Barrascout Ortiz","date":"23 diciembre 2011","format":false,"excerpt":"En el Primer Mundo la tolerancia se ha convertido en un tema muy importante. Pero claro, tolerancia de los cristianos para con los no cristianos, nunca al rev\u00e9s. Porque, cr\u00e9ase o no, hay personas que afirman sentirse ofendidas cuando en un pa\u00eds de mayor\u00eda cristiana, se les dice Feliz Navidad.\u2026","rel":"","context":"En \u00abLimones\u00bb","block_context":{"text":"Limones","link":"https:\/\/quechilero.com\/blog\/category\/limones\/"},"img":{"alt_text":"","src":"","width":0,"height":0},"classes":[]},{"id":918,"url":"https:\/\/quechilero.com\/blog\/2008\/04\/01\/leccion-de-perseverancia\/","url_meta":{"origin":17886,"position":2},"title":"Lecci\u00f3n de Perseverancia","author":"Pepe Barrascout Ortiz","date":"1 abril 2008","format":false,"excerpt":"\u00bfTe has puesto a observar la actitud de los p\u00e1jaros ante las adversidades? Est\u00e1n d\u00edas y d\u00edas haciendo su nido, recogiendo materiales a veces tra\u00eddos desde largas distancias.. . ...Y cuando ya est\u00e1 terminado y est\u00e1n prontos para poner los huevos, las inclemencias del tiempo o la obra del ser\u2026","rel":"","context":"En \u00abLimones\u00bb","block_context":{"text":"Limones","link":"https:\/\/quechilero.com\/blog\/category\/limones\/"},"img":{"alt_text":"","src":"","width":0,"height":0},"classes":[]},{"id":21395,"url":"https:\/\/quechilero.com\/blog\/2015\/07\/25\/construir-la-felicidad\/","url_meta":{"origin":17886,"position":3},"title":"Construir la felicidad","author":"Pepe Barrascout Ortiz","date":"25 julio 2015","format":false,"excerpt":"Diariamente me dirijo al trabajo dos veces, muy distintas entre s\u00ed por muchas razones, pero sobre todo por una: por la tarde debo caminar unos cien metros m\u00e1s de lo habitual para ingresar, ya que la puerta principal se encuentra cerrada por seguridad. Ya hace un a\u00f1o de esta novedad\u2026","rel":"","context":"En \u00abLimones\u00bb","block_context":{"text":"Limones","link":"https:\/\/quechilero.com\/blog\/category\/limones\/"},"img":{"alt_text":"","src":"","width":0,"height":0},"classes":[]},{"id":511,"url":"https:\/\/quechilero.com\/blog\/2007\/04\/05\/el-escarabajo-y-el-gusano\/","url_meta":{"origin":17886,"position":4},"title":"El escarabajo y el gusano","author":"Pepe Barrascout Ortiz","date":"5 abril 2007","format":false,"excerpt":"Un gusano y un escarabajo eran amigos y se pasaban charlando largas horas. El escarabajo estaba consciente de que su amigo el gusano era muy limitado en movilidad, ten\u00eda visi\u00f3n muy restringida y era muy tranquilo y pasivo comparado con los escarabajos. El gusano, por su parte, estaba muy consciente\u2026","rel":"","context":"En \u00abLimones\u00bb","block_context":{"text":"Limones","link":"https:\/\/quechilero.com\/blog\/category\/limones\/"},"img":{"alt_text":"","src":"","width":0,"height":0},"classes":[]},{"id":1508,"url":"https:\/\/quechilero.com\/blog\/2008\/11\/03\/el-gusano-y-el-escarabajo\/","url_meta":{"origin":17886,"position":5},"title":"El Gusano y El Escarabajo","author":"Pepe Barrascout Ortiz","date":"3 noviembre 2008","format":false,"excerpt":"Un gusano y un escarabajo eran amigos y se pasaban charlando largas horas. El escarabajo estaba consciente de que su amigo el gusano era muy limitado en movilidad, tenia visi\u00f3n muy restringida y era muy tranquilo y pasivo comparado con los escarabajos. El gusano, por su parte, estaba muy consciente\u2026","rel":"","context":"En \u00abLimones\u00bb","block_context":{"text":"Limones","link":"https:\/\/quechilero.com\/blog\/category\/limones\/"},"img":{"alt_text":"","src":"","width":0,"height":0},"classes":[]}],"jetpack_featured_media_url":"","_links":{"self":[{"href":"https:\/\/quechilero.com\/blog\/wp-json\/wp\/v2\/posts\/17886","targetHints":{"allow":["GET"]}}],"collection":[{"href":"https:\/\/quechilero.com\/blog\/wp-json\/wp\/v2\/posts"}],"about":[{"href":"https:\/\/quechilero.com\/blog\/wp-json\/wp\/v2\/types\/post"}],"author":[{"embeddable":true,"href":"https:\/\/quechilero.com\/blog\/wp-json\/wp\/v2\/users\/1"}],"replies":[{"embeddable":true,"href":"https:\/\/quechilero.com\/blog\/wp-json\/wp\/v2\/comments?post=17886"}],"version-history":[{"count":0,"href":"https:\/\/quechilero.com\/blog\/wp-json\/wp\/v2\/posts\/17886\/revisions"}],"wp:attachment":[{"href":"https:\/\/quechilero.com\/blog\/wp-json\/wp\/v2\/media?parent=17886"}],"wp:term":[{"taxonomy":"category","embeddable":true,"href":"https:\/\/quechilero.com\/blog\/wp-json\/wp\/v2\/categories?post=17886"},{"taxonomy":"post_tag","embeddable":true,"href":"https:\/\/quechilero.com\/blog\/wp-json\/wp\/v2\/tags?post=17886"},{"taxonomy":"series","embeddable":true,"href":"https:\/\/quechilero.com\/blog\/wp-json\/wp\/v2\/series?post=17886"}],"curies":[{"name":"wp","href":"https:\/\/api.w.org\/{rel}","templated":true}]}}